{"id":2167,"date":"2017-08-17T14:29:31","date_gmt":"2017-08-17T12:29:31","guid":{"rendered":"https:\/\/news.save.ch\/?p=2167"},"modified":"2023-03-14T09:02:57","modified_gmt":"2023-03-14T08:02:57","slug":"internationale-antibiotika-awareness-woche-gegen-antibiotikaresistenzen","status":null,"type":"post","link":"https:\/\/news.save.ch\/en\/internationale-antibiotika-awareness-woche-gegen-antibiotikaresistenzen\/","title":{"rendered":"International \"Antibiotic Awareness Week\" against antibiotic resistance"},"content":{"rendered":"<figure id=\"attachment_2176\" aria-describedby=\"caption-attachment-2176\" style=\"width: 680px\" class=\"wp-caption alignnone\"><img loading=\"lazy\" decoding=\"async\" class=\"size-medium wp-image-2176\" src=\"http:\/\/develop.safety-plus.ch\/wp-content\/uploads\/2017\/08\/2017-08-16-Antibiotika-Awareness-Woche.jpg\" alt=\"\" width=\"680\" height=\"453\" \/><figcaption id=\"caption-attachment-2176\" class=\"wp-caption-text\">Too many medical professionals and livestock farmers are careless in their use of antibiotics. This leads to fatal consequences, such as antibiotic resistance. <strong>\u00a9 <\/strong>Depositphotos\/Syda_Productions<\/figcaption><\/figure>\n<p><a href=\"https:\/\/news.save.ch\/en\/antibiotikaresistenzen-nehmen-zu\/\" target=\"_blank\" rel=\"noopener\">Antibiotic resistance<\/a> can arise on the one hand from antibiotic therapies prescribed too often and too uncritically for trivial illnesses such as the common cold. If patients do not follow through with their treatment, the risk of resistance also increases. But the agricultural industry is also an important cog in this increasingly dangerous issue, because antibiotics are used prophylactically and as growth promoters in animal fattening. This is because the drugs are purchased far too cheaply on a large scale and are often used in an uncontrolled manner.<\/p>\n<p>In Switzerland, the following projects have already been <a href=\"https:\/\/news.save.ch\/en\/nationale-strategie-zur-eindaemmung-der-antibiotikaresistenzen\/\" target=\"_blank\" rel=\"noopener\">past years<\/a> the media each November 18 about the development and implementation of the \"<a href=\"https:\/\/www.blv.admin.ch\/blv\/de\/home\/das-blv\/strategien\/nationale-strategie-antibiotikaresistenzen.html\" target=\"_blank\" rel=\"noopener\">Strategy Antibiotic Resistance Switzerland<\/a>\" informed. In 2017, this information will now be extended. All stakeholders will be given the opportunity to inform about the topic of antibiotic resistance under a common umbrella and to address the affected circles directly. In Europe, with the same objective, the European Centre for Disease Prevention and Control (ECDC) will be holding a <a href=\"https:\/\/ecdc.europa.eu\/en\/news-events\/european-antibiotic-awareness-day-2017\" target=\"_blank\" rel=\"noopener\">European Antibiotics Day <\/a>by.<\/p>\n<p><strong>Wide range of events and activities planned<\/strong><\/p>\n<p>To this end, the Federal Offices of Public Health, Food Safety and Veterinary Affairs, Agriculture and Environment are planning events and activities together with various stakeholders. The aim is to get people talking about the problem of antibiotic resistance.<\/p>\n<p>More information and details about the <a href=\"https:\/\/www.star.admin.ch\/star\/de\/home\/star\/brennpunkte\/brennpunkt-eins.html\" target=\"_blank\" rel=\"noopener\">Antibiotics Week 2017<\/a> will be published on the FOPH website on an ongoing basis. All interested parties and stakeholders are invited to become active themselves under the umbrella of the \"Antibiotics Awareness Week\": If you are interested in participating, you can contact the organizer, the FOPH, at star@bag.admin.ch.<\/p>\n<p>Text: <a href=\"http:\/\/www.bag.admin.ch\" target=\"_blank\" rel=\"noopener\">BAG<\/a><\/p>\n<p>&nbsp;<\/p>","protected":false},"excerpt":{"rendered":"<p>Antibiotikaresistenzen k\u00f6nnen einerseits durch zu oft und zu unkritisch verschriebenen Antibiotika-Therapien bei Bagatellerkrankungen wie Erk\u00e4ltungen entstehen. Wenn Patienten wiederum ihre Behandlung nicht zu Ende f\u00fchren, steigt ebenfalls die Gefahr von Resistenzen. Aber auch die Agrarindustrie ist ein wichtiges Zahnrad in dieser immer gef\u00e4hrlicher werdenden Thematik, weil Antibiotika prophylaktisch und als Wachstumsf\u00f6rderer bei der Tiermast gesetzt [&hellip;]<\/p>\n","protected":false},"author":1,"featured_media":16218,"comment_status":"open","ping_status":"open","sticky":false,"template":"","format":"standard","meta":{"_acf_changed":false,"pgc_sgb_lightbox_settings":"","footnotes":""},"categories":[3314],"tags":[1640,700,1942,149,2349,141,732],"class_list":["post-2167","post","type-post","status-publish","format-standard","has-post-thumbnail","hentry","category-health-safety","tag-antibiotikaresistenzen","tag-bag","tag-ecdc","tag-gesundheitsschutz","tag-kampagnen","tag-praevention","tag-who"],"acf":[],"hkrextid":null,"publication":null,"issue":null,"workflow":null,"startPage":null,"spitzmarke":null,"_posts_by_tag_page_fields":{"widget_title":"","widget_tags":""},"_at_widget":"1","_yoast_wpseo_primary_category":"4","_yoast_wpseo_focuskw_text_input":"Antibiotikaresistenzen","_yoast_wpseo_opengraph-image":null,"_yoast_wpseo_opengraph-description":null,"_yoast_wpseo_opengraph-title":null,"enclosure":null,"_yoast_wpseo_twitter-title":null,"_yoast_wpseo_twitter-description":null,"_yoast_wpseo_twitter-image":null,"_wp_old_slug":null,"_yoast_wpseo_title":null,"_yoast_wpseo_canonical":null,"yoast_head":"<!-- This site is optimized with the Yoast SEO plugin v27.5 - https:\/\/yoast.com\/product\/yoast-seo-wordpress\/ -->\n<title>Internationale &quot;Antibiotika Awareness Woche&quot; gegen Antibiotikaresistenzen - Save<\/title>\n<meta name=\"description\" content=\"Die \u00abWorld Antibiotic Awareness Week\u00bb - initiiert vom BAG, WHO und ECDC - soll das Bewusstsein f\u00fcr Antibiotikaresistenzen st\u00e4rken.\" \/>\n<meta name=\"robots\" content=\"index, follow, max-snippet:-1, max-image-preview:large, max-video-preview:-1\" \/>\n<link rel=\"canonical\" href=\"https:\/\/news.save.ch\/en\/internationale-antibiotika-awareness-woche-gegen-antibiotikaresistenzen\/\" \/>\n<meta property=\"og:locale\" content=\"en_US\" \/>\n<meta property=\"og:type\" content=\"article\" \/>\n<meta property=\"og:title\" content=\"Internationale &quot;Antibiotika Awareness Woche&quot; gegen Antibiotikaresistenzen - Save\" \/>\n<meta property=\"og:description\" content=\"Die \u00abWorld Antibiotic Awareness Week\u00bb - initiiert vom BAG, WHO und ECDC - soll das Bewusstsein f\u00fcr Antibiotikaresistenzen st\u00e4rken.\" \/>\n<meta property=\"og:url\" content=\"https:\/\/news.save.ch\/en\/internationale-antibiotika-awareness-woche-gegen-antibiotikaresistenzen\/\" \/>\n<meta property=\"og:site_name\" content=\"Save\" \/>\n<meta property=\"article:published_time\" content=\"2017-08-17T12:29:31+00:00\" \/>\n<meta property=\"article:modified_time\" content=\"2023-03-14T08:02:57+00:00\" \/>\n<meta property=\"og:image\" content=\"https:\/\/news.save.ch\/wp-content\/uploads\/2017\/08\/2017-08-16-Antibiotika-Awareness-Woche-scaled-1.jpg\" \/>\n\t<meta property=\"og:image:width\" content=\"1200\" \/>\n\t<meta property=\"og:image:height\" content=\"800\" \/>\n\t<meta property=\"og:image:type\" content=\"image\/jpeg\" \/>\n<meta name=\"author\" content=\"admin\" \/>\n<meta name=\"twitter:card\" content=\"summary_large_image\" \/>\n<meta name=\"twitter:label1\" content=\"Written by\" \/>\n\t<meta name=\"twitter:data1\" content=\"admin\" \/>\n\t<meta name=\"twitter:label2\" content=\"Est. reading time\" \/>\n\t<meta name=\"twitter:data2\" content=\"1 minute\" \/>\n<script type=\"application\/ld+json\" class=\"yoast-schema-graph\">{\"@context\":\"https:\\\/\\\/schema.org\",\"@graph\":[{\"@type\":\"Article\",\"@id\":\"https:\\\/\\\/news.save.ch\\\/internationale-antibiotika-awareness-woche-gegen-antibiotikaresistenzen\\\/#article\",\"isPartOf\":{\"@id\":\"https:\\\/\\\/news.save.ch\\\/internationale-antibiotika-awareness-woche-gegen-antibiotikaresistenzen\\\/\"},\"author\":{\"name\":\"admin\",\"@id\":\"https:\\\/\\\/news.save.ch\\\/de\\\/#\\\/schema\\\/person\\\/d49e199490bad7c70d64b9ab51142f2b\"},\"headline\":\"Internationale &#8222;Antibiotika Awareness Woche&#8220; gegen Antibiotikaresistenzen\",\"datePublished\":\"2017-08-17T12:29:31+00:00\",\"dateModified\":\"2023-03-14T08:02:57+00:00\",\"mainEntityOfPage\":{\"@id\":\"https:\\\/\\\/news.save.ch\\\/internationale-antibiotika-awareness-woche-gegen-antibiotikaresistenzen\\\/\"},\"wordCount\":287,\"commentCount\":1,\"publisher\":{\"@id\":\"https:\\\/\\\/news.save.ch\\\/de\\\/#organization\"},\"image\":{\"@id\":\"https:\\\/\\\/news.save.ch\\\/internationale-antibiotika-awareness-woche-gegen-antibiotikaresistenzen\\\/#primaryimage\"},\"thumbnailUrl\":\"https:\\\/\\\/news.save.ch\\\/wp-content\\\/uploads\\\/2017\\\/08\\\/2017-08-16-Antibiotika-Awareness-Woche-scaled-1.jpg\",\"keywords\":[\"Antibiotikaresistenzen\",\"BAG\",\"ECDC\",\"Gesundheitsschutz\",\"Kampagnen\",\"Pr\u00e4vention\",\"WHO\"],\"articleSection\":[\"HEALTH &amp; SAFETY\"],\"inLanguage\":\"en-US\"},{\"@type\":\"WebPage\",\"@id\":\"https:\\\/\\\/news.save.ch\\\/internationale-antibiotika-awareness-woche-gegen-antibiotikaresistenzen\\\/\",\"url\":\"https:\\\/\\\/news.save.ch\\\/internationale-antibiotika-awareness-woche-gegen-antibiotikaresistenzen\\\/\",\"name\":\"Internationale \\\"Antibiotika Awareness Woche\\\" gegen Antibiotikaresistenzen - Save\",\"isPartOf\":{\"@id\":\"https:\\\/\\\/news.save.ch\\\/de\\\/#website\"},\"primaryImageOfPage\":{\"@id\":\"https:\\\/\\\/news.save.ch\\\/internationale-antibiotika-awareness-woche-gegen-antibiotikaresistenzen\\\/#primaryimage\"},\"image\":{\"@id\":\"https:\\\/\\\/news.save.ch\\\/internationale-antibiotika-awareness-woche-gegen-antibiotikaresistenzen\\\/#primaryimage\"},\"thumbnailUrl\":\"https:\\\/\\\/news.save.ch\\\/wp-content\\\/uploads\\\/2017\\\/08\\\/2017-08-16-Antibiotika-Awareness-Woche-scaled-1.jpg\",\"datePublished\":\"2017-08-17T12:29:31+00:00\",\"dateModified\":\"2023-03-14T08:02:57+00:00\",\"description\":\"Die \u00abWorld Antibiotic Awareness Week\u00bb - initiiert vom BAG, WHO und ECDC - soll das Bewusstsein f\u00fcr Antibiotikaresistenzen st\u00e4rken.\",\"breadcrumb\":{\"@id\":\"https:\\\/\\\/news.save.ch\\\/internationale-antibiotika-awareness-woche-gegen-antibiotikaresistenzen\\\/#breadcrumb\"},\"inLanguage\":\"en-US\",\"potentialAction\":[{\"@type\":\"ReadAction\",\"target\":[\"https:\\\/\\\/news.save.ch\\\/internationale-antibiotika-awareness-woche-gegen-antibiotikaresistenzen\\\/\"]}]},{\"@type\":\"ImageObject\",\"inLanguage\":\"en-US\",\"@id\":\"https:\\\/\\\/news.save.ch\\\/internationale-antibiotika-awareness-woche-gegen-antibiotikaresistenzen\\\/#primaryimage\",\"url\":\"https:\\\/\\\/news.save.ch\\\/wp-content\\\/uploads\\\/2017\\\/08\\\/2017-08-16-Antibiotika-Awareness-Woche-scaled-1.jpg\",\"contentUrl\":\"https:\\\/\\\/news.save.ch\\\/wp-content\\\/uploads\\\/2017\\\/08\\\/2017-08-16-Antibiotika-Awareness-Woche-scaled-1.jpg\",\"width\":1200,\"height\":800,\"caption\":\"Zu viele Mediziner und Viehz\u00fcchter gehen mit Antibiotika sorglos um. Das f\u00fchrt zu fatalen Folgen, wie Antibiotikaresistenzen.\"},{\"@type\":\"BreadcrumbList\",\"@id\":\"https:\\\/\\\/news.save.ch\\\/internationale-antibiotika-awareness-woche-gegen-antibiotikaresistenzen\\\/#breadcrumb\",\"itemListElement\":[{\"@type\":\"ListItem\",\"position\":1,\"name\":\"Home\",\"item\":\"https:\\\/\\\/news.save.ch\\\/de\\\/\"},{\"@type\":\"ListItem\",\"position\":2,\"name\":\"Internationale &#8222;Antibiotika Awareness Woche&#8220; gegen Antibiotikaresistenzen\"}]},{\"@type\":\"WebSite\",\"@id\":\"https:\\\/\\\/news.save.ch\\\/de\\\/#website\",\"url\":\"https:\\\/\\\/news.save.ch\\\/de\\\/\",\"name\":\"Save\",\"description\":\"Schweizer Fachzeitschrift f\u00fcr Sicherheit\",\"publisher\":{\"@id\":\"https:\\\/\\\/news.save.ch\\\/de\\\/#organization\"},\"potentialAction\":[{\"@type\":\"SearchAction\",\"target\":{\"@type\":\"EntryPoint\",\"urlTemplate\":\"https:\\\/\\\/news.save.ch\\\/de\\\/?s={search_term_string}\"},\"query-input\":{\"@type\":\"PropertyValueSpecification\",\"valueRequired\":true,\"valueName\":\"search_term_string\"}}],\"inLanguage\":\"en-US\"},{\"@type\":\"Organization\",\"@id\":\"https:\\\/\\\/news.save.ch\\\/de\\\/#organization\",\"name\":\"Sicherheitsforum\",\"url\":\"https:\\\/\\\/news.save.ch\\\/de\\\/\",\"logo\":{\"@type\":\"ImageObject\",\"inLanguage\":\"en-US\",\"@id\":\"https:\\\/\\\/news.save.ch\\\/de\\\/#\\\/schema\\\/logo\\\/image\\\/\",\"url\":\"https:\\\/\\\/news.save.ch\\\/wp-content\\\/uploads\\\/2022\\\/06\\\/Logo_SF_2012.png\",\"contentUrl\":\"https:\\\/\\\/news.save.ch\\\/wp-content\\\/uploads\\\/2022\\\/06\\\/Logo_SF_2012.png\",\"width\":1100,\"height\":91,\"caption\":\"Sicherheitsforum\"},\"image\":{\"@id\":\"https:\\\/\\\/news.save.ch\\\/de\\\/#\\\/schema\\\/logo\\\/image\\\/\"}},{\"@type\":\"Person\",\"@id\":\"https:\\\/\\\/news.save.ch\\\/de\\\/#\\\/schema\\\/person\\\/d49e199490bad7c70d64b9ab51142f2b\",\"name\":\"admin\",\"image\":{\"@type\":\"ImageObject\",\"inLanguage\":\"en-US\",\"@id\":\"https:\\\/\\\/secure.gravatar.com\\\/avatar\\\/ae2f4d718e6c49043e314ce431e7e645d646302a24a5ef5a8bc8e3f5a032e319?s=96&d=mm&r=g\",\"url\":\"https:\\\/\\\/secure.gravatar.com\\\/avatar\\\/ae2f4d718e6c49043e314ce431e7e645d646302a24a5ef5a8bc8e3f5a032e319?s=96&d=mm&r=g\",\"contentUrl\":\"https:\\\/\\\/secure.gravatar.com\\\/avatar\\\/ae2f4d718e6c49043e314ce431e7e645d646302a24a5ef5a8bc8e3f5a032e319?s=96&d=mm&r=g\",\"caption\":\"admin\"},\"sameAs\":[\"https:\\\/\\\/develop.organisator.galledia.ch\"],\"url\":\"https:\\\/\\\/news.save.ch\\\/en\\\/author\\\/admin\\\/\"}]}<\/script>\n<!-- \/ Yoast SEO plugin. -->","yoast_head_json":{"title":"International \"Antibiotic Awareness Week\" against antibiotic resistance - Save","description":"The \"World Antibiotic Awareness Week\" - initiated by the FOPH, WHO and ECDC - aims to raise awareness of antibiotic resistance.","robots":{"index":"index","follow":"follow","max-snippet":"max-snippet:-1","max-image-preview":"max-image-preview:large","max-video-preview":"max-video-preview:-1"},"canonical":"https:\/\/news.save.ch\/en\/internationale-antibiotika-awareness-woche-gegen-antibiotikaresistenzen\/","og_locale":"en_US","og_type":"article","og_title":"Internationale \"Antibiotika Awareness Woche\" gegen Antibiotikaresistenzen - Save","og_description":"Die \u00abWorld Antibiotic Awareness Week\u00bb - initiiert vom BAG, WHO und ECDC - soll das Bewusstsein f\u00fcr Antibiotikaresistenzen st\u00e4rken.","og_url":"https:\/\/news.save.ch\/en\/internationale-antibiotika-awareness-woche-gegen-antibiotikaresistenzen\/","og_site_name":"Save","article_published_time":"2017-08-17T12:29:31+00:00","article_modified_time":"2023-03-14T08:02:57+00:00","og_image":[{"width":1200,"height":800,"url":"https:\/\/news.save.ch\/wp-content\/uploads\/2017\/08\/2017-08-16-Antibiotika-Awareness-Woche-scaled-1.jpg","type":"image\/jpeg"}],"author":"admin","twitter_card":"summary_large_image","twitter_misc":{"Written by":"admin","Est. reading time":"1 minute"},"schema":{"@context":"https:\/\/schema.org","@graph":[{"@type":"Article","@id":"https:\/\/news.save.ch\/internationale-antibiotika-awareness-woche-gegen-antibiotikaresistenzen\/#article","isPartOf":{"@id":"https:\/\/news.save.ch\/internationale-antibiotika-awareness-woche-gegen-antibiotikaresistenzen\/"},"author":{"name":"admin","@id":"https:\/\/news.save.ch\/de\/#\/schema\/person\/d49e199490bad7c70d64b9ab51142f2b"},"headline":"Internationale &#8222;Antibiotika Awareness Woche&#8220; gegen Antibiotikaresistenzen","datePublished":"2017-08-17T12:29:31+00:00","dateModified":"2023-03-14T08:02:57+00:00","mainEntityOfPage":{"@id":"https:\/\/news.save.ch\/internationale-antibiotika-awareness-woche-gegen-antibiotikaresistenzen\/"},"wordCount":287,"commentCount":1,"publisher":{"@id":"https:\/\/news.save.ch\/de\/#organization"},"image":{"@id":"https:\/\/news.save.ch\/internationale-antibiotika-awareness-woche-gegen-antibiotikaresistenzen\/#primaryimage"},"thumbnailUrl":"https:\/\/news.save.ch\/wp-content\/uploads\/2017\/08\/2017-08-16-Antibiotika-Awareness-Woche-scaled-1.jpg","keywords":["Antibiotikaresistenzen","BAG","ECDC","Gesundheitsschutz","Kampagnen","Pr\u00e4vention","WHO"],"articleSection":["HEALTH &amp; SAFETY"],"inLanguage":"en-US"},{"@type":"WebPage","@id":"https:\/\/news.save.ch\/internationale-antibiotika-awareness-woche-gegen-antibiotikaresistenzen\/","url":"https:\/\/news.save.ch\/internationale-antibiotika-awareness-woche-gegen-antibiotikaresistenzen\/","name":"International \"Antibiotic Awareness Week\" against antibiotic resistance - Save","isPartOf":{"@id":"https:\/\/news.save.ch\/de\/#website"},"primaryImageOfPage":{"@id":"https:\/\/news.save.ch\/internationale-antibiotika-awareness-woche-gegen-antibiotikaresistenzen\/#primaryimage"},"image":{"@id":"https:\/\/news.save.ch\/internationale-antibiotika-awareness-woche-gegen-antibiotikaresistenzen\/#primaryimage"},"thumbnailUrl":"https:\/\/news.save.ch\/wp-content\/uploads\/2017\/08\/2017-08-16-Antibiotika-Awareness-Woche-scaled-1.jpg","datePublished":"2017-08-17T12:29:31+00:00","dateModified":"2023-03-14T08:02:57+00:00","description":"The \"World Antibiotic Awareness Week\" - initiated by the FOPH, WHO and ECDC - aims to raise awareness of antibiotic resistance.","breadcrumb":{"@id":"https:\/\/news.save.ch\/internationale-antibiotika-awareness-woche-gegen-antibiotikaresistenzen\/#breadcrumb"},"inLanguage":"en-US","potentialAction":[{"@type":"ReadAction","target":["https:\/\/news.save.ch\/internationale-antibiotika-awareness-woche-gegen-antibiotikaresistenzen\/"]}]},{"@type":"ImageObject","inLanguage":"en-US","@id":"https:\/\/news.save.ch\/internationale-antibiotika-awareness-woche-gegen-antibiotikaresistenzen\/#primaryimage","url":"https:\/\/news.save.ch\/wp-content\/uploads\/2017\/08\/2017-08-16-Antibiotika-Awareness-Woche-scaled-1.jpg","contentUrl":"https:\/\/news.save.ch\/wp-content\/uploads\/2017\/08\/2017-08-16-Antibiotika-Awareness-Woche-scaled-1.jpg","width":1200,"height":800,"caption":"Zu viele Mediziner und Viehz\u00fcchter gehen mit Antibiotika sorglos um. Das f\u00fchrt zu fatalen Folgen, wie Antibiotikaresistenzen."},{"@type":"BreadcrumbList","@id":"https:\/\/news.save.ch\/internationale-antibiotika-awareness-woche-gegen-antibiotikaresistenzen\/#breadcrumb","itemListElement":[{"@type":"ListItem","position":1,"name":"Home","item":"https:\/\/news.save.ch\/de\/"},{"@type":"ListItem","position":2,"name":"Internationale &#8222;Antibiotika Awareness Woche&#8220; gegen Antibiotikaresistenzen"}]},{"@type":"WebSite","@id":"https:\/\/news.save.ch\/de\/#website","url":"https:\/\/news.save.ch\/de\/","name":"Save","description":"Swiss trade journal for safety","publisher":{"@id":"https:\/\/news.save.ch\/de\/#organization"},"potentialAction":[{"@type":"SearchAction","target":{"@type":"EntryPoint","urlTemplate":"https:\/\/news.save.ch\/de\/?s={search_term_string}"},"query-input":{"@type":"PropertyValueSpecification","valueRequired":true,"valueName":"search_term_string"}}],"inLanguage":"en-US"},{"@type":"Organization","@id":"https:\/\/news.save.ch\/de\/#organization","name":"Security Forum","url":"https:\/\/news.save.ch\/de\/","logo":{"@type":"ImageObject","inLanguage":"en-US","@id":"https:\/\/news.save.ch\/de\/#\/schema\/logo\/image\/","url":"https:\/\/news.save.ch\/wp-content\/uploads\/2022\/06\/Logo_SF_2012.png","contentUrl":"https:\/\/news.save.ch\/wp-content\/uploads\/2022\/06\/Logo_SF_2012.png","width":1100,"height":91,"caption":"Sicherheitsforum"},"image":{"@id":"https:\/\/news.save.ch\/de\/#\/schema\/logo\/image\/"}},{"@type":"Person","@id":"https:\/\/news.save.ch\/de\/#\/schema\/person\/d49e199490bad7c70d64b9ab51142f2b","name":"admin","image":{"@type":"ImageObject","inLanguage":"en-US","@id":"https:\/\/secure.gravatar.com\/avatar\/ae2f4d718e6c49043e314ce431e7e645d646302a24a5ef5a8bc8e3f5a032e319?s=96&d=mm&r=g","url":"https:\/\/secure.gravatar.com\/avatar\/ae2f4d718e6c49043e314ce431e7e645d646302a24a5ef5a8bc8e3f5a032e319?s=96&d=mm&r=g","contentUrl":"https:\/\/secure.gravatar.com\/avatar\/ae2f4d718e6c49043e314ce431e7e645d646302a24a5ef5a8bc8e3f5a032e319?s=96&d=mm&r=g","caption":"admin"},"sameAs":["https:\/\/develop.organisator.galledia.ch"],"url":"https:\/\/news.save.ch\/en\/author\/admin\/"}]}},"_links":{"self":[{"href":"https:\/\/news.save.ch\/en\/wp-json\/wp\/v2\/posts\/2167","targetHints":{"allow":["GET"]}}],"collection":[{"href":"https:\/\/news.save.ch\/en\/wp-json\/wp\/v2\/posts"}],"about":[{"href":"https:\/\/news.save.ch\/en\/wp-json\/wp\/v2\/types\/post"}],"author":[{"embeddable":true,"href":"https:\/\/news.save.ch\/en\/wp-json\/wp\/v2\/users\/1"}],"replies":[{"embeddable":true,"href":"https:\/\/news.save.ch\/en\/wp-json\/wp\/v2\/comments?post=2167"}],"version-history":[{"count":1,"href":"https:\/\/news.save.ch\/en\/wp-json\/wp\/v2\/posts\/2167\/revisions"}],"predecessor-version":[{"id":18775,"href":"https:\/\/news.save.ch\/en\/wp-json\/wp\/v2\/posts\/2167\/revisions\/18775"}],"wp:featuredmedia":[{"embeddable":true,"href":"https:\/\/news.save.ch\/en\/wp-json\/wp\/v2\/media\/16218"}],"wp:attachment":[{"href":"https:\/\/news.save.ch\/en\/wp-json\/wp\/v2\/media?parent=2167"}],"wp:term":[{"taxonomy":"category","embeddable":true,"href":"https:\/\/news.save.ch\/en\/wp-json\/wp\/v2\/categories?post=2167"},{"taxonomy":"post_tag","embeddable":true,"href":"https:\/\/news.save.ch\/en\/wp-json\/wp\/v2\/tags?post=2167"}],"curies":[{"name":"wp","href":"https:\/\/api.w.org\/{rel}","templated":true}]}}