{"id":21698,"date":"2023-08-10T09:29:26","date_gmt":"2023-08-10T07:29:26","guid":{"rendered":"https:\/\/news.save.ch\/?p=21698"},"modified":"2023-08-10T09:29:26","modified_gmt":"2023-08-10T07:29:26","slug":"40-mehr-gestohlene-handys","status":null,"type":"post","link":"https:\/\/news.save.ch\/en\/40-mehr-gestohlene-handys\/","title":{"rendered":"40% more stolen cell phones"},"content":{"rendered":"<figure id=\"attachment_21697\" aria-describedby=\"caption-attachment-21697\" style=\"width: 680px\" class=\"wp-caption aligncenter\"><img loading=\"lazy\" decoding=\"async\" class=\"size-medium wp-image-21697\" src=\"https:\/\/news.save.ch\/wp-content\/uploads\/2023\/08\/Handy-Depositphotos_168058870_S-680x454.jpg\" alt=\"Theft\" width=\"680\" height=\"454\" srcset=\"https:\/\/news.save.ch\/wp-content\/uploads\/2023\/08\/Handy-Depositphotos_168058870_S-680x454.jpg 680w, https:\/\/news.save.ch\/wp-content\/uploads\/2023\/08\/Handy-Depositphotos_168058870_S-768x512.jpg 768w, https:\/\/news.save.ch\/wp-content\/uploads\/2023\/08\/Handy-Depositphotos_168058870_S-18x12.jpg 18w, https:\/\/news.save.ch\/wp-content\/uploads\/2023\/08\/Handy-Depositphotos_168058870_S-375x250.jpg 375w, https:\/\/news.save.ch\/wp-content\/uploads\/2023\/08\/Handy-Depositphotos_168058870_S-525x350.jpg 525w, https:\/\/news.save.ch\/wp-content\/uploads\/2023\/08\/Handy-Depositphotos_168058870_S.jpg 1000w\" sizes=\"auto, (max-width: 680px) 100vw, 680px\" \/><figcaption id=\"caption-attachment-21697\" class=\"wp-caption-text\">Depositphotos, Krisana Antharith<\/figcaption><\/figure>\n<p>Street festivals, open-air cinemas, festivals: partying outdoors is part of a successful summer for many people. But if your smartphone is suddenly missing when you reach into your pants pocket or handbag, it can quickly dampen your spirits. Summer is the peak season for pickpockets, as Axa's loss statistics over the last ten years show. Almost a quarter of all cell phone thefts reported to the insurance company occur in July and August. The fewest occur in April, with only one in 15 cell phone thefts happening then. \"In the summer, people are outside more often. That gives thieves more opportunities to strike - especially in large gatherings of people,\" explains Stefan M\u00fcller, head of property insurance at Axa. It is therefore hardly surprising that most thefts occur at the weekend, when numerous festivities are taking place. According to data, over 40 percent of all cell phone thefts occur on Saturdays and Sundays. The risk is lowest on Wednesdays, when only one in ten cell phone thefts occurs, according to Axa.<\/p>\n<h3><strong>Increase by 40 percent<\/strong><\/h3>\n<p>The fact that people are more mobile again and more events are taking place is part of the reason why the number of stolen cell phones has increased since the pandemic ended, the insurer writes. In 2022, 40 percent more cell phones were stolen than in 2021 and as much as 50 percent more than in 2020, it said. \"Cross-border crime, which is now more feasible again, is probably also playing its part in the fact that the theft rate has increased,\" Stefan M\u00fcller said. In the first half of 2023, Axa's figures would show a further increase of around 20 percent compared to the same period last year, so that the pre-pandemic level should be reached again.<\/p>\n<h3><strong>Caution in Geneva, Basel and Bern<\/strong><\/h3>\n<p>Axa's analyses show large differences not only between years, months and days of the week, but also between cantons: People from the canton of Geneva reported stolen cell phones to Axa about 5 times more often than the Swiss average and as much as 11 times more often than people from Ticino, who seem to be at the lowest risk, according to the press release. Insured persons from the cantons of Basel-Stadt and Bern were also affected more often than average - but rarely from the cantons of Graub\u00fcnden and Uri. These two cantons, as well as Ticino, record less than half as many stolen cell phones per insured person as the Swiss average.<strong>\u00a0<\/strong><\/p>\n<h3><strong>Smartphone gone - what to do?<\/strong><\/h3>\n<p>If the cell phone was stolen, this should be reported to the local police station and the insurance company. Cell phone theft outside the home is covered by Axa's household insurance, provided that coverage for simple theft outside the home or comprehensive coverage for smartphones, tablets and consumer electronics has been taken out, the press release concludes.<\/p>\n<p>&nbsp;<\/p>","protected":false},"excerpt":{"rendered":"<p>Strassenfeste, Openair-Kinos, Festivals: Draussen feiern \u2013 das geh\u00f6rt f\u00fcr viele zu einem gelungenen Sommer dazu. Doch wenn beim Griff in die Hosen- oder Handtasche pl\u00f6tzlich das Smartphone fehlt, kann das die Stimmung sehr schnell d\u00e4mpfen. Im Sommer haben Taschendiebe Hochsaison, wie die Schadenstatistik der Axa \u00fcber die letzten zehn Jahre zeigt. Fast ein Viertel aller [&hellip;]<\/p>\n","protected":false},"author":8,"featured_media":21697,"comment_status":"closed","ping_status":"closed","sticky":false,"template":"","format":"standard","meta":{"_acf_changed":false,"pgc_sgb_lightbox_settings":"","footnotes":""},"categories":[1],"tags":[347],"class_list":["post-21698","post","type-post","status-publish","format-standard","has-post-thumbnail","hentry","category-allgemein","tag-diebstahl"],"acf":[],"hkrextid":null,"publication":null,"issue":null,"workflow":null,"startPage":null,"spitzmarke":null,"_posts_by_tag_page_fields":null,"_at_widget":null,"_yoast_wpseo_primary_category":"1","_yoast_wpseo_focuskw_text_input":null,"_yoast_wpseo_opengraph-image":null,"_yoast_wpseo_opengraph-description":null,"_yoast_wpseo_opengraph-title":null,"enclosure":null,"_yoast_wpseo_twitter-title":null,"_yoast_wpseo_twitter-description":null,"_yoast_wpseo_twitter-image":null,"_wp_old_slug":null,"_yoast_wpseo_title":null,"_yoast_wpseo_canonical":null,"yoast_head":"<!-- This site is optimized with the Yoast SEO plugin v27.4 - https:\/\/yoast.com\/product\/yoast-seo-wordpress\/ -->\n<title>40% mehr gestohlene Handys - Save<\/title>\n<meta name=\"description\" content=\"Seit Pandemieende ist ein deutlicher Anstieg geklauter Handys festzustellen, wie aus der Axa-Schadenstatistik hervorgeht.\" \/>\n<meta name=\"robots\" content=\"index, follow, max-snippet:-1, max-image-preview:large, max-video-preview:-1\" \/>\n<link rel=\"canonical\" href=\"https:\/\/news.save.ch\/en\/40-mehr-gestohlene-handys\/\" \/>\n<meta property=\"og:locale\" content=\"en_US\" \/>\n<meta property=\"og:type\" content=\"article\" \/>\n<meta property=\"og:title\" content=\"40% mehr gestohlene Handys - Save\" \/>\n<meta property=\"og:description\" content=\"Seit Pandemieende ist ein deutlicher Anstieg geklauter Handys festzustellen, wie aus der Axa-Schadenstatistik hervorgeht.\" \/>\n<meta property=\"og:url\" content=\"https:\/\/news.save.ch\/en\/40-mehr-gestohlene-handys\/\" \/>\n<meta property=\"og:site_name\" content=\"Save\" \/>\n<meta property=\"article:published_time\" content=\"2023-08-10T07:29:26+00:00\" \/>\n<meta property=\"og:image\" content=\"https:\/\/news.save.ch\/wp-content\/uploads\/2023\/08\/Handy-Depositphotos_168058870_S.jpg\" \/>\n\t<meta property=\"og:image:width\" content=\"1000\" \/>\n\t<meta property=\"og:image:height\" content=\"667\" \/>\n\t<meta property=\"og:image:type\" content=\"image\/jpeg\" \/>\n<meta name=\"author\" content=\"Roger Str\u00e4ssle\" \/>\n<meta name=\"twitter:card\" content=\"summary_large_image\" \/>\n<meta name=\"twitter:label1\" content=\"Written by\" \/>\n\t<meta name=\"twitter:data1\" content=\"Roger Str\u00e4ssle\" \/>\n\t<meta name=\"twitter:label2\" content=\"Est. reading time\" \/>\n\t<meta name=\"twitter:data2\" content=\"3 minutes\" \/>\n<script type=\"application\/ld+json\" class=\"yoast-schema-graph\">{\"@context\":\"https:\\\/\\\/schema.org\",\"@graph\":[{\"@type\":\"Article\",\"@id\":\"https:\\\/\\\/news.save.ch\\\/40-mehr-gestohlene-handys\\\/#article\",\"isPartOf\":{\"@id\":\"https:\\\/\\\/news.save.ch\\\/40-mehr-gestohlene-handys\\\/\"},\"author\":{\"name\":\"Roger Str\u00e4ssle\",\"@id\":\"https:\\\/\\\/news.save.ch\\\/de\\\/#\\\/schema\\\/person\\\/d5022db048e0e2b9785c50e5b24da5aa\"},\"headline\":\"40% mehr gestohlene Handys\",\"datePublished\":\"2023-08-10T07:29:26+00:00\",\"mainEntityOfPage\":{\"@id\":\"https:\\\/\\\/news.save.ch\\\/40-mehr-gestohlene-handys\\\/\"},\"wordCount\":439,\"publisher\":{\"@id\":\"https:\\\/\\\/news.save.ch\\\/de\\\/#organization\"},\"image\":{\"@id\":\"https:\\\/\\\/news.save.ch\\\/40-mehr-gestohlene-handys\\\/#primaryimage\"},\"thumbnailUrl\":\"https:\\\/\\\/news.save.ch\\\/wp-content\\\/uploads\\\/2023\\\/08\\\/Handy-Depositphotos_168058870_S.jpg\",\"keywords\":[\"Diebstahl\"],\"articleSection\":[\"ALLGEMEIN\"],\"inLanguage\":\"en-US\"},{\"@type\":\"WebPage\",\"@id\":\"https:\\\/\\\/news.save.ch\\\/40-mehr-gestohlene-handys\\\/\",\"url\":\"https:\\\/\\\/news.save.ch\\\/40-mehr-gestohlene-handys\\\/\",\"name\":\"40% mehr gestohlene Handys - Save\",\"isPartOf\":{\"@id\":\"https:\\\/\\\/news.save.ch\\\/de\\\/#website\"},\"primaryImageOfPage\":{\"@id\":\"https:\\\/\\\/news.save.ch\\\/40-mehr-gestohlene-handys\\\/#primaryimage\"},\"image\":{\"@id\":\"https:\\\/\\\/news.save.ch\\\/40-mehr-gestohlene-handys\\\/#primaryimage\"},\"thumbnailUrl\":\"https:\\\/\\\/news.save.ch\\\/wp-content\\\/uploads\\\/2023\\\/08\\\/Handy-Depositphotos_168058870_S.jpg\",\"datePublished\":\"2023-08-10T07:29:26+00:00\",\"description\":\"Seit Pandemieende ist ein deutlicher Anstieg geklauter Handys festzustellen, wie aus der Axa-Schadenstatistik hervorgeht.\",\"breadcrumb\":{\"@id\":\"https:\\\/\\\/news.save.ch\\\/40-mehr-gestohlene-handys\\\/#breadcrumb\"},\"inLanguage\":\"en-US\",\"potentialAction\":[{\"@type\":\"ReadAction\",\"target\":[\"https:\\\/\\\/news.save.ch\\\/40-mehr-gestohlene-handys\\\/\"]}]},{\"@type\":\"ImageObject\",\"inLanguage\":\"en-US\",\"@id\":\"https:\\\/\\\/news.save.ch\\\/40-mehr-gestohlene-handys\\\/#primaryimage\",\"url\":\"https:\\\/\\\/news.save.ch\\\/wp-content\\\/uploads\\\/2023\\\/08\\\/Handy-Depositphotos_168058870_S.jpg\",\"contentUrl\":\"https:\\\/\\\/news.save.ch\\\/wp-content\\\/uploads\\\/2023\\\/08\\\/Handy-Depositphotos_168058870_S.jpg\",\"width\":1000,\"height\":667,\"caption\":\"Depositphotos, Krisana Antharith\"},{\"@type\":\"BreadcrumbList\",\"@id\":\"https:\\\/\\\/news.save.ch\\\/40-mehr-gestohlene-handys\\\/#breadcrumb\",\"itemListElement\":[{\"@type\":\"ListItem\",\"position\":1,\"name\":\"Home\",\"item\":\"https:\\\/\\\/news.save.ch\\\/de\\\/\"},{\"@type\":\"ListItem\",\"position\":2,\"name\":\"40% mehr gestohlene Handys\"}]},{\"@type\":\"WebSite\",\"@id\":\"https:\\\/\\\/news.save.ch\\\/de\\\/#website\",\"url\":\"https:\\\/\\\/news.save.ch\\\/de\\\/\",\"name\":\"Save\",\"description\":\"Schweizer Fachzeitschrift f\u00fcr Sicherheit\",\"publisher\":{\"@id\":\"https:\\\/\\\/news.save.ch\\\/de\\\/#organization\"},\"potentialAction\":[{\"@type\":\"SearchAction\",\"target\":{\"@type\":\"EntryPoint\",\"urlTemplate\":\"https:\\\/\\\/news.save.ch\\\/de\\\/?s={search_term_string}\"},\"query-input\":{\"@type\":\"PropertyValueSpecification\",\"valueRequired\":true,\"valueName\":\"search_term_string\"}}],\"inLanguage\":\"en-US\"},{\"@type\":\"Organization\",\"@id\":\"https:\\\/\\\/news.save.ch\\\/de\\\/#organization\",\"name\":\"Sicherheitsforum\",\"url\":\"https:\\\/\\\/news.save.ch\\\/de\\\/\",\"logo\":{\"@type\":\"ImageObject\",\"inLanguage\":\"en-US\",\"@id\":\"https:\\\/\\\/news.save.ch\\\/de\\\/#\\\/schema\\\/logo\\\/image\\\/\",\"url\":\"https:\\\/\\\/news.save.ch\\\/wp-content\\\/uploads\\\/2022\\\/06\\\/Logo_SF_2012.png\",\"contentUrl\":\"https:\\\/\\\/news.save.ch\\\/wp-content\\\/uploads\\\/2022\\\/06\\\/Logo_SF_2012.png\",\"width\":1100,\"height\":91,\"caption\":\"Sicherheitsforum\"},\"image\":{\"@id\":\"https:\\\/\\\/news.save.ch\\\/de\\\/#\\\/schema\\\/logo\\\/image\\\/\"}},{\"@type\":\"Person\",\"@id\":\"https:\\\/\\\/news.save.ch\\\/de\\\/#\\\/schema\\\/person\\\/d5022db048e0e2b9785c50e5b24da5aa\",\"name\":\"Roger Str\u00e4ssle\",\"image\":{\"@type\":\"ImageObject\",\"inLanguage\":\"en-US\",\"@id\":\"https:\\\/\\\/secure.gravatar.com\\\/avatar\\\/862a5569d087de48e5856e32f45d719a03804c891d6deb8d4f71a660e79e4a47?s=96&d=mm&r=g\",\"url\":\"https:\\\/\\\/secure.gravatar.com\\\/avatar\\\/862a5569d087de48e5856e32f45d719a03804c891d6deb8d4f71a660e79e4a47?s=96&d=mm&r=g\",\"contentUrl\":\"https:\\\/\\\/secure.gravatar.com\\\/avatar\\\/862a5569d087de48e5856e32f45d719a03804c891d6deb8d4f71a660e79e4a47?s=96&d=mm&r=g\",\"caption\":\"Roger Str\u00e4ssle\"},\"url\":\"https:\\\/\\\/news.save.ch\\\/en\\\/author\\\/roger-straessle\\\/\"}]}<\/script>\n<!-- \/ Yoast SEO plugin. -->","yoast_head_json":{"title":"40% more stolen phones - Save","description":"Since the end of the pandemic, there has been a significant increase in stolen cell phones, according to Axa's claims statistics.","robots":{"index":"index","follow":"follow","max-snippet":"max-snippet:-1","max-image-preview":"max-image-preview:large","max-video-preview":"max-video-preview:-1"},"canonical":"https:\/\/news.save.ch\/en\/40-mehr-gestohlene-handys\/","og_locale":"en_US","og_type":"article","og_title":"40% mehr gestohlene Handys - Save","og_description":"Seit Pandemieende ist ein deutlicher Anstieg geklauter Handys festzustellen, wie aus der Axa-Schadenstatistik hervorgeht.","og_url":"https:\/\/news.save.ch\/en\/40-mehr-gestohlene-handys\/","og_site_name":"Save","article_published_time":"2023-08-10T07:29:26+00:00","og_image":[{"width":1000,"height":667,"url":"https:\/\/news.save.ch\/wp-content\/uploads\/2023\/08\/Handy-Depositphotos_168058870_S.jpg","type":"image\/jpeg"}],"author":"Roger Str\u00e4ssle","twitter_card":"summary_large_image","twitter_misc":{"Written by":"Roger Str\u00e4ssle","Est. reading time":"3 minutes"},"schema":{"@context":"https:\/\/schema.org","@graph":[{"@type":"Article","@id":"https:\/\/news.save.ch\/40-mehr-gestohlene-handys\/#article","isPartOf":{"@id":"https:\/\/news.save.ch\/40-mehr-gestohlene-handys\/"},"author":{"name":"Roger Str\u00e4ssle","@id":"https:\/\/news.save.ch\/de\/#\/schema\/person\/d5022db048e0e2b9785c50e5b24da5aa"},"headline":"40% mehr gestohlene Handys","datePublished":"2023-08-10T07:29:26+00:00","mainEntityOfPage":{"@id":"https:\/\/news.save.ch\/40-mehr-gestohlene-handys\/"},"wordCount":439,"publisher":{"@id":"https:\/\/news.save.ch\/de\/#organization"},"image":{"@id":"https:\/\/news.save.ch\/40-mehr-gestohlene-handys\/#primaryimage"},"thumbnailUrl":"https:\/\/news.save.ch\/wp-content\/uploads\/2023\/08\/Handy-Depositphotos_168058870_S.jpg","keywords":["Diebstahl"],"articleSection":["ALLGEMEIN"],"inLanguage":"en-US"},{"@type":"WebPage","@id":"https:\/\/news.save.ch\/40-mehr-gestohlene-handys\/","url":"https:\/\/news.save.ch\/40-mehr-gestohlene-handys\/","name":"40% more stolen phones - Save","isPartOf":{"@id":"https:\/\/news.save.ch\/de\/#website"},"primaryImageOfPage":{"@id":"https:\/\/news.save.ch\/40-mehr-gestohlene-handys\/#primaryimage"},"image":{"@id":"https:\/\/news.save.ch\/40-mehr-gestohlene-handys\/#primaryimage"},"thumbnailUrl":"https:\/\/news.save.ch\/wp-content\/uploads\/2023\/08\/Handy-Depositphotos_168058870_S.jpg","datePublished":"2023-08-10T07:29:26+00:00","description":"Since the end of the pandemic, there has been a significant increase in stolen cell phones, according to Axa's claims statistics.","breadcrumb":{"@id":"https:\/\/news.save.ch\/40-mehr-gestohlene-handys\/#breadcrumb"},"inLanguage":"en-US","potentialAction":[{"@type":"ReadAction","target":["https:\/\/news.save.ch\/40-mehr-gestohlene-handys\/"]}]},{"@type":"ImageObject","inLanguage":"en-US","@id":"https:\/\/news.save.ch\/40-mehr-gestohlene-handys\/#primaryimage","url":"https:\/\/news.save.ch\/wp-content\/uploads\/2023\/08\/Handy-Depositphotos_168058870_S.jpg","contentUrl":"https:\/\/news.save.ch\/wp-content\/uploads\/2023\/08\/Handy-Depositphotos_168058870_S.jpg","width":1000,"height":667,"caption":"Depositphotos, Krisana Antharith"},{"@type":"BreadcrumbList","@id":"https:\/\/news.save.ch\/40-mehr-gestohlene-handys\/#breadcrumb","itemListElement":[{"@type":"ListItem","position":1,"name":"Home","item":"https:\/\/news.save.ch\/de\/"},{"@type":"ListItem","position":2,"name":"40% mehr gestohlene Handys"}]},{"@type":"WebSite","@id":"https:\/\/news.save.ch\/de\/#website","url":"https:\/\/news.save.ch\/de\/","name":"Save","description":"Swiss trade journal for safety","publisher":{"@id":"https:\/\/news.save.ch\/de\/#organization"},"potentialAction":[{"@type":"SearchAction","target":{"@type":"EntryPoint","urlTemplate":"https:\/\/news.save.ch\/de\/?s={search_term_string}"},"query-input":{"@type":"PropertyValueSpecification","valueRequired":true,"valueName":"search_term_string"}}],"inLanguage":"en-US"},{"@type":"Organization","@id":"https:\/\/news.save.ch\/de\/#organization","name":"Security Forum","url":"https:\/\/news.save.ch\/de\/","logo":{"@type":"ImageObject","inLanguage":"en-US","@id":"https:\/\/news.save.ch\/de\/#\/schema\/logo\/image\/","url":"https:\/\/news.save.ch\/wp-content\/uploads\/2022\/06\/Logo_SF_2012.png","contentUrl":"https:\/\/news.save.ch\/wp-content\/uploads\/2022\/06\/Logo_SF_2012.png","width":1100,"height":91,"caption":"Sicherheitsforum"},"image":{"@id":"https:\/\/news.save.ch\/de\/#\/schema\/logo\/image\/"}},{"@type":"Person","@id":"https:\/\/news.save.ch\/de\/#\/schema\/person\/d5022db048e0e2b9785c50e5b24da5aa","name":"Roger Str\u00e4ssle","image":{"@type":"ImageObject","inLanguage":"en-US","@id":"https:\/\/secure.gravatar.com\/avatar\/862a5569d087de48e5856e32f45d719a03804c891d6deb8d4f71a660e79e4a47?s=96&d=mm&r=g","url":"https:\/\/secure.gravatar.com\/avatar\/862a5569d087de48e5856e32f45d719a03804c891d6deb8d4f71a660e79e4a47?s=96&d=mm&r=g","contentUrl":"https:\/\/secure.gravatar.com\/avatar\/862a5569d087de48e5856e32f45d719a03804c891d6deb8d4f71a660e79e4a47?s=96&d=mm&r=g","caption":"Roger Str\u00e4ssle"},"url":"https:\/\/news.save.ch\/en\/author\/roger-straessle\/"}]}},"_links":{"self":[{"href":"https:\/\/news.save.ch\/en\/wp-json\/wp\/v2\/posts\/21698","targetHints":{"allow":["GET"]}}],"collection":[{"href":"https:\/\/news.save.ch\/en\/wp-json\/wp\/v2\/posts"}],"about":[{"href":"https:\/\/news.save.ch\/en\/wp-json\/wp\/v2\/types\/post"}],"author":[{"embeddable":true,"href":"https:\/\/news.save.ch\/en\/wp-json\/wp\/v2\/users\/8"}],"replies":[{"embeddable":true,"href":"https:\/\/news.save.ch\/en\/wp-json\/wp\/v2\/comments?post=21698"}],"version-history":[{"count":1,"href":"https:\/\/news.save.ch\/en\/wp-json\/wp\/v2\/posts\/21698\/revisions"}],"predecessor-version":[{"id":21699,"href":"https:\/\/news.save.ch\/en\/wp-json\/wp\/v2\/posts\/21698\/revisions\/21699"}],"wp:featuredmedia":[{"embeddable":true,"href":"https:\/\/news.save.ch\/en\/wp-json\/wp\/v2\/media\/21697"}],"wp:attachment":[{"href":"https:\/\/news.save.ch\/en\/wp-json\/wp\/v2\/media?parent=21698"}],"wp:term":[{"taxonomy":"category","embeddable":true,"href":"https:\/\/news.save.ch\/en\/wp-json\/wp\/v2\/categories?post=21698"},{"taxonomy":"post_tag","embeddable":true,"href":"https:\/\/news.save.ch\/en\/wp-json\/wp\/v2\/tags?post=21698"}],"curies":[{"name":"wp","href":"https:\/\/api.w.org\/{rel}","templated":true}]}}