{"id":21705,"date":"2023-08-14T10:09:29","date_gmt":"2023-08-14T08:09:29","guid":{"rendered":"https:\/\/news.save.ch\/?p=21705"},"modified":"2023-08-14T10:09:29","modified_gmt":"2023-08-14T08:09:29","slug":"in-sechs-schritten-zum-krisenfesten-unternehmen","status":null,"type":"post","link":"https:\/\/news.save.ch\/en\/in-sechs-schritten-zum-krisenfesten-unternehmen\/","title":{"rendered":"Six steps to a crisis-proof company"},"content":{"rendered":"<figure id=\"attachment_21706\" aria-describedby=\"caption-attachment-21706\" style=\"width: 680px\" class=\"wp-caption aligncenter\"><img loading=\"lazy\" decoding=\"async\" class=\"size-medium wp-image-21706\" src=\"https:\/\/news.save.ch\/wp-content\/uploads\/2023\/08\/Depositphotos_358096998_S-680x454.jpg\" alt=\"Crisis management\" width=\"680\" height=\"454\" srcset=\"https:\/\/news.save.ch\/wp-content\/uploads\/2023\/08\/Depositphotos_358096998_S-680x454.jpg 680w, https:\/\/news.save.ch\/wp-content\/uploads\/2023\/08\/Depositphotos_358096998_S-768x512.jpg 768w, https:\/\/news.save.ch\/wp-content\/uploads\/2023\/08\/Depositphotos_358096998_S-18x12.jpg 18w, https:\/\/news.save.ch\/wp-content\/uploads\/2023\/08\/Depositphotos_358096998_S-375x250.jpg 375w, https:\/\/news.save.ch\/wp-content\/uploads\/2023\/08\/Depositphotos_358096998_S-525x350.jpg 525w, https:\/\/news.save.ch\/wp-content\/uploads\/2023\/08\/Depositphotos_358096998_S.jpg 1000w\" sizes=\"auto, (max-width: 680px) 100vw, 680px\" \/><figcaption id=\"caption-attachment-21706\" class=\"wp-caption-text\">Depositphotos, uspmen<\/figcaption><\/figure>\n<p style=\"background: white; margin: 7.1pt 0cm 7.1pt 0cm;\"><span style=\"font-size: 10.0pt; font-family: 'Arial',sans-serif; color: black; background: white;\">Severe storms, pandemics, cyber attacks and more: Crisis situations are occurring with increasing frequency and are increasingly defining the reality of life. Companies therefore need organizational resilience, i.e. the ability to anticipate crisis events, minimize their impact on business operations and ensure the safety of their employees.\u00a0<\/span><\/p>\n<p style=\"background: white; white-space: pre-wrap; margin: 7.1pt 0cm 7.1pt 0cm;\"><span style=\"font-size: 10.0pt; font-family: 'Arial',sans-serif; color: black; background: white;\">Everbridge shows how companies can become more resilient in six steps.<\/span><\/p>\n<p style=\"background: white; white-space: pre-wrap; margin: 7.1pt 0cm 7.1pt 0cm;\"><b><i><span style=\"font-size: 10.0pt; font-family: 'Arial',sans-serif; color: black; background: white;\">1. invest in the well-being of employees.<\/span><\/i><\/b><span style=\"font-size: 10.0pt; font-family: 'Arial',sans-serif; color: black; background: white;\"> Companies are only as resilient as their employees. Investing in training, mentoring, and resources that promote workforce well-being and mental health is therefore a top priority. Happy and healthy employees are better able to deal with crises and are more engaged in managing them.<\/span><\/p>\n<p style=\"background: white; white-space: pre-wrap; margin: 7.1pt 0cm 7.1pt 0cm;\"><b><i><span style=\"font-size: 10.0pt; font-family: 'Arial',sans-serif; color: black; background: white;\">2. develop a resilient corporate culture.<\/span><\/i><\/b><span style=\"font-size: 10.0pt; font-family: 'Arial',sans-serif; color: black; background: white;\"> A resilient workforce also requires the right culture. Companies should recognize the successes of their employees, encourage them to learn from mistakes, and promote their cooperation. Then employees develop a strong sense of community, stick together in crises and pull together.<\/span><\/p>\n<p style=\"background: white; white-space: pre-wrap; margin: 7.1pt 0cm 7.1pt 0cm;\"><b><i><span style=\"font-size: 10.0pt; font-family: 'Arial',sans-serif; color: black; background: white;\">3. maintain a leadership style of integrity.<\/span><\/i><\/b><span style=\"font-size: 10.0pt; font-family: 'Arial',sans-serif; color: black; background: white;\"> Managers in the company must set a good example. If they provide clear guidance, set realistic expectations and are approachable at all times, they create a sense of trust and stability among employees that will pay off in crisis situations.<\/span><\/p>\n<p style=\"background: white; white-space: pre-wrap; margin: 7.1pt 0cm 7.1pt 0cm;\"><b><i><span style=\"font-size: 10.0pt; font-family: 'Arial',sans-serif; color: black; background: white;\">4. promote agile thinking and working. <\/span><\/i><\/b><span style=\"font-size: 10.0pt; font-family: 'Arial',sans-serif; color: black; background: white;\">Solving problems quickly, adopting new approaches at short notice if necessary, and adapting to new challenges: These are the hallmarks of a resilient organization. Companies can develop these capabilities by promoting agile mindsets and agile working methods.<\/span><\/p>\n<p style=\"background: white; white-space: pre-wrap; margin: 7.1pt 0cm 7.1pt 0cm;\"><b><i><span style=\"font-size: 10.0pt; font-family: 'Arial',sans-serif; color: black; background: white;\">5. proactively manage risk. <\/span><\/i><\/b><span style=\"font-size: 10.0pt; font-family: 'Arial',sans-serif; color: black; background: white;\">Resilience requires a proactive approach. Resilient companies continuously assess potential risks, develop contingency plans and test them regularly. This then enables them, should the worst happen, to minimize disruption to business operations and recover quickly from setbacks.<\/span><\/p>\n<p style=\"background: white; white-space: pre-wrap; margin: 7.1pt 0cm 7.1pt 0cm;\"><b><i><span style=\"font-size: 10.0pt; font-family: 'Arial',sans-serif; color: black; background: white;\">6. use integrated and intuitive technology<\/span><\/i><\/b><span style=\"font-size: 10.0pt; font-family: 'Arial',sans-serif; color: black; background: white;\">. Technology plays a key role in building a resilient organization. Organizations need business continuity, disaster recovery and risk management tools that work seamlessly together and are intuitive enough to be used by anyone in a crisis.<\/span><\/p>\n<p style=\"background: white; white-space: pre-wrap; margin: 7.1pt 0cm 7.1pt 0cm;\"><span style=\"font-size: 10.0pt; font-family: 'Arial',sans-serif; color: black; background: white;\">\"Investing in your resilience is no longer optional for companies. Building a resilient organization is now a top priority,\" said Stefica Divkovic, senior vice president at Everbridge. \"With the above six steps, we aim to provide a guide for companies to assess their resilience and make necessary improvements if needed.\"<\/span><\/p>\n<p style=\"background: white; white-space: pre-wrap; margin: 7.1pt 0cm 7.1pt 0cm;\"><span style=\"font-size: 10.0pt; font-family: 'Arial',sans-serif; color: black; background: white;\"><em>Source: <a href=\"https:\/\/www.everbridge.com\/\" target=\"_blank\" rel=\"noopener\">Everbridge<\/a><\/em> <\/span><\/p>\n<p>&nbsp;<\/p>","protected":false},"excerpt":{"rendered":"<p>Schwere Unwetter, Pandemien, Cyber-Attacken und anderes Mehr: Krisensituationen treten immer h\u00e4ufiger auf und bestimmen zunehmend die Lebensrealit\u00e4t. Unternehmen ben\u00f6tigen deshalb organisatorische Resilienz, also die F\u00e4higkeit, krisenhafte Ereignisse zu antizipieren, ihre Auswirkungen auf den Gesch\u00e4ftsbetrieb zu minimieren und die Sicherheit ihrer Mitarbeiter zu gew\u00e4hrleisten.\u00a0 Everbridge zeigt auf, wie Unternehmen in sechs Schritten resilienter werden. 1. In [&hellip;]<\/p>\n","protected":false},"author":8,"featured_media":21706,"comment_status":"closed","ping_status":"closed","sticky":false,"template":"","format":"standard","meta":{"_acf_changed":false,"pgc_sgb_lightbox_settings":"","footnotes":""},"categories":[1],"tags":[400],"class_list":["post-21705","post","type-post","status-publish","format-standard","has-post-thumbnail","hentry","category-allgemein","tag-krisenmanagement"],"acf":[],"hkrextid":null,"publication":null,"issue":null,"workflow":null,"startPage":null,"spitzmarke":null,"_posts_by_tag_page_fields":null,"_at_widget":null,"_yoast_wpseo_primary_category":"1","_yoast_wpseo_focuskw_text_input":null,"_yoast_wpseo_opengraph-image":null,"_yoast_wpseo_opengraph-description":null,"_yoast_wpseo_opengraph-title":null,"enclosure":null,"_yoast_wpseo_twitter-title":null,"_yoast_wpseo_twitter-description":null,"_yoast_wpseo_twitter-image":null,"_wp_old_slug":null,"_yoast_wpseo_title":null,"_yoast_wpseo_canonical":null,"yoast_head":"<!-- This site is optimized with the Yoast SEO plugin v27.5 - https:\/\/yoast.com\/product\/yoast-seo-wordpress\/ -->\n<title>In sechs Schritten zum krisenfesten Unternehmen - Save<\/title>\n<meta name=\"description\" content=\"Widerstandsf\u00e4higkeit ist f\u00fcr Unternehmen ein Muss. Everbridge erl\u00e4utert, wie Unternehmen resilienter werden.\" \/>\n<meta name=\"robots\" content=\"index, follow, max-snippet:-1, max-image-preview:large, max-video-preview:-1\" \/>\n<link rel=\"canonical\" href=\"https:\/\/news.save.ch\/en\/in-sechs-schritten-zum-krisenfesten-unternehmen\/\" \/>\n<meta property=\"og:locale\" content=\"en_US\" \/>\n<meta property=\"og:type\" content=\"article\" \/>\n<meta property=\"og:title\" content=\"In sechs Schritten zum krisenfesten Unternehmen - Save\" \/>\n<meta property=\"og:description\" content=\"Widerstandsf\u00e4higkeit ist f\u00fcr Unternehmen ein Muss. Everbridge erl\u00e4utert, wie Unternehmen resilienter werden.\" \/>\n<meta property=\"og:url\" content=\"https:\/\/news.save.ch\/en\/in-sechs-schritten-zum-krisenfesten-unternehmen\/\" \/>\n<meta property=\"og:site_name\" content=\"Save\" \/>\n<meta property=\"article:published_time\" content=\"2023-08-14T08:09:29+00:00\" \/>\n<meta property=\"og:image\" content=\"https:\/\/news.save.ch\/wp-content\/uploads\/2023\/08\/Depositphotos_358096998_S.jpg\" \/>\n\t<meta property=\"og:image:width\" content=\"1000\" \/>\n\t<meta property=\"og:image:height\" content=\"667\" \/>\n\t<meta property=\"og:image:type\" content=\"image\/jpeg\" \/>\n<meta name=\"author\" content=\"Roger Str\u00e4ssle\" \/>\n<meta name=\"twitter:card\" content=\"summary_large_image\" \/>\n<meta name=\"twitter:label1\" content=\"Written by\" \/>\n\t<meta name=\"twitter:data1\" content=\"Roger Str\u00e4ssle\" \/>\n\t<meta name=\"twitter:label2\" content=\"Est. reading time\" \/>\n\t<meta name=\"twitter:data2\" content=\"3 minutes\" \/>\n<script type=\"application\/ld+json\" class=\"yoast-schema-graph\">{\"@context\":\"https:\\\/\\\/schema.org\",\"@graph\":[{\"@type\":\"Article\",\"@id\":\"https:\\\/\\\/news.save.ch\\\/in-sechs-schritten-zum-krisenfesten-unternehmen\\\/#article\",\"isPartOf\":{\"@id\":\"https:\\\/\\\/news.save.ch\\\/in-sechs-schritten-zum-krisenfesten-unternehmen\\\/\"},\"author\":{\"name\":\"Roger Str\u00e4ssle\",\"@id\":\"https:\\\/\\\/news.save.ch\\\/de\\\/#\\\/schema\\\/person\\\/d5022db048e0e2b9785c50e5b24da5aa\"},\"headline\":\"In sechs Schritten zum krisenfesten Unternehmen\",\"datePublished\":\"2023-08-14T08:09:29+00:00\",\"mainEntityOfPage\":{\"@id\":\"https:\\\/\\\/news.save.ch\\\/in-sechs-schritten-zum-krisenfesten-unternehmen\\\/\"},\"wordCount\":434,\"publisher\":{\"@id\":\"https:\\\/\\\/news.save.ch\\\/de\\\/#organization\"},\"image\":{\"@id\":\"https:\\\/\\\/news.save.ch\\\/in-sechs-schritten-zum-krisenfesten-unternehmen\\\/#primaryimage\"},\"thumbnailUrl\":\"https:\\\/\\\/news.save.ch\\\/wp-content\\\/uploads\\\/2023\\\/08\\\/Depositphotos_358096998_S.jpg\",\"keywords\":[\"Krisenmanagement\"],\"articleSection\":[\"ALLGEMEIN\"],\"inLanguage\":\"en-US\"},{\"@type\":\"WebPage\",\"@id\":\"https:\\\/\\\/news.save.ch\\\/in-sechs-schritten-zum-krisenfesten-unternehmen\\\/\",\"url\":\"https:\\\/\\\/news.save.ch\\\/in-sechs-schritten-zum-krisenfesten-unternehmen\\\/\",\"name\":\"In sechs Schritten zum krisenfesten Unternehmen - Save\",\"isPartOf\":{\"@id\":\"https:\\\/\\\/news.save.ch\\\/de\\\/#website\"},\"primaryImageOfPage\":{\"@id\":\"https:\\\/\\\/news.save.ch\\\/in-sechs-schritten-zum-krisenfesten-unternehmen\\\/#primaryimage\"},\"image\":{\"@id\":\"https:\\\/\\\/news.save.ch\\\/in-sechs-schritten-zum-krisenfesten-unternehmen\\\/#primaryimage\"},\"thumbnailUrl\":\"https:\\\/\\\/news.save.ch\\\/wp-content\\\/uploads\\\/2023\\\/08\\\/Depositphotos_358096998_S.jpg\",\"datePublished\":\"2023-08-14T08:09:29+00:00\",\"description\":\"Widerstandsf\u00e4higkeit ist f\u00fcr Unternehmen ein Muss. Everbridge erl\u00e4utert, wie Unternehmen resilienter werden.\",\"breadcrumb\":{\"@id\":\"https:\\\/\\\/news.save.ch\\\/in-sechs-schritten-zum-krisenfesten-unternehmen\\\/#breadcrumb\"},\"inLanguage\":\"en-US\",\"potentialAction\":[{\"@type\":\"ReadAction\",\"target\":[\"https:\\\/\\\/news.save.ch\\\/in-sechs-schritten-zum-krisenfesten-unternehmen\\\/\"]}]},{\"@type\":\"ImageObject\",\"inLanguage\":\"en-US\",\"@id\":\"https:\\\/\\\/news.save.ch\\\/in-sechs-schritten-zum-krisenfesten-unternehmen\\\/#primaryimage\",\"url\":\"https:\\\/\\\/news.save.ch\\\/wp-content\\\/uploads\\\/2023\\\/08\\\/Depositphotos_358096998_S.jpg\",\"contentUrl\":\"https:\\\/\\\/news.save.ch\\\/wp-content\\\/uploads\\\/2023\\\/08\\\/Depositphotos_358096998_S.jpg\",\"width\":1000,\"height\":667,\"caption\":\"Depositphotos, uspmen\"},{\"@type\":\"BreadcrumbList\",\"@id\":\"https:\\\/\\\/news.save.ch\\\/in-sechs-schritten-zum-krisenfesten-unternehmen\\\/#breadcrumb\",\"itemListElement\":[{\"@type\":\"ListItem\",\"position\":1,\"name\":\"Home\",\"item\":\"https:\\\/\\\/news.save.ch\\\/de\\\/\"},{\"@type\":\"ListItem\",\"position\":2,\"name\":\"In sechs Schritten zum krisenfesten Unternehmen\"}]},{\"@type\":\"WebSite\",\"@id\":\"https:\\\/\\\/news.save.ch\\\/de\\\/#website\",\"url\":\"https:\\\/\\\/news.save.ch\\\/de\\\/\",\"name\":\"Save\",\"description\":\"Schweizer Fachzeitschrift f\u00fcr Sicherheit\",\"publisher\":{\"@id\":\"https:\\\/\\\/news.save.ch\\\/de\\\/#organization\"},\"potentialAction\":[{\"@type\":\"SearchAction\",\"target\":{\"@type\":\"EntryPoint\",\"urlTemplate\":\"https:\\\/\\\/news.save.ch\\\/de\\\/?s={search_term_string}\"},\"query-input\":{\"@type\":\"PropertyValueSpecification\",\"valueRequired\":true,\"valueName\":\"search_term_string\"}}],\"inLanguage\":\"en-US\"},{\"@type\":\"Organization\",\"@id\":\"https:\\\/\\\/news.save.ch\\\/de\\\/#organization\",\"name\":\"Sicherheitsforum\",\"url\":\"https:\\\/\\\/news.save.ch\\\/de\\\/\",\"logo\":{\"@type\":\"ImageObject\",\"inLanguage\":\"en-US\",\"@id\":\"https:\\\/\\\/news.save.ch\\\/de\\\/#\\\/schema\\\/logo\\\/image\\\/\",\"url\":\"https:\\\/\\\/news.save.ch\\\/wp-content\\\/uploads\\\/2022\\\/06\\\/Logo_SF_2012.png\",\"contentUrl\":\"https:\\\/\\\/news.save.ch\\\/wp-content\\\/uploads\\\/2022\\\/06\\\/Logo_SF_2012.png\",\"width\":1100,\"height\":91,\"caption\":\"Sicherheitsforum\"},\"image\":{\"@id\":\"https:\\\/\\\/news.save.ch\\\/de\\\/#\\\/schema\\\/logo\\\/image\\\/\"}},{\"@type\":\"Person\",\"@id\":\"https:\\\/\\\/news.save.ch\\\/de\\\/#\\\/schema\\\/person\\\/d5022db048e0e2b9785c50e5b24da5aa\",\"name\":\"Roger Str\u00e4ssle\",\"image\":{\"@type\":\"ImageObject\",\"inLanguage\":\"en-US\",\"@id\":\"https:\\\/\\\/secure.gravatar.com\\\/avatar\\\/862a5569d087de48e5856e32f45d719a03804c891d6deb8d4f71a660e79e4a47?s=96&d=mm&r=g\",\"url\":\"https:\\\/\\\/secure.gravatar.com\\\/avatar\\\/862a5569d087de48e5856e32f45d719a03804c891d6deb8d4f71a660e79e4a47?s=96&d=mm&r=g\",\"contentUrl\":\"https:\\\/\\\/secure.gravatar.com\\\/avatar\\\/862a5569d087de48e5856e32f45d719a03804c891d6deb8d4f71a660e79e4a47?s=96&d=mm&r=g\",\"caption\":\"Roger Str\u00e4ssle\"},\"url\":\"https:\\\/\\\/news.save.ch\\\/en\\\/author\\\/roger-straessle\\\/\"}]}<\/script>\n<!-- \/ Yoast SEO plugin. -->","yoast_head_json":{"title":"Six steps to a crisis-proof company - Save","description":"Resilience is a must for businesses. Everbridge explains how companies become more resilient.","robots":{"index":"index","follow":"follow","max-snippet":"max-snippet:-1","max-image-preview":"max-image-preview:large","max-video-preview":"max-video-preview:-1"},"canonical":"https:\/\/news.save.ch\/en\/in-sechs-schritten-zum-krisenfesten-unternehmen\/","og_locale":"en_US","og_type":"article","og_title":"In sechs Schritten zum krisenfesten Unternehmen - Save","og_description":"Widerstandsf\u00e4higkeit ist f\u00fcr Unternehmen ein Muss. Everbridge erl\u00e4utert, wie Unternehmen resilienter werden.","og_url":"https:\/\/news.save.ch\/en\/in-sechs-schritten-zum-krisenfesten-unternehmen\/","og_site_name":"Save","article_published_time":"2023-08-14T08:09:29+00:00","og_image":[{"width":1000,"height":667,"url":"https:\/\/news.save.ch\/wp-content\/uploads\/2023\/08\/Depositphotos_358096998_S.jpg","type":"image\/jpeg"}],"author":"Roger Str\u00e4ssle","twitter_card":"summary_large_image","twitter_misc":{"Written by":"Roger Str\u00e4ssle","Est. reading time":"3 minutes"},"schema":{"@context":"https:\/\/schema.org","@graph":[{"@type":"Article","@id":"https:\/\/news.save.ch\/in-sechs-schritten-zum-krisenfesten-unternehmen\/#article","isPartOf":{"@id":"https:\/\/news.save.ch\/in-sechs-schritten-zum-krisenfesten-unternehmen\/"},"author":{"name":"Roger Str\u00e4ssle","@id":"https:\/\/news.save.ch\/de\/#\/schema\/person\/d5022db048e0e2b9785c50e5b24da5aa"},"headline":"In sechs Schritten zum krisenfesten Unternehmen","datePublished":"2023-08-14T08:09:29+00:00","mainEntityOfPage":{"@id":"https:\/\/news.save.ch\/in-sechs-schritten-zum-krisenfesten-unternehmen\/"},"wordCount":434,"publisher":{"@id":"https:\/\/news.save.ch\/de\/#organization"},"image":{"@id":"https:\/\/news.save.ch\/in-sechs-schritten-zum-krisenfesten-unternehmen\/#primaryimage"},"thumbnailUrl":"https:\/\/news.save.ch\/wp-content\/uploads\/2023\/08\/Depositphotos_358096998_S.jpg","keywords":["Krisenmanagement"],"articleSection":["ALLGEMEIN"],"inLanguage":"en-US"},{"@type":"WebPage","@id":"https:\/\/news.save.ch\/in-sechs-schritten-zum-krisenfesten-unternehmen\/","url":"https:\/\/news.save.ch\/in-sechs-schritten-zum-krisenfesten-unternehmen\/","name":"Six steps to a crisis-proof company - Save","isPartOf":{"@id":"https:\/\/news.save.ch\/de\/#website"},"primaryImageOfPage":{"@id":"https:\/\/news.save.ch\/in-sechs-schritten-zum-krisenfesten-unternehmen\/#primaryimage"},"image":{"@id":"https:\/\/news.save.ch\/in-sechs-schritten-zum-krisenfesten-unternehmen\/#primaryimage"},"thumbnailUrl":"https:\/\/news.save.ch\/wp-content\/uploads\/2023\/08\/Depositphotos_358096998_S.jpg","datePublished":"2023-08-14T08:09:29+00:00","description":"Resilience is a must for businesses. Everbridge explains how companies become more resilient.","breadcrumb":{"@id":"https:\/\/news.save.ch\/in-sechs-schritten-zum-krisenfesten-unternehmen\/#breadcrumb"},"inLanguage":"en-US","potentialAction":[{"@type":"ReadAction","target":["https:\/\/news.save.ch\/in-sechs-schritten-zum-krisenfesten-unternehmen\/"]}]},{"@type":"ImageObject","inLanguage":"en-US","@id":"https:\/\/news.save.ch\/in-sechs-schritten-zum-krisenfesten-unternehmen\/#primaryimage","url":"https:\/\/news.save.ch\/wp-content\/uploads\/2023\/08\/Depositphotos_358096998_S.jpg","contentUrl":"https:\/\/news.save.ch\/wp-content\/uploads\/2023\/08\/Depositphotos_358096998_S.jpg","width":1000,"height":667,"caption":"Depositphotos, uspmen"},{"@type":"BreadcrumbList","@id":"https:\/\/news.save.ch\/in-sechs-schritten-zum-krisenfesten-unternehmen\/#breadcrumb","itemListElement":[{"@type":"ListItem","position":1,"name":"Home","item":"https:\/\/news.save.ch\/de\/"},{"@type":"ListItem","position":2,"name":"In sechs Schritten zum krisenfesten Unternehmen"}]},{"@type":"WebSite","@id":"https:\/\/news.save.ch\/de\/#website","url":"https:\/\/news.save.ch\/de\/","name":"Save","description":"Swiss trade journal for safety","publisher":{"@id":"https:\/\/news.save.ch\/de\/#organization"},"potentialAction":[{"@type":"SearchAction","target":{"@type":"EntryPoint","urlTemplate":"https:\/\/news.save.ch\/de\/?s={search_term_string}"},"query-input":{"@type":"PropertyValueSpecification","valueRequired":true,"valueName":"search_term_string"}}],"inLanguage":"en-US"},{"@type":"Organization","@id":"https:\/\/news.save.ch\/de\/#organization","name":"Security Forum","url":"https:\/\/news.save.ch\/de\/","logo":{"@type":"ImageObject","inLanguage":"en-US","@id":"https:\/\/news.save.ch\/de\/#\/schema\/logo\/image\/","url":"https:\/\/news.save.ch\/wp-content\/uploads\/2022\/06\/Logo_SF_2012.png","contentUrl":"https:\/\/news.save.ch\/wp-content\/uploads\/2022\/06\/Logo_SF_2012.png","width":1100,"height":91,"caption":"Sicherheitsforum"},"image":{"@id":"https:\/\/news.save.ch\/de\/#\/schema\/logo\/image\/"}},{"@type":"Person","@id":"https:\/\/news.save.ch\/de\/#\/schema\/person\/d5022db048e0e2b9785c50e5b24da5aa","name":"Roger Str\u00e4ssle","image":{"@type":"ImageObject","inLanguage":"en-US","@id":"https:\/\/secure.gravatar.com\/avatar\/862a5569d087de48e5856e32f45d719a03804c891d6deb8d4f71a660e79e4a47?s=96&d=mm&r=g","url":"https:\/\/secure.gravatar.com\/avatar\/862a5569d087de48e5856e32f45d719a03804c891d6deb8d4f71a660e79e4a47?s=96&d=mm&r=g","contentUrl":"https:\/\/secure.gravatar.com\/avatar\/862a5569d087de48e5856e32f45d719a03804c891d6deb8d4f71a660e79e4a47?s=96&d=mm&r=g","caption":"Roger Str\u00e4ssle"},"url":"https:\/\/news.save.ch\/en\/author\/roger-straessle\/"}]}},"_links":{"self":[{"href":"https:\/\/news.save.ch\/en\/wp-json\/wp\/v2\/posts\/21705","targetHints":{"allow":["GET"]}}],"collection":[{"href":"https:\/\/news.save.ch\/en\/wp-json\/wp\/v2\/posts"}],"about":[{"href":"https:\/\/news.save.ch\/en\/wp-json\/wp\/v2\/types\/post"}],"author":[{"embeddable":true,"href":"https:\/\/news.save.ch\/en\/wp-json\/wp\/v2\/users\/8"}],"replies":[{"embeddable":true,"href":"https:\/\/news.save.ch\/en\/wp-json\/wp\/v2\/comments?post=21705"}],"version-history":[{"count":1,"href":"https:\/\/news.save.ch\/en\/wp-json\/wp\/v2\/posts\/21705\/revisions"}],"predecessor-version":[{"id":21707,"href":"https:\/\/news.save.ch\/en\/wp-json\/wp\/v2\/posts\/21705\/revisions\/21707"}],"wp:featuredmedia":[{"embeddable":true,"href":"https:\/\/news.save.ch\/en\/wp-json\/wp\/v2\/media\/21706"}],"wp:attachment":[{"href":"https:\/\/news.save.ch\/en\/wp-json\/wp\/v2\/media?parent=21705"}],"wp:term":[{"taxonomy":"category","embeddable":true,"href":"https:\/\/news.save.ch\/en\/wp-json\/wp\/v2\/categories?post=21705"},{"taxonomy":"post_tag","embeddable":true,"href":"https:\/\/news.save.ch\/en\/wp-json\/wp\/v2\/tags?post=21705"}],"curies":[{"name":"wp","href":"https:\/\/api.w.org\/{rel}","templated":true}]}}