{"id":21715,"date":"2023-08-15T06:33:41","date_gmt":"2023-08-15T04:33:41","guid":{"rendered":"https:\/\/news.save.ch\/?p=21715"},"modified":"2023-08-14T14:43:10","modified_gmt":"2023-08-14T12:43:10","slug":"fedpol-im-zeichen-der-kooperation","status":null,"type":"post","link":"https:\/\/news.save.ch\/en\/fedpol-im-zeichen-der-kooperation\/","title":{"rendered":"Fedpol under the sign of cooperation"},"content":{"rendered":"<figure id=\"attachment_21716\" aria-describedby=\"caption-attachment-21716\" style=\"width: 680px\" class=\"wp-caption aligncenter\"><img loading=\"lazy\" decoding=\"async\" class=\"size-medium wp-image-21716\" src=\"https:\/\/news.save.ch\/wp-content\/uploads\/2023\/08\/Depositphotos_161135970_S-680x434.jpg\" alt=\"Organized crime\" width=\"680\" height=\"434\" srcset=\"https:\/\/news.save.ch\/wp-content\/uploads\/2023\/08\/Depositphotos_161135970_S-680x434.jpg 680w, https:\/\/news.save.ch\/wp-content\/uploads\/2023\/08\/Depositphotos_161135970_S-768x490.jpg 768w, https:\/\/news.save.ch\/wp-content\/uploads\/2023\/08\/Depositphotos_161135970_S-18x12.jpg 18w, https:\/\/news.save.ch\/wp-content\/uploads\/2023\/08\/Depositphotos_161135970_S-375x239.jpg 375w, https:\/\/news.save.ch\/wp-content\/uploads\/2023\/08\/Depositphotos_161135970_S-549x350.jpg 549w, https:\/\/news.save.ch\/wp-content\/uploads\/2023\/08\/Depositphotos_161135970_S.jpg 1000w\" sizes=\"auto, (max-width: 680px) 100vw, 680px\" \/><figcaption id=\"caption-attachment-21716\" class=\"wp-caption-text\">Depositphotos, melektaus<\/figcaption><\/figure>\n<p>As a prosperous country, Switzerland's small size and location in the heart of Europe make it a particularly rewarding target for criminals of all kinds. Money launderers, ATM burglars, cyber criminals, drug traffickers, human traffickers and arms dealers use Switzerland for their activities. The criminals are usually active in several cantons - and not only that: the majority of cases in which Fedpol investigates have a foreign connection, including non-European, as the Federal Police writes. Only through intensive exchange of information and close cooperation with national and international police authorities can Switzerland effectively fight crime.<\/p>\n<p>In order to strengthen international police cooperation, Fedpol is bringing the 100th anniversary of <a href=\"http:\/\/www.interpol.int\" target=\"_blank\" rel=\"noopener\">Interpol<\/a> the Secretary General of Interpol, J\u00fcrgen Stock, the cantonal police forces, the Italian Carabinieri and the Federal Criminal Police Office of Germany, together with other experts.<\/p>\n<h3><b>Fighting crime yesterday, today and tomorrow<\/b><\/h3>\n<p>During the meeting, the current crime situation, the latest developments and the possibilities of cooperation in the fight against organized crime will be discussed, writes the Fedpol. For the fight against organized and international crime, all police authorities must pull together.<\/p>\n<p><em>Source:<a href=\"http:\/\/www.fedpol.admin.ch\/fedpol\/de\/home.html\"> Fedpol<\/a><\/em><\/p>","protected":false},"excerpt":{"rendered":"<p>Die Schweiz ist als wohlhabendes Land mit ihrer Kleinr\u00e4umigkeit und der Lage im Herzen Europas ein besonders lohnenswertes Ziel f\u00fcr Kriminelle aller Art. Geldw\u00e4scher, Geldautomatensprenger, Cyberkriminelle, Drogen-, Menschen- und Waffenh\u00e4ndler nutzen die Schweiz f\u00fcr ihre Aktivit\u00e4ten. Die Kriminellen sind meist in mehreren Kantonen aktiv &#8211; nicht nur das: Die Mehrheit der F\u00e4lle, in denen Fedpol [&hellip;]<\/p>\n","protected":false},"author":8,"featured_media":21716,"comment_status":"closed","ping_status":"closed","sticky":false,"template":"","format":"standard","meta":{"_acf_changed":false,"pgc_sgb_lightbox_settings":"","footnotes":""},"categories":[1],"tags":[432,113],"class_list":["post-21715","post","type-post","status-publish","format-standard","has-post-thumbnail","hentry","category-allgemein","tag-bundesamt-fuer-polizei","tag-kriminalitaet"],"acf":[],"hkrextid":null,"publication":null,"issue":null,"workflow":null,"startPage":null,"spitzmarke":null,"_posts_by_tag_page_fields":null,"_at_widget":null,"_yoast_wpseo_primary_category":"","_yoast_wpseo_focuskw_text_input":null,"_yoast_wpseo_opengraph-image":null,"_yoast_wpseo_opengraph-description":null,"_yoast_wpseo_opengraph-title":null,"enclosure":null,"_yoast_wpseo_twitter-title":null,"_yoast_wpseo_twitter-description":null,"_yoast_wpseo_twitter-image":null,"_wp_old_slug":null,"_yoast_wpseo_title":null,"_yoast_wpseo_canonical":null,"yoast_head":"<!-- This site is optimized with the Yoast SEO plugin v27.4 - https:\/\/yoast.com\/product\/yoast-seo-wordpress\/ -->\n<title>Fedpol im Zeichen der Kooperation - Save<\/title>\n<meta name=\"robots\" content=\"index, follow, max-snippet:-1, max-image-preview:large, max-video-preview:-1\" \/>\n<link rel=\"canonical\" href=\"https:\/\/news.save.ch\/en\/fedpol-im-zeichen-der-kooperation\/\" \/>\n<meta property=\"og:locale\" content=\"en_US\" \/>\n<meta property=\"og:type\" content=\"article\" \/>\n<meta property=\"og:title\" content=\"Fedpol im Zeichen der Kooperation - Save\" \/>\n<meta property=\"og:description\" content=\"Die Schweiz ist als wohlhabendes Land mit ihrer Kleinr\u00e4umigkeit und der Lage im Herzen Europas ein besonders lohnenswertes Ziel f\u00fcr Kriminelle aller Art. Geldw\u00e4scher, Geldautomatensprenger, Cyberkriminelle, Drogen-, Menschen- und Waffenh\u00e4ndler nutzen die Schweiz f\u00fcr ihre Aktivit\u00e4ten. Die Kriminellen sind meist in mehreren Kantonen aktiv &#8211; nicht nur das: Die Mehrheit der F\u00e4lle, in denen Fedpol [&hellip;]\" \/>\n<meta property=\"og:url\" content=\"https:\/\/news.save.ch\/en\/fedpol-im-zeichen-der-kooperation\/\" \/>\n<meta property=\"og:site_name\" content=\"Save\" \/>\n<meta property=\"article:published_time\" content=\"2023-08-15T04:33:41+00:00\" \/>\n<meta property=\"og:image\" content=\"https:\/\/news.save.ch\/wp-content\/uploads\/2023\/08\/Depositphotos_161135970_S.jpg\" \/>\n\t<meta property=\"og:image:width\" content=\"1000\" \/>\n\t<meta property=\"og:image:height\" content=\"638\" \/>\n\t<meta property=\"og:image:type\" content=\"image\/jpeg\" \/>\n<meta name=\"author\" content=\"Roger Str\u00e4ssle\" \/>\n<meta name=\"twitter:card\" content=\"summary_large_image\" \/>\n<meta name=\"twitter:label1\" content=\"Written by\" \/>\n\t<meta name=\"twitter:data1\" content=\"Roger Str\u00e4ssle\" \/>\n\t<meta name=\"twitter:label2\" content=\"Est. reading time\" \/>\n\t<meta name=\"twitter:data2\" content=\"2 minutes\" \/>\n<script type=\"application\/ld+json\" class=\"yoast-schema-graph\">{\"@context\":\"https:\\\/\\\/schema.org\",\"@graph\":[{\"@type\":\"Article\",\"@id\":\"https:\\\/\\\/news.save.ch\\\/fedpol-im-zeichen-der-kooperation\\\/#article\",\"isPartOf\":{\"@id\":\"https:\\\/\\\/news.save.ch\\\/fedpol-im-zeichen-der-kooperation\\\/\"},\"author\":{\"name\":\"Roger Str\u00e4ssle\",\"@id\":\"https:\\\/\\\/news.save.ch\\\/de\\\/#\\\/schema\\\/person\\\/d5022db048e0e2b9785c50e5b24da5aa\"},\"headline\":\"Fedpol im Zeichen der Kooperation\",\"datePublished\":\"2023-08-15T04:33:41+00:00\",\"mainEntityOfPage\":{\"@id\":\"https:\\\/\\\/news.save.ch\\\/fedpol-im-zeichen-der-kooperation\\\/\"},\"wordCount\":208,\"publisher\":{\"@id\":\"https:\\\/\\\/news.save.ch\\\/de\\\/#organization\"},\"image\":{\"@id\":\"https:\\\/\\\/news.save.ch\\\/fedpol-im-zeichen-der-kooperation\\\/#primaryimage\"},\"thumbnailUrl\":\"https:\\\/\\\/news.save.ch\\\/wp-content\\\/uploads\\\/2023\\\/08\\\/Depositphotos_161135970_S.jpg\",\"keywords\":[\"Bundesamt f\u00fcr Polizei\",\"Kriminalit\u00e4t\"],\"articleSection\":[\"ALLGEMEIN\"],\"inLanguage\":\"en-US\"},{\"@type\":\"WebPage\",\"@id\":\"https:\\\/\\\/news.save.ch\\\/fedpol-im-zeichen-der-kooperation\\\/\",\"url\":\"https:\\\/\\\/news.save.ch\\\/fedpol-im-zeichen-der-kooperation\\\/\",\"name\":\"Fedpol im Zeichen der Kooperation - Save\",\"isPartOf\":{\"@id\":\"https:\\\/\\\/news.save.ch\\\/de\\\/#website\"},\"primaryImageOfPage\":{\"@id\":\"https:\\\/\\\/news.save.ch\\\/fedpol-im-zeichen-der-kooperation\\\/#primaryimage\"},\"image\":{\"@id\":\"https:\\\/\\\/news.save.ch\\\/fedpol-im-zeichen-der-kooperation\\\/#primaryimage\"},\"thumbnailUrl\":\"https:\\\/\\\/news.save.ch\\\/wp-content\\\/uploads\\\/2023\\\/08\\\/Depositphotos_161135970_S.jpg\",\"datePublished\":\"2023-08-15T04:33:41+00:00\",\"breadcrumb\":{\"@id\":\"https:\\\/\\\/news.save.ch\\\/fedpol-im-zeichen-der-kooperation\\\/#breadcrumb\"},\"inLanguage\":\"en-US\",\"potentialAction\":[{\"@type\":\"ReadAction\",\"target\":[\"https:\\\/\\\/news.save.ch\\\/fedpol-im-zeichen-der-kooperation\\\/\"]}]},{\"@type\":\"ImageObject\",\"inLanguage\":\"en-US\",\"@id\":\"https:\\\/\\\/news.save.ch\\\/fedpol-im-zeichen-der-kooperation\\\/#primaryimage\",\"url\":\"https:\\\/\\\/news.save.ch\\\/wp-content\\\/uploads\\\/2023\\\/08\\\/Depositphotos_161135970_S.jpg\",\"contentUrl\":\"https:\\\/\\\/news.save.ch\\\/wp-content\\\/uploads\\\/2023\\\/08\\\/Depositphotos_161135970_S.jpg\",\"width\":1000,\"height\":638,\"caption\":\"Depositphotos, melektaus\"},{\"@type\":\"BreadcrumbList\",\"@id\":\"https:\\\/\\\/news.save.ch\\\/fedpol-im-zeichen-der-kooperation\\\/#breadcrumb\",\"itemListElement\":[{\"@type\":\"ListItem\",\"position\":1,\"name\":\"Home\",\"item\":\"https:\\\/\\\/news.save.ch\\\/de\\\/\"},{\"@type\":\"ListItem\",\"position\":2,\"name\":\"Fedpol im Zeichen der Kooperation\"}]},{\"@type\":\"WebSite\",\"@id\":\"https:\\\/\\\/news.save.ch\\\/de\\\/#website\",\"url\":\"https:\\\/\\\/news.save.ch\\\/de\\\/\",\"name\":\"Save\",\"description\":\"Schweizer Fachzeitschrift f\u00fcr Sicherheit\",\"publisher\":{\"@id\":\"https:\\\/\\\/news.save.ch\\\/de\\\/#organization\"},\"potentialAction\":[{\"@type\":\"SearchAction\",\"target\":{\"@type\":\"EntryPoint\",\"urlTemplate\":\"https:\\\/\\\/news.save.ch\\\/de\\\/?s={search_term_string}\"},\"query-input\":{\"@type\":\"PropertyValueSpecification\",\"valueRequired\":true,\"valueName\":\"search_term_string\"}}],\"inLanguage\":\"en-US\"},{\"@type\":\"Organization\",\"@id\":\"https:\\\/\\\/news.save.ch\\\/de\\\/#organization\",\"name\":\"Sicherheitsforum\",\"url\":\"https:\\\/\\\/news.save.ch\\\/de\\\/\",\"logo\":{\"@type\":\"ImageObject\",\"inLanguage\":\"en-US\",\"@id\":\"https:\\\/\\\/news.save.ch\\\/de\\\/#\\\/schema\\\/logo\\\/image\\\/\",\"url\":\"https:\\\/\\\/news.save.ch\\\/wp-content\\\/uploads\\\/2022\\\/06\\\/Logo_SF_2012.png\",\"contentUrl\":\"https:\\\/\\\/news.save.ch\\\/wp-content\\\/uploads\\\/2022\\\/06\\\/Logo_SF_2012.png\",\"width\":1100,\"height\":91,\"caption\":\"Sicherheitsforum\"},\"image\":{\"@id\":\"https:\\\/\\\/news.save.ch\\\/de\\\/#\\\/schema\\\/logo\\\/image\\\/\"}},{\"@type\":\"Person\",\"@id\":\"https:\\\/\\\/news.save.ch\\\/de\\\/#\\\/schema\\\/person\\\/d5022db048e0e2b9785c50e5b24da5aa\",\"name\":\"Roger Str\u00e4ssle\",\"image\":{\"@type\":\"ImageObject\",\"inLanguage\":\"en-US\",\"@id\":\"https:\\\/\\\/secure.gravatar.com\\\/avatar\\\/862a5569d087de48e5856e32f45d719a03804c891d6deb8d4f71a660e79e4a47?s=96&d=mm&r=g\",\"url\":\"https:\\\/\\\/secure.gravatar.com\\\/avatar\\\/862a5569d087de48e5856e32f45d719a03804c891d6deb8d4f71a660e79e4a47?s=96&d=mm&r=g\",\"contentUrl\":\"https:\\\/\\\/secure.gravatar.com\\\/avatar\\\/862a5569d087de48e5856e32f45d719a03804c891d6deb8d4f71a660e79e4a47?s=96&d=mm&r=g\",\"caption\":\"Roger Str\u00e4ssle\"},\"url\":\"https:\\\/\\\/news.save.ch\\\/en\\\/author\\\/roger-straessle\\\/\"}]}<\/script>\n<!-- \/ Yoast SEO plugin. -->","yoast_head_json":{"title":"Fedpol under the sign of cooperation - Save","robots":{"index":"index","follow":"follow","max-snippet":"max-snippet:-1","max-image-preview":"max-image-preview:large","max-video-preview":"max-video-preview:-1"},"canonical":"https:\/\/news.save.ch\/en\/fedpol-im-zeichen-der-kooperation\/","og_locale":"en_US","og_type":"article","og_title":"Fedpol im Zeichen der Kooperation - Save","og_description":"Die Schweiz ist als wohlhabendes Land mit ihrer Kleinr\u00e4umigkeit und der Lage im Herzen Europas ein besonders lohnenswertes Ziel f\u00fcr Kriminelle aller Art. Geldw\u00e4scher, Geldautomatensprenger, Cyberkriminelle, Drogen-, Menschen- und Waffenh\u00e4ndler nutzen die Schweiz f\u00fcr ihre Aktivit\u00e4ten. Die Kriminellen sind meist in mehreren Kantonen aktiv &#8211; nicht nur das: Die Mehrheit der F\u00e4lle, in denen Fedpol [&hellip;]","og_url":"https:\/\/news.save.ch\/en\/fedpol-im-zeichen-der-kooperation\/","og_site_name":"Save","article_published_time":"2023-08-15T04:33:41+00:00","og_image":[{"width":1000,"height":638,"url":"https:\/\/news.save.ch\/wp-content\/uploads\/2023\/08\/Depositphotos_161135970_S.jpg","type":"image\/jpeg"}],"author":"Roger Str\u00e4ssle","twitter_card":"summary_large_image","twitter_misc":{"Written by":"Roger Str\u00e4ssle","Est. reading time":"2 minutes"},"schema":{"@context":"https:\/\/schema.org","@graph":[{"@type":"Article","@id":"https:\/\/news.save.ch\/fedpol-im-zeichen-der-kooperation\/#article","isPartOf":{"@id":"https:\/\/news.save.ch\/fedpol-im-zeichen-der-kooperation\/"},"author":{"name":"Roger Str\u00e4ssle","@id":"https:\/\/news.save.ch\/de\/#\/schema\/person\/d5022db048e0e2b9785c50e5b24da5aa"},"headline":"Fedpol im Zeichen der Kooperation","datePublished":"2023-08-15T04:33:41+00:00","mainEntityOfPage":{"@id":"https:\/\/news.save.ch\/fedpol-im-zeichen-der-kooperation\/"},"wordCount":208,"publisher":{"@id":"https:\/\/news.save.ch\/de\/#organization"},"image":{"@id":"https:\/\/news.save.ch\/fedpol-im-zeichen-der-kooperation\/#primaryimage"},"thumbnailUrl":"https:\/\/news.save.ch\/wp-content\/uploads\/2023\/08\/Depositphotos_161135970_S.jpg","keywords":["Bundesamt f\u00fcr Polizei","Kriminalit\u00e4t"],"articleSection":["ALLGEMEIN"],"inLanguage":"en-US"},{"@type":"WebPage","@id":"https:\/\/news.save.ch\/fedpol-im-zeichen-der-kooperation\/","url":"https:\/\/news.save.ch\/fedpol-im-zeichen-der-kooperation\/","name":"Fedpol under the sign of cooperation - Save","isPartOf":{"@id":"https:\/\/news.save.ch\/de\/#website"},"primaryImageOfPage":{"@id":"https:\/\/news.save.ch\/fedpol-im-zeichen-der-kooperation\/#primaryimage"},"image":{"@id":"https:\/\/news.save.ch\/fedpol-im-zeichen-der-kooperation\/#primaryimage"},"thumbnailUrl":"https:\/\/news.save.ch\/wp-content\/uploads\/2023\/08\/Depositphotos_161135970_S.jpg","datePublished":"2023-08-15T04:33:41+00:00","breadcrumb":{"@id":"https:\/\/news.save.ch\/fedpol-im-zeichen-der-kooperation\/#breadcrumb"},"inLanguage":"en-US","potentialAction":[{"@type":"ReadAction","target":["https:\/\/news.save.ch\/fedpol-im-zeichen-der-kooperation\/"]}]},{"@type":"ImageObject","inLanguage":"en-US","@id":"https:\/\/news.save.ch\/fedpol-im-zeichen-der-kooperation\/#primaryimage","url":"https:\/\/news.save.ch\/wp-content\/uploads\/2023\/08\/Depositphotos_161135970_S.jpg","contentUrl":"https:\/\/news.save.ch\/wp-content\/uploads\/2023\/08\/Depositphotos_161135970_S.jpg","width":1000,"height":638,"caption":"Depositphotos, melektaus"},{"@type":"BreadcrumbList","@id":"https:\/\/news.save.ch\/fedpol-im-zeichen-der-kooperation\/#breadcrumb","itemListElement":[{"@type":"ListItem","position":1,"name":"Home","item":"https:\/\/news.save.ch\/de\/"},{"@type":"ListItem","position":2,"name":"Fedpol im Zeichen der Kooperation"}]},{"@type":"WebSite","@id":"https:\/\/news.save.ch\/de\/#website","url":"https:\/\/news.save.ch\/de\/","name":"Save","description":"Swiss trade journal for safety","publisher":{"@id":"https:\/\/news.save.ch\/de\/#organization"},"potentialAction":[{"@type":"SearchAction","target":{"@type":"EntryPoint","urlTemplate":"https:\/\/news.save.ch\/de\/?s={search_term_string}"},"query-input":{"@type":"PropertyValueSpecification","valueRequired":true,"valueName":"search_term_string"}}],"inLanguage":"en-US"},{"@type":"Organization","@id":"https:\/\/news.save.ch\/de\/#organization","name":"Security Forum","url":"https:\/\/news.save.ch\/de\/","logo":{"@type":"ImageObject","inLanguage":"en-US","@id":"https:\/\/news.save.ch\/de\/#\/schema\/logo\/image\/","url":"https:\/\/news.save.ch\/wp-content\/uploads\/2022\/06\/Logo_SF_2012.png","contentUrl":"https:\/\/news.save.ch\/wp-content\/uploads\/2022\/06\/Logo_SF_2012.png","width":1100,"height":91,"caption":"Sicherheitsforum"},"image":{"@id":"https:\/\/news.save.ch\/de\/#\/schema\/logo\/image\/"}},{"@type":"Person","@id":"https:\/\/news.save.ch\/de\/#\/schema\/person\/d5022db048e0e2b9785c50e5b24da5aa","name":"Roger Str\u00e4ssle","image":{"@type":"ImageObject","inLanguage":"en-US","@id":"https:\/\/secure.gravatar.com\/avatar\/862a5569d087de48e5856e32f45d719a03804c891d6deb8d4f71a660e79e4a47?s=96&d=mm&r=g","url":"https:\/\/secure.gravatar.com\/avatar\/862a5569d087de48e5856e32f45d719a03804c891d6deb8d4f71a660e79e4a47?s=96&d=mm&r=g","contentUrl":"https:\/\/secure.gravatar.com\/avatar\/862a5569d087de48e5856e32f45d719a03804c891d6deb8d4f71a660e79e4a47?s=96&d=mm&r=g","caption":"Roger Str\u00e4ssle"},"url":"https:\/\/news.save.ch\/en\/author\/roger-straessle\/"}]}},"_links":{"self":[{"href":"https:\/\/news.save.ch\/en\/wp-json\/wp\/v2\/posts\/21715","targetHints":{"allow":["GET"]}}],"collection":[{"href":"https:\/\/news.save.ch\/en\/wp-json\/wp\/v2\/posts"}],"about":[{"href":"https:\/\/news.save.ch\/en\/wp-json\/wp\/v2\/types\/post"}],"author":[{"embeddable":true,"href":"https:\/\/news.save.ch\/en\/wp-json\/wp\/v2\/users\/8"}],"replies":[{"embeddable":true,"href":"https:\/\/news.save.ch\/en\/wp-json\/wp\/v2\/comments?post=21715"}],"version-history":[{"count":3,"href":"https:\/\/news.save.ch\/en\/wp-json\/wp\/v2\/posts\/21715\/revisions"}],"predecessor-version":[{"id":21719,"href":"https:\/\/news.save.ch\/en\/wp-json\/wp\/v2\/posts\/21715\/revisions\/21719"}],"wp:featuredmedia":[{"embeddable":true,"href":"https:\/\/news.save.ch\/en\/wp-json\/wp\/v2\/media\/21716"}],"wp:attachment":[{"href":"https:\/\/news.save.ch\/en\/wp-json\/wp\/v2\/media?parent=21715"}],"wp:term":[{"taxonomy":"category","embeddable":true,"href":"https:\/\/news.save.ch\/en\/wp-json\/wp\/v2\/categories?post=21715"},{"taxonomy":"post_tag","embeddable":true,"href":"https:\/\/news.save.ch\/en\/wp-json\/wp\/v2\/tags?post=21715"}],"curies":[{"name":"wp","href":"https:\/\/api.w.org\/{rel}","templated":true}]}}