{"id":21844,"date":"2023-08-16T06:49:16","date_gmt":"2023-08-16T04:49:16","guid":{"rendered":"https:\/\/news.save.ch\/?p=21844"},"modified":"2023-08-15T14:01:00","modified_gmt":"2023-08-15T12:01:00","slug":"evakuierung-und-alarmierung-im-fokus","status":null,"type":"post","link":"https:\/\/news.save.ch\/en\/evakuierung-und-alarmierung-im-fokus\/","title":{"rendered":"Evacuation and alerting in focus"},"content":{"rendered":"<figure id=\"attachment_21845\" aria-describedby=\"caption-attachment-21845\" style=\"width: 680px\" class=\"wp-caption alignleft\"><img loading=\"lazy\" decoding=\"async\" class=\"size-medium wp-image-21845\" src=\"https:\/\/news.save.ch\/wp-content\/uploads\/2023\/08\/Bild-oben-Depositphotos_2777539_L-680x544.jpg\" alt=\"\" width=\"680\" height=\"544\" srcset=\"https:\/\/news.save.ch\/wp-content\/uploads\/2023\/08\/Bild-oben-Depositphotos_2777539_L-680x544.jpg 680w, https:\/\/news.save.ch\/wp-content\/uploads\/2023\/08\/Bild-oben-Depositphotos_2777539_L-1024x819.jpg 1024w, https:\/\/news.save.ch\/wp-content\/uploads\/2023\/08\/Bild-oben-Depositphotos_2777539_L-768x614.jpg 768w, https:\/\/news.save.ch\/wp-content\/uploads\/2023\/08\/Bild-oben-Depositphotos_2777539_L-1536x1229.jpg 1536w, https:\/\/news.save.ch\/wp-content\/uploads\/2023\/08\/Bild-oben-Depositphotos_2777539_L-15x12.jpg 15w, https:\/\/news.save.ch\/wp-content\/uploads\/2023\/08\/Bild-oben-Depositphotos_2777539_L-375x300.jpg 375w, https:\/\/news.save.ch\/wp-content\/uploads\/2023\/08\/Bild-oben-Depositphotos_2777539_L-438x350.jpg 438w, https:\/\/news.save.ch\/wp-content\/uploads\/2023\/08\/Bild-oben-Depositphotos_2777539_L-1000x800.jpg 1000w, https:\/\/news.save.ch\/wp-content\/uploads\/2023\/08\/Bild-oben-Depositphotos_2777539_L-scaled.jpg 1200w\" sizes=\"auto, (max-width: 680px) 100vw, 680px\" \/><figcaption id=\"caption-attachment-21845\" class=\"wp-caption-text\">Depositphotos, jogg2002<\/figcaption><\/figure>\n<p>The modern working world in times of hybrid working, home office and \"free seating\" also influences emergency organization and poses new challenges for evacuation planning. The legal framework for this is apparently more complicated than expected. New solution models for a sustainable and efficient emergency organization are required. Driven not least by savings and optimization potentials, creative methods and innovative approaches in technical support for alerting are welcome to ensure effective emergency measures. A clear performance mandate and a well thought-out alerting concept are just as crucial in incident management as leadership with defined decision-making competencies. The way alarms are triggered and the information provided to those involved is also central to a successful and optimal evacuation. Technology helps. Innovative alerting solutions, voice alerting systems and dynamic escape routing can help.<\/p>\n<p>The Save event will be held on October 26, 2023 at the Marriott Hotel in Zurich.<\/p>\n<p><a href=\"https:\/\/save.ch\/wp-content\/uploads\/2023\/05\/2023_10_26_Programmflyer_Evakuierung_V2023_05_15_mitAnmeldetalon.pdf\"><em>The detailed program can be found here.<\/em><\/a><\/p>","protected":false},"excerpt":{"rendered":"<p>Die moderne Arbeitswelt in Zeiten von hybridem Arbeiten, Homeoffice und \u00abFree Seating\u00bb beeinflusst auch die Notfallorganisation und stellt die Evakuierungsplanung vor neue Herausforderungen. Der rechtliche Rahmen dazu ist offenbar komplizierter als gedacht. Neue L\u00f6sungsmodelle f\u00fcr eine zukunftsf\u00e4hige und effiziente Notfallorganisation sind gefragt. Nicht zuletzt getrieben von Spar- und Optimierungspotenzialen sind kreative Methoden und innovative Ans\u00e4tze [&hellip;]<\/p>\n","protected":false},"author":8,"featured_media":21845,"comment_status":"closed","ping_status":"closed","sticky":false,"template":"","format":"standard","meta":{"_acf_changed":false,"pgc_sgb_lightbox_settings":"","footnotes":""},"categories":[3312],"tags":[151,2011],"class_list":["post-21844","post","type-post","status-publish","format-standard","has-post-thumbnail","hentry","category-sicherheit","tag-alarmierung","tag-evakuation"],"acf":[],"hkrextid":null,"publication":null,"issue":null,"workflow":null,"startPage":null,"spitzmarke":null,"_posts_by_tag_page_fields":null,"_at_widget":null,"_yoast_wpseo_primary_category":"3312","_yoast_wpseo_focuskw_text_input":null,"_yoast_wpseo_opengraph-image":null,"_yoast_wpseo_opengraph-description":null,"_yoast_wpseo_opengraph-title":null,"enclosure":null,"_yoast_wpseo_twitter-title":null,"_yoast_wpseo_twitter-description":null,"_yoast_wpseo_twitter-image":null,"_wp_old_slug":null,"_yoast_wpseo_title":null,"_yoast_wpseo_canonical":null,"yoast_head":"<!-- This site is optimized with the Yoast SEO plugin v27.5 - https:\/\/yoast.com\/product\/yoast-seo-wordpress\/ -->\n<title>Evakuierung und Alarmierung im Fokus - Save<\/title>\n<meta name=\"description\" content=\"Am 26. Oktober heisst das Save-Tagungsthema in Z\u00fcrich \u00abEvakuierung und Alarmierung im Fokus!\u00bb. Patronat der Veranstaltung: SSI.\" \/>\n<meta name=\"robots\" content=\"index, follow, max-snippet:-1, max-image-preview:large, max-video-preview:-1\" \/>\n<link rel=\"canonical\" href=\"https:\/\/news.save.ch\/en\/evakuierung-und-alarmierung-im-fokus\/\" \/>\n<meta property=\"og:locale\" content=\"en_US\" \/>\n<meta property=\"og:type\" content=\"article\" \/>\n<meta property=\"og:title\" content=\"Evakuierung und Alarmierung im Fokus - Save\" \/>\n<meta property=\"og:description\" content=\"Am 26. Oktober heisst das Save-Tagungsthema in Z\u00fcrich \u00abEvakuierung und Alarmierung im Fokus!\u00bb. Patronat der Veranstaltung: SSI.\" \/>\n<meta property=\"og:url\" content=\"https:\/\/news.save.ch\/en\/evakuierung-und-alarmierung-im-fokus\/\" \/>\n<meta property=\"og:site_name\" content=\"Save\" \/>\n<meta property=\"article:published_time\" content=\"2023-08-16T04:49:16+00:00\" \/>\n<meta property=\"og:image\" content=\"https:\/\/news.save.ch\/wp-content\/uploads\/2023\/08\/Bild-oben-Depositphotos_2777539_L-scaled.jpg\" \/>\n\t<meta property=\"og:image:width\" content=\"1200\" \/>\n\t<meta property=\"og:image:height\" content=\"960\" \/>\n\t<meta property=\"og:image:type\" content=\"image\/jpeg\" \/>\n<meta name=\"author\" content=\"Roger Str\u00e4ssle\" \/>\n<meta name=\"twitter:card\" content=\"summary_large_image\" \/>\n<meta name=\"twitter:label1\" content=\"Written by\" \/>\n\t<meta name=\"twitter:data1\" content=\"Roger Str\u00e4ssle\" \/>\n\t<meta name=\"twitter:label2\" content=\"Est. reading time\" \/>\n\t<meta name=\"twitter:data2\" content=\"2 minutes\" \/>\n<script type=\"application\/ld+json\" class=\"yoast-schema-graph\">{\"@context\":\"https:\\\/\\\/schema.org\",\"@graph\":[{\"@type\":\"Article\",\"@id\":\"https:\\\/\\\/news.save.ch\\\/evakuierung-und-alarmierung-im-fokus\\\/#article\",\"isPartOf\":{\"@id\":\"https:\\\/\\\/news.save.ch\\\/evakuierung-und-alarmierung-im-fokus\\\/\"},\"author\":{\"name\":\"Roger Str\u00e4ssle\",\"@id\":\"https:\\\/\\\/news.save.ch\\\/de\\\/#\\\/schema\\\/person\\\/d5022db048e0e2b9785c50e5b24da5aa\"},\"headline\":\"Evakuierung und Alarmierung im Fokus\",\"datePublished\":\"2023-08-16T04:49:16+00:00\",\"mainEntityOfPage\":{\"@id\":\"https:\\\/\\\/news.save.ch\\\/evakuierung-und-alarmierung-im-fokus\\\/\"},\"wordCount\":171,\"publisher\":{\"@id\":\"https:\\\/\\\/news.save.ch\\\/de\\\/#organization\"},\"image\":{\"@id\":\"https:\\\/\\\/news.save.ch\\\/evakuierung-und-alarmierung-im-fokus\\\/#primaryimage\"},\"thumbnailUrl\":\"https:\\\/\\\/news.save.ch\\\/wp-content\\\/uploads\\\/2023\\\/08\\\/Bild-oben-Depositphotos_2777539_L-scaled.jpg\",\"keywords\":[\"Alarmierung\",\"Evakuation\"],\"articleSection\":[\"SICHERHEIT\"],\"inLanguage\":\"en-US\"},{\"@type\":\"WebPage\",\"@id\":\"https:\\\/\\\/news.save.ch\\\/evakuierung-und-alarmierung-im-fokus\\\/\",\"url\":\"https:\\\/\\\/news.save.ch\\\/evakuierung-und-alarmierung-im-fokus\\\/\",\"name\":\"Evakuierung und Alarmierung im Fokus - Save\",\"isPartOf\":{\"@id\":\"https:\\\/\\\/news.save.ch\\\/de\\\/#website\"},\"primaryImageOfPage\":{\"@id\":\"https:\\\/\\\/news.save.ch\\\/evakuierung-und-alarmierung-im-fokus\\\/#primaryimage\"},\"image\":{\"@id\":\"https:\\\/\\\/news.save.ch\\\/evakuierung-und-alarmierung-im-fokus\\\/#primaryimage\"},\"thumbnailUrl\":\"https:\\\/\\\/news.save.ch\\\/wp-content\\\/uploads\\\/2023\\\/08\\\/Bild-oben-Depositphotos_2777539_L-scaled.jpg\",\"datePublished\":\"2023-08-16T04:49:16+00:00\",\"description\":\"Am 26. Oktober heisst das Save-Tagungsthema in Z\u00fcrich \u00abEvakuierung und Alarmierung im Fokus!\u00bb. Patronat der Veranstaltung: SSI.\",\"breadcrumb\":{\"@id\":\"https:\\\/\\\/news.save.ch\\\/evakuierung-und-alarmierung-im-fokus\\\/#breadcrumb\"},\"inLanguage\":\"en-US\",\"potentialAction\":[{\"@type\":\"ReadAction\",\"target\":[\"https:\\\/\\\/news.save.ch\\\/evakuierung-und-alarmierung-im-fokus\\\/\"]}]},{\"@type\":\"ImageObject\",\"inLanguage\":\"en-US\",\"@id\":\"https:\\\/\\\/news.save.ch\\\/evakuierung-und-alarmierung-im-fokus\\\/#primaryimage\",\"url\":\"https:\\\/\\\/news.save.ch\\\/wp-content\\\/uploads\\\/2023\\\/08\\\/Bild-oben-Depositphotos_2777539_L-scaled.jpg\",\"contentUrl\":\"https:\\\/\\\/news.save.ch\\\/wp-content\\\/uploads\\\/2023\\\/08\\\/Bild-oben-Depositphotos_2777539_L-scaled.jpg\",\"width\":1200,\"height\":960,\"caption\":\"Depositphotos, jogg2002\"},{\"@type\":\"BreadcrumbList\",\"@id\":\"https:\\\/\\\/news.save.ch\\\/evakuierung-und-alarmierung-im-fokus\\\/#breadcrumb\",\"itemListElement\":[{\"@type\":\"ListItem\",\"position\":1,\"name\":\"Home\",\"item\":\"https:\\\/\\\/news.save.ch\\\/de\\\/\"},{\"@type\":\"ListItem\",\"position\":2,\"name\":\"Evakuierung und Alarmierung im Fokus\"}]},{\"@type\":\"WebSite\",\"@id\":\"https:\\\/\\\/news.save.ch\\\/de\\\/#website\",\"url\":\"https:\\\/\\\/news.save.ch\\\/de\\\/\",\"name\":\"Save\",\"description\":\"Schweizer Fachzeitschrift f\u00fcr Sicherheit\",\"publisher\":{\"@id\":\"https:\\\/\\\/news.save.ch\\\/de\\\/#organization\"},\"potentialAction\":[{\"@type\":\"SearchAction\",\"target\":{\"@type\":\"EntryPoint\",\"urlTemplate\":\"https:\\\/\\\/news.save.ch\\\/de\\\/?s={search_term_string}\"},\"query-input\":{\"@type\":\"PropertyValueSpecification\",\"valueRequired\":true,\"valueName\":\"search_term_string\"}}],\"inLanguage\":\"en-US\"},{\"@type\":\"Organization\",\"@id\":\"https:\\\/\\\/news.save.ch\\\/de\\\/#organization\",\"name\":\"Sicherheitsforum\",\"url\":\"https:\\\/\\\/news.save.ch\\\/de\\\/\",\"logo\":{\"@type\":\"ImageObject\",\"inLanguage\":\"en-US\",\"@id\":\"https:\\\/\\\/news.save.ch\\\/de\\\/#\\\/schema\\\/logo\\\/image\\\/\",\"url\":\"https:\\\/\\\/news.save.ch\\\/wp-content\\\/uploads\\\/2022\\\/06\\\/Logo_SF_2012.png\",\"contentUrl\":\"https:\\\/\\\/news.save.ch\\\/wp-content\\\/uploads\\\/2022\\\/06\\\/Logo_SF_2012.png\",\"width\":1100,\"height\":91,\"caption\":\"Sicherheitsforum\"},\"image\":{\"@id\":\"https:\\\/\\\/news.save.ch\\\/de\\\/#\\\/schema\\\/logo\\\/image\\\/\"}},{\"@type\":\"Person\",\"@id\":\"https:\\\/\\\/news.save.ch\\\/de\\\/#\\\/schema\\\/person\\\/d5022db048e0e2b9785c50e5b24da5aa\",\"name\":\"Roger Str\u00e4ssle\",\"image\":{\"@type\":\"ImageObject\",\"inLanguage\":\"en-US\",\"@id\":\"https:\\\/\\\/secure.gravatar.com\\\/avatar\\\/862a5569d087de48e5856e32f45d719a03804c891d6deb8d4f71a660e79e4a47?s=96&d=mm&r=g\",\"url\":\"https:\\\/\\\/secure.gravatar.com\\\/avatar\\\/862a5569d087de48e5856e32f45d719a03804c891d6deb8d4f71a660e79e4a47?s=96&d=mm&r=g\",\"contentUrl\":\"https:\\\/\\\/secure.gravatar.com\\\/avatar\\\/862a5569d087de48e5856e32f45d719a03804c891d6deb8d4f71a660e79e4a47?s=96&d=mm&r=g\",\"caption\":\"Roger Str\u00e4ssle\"},\"url\":\"https:\\\/\\\/news.save.ch\\\/en\\\/author\\\/roger-straessle\\\/\"}]}<\/script>\n<!-- \/ Yoast SEO plugin. -->","yoast_head_json":{"title":"Evacuation and alerting in focus - Save","description":"On October 26, the Save conference theme in Zurich is \"Evacuation and alerting in focus!\". Patronage of the event: SSI.","robots":{"index":"index","follow":"follow","max-snippet":"max-snippet:-1","max-image-preview":"max-image-preview:large","max-video-preview":"max-video-preview:-1"},"canonical":"https:\/\/news.save.ch\/en\/evakuierung-und-alarmierung-im-fokus\/","og_locale":"en_US","og_type":"article","og_title":"Evakuierung und Alarmierung im Fokus - Save","og_description":"Am 26. Oktober heisst das Save-Tagungsthema in Z\u00fcrich \u00abEvakuierung und Alarmierung im Fokus!\u00bb. Patronat der Veranstaltung: SSI.","og_url":"https:\/\/news.save.ch\/en\/evakuierung-und-alarmierung-im-fokus\/","og_site_name":"Save","article_published_time":"2023-08-16T04:49:16+00:00","og_image":[{"width":1200,"height":960,"url":"https:\/\/news.save.ch\/wp-content\/uploads\/2023\/08\/Bild-oben-Depositphotos_2777539_L-scaled.jpg","type":"image\/jpeg"}],"author":"Roger Str\u00e4ssle","twitter_card":"summary_large_image","twitter_misc":{"Written by":"Roger Str\u00e4ssle","Est. reading time":"2 minutes"},"schema":{"@context":"https:\/\/schema.org","@graph":[{"@type":"Article","@id":"https:\/\/news.save.ch\/evakuierung-und-alarmierung-im-fokus\/#article","isPartOf":{"@id":"https:\/\/news.save.ch\/evakuierung-und-alarmierung-im-fokus\/"},"author":{"name":"Roger Str\u00e4ssle","@id":"https:\/\/news.save.ch\/de\/#\/schema\/person\/d5022db048e0e2b9785c50e5b24da5aa"},"headline":"Evakuierung und Alarmierung im Fokus","datePublished":"2023-08-16T04:49:16+00:00","mainEntityOfPage":{"@id":"https:\/\/news.save.ch\/evakuierung-und-alarmierung-im-fokus\/"},"wordCount":171,"publisher":{"@id":"https:\/\/news.save.ch\/de\/#organization"},"image":{"@id":"https:\/\/news.save.ch\/evakuierung-und-alarmierung-im-fokus\/#primaryimage"},"thumbnailUrl":"https:\/\/news.save.ch\/wp-content\/uploads\/2023\/08\/Bild-oben-Depositphotos_2777539_L-scaled.jpg","keywords":["Alarmierung","Evakuation"],"articleSection":["SICHERHEIT"],"inLanguage":"en-US"},{"@type":"WebPage","@id":"https:\/\/news.save.ch\/evakuierung-und-alarmierung-im-fokus\/","url":"https:\/\/news.save.ch\/evakuierung-und-alarmierung-im-fokus\/","name":"Evacuation and alerting in focus - Save","isPartOf":{"@id":"https:\/\/news.save.ch\/de\/#website"},"primaryImageOfPage":{"@id":"https:\/\/news.save.ch\/evakuierung-und-alarmierung-im-fokus\/#primaryimage"},"image":{"@id":"https:\/\/news.save.ch\/evakuierung-und-alarmierung-im-fokus\/#primaryimage"},"thumbnailUrl":"https:\/\/news.save.ch\/wp-content\/uploads\/2023\/08\/Bild-oben-Depositphotos_2777539_L-scaled.jpg","datePublished":"2023-08-16T04:49:16+00:00","description":"On October 26, the Save conference theme in Zurich is \"Evacuation and alerting in focus!\". Patronage of the event: SSI.","breadcrumb":{"@id":"https:\/\/news.save.ch\/evakuierung-und-alarmierung-im-fokus\/#breadcrumb"},"inLanguage":"en-US","potentialAction":[{"@type":"ReadAction","target":["https:\/\/news.save.ch\/evakuierung-und-alarmierung-im-fokus\/"]}]},{"@type":"ImageObject","inLanguage":"en-US","@id":"https:\/\/news.save.ch\/evakuierung-und-alarmierung-im-fokus\/#primaryimage","url":"https:\/\/news.save.ch\/wp-content\/uploads\/2023\/08\/Bild-oben-Depositphotos_2777539_L-scaled.jpg","contentUrl":"https:\/\/news.save.ch\/wp-content\/uploads\/2023\/08\/Bild-oben-Depositphotos_2777539_L-scaled.jpg","width":1200,"height":960,"caption":"Depositphotos, jogg2002"},{"@type":"BreadcrumbList","@id":"https:\/\/news.save.ch\/evakuierung-und-alarmierung-im-fokus\/#breadcrumb","itemListElement":[{"@type":"ListItem","position":1,"name":"Home","item":"https:\/\/news.save.ch\/de\/"},{"@type":"ListItem","position":2,"name":"Evakuierung und Alarmierung im Fokus"}]},{"@type":"WebSite","@id":"https:\/\/news.save.ch\/de\/#website","url":"https:\/\/news.save.ch\/de\/","name":"Save","description":"Swiss trade journal for safety","publisher":{"@id":"https:\/\/news.save.ch\/de\/#organization"},"potentialAction":[{"@type":"SearchAction","target":{"@type":"EntryPoint","urlTemplate":"https:\/\/news.save.ch\/de\/?s={search_term_string}"},"query-input":{"@type":"PropertyValueSpecification","valueRequired":true,"valueName":"search_term_string"}}],"inLanguage":"en-US"},{"@type":"Organization","@id":"https:\/\/news.save.ch\/de\/#organization","name":"Security Forum","url":"https:\/\/news.save.ch\/de\/","logo":{"@type":"ImageObject","inLanguage":"en-US","@id":"https:\/\/news.save.ch\/de\/#\/schema\/logo\/image\/","url":"https:\/\/news.save.ch\/wp-content\/uploads\/2022\/06\/Logo_SF_2012.png","contentUrl":"https:\/\/news.save.ch\/wp-content\/uploads\/2022\/06\/Logo_SF_2012.png","width":1100,"height":91,"caption":"Sicherheitsforum"},"image":{"@id":"https:\/\/news.save.ch\/de\/#\/schema\/logo\/image\/"}},{"@type":"Person","@id":"https:\/\/news.save.ch\/de\/#\/schema\/person\/d5022db048e0e2b9785c50e5b24da5aa","name":"Roger Str\u00e4ssle","image":{"@type":"ImageObject","inLanguage":"en-US","@id":"https:\/\/secure.gravatar.com\/avatar\/862a5569d087de48e5856e32f45d719a03804c891d6deb8d4f71a660e79e4a47?s=96&d=mm&r=g","url":"https:\/\/secure.gravatar.com\/avatar\/862a5569d087de48e5856e32f45d719a03804c891d6deb8d4f71a660e79e4a47?s=96&d=mm&r=g","contentUrl":"https:\/\/secure.gravatar.com\/avatar\/862a5569d087de48e5856e32f45d719a03804c891d6deb8d4f71a660e79e4a47?s=96&d=mm&r=g","caption":"Roger Str\u00e4ssle"},"url":"https:\/\/news.save.ch\/en\/author\/roger-straessle\/"}]}},"_links":{"self":[{"href":"https:\/\/news.save.ch\/en\/wp-json\/wp\/v2\/posts\/21844","targetHints":{"allow":["GET"]}}],"collection":[{"href":"https:\/\/news.save.ch\/en\/wp-json\/wp\/v2\/posts"}],"about":[{"href":"https:\/\/news.save.ch\/en\/wp-json\/wp\/v2\/types\/post"}],"author":[{"embeddable":true,"href":"https:\/\/news.save.ch\/en\/wp-json\/wp\/v2\/users\/8"}],"replies":[{"embeddable":true,"href":"https:\/\/news.save.ch\/en\/wp-json\/wp\/v2\/comments?post=21844"}],"version-history":[{"count":3,"href":"https:\/\/news.save.ch\/en\/wp-json\/wp\/v2\/posts\/21844\/revisions"}],"predecessor-version":[{"id":21848,"href":"https:\/\/news.save.ch\/en\/wp-json\/wp\/v2\/posts\/21844\/revisions\/21848"}],"wp:featuredmedia":[{"embeddable":true,"href":"https:\/\/news.save.ch\/en\/wp-json\/wp\/v2\/media\/21845"}],"wp:attachment":[{"href":"https:\/\/news.save.ch\/en\/wp-json\/wp\/v2\/media?parent=21844"}],"wp:term":[{"taxonomy":"category","embeddable":true,"href":"https:\/\/news.save.ch\/en\/wp-json\/wp\/v2\/categories?post=21844"},{"taxonomy":"post_tag","embeddable":true,"href":"https:\/\/news.save.ch\/en\/wp-json\/wp\/v2\/tags?post=21844"}],"curies":[{"name":"wp","href":"https:\/\/api.w.org\/{rel}","templated":true}]}}