{"id":2190,"date":"2015-05-22T10:10:38","date_gmt":"2015-05-22T08:10:38","guid":{"rendered":"https:\/\/dev.sicherheitsforum.ch\/?p=2190"},"modified":"2015-05-22T10:10:38","modified_gmt":"2015-05-22T08:10:38","slug":"alpiq-wechsel-in-der-security-abteilung","status":null,"type":"post","link":"https:\/\/news.save.ch\/en\/alpiq-wechsel-in-der-security-abteilung\/","title":{"rendered":"Alpiq: Change in the security department"},"content":{"rendered":"<figure id=\"attachment_2196\" aria-describedby=\"caption-attachment-2196\" style=\"width: 500px\" class=\"wp-caption alignnone\"><img loading=\"lazy\" decoding=\"async\" class=\"size-full wp-image-2196\" src=\"https:\/\/news.save.ch\/wp-content\/uploads\/2015\/05\/555ee455c51de_Rolf_Loeffel_Sicherheitsforum.jpg\" alt=\"\" width=\"500\" height=\"580\" srcset=\"https:\/\/news.save.ch\/wp-content\/uploads\/2015\/05\/555ee455c51de_Rolf_Loeffel_Sicherheitsforum.jpg 500w, https:\/\/news.save.ch\/wp-content\/uploads\/2015\/05\/555ee455c51de_Rolf_Loeffel_Sicherheitsforum-259x300.jpg 259w\" sizes=\"auto, (max-width: 500px) 100vw, 500px\" \/><figcaption id=\"caption-attachment-2196\" class=\"wp-caption-text\">Rolf Spoon<\/figcaption><\/figure>\n<figure id=\"attachment_2197\" aria-describedby=\"caption-attachment-2197\" style=\"width: 670px\" class=\"wp-caption alignnone\"><img loading=\"lazy\" decoding=\"async\" class=\"size-medium wp-image-2197\" src=\"https:\/\/news.save.ch\/wp-content\/uploads\/2015\/05\/555ee4bca2401_Michele_Waldeck_Sicherheitsforum-scaled-1.jpg\" alt=\"\" width=\"670\" height=\"1000\" \/><figcaption id=\"caption-attachment-2197\" class=\"wp-caption-text\">Michele Waldeck<\/figcaption><\/figure>\n<p>Rolf L\u00f6ffel will be the <a href=\"https:\/\/www.alpiq-intec.ch\" target=\"_blank\" data-cke-saved-href=\"https:\/\/www.alpiq-intec.ch\" rel=\"noopener\">Alpiq division<\/a> Security in Zurich from June 1, 2015. He has many years of experience in security technology and was most recently head of the Telenot branch in Winterthur.<\/p>\n<p>Michele Waldeck began building up the Security department at the Zurich site ten years ago. During this time, the team has grown to 15 employees. He looks back on a successful and exciting time with many good contacts and interesting projects, says Waldeck, who is looking forward to his new task: He will continue to work for Alpiq and will take over the national function of Product Manager Security from August 2015.<\/p>","protected":false},"excerpt":{"rendered":"<p>Rolf L\u00f6ffel wird die Alpiq-Abteilung Security in Z\u00fcrich ab 1. Juni 2015 leiten. Er verf\u00fcgt \u00fcber langj\u00e4hrige Erfahrung in der Sicherheitstechnik und war zuletzt als Leiter der Telenot-Niederlassung in Winterthur t\u00e4tig. Michele\u00a0Waldeck begann vor zehn Jahren mit dem Aufbau der Abteilung Security am\u00a0Standort Z\u00fcrich. In dieser Zeit sei\u00a0das Team auf 15 Mitarbeitende angewachsen. Er blicke [&hellip;]<\/p>\n","protected":false},"author":1,"featured_media":2196,"comment_status":"open","ping_status":"open","sticky":false,"template":"","format":"standard","meta":{"_acf_changed":false,"pgc_sgb_lightbox_settings":"","footnotes":""},"categories":[1],"tags":[227,144],"class_list":["post-2190","post","type-post","status-publish","format-standard","has-post-thumbnail","hentry","category-allgemein","tag-alpiq","tag-personalien"],"acf":[],"hkrextid":null,"publication":null,"issue":null,"workflow":null,"startPage":null,"spitzmarke":null,"_posts_by_tag_page_fields":{"widget_title":"","widget_tags":""},"_at_widget":"1","_yoast_wpseo_primary_category":"","_yoast_wpseo_focuskw_text_input":"Alpiq","_yoast_wpseo_opengraph-image":"https:\/\/sicherheitsforum.ch\/wp-content\/uploads\/2015\/05\/555ee455c51de_Rolf_Loeffel_Sicherheitsforum.jpg","_yoast_wpseo_opengraph-description":"Bei der Alpiq InTec AG, Abteilung Security in Z\u00fcrich, ist ein Wechsel angesagt: Auf Michele Waldeck folgt Rolf L\u00f6ffel von Telenot.","_yoast_wpseo_opengraph-title":"Alpiq: Wechsel in der Security-Abteilung","enclosure":null,"_yoast_wpseo_twitter-title":null,"_yoast_wpseo_twitter-description":null,"_yoast_wpseo_twitter-image":null,"_wp_old_slug":null,"_yoast_wpseo_title":null,"_yoast_wpseo_canonical":null,"yoast_head":"<!-- This site is optimized with the Yoast SEO plugin v27.5 - https:\/\/yoast.com\/product\/yoast-seo-wordpress\/ -->\n<title>Alpiq: Wechsel in der Security-Abteilung - Save<\/title>\n<meta name=\"description\" content=\"Bei der Alpiq InTec AG, Abteilung Security in Z\u00fcrich, ist ein Wechsel angesagt: Auf Michele Waldeck folgt Rolf L\u00f6ffel von Telenot.\" \/>\n<meta name=\"robots\" content=\"index, follow, max-snippet:-1, max-image-preview:large, max-video-preview:-1\" \/>\n<link rel=\"canonical\" href=\"https:\/\/news.save.ch\/en\/alpiq-wechsel-in-der-security-abteilung\/\" \/>\n<meta property=\"og:locale\" content=\"en_US\" \/>\n<meta property=\"og:type\" content=\"article\" \/>\n<meta property=\"og:title\" content=\"Alpiq: Wechsel in der Security-Abteilung\" \/>\n<meta property=\"og:description\" content=\"Bei der Alpiq InTec AG, Abteilung Security in Z\u00fcrich, ist ein Wechsel angesagt: Auf Michele Waldeck folgt Rolf L\u00f6ffel von Telenot.\" \/>\n<meta property=\"og:url\" content=\"https:\/\/news.save.ch\/en\/alpiq-wechsel-in-der-security-abteilung\/\" \/>\n<meta property=\"og:site_name\" content=\"Save\" \/>\n<meta property=\"article:published_time\" content=\"2015-05-22T08:10:38+00:00\" \/>\n<meta property=\"og:image\" content=\"https:\/\/sicherheitsforum.ch\/wp-content\/uploads\/2015\/05\/555ee455c51de_Rolf_Loeffel_Sicherheitsforum.jpg\" \/>\n<meta name=\"author\" content=\"admin\" \/>\n<meta name=\"twitter:card\" content=\"summary_large_image\" \/>\n<meta name=\"twitter:label1\" content=\"Written by\" \/>\n\t<meta name=\"twitter:data1\" content=\"admin\" \/>\n\t<meta name=\"twitter:label2\" content=\"Est. reading time\" \/>\n\t<meta name=\"twitter:data2\" content=\"1 minute\" \/>\n<script type=\"application\/ld+json\" class=\"yoast-schema-graph\">{\"@context\":\"https:\\\/\\\/schema.org\",\"@graph\":[{\"@type\":\"Article\",\"@id\":\"https:\\\/\\\/news.save.ch\\\/alpiq-wechsel-in-der-security-abteilung\\\/#article\",\"isPartOf\":{\"@id\":\"https:\\\/\\\/news.save.ch\\\/alpiq-wechsel-in-der-security-abteilung\\\/\"},\"author\":{\"name\":\"admin\",\"@id\":\"https:\\\/\\\/news.save.ch\\\/de\\\/#\\\/schema\\\/person\\\/d49e199490bad7c70d64b9ab51142f2b\"},\"headline\":\"Alpiq: Wechsel in der Security-Abteilung\",\"datePublished\":\"2015-05-22T08:10:38+00:00\",\"mainEntityOfPage\":{\"@id\":\"https:\\\/\\\/news.save.ch\\\/alpiq-wechsel-in-der-security-abteilung\\\/\"},\"wordCount\":130,\"commentCount\":0,\"publisher\":{\"@id\":\"https:\\\/\\\/news.save.ch\\\/de\\\/#organization\"},\"image\":{\"@id\":\"https:\\\/\\\/news.save.ch\\\/alpiq-wechsel-in-der-security-abteilung\\\/#primaryimage\"},\"thumbnailUrl\":\"https:\\\/\\\/news.save.ch\\\/wp-content\\\/uploads\\\/2015\\\/05\\\/555ee455c51de_Rolf_Loeffel_Sicherheitsforum.jpg\",\"keywords\":[\"Alpiq\",\"Personalien\"],\"articleSection\":[\"ALLGEMEIN\"],\"inLanguage\":\"en-US\"},{\"@type\":\"WebPage\",\"@id\":\"https:\\\/\\\/news.save.ch\\\/alpiq-wechsel-in-der-security-abteilung\\\/\",\"url\":\"https:\\\/\\\/news.save.ch\\\/alpiq-wechsel-in-der-security-abteilung\\\/\",\"name\":\"Alpiq: Wechsel in der Security-Abteilung - Save\",\"isPartOf\":{\"@id\":\"https:\\\/\\\/news.save.ch\\\/de\\\/#website\"},\"primaryImageOfPage\":{\"@id\":\"https:\\\/\\\/news.save.ch\\\/alpiq-wechsel-in-der-security-abteilung\\\/#primaryimage\"},\"image\":{\"@id\":\"https:\\\/\\\/news.save.ch\\\/alpiq-wechsel-in-der-security-abteilung\\\/#primaryimage\"},\"thumbnailUrl\":\"https:\\\/\\\/news.save.ch\\\/wp-content\\\/uploads\\\/2015\\\/05\\\/555ee455c51de_Rolf_Loeffel_Sicherheitsforum.jpg\",\"datePublished\":\"2015-05-22T08:10:38+00:00\",\"description\":\"Bei der Alpiq InTec AG, Abteilung Security in Z\u00fcrich, ist ein Wechsel angesagt: Auf Michele Waldeck folgt Rolf L\u00f6ffel von Telenot.\",\"breadcrumb\":{\"@id\":\"https:\\\/\\\/news.save.ch\\\/alpiq-wechsel-in-der-security-abteilung\\\/#breadcrumb\"},\"inLanguage\":\"en-US\",\"potentialAction\":[{\"@type\":\"ReadAction\",\"target\":[\"https:\\\/\\\/news.save.ch\\\/alpiq-wechsel-in-der-security-abteilung\\\/\"]}]},{\"@type\":\"ImageObject\",\"inLanguage\":\"en-US\",\"@id\":\"https:\\\/\\\/news.save.ch\\\/alpiq-wechsel-in-der-security-abteilung\\\/#primaryimage\",\"url\":\"https:\\\/\\\/news.save.ch\\\/wp-content\\\/uploads\\\/2015\\\/05\\\/555ee455c51de_Rolf_Loeffel_Sicherheitsforum.jpg\",\"contentUrl\":\"https:\\\/\\\/news.save.ch\\\/wp-content\\\/uploads\\\/2015\\\/05\\\/555ee455c51de_Rolf_Loeffel_Sicherheitsforum.jpg\",\"width\":500,\"height\":580,\"caption\":\"Rolf L\u00f6ffel\"},{\"@type\":\"BreadcrumbList\",\"@id\":\"https:\\\/\\\/news.save.ch\\\/alpiq-wechsel-in-der-security-abteilung\\\/#breadcrumb\",\"itemListElement\":[{\"@type\":\"ListItem\",\"position\":1,\"name\":\"Home\",\"item\":\"https:\\\/\\\/news.save.ch\\\/de\\\/\"},{\"@type\":\"ListItem\",\"position\":2,\"name\":\"Alpiq: Wechsel in der Security-Abteilung\"}]},{\"@type\":\"WebSite\",\"@id\":\"https:\\\/\\\/news.save.ch\\\/de\\\/#website\",\"url\":\"https:\\\/\\\/news.save.ch\\\/de\\\/\",\"name\":\"Save\",\"description\":\"Schweizer Fachzeitschrift f\u00fcr Sicherheit\",\"publisher\":{\"@id\":\"https:\\\/\\\/news.save.ch\\\/de\\\/#organization\"},\"potentialAction\":[{\"@type\":\"SearchAction\",\"target\":{\"@type\":\"EntryPoint\",\"urlTemplate\":\"https:\\\/\\\/news.save.ch\\\/de\\\/?s={search_term_string}\"},\"query-input\":{\"@type\":\"PropertyValueSpecification\",\"valueRequired\":true,\"valueName\":\"search_term_string\"}}],\"inLanguage\":\"en-US\"},{\"@type\":\"Organization\",\"@id\":\"https:\\\/\\\/news.save.ch\\\/de\\\/#organization\",\"name\":\"Sicherheitsforum\",\"url\":\"https:\\\/\\\/news.save.ch\\\/de\\\/\",\"logo\":{\"@type\":\"ImageObject\",\"inLanguage\":\"en-US\",\"@id\":\"https:\\\/\\\/news.save.ch\\\/de\\\/#\\\/schema\\\/logo\\\/image\\\/\",\"url\":\"https:\\\/\\\/news.save.ch\\\/wp-content\\\/uploads\\\/2022\\\/06\\\/Logo_SF_2012.png\",\"contentUrl\":\"https:\\\/\\\/news.save.ch\\\/wp-content\\\/uploads\\\/2022\\\/06\\\/Logo_SF_2012.png\",\"width\":1100,\"height\":91,\"caption\":\"Sicherheitsforum\"},\"image\":{\"@id\":\"https:\\\/\\\/news.save.ch\\\/de\\\/#\\\/schema\\\/logo\\\/image\\\/\"}},{\"@type\":\"Person\",\"@id\":\"https:\\\/\\\/news.save.ch\\\/de\\\/#\\\/schema\\\/person\\\/d49e199490bad7c70d64b9ab51142f2b\",\"name\":\"admin\",\"image\":{\"@type\":\"ImageObject\",\"inLanguage\":\"en-US\",\"@id\":\"https:\\\/\\\/secure.gravatar.com\\\/avatar\\\/ae2f4d718e6c49043e314ce431e7e645d646302a24a5ef5a8bc8e3f5a032e319?s=96&d=mm&r=g\",\"url\":\"https:\\\/\\\/secure.gravatar.com\\\/avatar\\\/ae2f4d718e6c49043e314ce431e7e645d646302a24a5ef5a8bc8e3f5a032e319?s=96&d=mm&r=g\",\"contentUrl\":\"https:\\\/\\\/secure.gravatar.com\\\/avatar\\\/ae2f4d718e6c49043e314ce431e7e645d646302a24a5ef5a8bc8e3f5a032e319?s=96&d=mm&r=g\",\"caption\":\"admin\"},\"sameAs\":[\"https:\\\/\\\/develop.organisator.galledia.ch\"],\"url\":\"https:\\\/\\\/news.save.ch\\\/en\\\/author\\\/admin\\\/\"}]}<\/script>\n<!-- \/ Yoast SEO plugin. -->","yoast_head_json":{"title":"Alpiq: Change in the security department - Save","description":"There is a change at Alpiq InTec AG, Security Division in Zurich: Michele Waldeck is succeeded by Rolf L\u00f6ffel from Telenot.","robots":{"index":"index","follow":"follow","max-snippet":"max-snippet:-1","max-image-preview":"max-image-preview:large","max-video-preview":"max-video-preview:-1"},"canonical":"https:\/\/news.save.ch\/en\/alpiq-wechsel-in-der-security-abteilung\/","og_locale":"en_US","og_type":"article","og_title":"Alpiq: Wechsel in der Security-Abteilung","og_description":"Bei der Alpiq InTec AG, Abteilung Security in Z\u00fcrich, ist ein Wechsel angesagt: Auf Michele Waldeck folgt Rolf L\u00f6ffel von Telenot.","og_url":"https:\/\/news.save.ch\/en\/alpiq-wechsel-in-der-security-abteilung\/","og_site_name":"Save","article_published_time":"2015-05-22T08:10:38+00:00","og_image":[{"url":"https:\/\/sicherheitsforum.ch\/wp-content\/uploads\/2015\/05\/555ee455c51de_Rolf_Loeffel_Sicherheitsforum.jpg","type":"","width":"","height":""}],"author":"admin","twitter_card":"summary_large_image","twitter_misc":{"Written by":"admin","Est. reading time":"1 minute"},"schema":{"@context":"https:\/\/schema.org","@graph":[{"@type":"Article","@id":"https:\/\/news.save.ch\/alpiq-wechsel-in-der-security-abteilung\/#article","isPartOf":{"@id":"https:\/\/news.save.ch\/alpiq-wechsel-in-der-security-abteilung\/"},"author":{"name":"admin","@id":"https:\/\/news.save.ch\/de\/#\/schema\/person\/d49e199490bad7c70d64b9ab51142f2b"},"headline":"Alpiq: Wechsel in der Security-Abteilung","datePublished":"2015-05-22T08:10:38+00:00","mainEntityOfPage":{"@id":"https:\/\/news.save.ch\/alpiq-wechsel-in-der-security-abteilung\/"},"wordCount":130,"commentCount":0,"publisher":{"@id":"https:\/\/news.save.ch\/de\/#organization"},"image":{"@id":"https:\/\/news.save.ch\/alpiq-wechsel-in-der-security-abteilung\/#primaryimage"},"thumbnailUrl":"https:\/\/news.save.ch\/wp-content\/uploads\/2015\/05\/555ee455c51de_Rolf_Loeffel_Sicherheitsforum.jpg","keywords":["Alpiq","Personalien"],"articleSection":["ALLGEMEIN"],"inLanguage":"en-US"},{"@type":"WebPage","@id":"https:\/\/news.save.ch\/alpiq-wechsel-in-der-security-abteilung\/","url":"https:\/\/news.save.ch\/alpiq-wechsel-in-der-security-abteilung\/","name":"Alpiq: Change in the security department - Save","isPartOf":{"@id":"https:\/\/news.save.ch\/de\/#website"},"primaryImageOfPage":{"@id":"https:\/\/news.save.ch\/alpiq-wechsel-in-der-security-abteilung\/#primaryimage"},"image":{"@id":"https:\/\/news.save.ch\/alpiq-wechsel-in-der-security-abteilung\/#primaryimage"},"thumbnailUrl":"https:\/\/news.save.ch\/wp-content\/uploads\/2015\/05\/555ee455c51de_Rolf_Loeffel_Sicherheitsforum.jpg","datePublished":"2015-05-22T08:10:38+00:00","description":"There is a change at Alpiq InTec AG, Security Division in Zurich: Michele Waldeck is succeeded by Rolf L\u00f6ffel from Telenot.","breadcrumb":{"@id":"https:\/\/news.save.ch\/alpiq-wechsel-in-der-security-abteilung\/#breadcrumb"},"inLanguage":"en-US","potentialAction":[{"@type":"ReadAction","target":["https:\/\/news.save.ch\/alpiq-wechsel-in-der-security-abteilung\/"]}]},{"@type":"ImageObject","inLanguage":"en-US","@id":"https:\/\/news.save.ch\/alpiq-wechsel-in-der-security-abteilung\/#primaryimage","url":"https:\/\/news.save.ch\/wp-content\/uploads\/2015\/05\/555ee455c51de_Rolf_Loeffel_Sicherheitsforum.jpg","contentUrl":"https:\/\/news.save.ch\/wp-content\/uploads\/2015\/05\/555ee455c51de_Rolf_Loeffel_Sicherheitsforum.jpg","width":500,"height":580,"caption":"Rolf L\u00f6ffel"},{"@type":"BreadcrumbList","@id":"https:\/\/news.save.ch\/alpiq-wechsel-in-der-security-abteilung\/#breadcrumb","itemListElement":[{"@type":"ListItem","position":1,"name":"Home","item":"https:\/\/news.save.ch\/de\/"},{"@type":"ListItem","position":2,"name":"Alpiq: Wechsel in der Security-Abteilung"}]},{"@type":"WebSite","@id":"https:\/\/news.save.ch\/de\/#website","url":"https:\/\/news.save.ch\/de\/","name":"Save","description":"Swiss trade journal for safety","publisher":{"@id":"https:\/\/news.save.ch\/de\/#organization"},"potentialAction":[{"@type":"SearchAction","target":{"@type":"EntryPoint","urlTemplate":"https:\/\/news.save.ch\/de\/?s={search_term_string}"},"query-input":{"@type":"PropertyValueSpecification","valueRequired":true,"valueName":"search_term_string"}}],"inLanguage":"en-US"},{"@type":"Organization","@id":"https:\/\/news.save.ch\/de\/#organization","name":"Security Forum","url":"https:\/\/news.save.ch\/de\/","logo":{"@type":"ImageObject","inLanguage":"en-US","@id":"https:\/\/news.save.ch\/de\/#\/schema\/logo\/image\/","url":"https:\/\/news.save.ch\/wp-content\/uploads\/2022\/06\/Logo_SF_2012.png","contentUrl":"https:\/\/news.save.ch\/wp-content\/uploads\/2022\/06\/Logo_SF_2012.png","width":1100,"height":91,"caption":"Sicherheitsforum"},"image":{"@id":"https:\/\/news.save.ch\/de\/#\/schema\/logo\/image\/"}},{"@type":"Person","@id":"https:\/\/news.save.ch\/de\/#\/schema\/person\/d49e199490bad7c70d64b9ab51142f2b","name":"admin","image":{"@type":"ImageObject","inLanguage":"en-US","@id":"https:\/\/secure.gravatar.com\/avatar\/ae2f4d718e6c49043e314ce431e7e645d646302a24a5ef5a8bc8e3f5a032e319?s=96&d=mm&r=g","url":"https:\/\/secure.gravatar.com\/avatar\/ae2f4d718e6c49043e314ce431e7e645d646302a24a5ef5a8bc8e3f5a032e319?s=96&d=mm&r=g","contentUrl":"https:\/\/secure.gravatar.com\/avatar\/ae2f4d718e6c49043e314ce431e7e645d646302a24a5ef5a8bc8e3f5a032e319?s=96&d=mm&r=g","caption":"admin"},"sameAs":["https:\/\/develop.organisator.galledia.ch"],"url":"https:\/\/news.save.ch\/en\/author\/admin\/"}]}},"_links":{"self":[{"href":"https:\/\/news.save.ch\/en\/wp-json\/wp\/v2\/posts\/2190","targetHints":{"allow":["GET"]}}],"collection":[{"href":"https:\/\/news.save.ch\/en\/wp-json\/wp\/v2\/posts"}],"about":[{"href":"https:\/\/news.save.ch\/en\/wp-json\/wp\/v2\/types\/post"}],"author":[{"embeddable":true,"href":"https:\/\/news.save.ch\/en\/wp-json\/wp\/v2\/users\/1"}],"replies":[{"embeddable":true,"href":"https:\/\/news.save.ch\/en\/wp-json\/wp\/v2\/comments?post=2190"}],"version-history":[{"count":0,"href":"https:\/\/news.save.ch\/en\/wp-json\/wp\/v2\/posts\/2190\/revisions"}],"wp:featuredmedia":[{"embeddable":true,"href":"https:\/\/news.save.ch\/en\/wp-json\/wp\/v2\/media\/2196"}],"wp:attachment":[{"href":"https:\/\/news.save.ch\/en\/wp-json\/wp\/v2\/media?parent=2190"}],"wp:term":[{"taxonomy":"category","embeddable":true,"href":"https:\/\/news.save.ch\/en\/wp-json\/wp\/v2\/categories?post=2190"},{"taxonomy":"post_tag","embeddable":true,"href":"https:\/\/news.save.ch\/en\/wp-json\/wp\/v2\/tags?post=2190"}],"curies":[{"name":"wp","href":"https:\/\/api.w.org\/{rel}","templated":true}]}}