{"id":21901,"date":"2023-08-17T06:00:07","date_gmt":"2023-08-17T04:00:07","guid":{"rendered":"https:\/\/news.save.ch\/?p=21901"},"modified":"2023-08-16T20:52:23","modified_gmt":"2023-08-16T18:52:23","slug":"revision-des-strassenverkehrsgesetzes-erste-massnahmen-bald-in-kraft","status":null,"type":"post","link":"https:\/\/news.save.ch\/en\/revision-des-strassenverkehrsgesetzes-erste-massnahmen-bald-in-kraft\/","title":{"rendered":"Better conditions for very fast blue light drivers"},"content":{"rendered":"<figure id=\"attachment_21902\" aria-describedby=\"caption-attachment-21902\" style=\"width: 680px\" class=\"wp-caption aligncenter\"><img loading=\"lazy\" decoding=\"async\" class=\"size-medium wp-image-21902\" src=\"https:\/\/news.save.ch\/wp-content\/uploads\/2023\/08\/Feuerwehr_Screenshot-2023-08-16-151807-680x546.jpg\" alt=\"\" width=\"680\" height=\"546\" srcset=\"https:\/\/news.save.ch\/wp-content\/uploads\/2023\/08\/Feuerwehr_Screenshot-2023-08-16-151807-680x546.jpg 680w, https:\/\/news.save.ch\/wp-content\/uploads\/2023\/08\/Feuerwehr_Screenshot-2023-08-16-151807-1024x823.jpg 1024w, https:\/\/news.save.ch\/wp-content\/uploads\/2023\/08\/Feuerwehr_Screenshot-2023-08-16-151807-768x617.jpg 768w, https:\/\/news.save.ch\/wp-content\/uploads\/2023\/08\/Feuerwehr_Screenshot-2023-08-16-151807-15x12.jpg 15w, https:\/\/news.save.ch\/wp-content\/uploads\/2023\/08\/Feuerwehr_Screenshot-2023-08-16-151807-373x300.jpg 373w, https:\/\/news.save.ch\/wp-content\/uploads\/2023\/08\/Feuerwehr_Screenshot-2023-08-16-151807-436x350.jpg 436w, https:\/\/news.save.ch\/wp-content\/uploads\/2023\/08\/Feuerwehr_Screenshot-2023-08-16-151807-996x800.jpg 996w, https:\/\/news.save.ch\/wp-content\/uploads\/2023\/08\/Feuerwehr_Screenshot-2023-08-16-151807.jpg 1171w\" sizes=\"auto, (max-width: 680px) 100vw, 680px\" \/><figcaption id=\"caption-attachment-21902\" class=\"wp-caption-text\">Image: R. Str\u00e4ssle<\/figcaption><\/figure>\n<p>In the spring session of 2023, the parliament decided on SVG amendments, which will now enter into force in stages. The first package, which has now been put into force by the Federal Council, involves measures that do not require further specification at ordinance level and can be implemented without major effort, according to the statement. The following changes, among others, will come into force on October 1, 2023:<\/p>\n<ul>\n<li><b>Facilitation for Blue Light Organizations:\u00a0<\/b>The penal authorities must now reduce the penalty for disproportionate violations of traffic regulations by drivers of police, fire, ambulance or customs vehicles on urgent or tactically necessary official journeys. In addition, now only the difference to the speed that would have been appropriate for the operation and no longer that to the signalized maximum speed is judged. The legal minimum duration of the driver's license suspension can still always be undercut.<\/li>\n<li><b>Sanctioning of speeding offenses:\u00a0<\/b>In the future, speeding offenses will continue to be sanctioned with a minimum prison sentence of one year and a driver's license suspension of two years. However, the courts will now have more discretion to take into account the circumstances of the individual case and avoid unnecessary hardship. For example, if the offender is still blameless, the court may impose a sentence of less than one year's imprisonment. In the case of a custodial sentence of less than one year, the duration of the deprivation of liberty may be reduced anew to one year.<\/li>\n<li><b>Violations with a probationary driver's license:\u00a0<\/b>If a probationary driver's license holder commits a minor offense, the probationary period will now neither be extended nor will the driver's license be cancelled. The probationary period will only be extended by one year if the probationary driver's license is revoked for committing a moderate or serious offense. The probationary driver's license is forfeited if another medium or serious offense is committed during the probationary period.<\/li>\n<li><b>Holder liability for administrative fines also for legal entities:\u00a0<\/b>The liability of the owner now applies not only to natural persons but also to legal entities. This means that the police can also charge a company with the administrative fine if the company does not inform the police who was driving the company's vehicle at a certain time.<\/li>\n<\/ul>\n<p><em>Source: Federal Roads Office (FEDRO)<\/em><\/p>","protected":false},"excerpt":{"rendered":"<p>In der Fr\u00fchjahrssession 2023 hat das Parlament SVG-Anpassungen beschlossen, welche nun gestaffelt in Kraft treten. Im ersten vom Bundesrat nun in Kraft gesetzten Paket geht es um Massnahmen, welche keine weitere Konkretisierung auf Verordnungsstufe ben\u00f6tigen und ohne gr\u00f6sseren Aufwand vollzogen werden k\u00f6nnen, wie es in der Mitteilung heisst.\u00a0Am 1. Oktober 2023 treten unter anderem folgende [&hellip;]<\/p>\n","protected":false},"author":8,"featured_media":21902,"comment_status":"closed","ping_status":"closed","sticky":false,"template":"","format":"standard","meta":{"_acf_changed":false,"pgc_sgb_lightbox_settings":"","footnotes":""},"categories":[1],"tags":[351,5105],"class_list":["post-21901","post","type-post","status-publish","format-standard","has-post-thumbnail","hentry","category-allgemein","tag-blaulichtorganisation","tag-strassenverkehrsgesetz-svg"],"acf":[],"hkrextid":null,"publication":null,"issue":null,"workflow":null,"startPage":null,"spitzmarke":null,"_posts_by_tag_page_fields":null,"_at_widget":null,"_yoast_wpseo_primary_category":"","_yoast_wpseo_focuskw_text_input":null,"_yoast_wpseo_opengraph-image":null,"_yoast_wpseo_opengraph-description":null,"_yoast_wpseo_opengraph-title":null,"enclosure":null,"_yoast_wpseo_twitter-title":null,"_yoast_wpseo_twitter-description":null,"_yoast_wpseo_twitter-image":null,"_wp_old_slug":null,"_yoast_wpseo_title":null,"_yoast_wpseo_canonical":null,"yoast_head":"<!-- This site is optimized with the Yoast SEO plugin v27.4 - https:\/\/yoast.com\/product\/yoast-seo-wordpress\/ -->\n<title>Bessere Bedingungen f\u00fcr sehr schnelle Blaulicht-Fahrer - Save<\/title>\n<meta name=\"description\" content=\"Der Bundesrat hat das erste Paket der Anpassungen des Strassenverkehrsgesetzes (SVG) in Kraft gesetzt.\" \/>\n<meta name=\"robots\" content=\"index, follow, max-snippet:-1, max-image-preview:large, max-video-preview:-1\" \/>\n<link rel=\"canonical\" href=\"https:\/\/news.save.ch\/en\/revision-des-strassenverkehrsgesetzes-erste-massnahmen-bald-in-kraft\/\" \/>\n<meta property=\"og:locale\" content=\"en_US\" \/>\n<meta property=\"og:type\" content=\"article\" \/>\n<meta property=\"og:title\" content=\"Bessere Bedingungen f\u00fcr sehr schnelle Blaulicht-Fahrer - Save\" \/>\n<meta property=\"og:description\" content=\"Der Bundesrat hat das erste Paket der Anpassungen des Strassenverkehrsgesetzes (SVG) in Kraft gesetzt.\" \/>\n<meta property=\"og:url\" content=\"https:\/\/news.save.ch\/en\/revision-des-strassenverkehrsgesetzes-erste-massnahmen-bald-in-kraft\/\" \/>\n<meta property=\"og:site_name\" content=\"Save\" \/>\n<meta property=\"article:published_time\" content=\"2023-08-17T04:00:07+00:00\" \/>\n<meta property=\"og:image\" content=\"https:\/\/news.save.ch\/wp-content\/uploads\/2023\/08\/Feuerwehr_Screenshot-2023-08-16-151807.jpg\" \/>\n\t<meta property=\"og:image:width\" content=\"1171\" \/>\n\t<meta property=\"og:image:height\" content=\"941\" \/>\n\t<meta property=\"og:image:type\" content=\"image\/jpeg\" \/>\n<meta name=\"author\" content=\"Roger Str\u00e4ssle\" \/>\n<meta name=\"twitter:card\" content=\"summary_large_image\" \/>\n<meta name=\"twitter:label1\" content=\"Written by\" \/>\n\t<meta name=\"twitter:data1\" content=\"Roger Str\u00e4ssle\" \/>\n\t<meta name=\"twitter:label2\" content=\"Est. reading time\" \/>\n\t<meta name=\"twitter:data2\" content=\"3 minutes\" \/>\n<script type=\"application\/ld+json\" class=\"yoast-schema-graph\">{\"@context\":\"https:\\\/\\\/schema.org\",\"@graph\":[{\"@type\":\"Article\",\"@id\":\"https:\\\/\\\/news.save.ch\\\/revision-des-strassenverkehrsgesetzes-erste-massnahmen-bald-in-kraft\\\/#article\",\"isPartOf\":{\"@id\":\"https:\\\/\\\/news.save.ch\\\/revision-des-strassenverkehrsgesetzes-erste-massnahmen-bald-in-kraft\\\/\"},\"author\":{\"name\":\"Roger Str\u00e4ssle\",\"@id\":\"https:\\\/\\\/news.save.ch\\\/de\\\/#\\\/schema\\\/person\\\/d5022db048e0e2b9785c50e5b24da5aa\"},\"headline\":\"Bessere Bedingungen f\u00fcr sehr schnelle Blaulicht-Fahrer\",\"datePublished\":\"2023-08-17T04:00:07+00:00\",\"mainEntityOfPage\":{\"@id\":\"https:\\\/\\\/news.save.ch\\\/revision-des-strassenverkehrsgesetzes-erste-massnahmen-bald-in-kraft\\\/\"},\"wordCount\":372,\"publisher\":{\"@id\":\"https:\\\/\\\/news.save.ch\\\/de\\\/#organization\"},\"image\":{\"@id\":\"https:\\\/\\\/news.save.ch\\\/revision-des-strassenverkehrsgesetzes-erste-massnahmen-bald-in-kraft\\\/#primaryimage\"},\"thumbnailUrl\":\"https:\\\/\\\/news.save.ch\\\/wp-content\\\/uploads\\\/2023\\\/08\\\/Feuerwehr_Screenshot-2023-08-16-151807.jpg\",\"keywords\":[\"Blaulichtorganisation\",\"Strassenverkehrsgesetz (SVG)\"],\"articleSection\":[\"ALLGEMEIN\"],\"inLanguage\":\"en-US\"},{\"@type\":\"WebPage\",\"@id\":\"https:\\\/\\\/news.save.ch\\\/revision-des-strassenverkehrsgesetzes-erste-massnahmen-bald-in-kraft\\\/\",\"url\":\"https:\\\/\\\/news.save.ch\\\/revision-des-strassenverkehrsgesetzes-erste-massnahmen-bald-in-kraft\\\/\",\"name\":\"Bessere Bedingungen f\u00fcr sehr schnelle Blaulicht-Fahrer - Save\",\"isPartOf\":{\"@id\":\"https:\\\/\\\/news.save.ch\\\/de\\\/#website\"},\"primaryImageOfPage\":{\"@id\":\"https:\\\/\\\/news.save.ch\\\/revision-des-strassenverkehrsgesetzes-erste-massnahmen-bald-in-kraft\\\/#primaryimage\"},\"image\":{\"@id\":\"https:\\\/\\\/news.save.ch\\\/revision-des-strassenverkehrsgesetzes-erste-massnahmen-bald-in-kraft\\\/#primaryimage\"},\"thumbnailUrl\":\"https:\\\/\\\/news.save.ch\\\/wp-content\\\/uploads\\\/2023\\\/08\\\/Feuerwehr_Screenshot-2023-08-16-151807.jpg\",\"datePublished\":\"2023-08-17T04:00:07+00:00\",\"description\":\"Der Bundesrat hat das erste Paket der Anpassungen des Strassenverkehrsgesetzes (SVG) in Kraft gesetzt.\",\"breadcrumb\":{\"@id\":\"https:\\\/\\\/news.save.ch\\\/revision-des-strassenverkehrsgesetzes-erste-massnahmen-bald-in-kraft\\\/#breadcrumb\"},\"inLanguage\":\"en-US\",\"potentialAction\":[{\"@type\":\"ReadAction\",\"target\":[\"https:\\\/\\\/news.save.ch\\\/revision-des-strassenverkehrsgesetzes-erste-massnahmen-bald-in-kraft\\\/\"]}]},{\"@type\":\"ImageObject\",\"inLanguage\":\"en-US\",\"@id\":\"https:\\\/\\\/news.save.ch\\\/revision-des-strassenverkehrsgesetzes-erste-massnahmen-bald-in-kraft\\\/#primaryimage\",\"url\":\"https:\\\/\\\/news.save.ch\\\/wp-content\\\/uploads\\\/2023\\\/08\\\/Feuerwehr_Screenshot-2023-08-16-151807.jpg\",\"contentUrl\":\"https:\\\/\\\/news.save.ch\\\/wp-content\\\/uploads\\\/2023\\\/08\\\/Feuerwehr_Screenshot-2023-08-16-151807.jpg\",\"width\":1171,\"height\":941,\"caption\":\"Bild: R. Str\u00e4ssle\"},{\"@type\":\"BreadcrumbList\",\"@id\":\"https:\\\/\\\/news.save.ch\\\/revision-des-strassenverkehrsgesetzes-erste-massnahmen-bald-in-kraft\\\/#breadcrumb\",\"itemListElement\":[{\"@type\":\"ListItem\",\"position\":1,\"name\":\"Home\",\"item\":\"https:\\\/\\\/news.save.ch\\\/de\\\/\"},{\"@type\":\"ListItem\",\"position\":2,\"name\":\"Bessere Bedingungen f\u00fcr sehr schnelle Blaulicht-Fahrer\"}]},{\"@type\":\"WebSite\",\"@id\":\"https:\\\/\\\/news.save.ch\\\/de\\\/#website\",\"url\":\"https:\\\/\\\/news.save.ch\\\/de\\\/\",\"name\":\"Save\",\"description\":\"Schweizer Fachzeitschrift f\u00fcr Sicherheit\",\"publisher\":{\"@id\":\"https:\\\/\\\/news.save.ch\\\/de\\\/#organization\"},\"potentialAction\":[{\"@type\":\"SearchAction\",\"target\":{\"@type\":\"EntryPoint\",\"urlTemplate\":\"https:\\\/\\\/news.save.ch\\\/de\\\/?s={search_term_string}\"},\"query-input\":{\"@type\":\"PropertyValueSpecification\",\"valueRequired\":true,\"valueName\":\"search_term_string\"}}],\"inLanguage\":\"en-US\"},{\"@type\":\"Organization\",\"@id\":\"https:\\\/\\\/news.save.ch\\\/de\\\/#organization\",\"name\":\"Sicherheitsforum\",\"url\":\"https:\\\/\\\/news.save.ch\\\/de\\\/\",\"logo\":{\"@type\":\"ImageObject\",\"inLanguage\":\"en-US\",\"@id\":\"https:\\\/\\\/news.save.ch\\\/de\\\/#\\\/schema\\\/logo\\\/image\\\/\",\"url\":\"https:\\\/\\\/news.save.ch\\\/wp-content\\\/uploads\\\/2022\\\/06\\\/Logo_SF_2012.png\",\"contentUrl\":\"https:\\\/\\\/news.save.ch\\\/wp-content\\\/uploads\\\/2022\\\/06\\\/Logo_SF_2012.png\",\"width\":1100,\"height\":91,\"caption\":\"Sicherheitsforum\"},\"image\":{\"@id\":\"https:\\\/\\\/news.save.ch\\\/de\\\/#\\\/schema\\\/logo\\\/image\\\/\"}},{\"@type\":\"Person\",\"@id\":\"https:\\\/\\\/news.save.ch\\\/de\\\/#\\\/schema\\\/person\\\/d5022db048e0e2b9785c50e5b24da5aa\",\"name\":\"Roger Str\u00e4ssle\",\"image\":{\"@type\":\"ImageObject\",\"inLanguage\":\"en-US\",\"@id\":\"https:\\\/\\\/secure.gravatar.com\\\/avatar\\\/862a5569d087de48e5856e32f45d719a03804c891d6deb8d4f71a660e79e4a47?s=96&d=mm&r=g\",\"url\":\"https:\\\/\\\/secure.gravatar.com\\\/avatar\\\/862a5569d087de48e5856e32f45d719a03804c891d6deb8d4f71a660e79e4a47?s=96&d=mm&r=g\",\"contentUrl\":\"https:\\\/\\\/secure.gravatar.com\\\/avatar\\\/862a5569d087de48e5856e32f45d719a03804c891d6deb8d4f71a660e79e4a47?s=96&d=mm&r=g\",\"caption\":\"Roger Str\u00e4ssle\"},\"url\":\"https:\\\/\\\/news.save.ch\\\/en\\\/author\\\/roger-straessle\\\/\"}]}<\/script>\n<!-- \/ Yoast SEO plugin. -->","yoast_head_json":{"title":"Better conditions for very fast blue light drivers - Save","description":"The Federal Council has enacted the first package of amendments to the Road Traffic Act (SVG).","robots":{"index":"index","follow":"follow","max-snippet":"max-snippet:-1","max-image-preview":"max-image-preview:large","max-video-preview":"max-video-preview:-1"},"canonical":"https:\/\/news.save.ch\/en\/revision-des-strassenverkehrsgesetzes-erste-massnahmen-bald-in-kraft\/","og_locale":"en_US","og_type":"article","og_title":"Bessere Bedingungen f\u00fcr sehr schnelle Blaulicht-Fahrer - Save","og_description":"Der Bundesrat hat das erste Paket der Anpassungen des Strassenverkehrsgesetzes (SVG) in Kraft gesetzt.","og_url":"https:\/\/news.save.ch\/en\/revision-des-strassenverkehrsgesetzes-erste-massnahmen-bald-in-kraft\/","og_site_name":"Save","article_published_time":"2023-08-17T04:00:07+00:00","og_image":[{"width":1171,"height":941,"url":"https:\/\/news.save.ch\/wp-content\/uploads\/2023\/08\/Feuerwehr_Screenshot-2023-08-16-151807.jpg","type":"image\/jpeg"}],"author":"Roger Str\u00e4ssle","twitter_card":"summary_large_image","twitter_misc":{"Written by":"Roger Str\u00e4ssle","Est. reading time":"3 minutes"},"schema":{"@context":"https:\/\/schema.org","@graph":[{"@type":"Article","@id":"https:\/\/news.save.ch\/revision-des-strassenverkehrsgesetzes-erste-massnahmen-bald-in-kraft\/#article","isPartOf":{"@id":"https:\/\/news.save.ch\/revision-des-strassenverkehrsgesetzes-erste-massnahmen-bald-in-kraft\/"},"author":{"name":"Roger Str\u00e4ssle","@id":"https:\/\/news.save.ch\/de\/#\/schema\/person\/d5022db048e0e2b9785c50e5b24da5aa"},"headline":"Bessere Bedingungen f\u00fcr sehr schnelle Blaulicht-Fahrer","datePublished":"2023-08-17T04:00:07+00:00","mainEntityOfPage":{"@id":"https:\/\/news.save.ch\/revision-des-strassenverkehrsgesetzes-erste-massnahmen-bald-in-kraft\/"},"wordCount":372,"publisher":{"@id":"https:\/\/news.save.ch\/de\/#organization"},"image":{"@id":"https:\/\/news.save.ch\/revision-des-strassenverkehrsgesetzes-erste-massnahmen-bald-in-kraft\/#primaryimage"},"thumbnailUrl":"https:\/\/news.save.ch\/wp-content\/uploads\/2023\/08\/Feuerwehr_Screenshot-2023-08-16-151807.jpg","keywords":["Blaulichtorganisation","Strassenverkehrsgesetz (SVG)"],"articleSection":["ALLGEMEIN"],"inLanguage":"en-US"},{"@type":"WebPage","@id":"https:\/\/news.save.ch\/revision-des-strassenverkehrsgesetzes-erste-massnahmen-bald-in-kraft\/","url":"https:\/\/news.save.ch\/revision-des-strassenverkehrsgesetzes-erste-massnahmen-bald-in-kraft\/","name":"Better conditions for very fast blue light drivers - Save","isPartOf":{"@id":"https:\/\/news.save.ch\/de\/#website"},"primaryImageOfPage":{"@id":"https:\/\/news.save.ch\/revision-des-strassenverkehrsgesetzes-erste-massnahmen-bald-in-kraft\/#primaryimage"},"image":{"@id":"https:\/\/news.save.ch\/revision-des-strassenverkehrsgesetzes-erste-massnahmen-bald-in-kraft\/#primaryimage"},"thumbnailUrl":"https:\/\/news.save.ch\/wp-content\/uploads\/2023\/08\/Feuerwehr_Screenshot-2023-08-16-151807.jpg","datePublished":"2023-08-17T04:00:07+00:00","description":"The Federal Council has enacted the first package of amendments to the Road Traffic Act (SVG).","breadcrumb":{"@id":"https:\/\/news.save.ch\/revision-des-strassenverkehrsgesetzes-erste-massnahmen-bald-in-kraft\/#breadcrumb"},"inLanguage":"en-US","potentialAction":[{"@type":"ReadAction","target":["https:\/\/news.save.ch\/revision-des-strassenverkehrsgesetzes-erste-massnahmen-bald-in-kraft\/"]}]},{"@type":"ImageObject","inLanguage":"en-US","@id":"https:\/\/news.save.ch\/revision-des-strassenverkehrsgesetzes-erste-massnahmen-bald-in-kraft\/#primaryimage","url":"https:\/\/news.save.ch\/wp-content\/uploads\/2023\/08\/Feuerwehr_Screenshot-2023-08-16-151807.jpg","contentUrl":"https:\/\/news.save.ch\/wp-content\/uploads\/2023\/08\/Feuerwehr_Screenshot-2023-08-16-151807.jpg","width":1171,"height":941,"caption":"Bild: R. Str\u00e4ssle"},{"@type":"BreadcrumbList","@id":"https:\/\/news.save.ch\/revision-des-strassenverkehrsgesetzes-erste-massnahmen-bald-in-kraft\/#breadcrumb","itemListElement":[{"@type":"ListItem","position":1,"name":"Home","item":"https:\/\/news.save.ch\/de\/"},{"@type":"ListItem","position":2,"name":"Bessere Bedingungen f\u00fcr sehr schnelle Blaulicht-Fahrer"}]},{"@type":"WebSite","@id":"https:\/\/news.save.ch\/de\/#website","url":"https:\/\/news.save.ch\/de\/","name":"Save","description":"Swiss trade journal for safety","publisher":{"@id":"https:\/\/news.save.ch\/de\/#organization"},"potentialAction":[{"@type":"SearchAction","target":{"@type":"EntryPoint","urlTemplate":"https:\/\/news.save.ch\/de\/?s={search_term_string}"},"query-input":{"@type":"PropertyValueSpecification","valueRequired":true,"valueName":"search_term_string"}}],"inLanguage":"en-US"},{"@type":"Organization","@id":"https:\/\/news.save.ch\/de\/#organization","name":"Security Forum","url":"https:\/\/news.save.ch\/de\/","logo":{"@type":"ImageObject","inLanguage":"en-US","@id":"https:\/\/news.save.ch\/de\/#\/schema\/logo\/image\/","url":"https:\/\/news.save.ch\/wp-content\/uploads\/2022\/06\/Logo_SF_2012.png","contentUrl":"https:\/\/news.save.ch\/wp-content\/uploads\/2022\/06\/Logo_SF_2012.png","width":1100,"height":91,"caption":"Sicherheitsforum"},"image":{"@id":"https:\/\/news.save.ch\/de\/#\/schema\/logo\/image\/"}},{"@type":"Person","@id":"https:\/\/news.save.ch\/de\/#\/schema\/person\/d5022db048e0e2b9785c50e5b24da5aa","name":"Roger Str\u00e4ssle","image":{"@type":"ImageObject","inLanguage":"en-US","@id":"https:\/\/secure.gravatar.com\/avatar\/862a5569d087de48e5856e32f45d719a03804c891d6deb8d4f71a660e79e4a47?s=96&d=mm&r=g","url":"https:\/\/secure.gravatar.com\/avatar\/862a5569d087de48e5856e32f45d719a03804c891d6deb8d4f71a660e79e4a47?s=96&d=mm&r=g","contentUrl":"https:\/\/secure.gravatar.com\/avatar\/862a5569d087de48e5856e32f45d719a03804c891d6deb8d4f71a660e79e4a47?s=96&d=mm&r=g","caption":"Roger Str\u00e4ssle"},"url":"https:\/\/news.save.ch\/en\/author\/roger-straessle\/"}]}},"_links":{"self":[{"href":"https:\/\/news.save.ch\/en\/wp-json\/wp\/v2\/posts\/21901","targetHints":{"allow":["GET"]}}],"collection":[{"href":"https:\/\/news.save.ch\/en\/wp-json\/wp\/v2\/posts"}],"about":[{"href":"https:\/\/news.save.ch\/en\/wp-json\/wp\/v2\/types\/post"}],"author":[{"embeddable":true,"href":"https:\/\/news.save.ch\/en\/wp-json\/wp\/v2\/users\/8"}],"replies":[{"embeddable":true,"href":"https:\/\/news.save.ch\/en\/wp-json\/wp\/v2\/comments?post=21901"}],"version-history":[{"count":4,"href":"https:\/\/news.save.ch\/en\/wp-json\/wp\/v2\/posts\/21901\/revisions"}],"predecessor-version":[{"id":21906,"href":"https:\/\/news.save.ch\/en\/wp-json\/wp\/v2\/posts\/21901\/revisions\/21906"}],"wp:featuredmedia":[{"embeddable":true,"href":"https:\/\/news.save.ch\/en\/wp-json\/wp\/v2\/media\/21902"}],"wp:attachment":[{"href":"https:\/\/news.save.ch\/en\/wp-json\/wp\/v2\/media?parent=21901"}],"wp:term":[{"taxonomy":"category","embeddable":true,"href":"https:\/\/news.save.ch\/en\/wp-json\/wp\/v2\/categories?post=21901"},{"taxonomy":"post_tag","embeddable":true,"href":"https:\/\/news.save.ch\/en\/wp-json\/wp\/v2\/tags?post=21901"}],"curies":[{"name":"wp","href":"https:\/\/api.w.org\/{rel}","templated":true}]}}