{"id":21964,"date":"2023-09-04T09:38:16","date_gmt":"2023-09-04T07:38:16","guid":{"rendered":"https:\/\/news.save.ch\/?p=21964"},"modified":"2023-09-04T09:38:16","modified_gmt":"2023-09-04T07:38:16","slug":"cyber-angriffe-verwaltungsraete-sehen-risiken-doch-es-hapert-bei-krisenvorsorge","status":null,"type":"post","link":"https:\/\/news.save.ch\/en\/cyber-angriffe-verwaltungsraete-sehen-risiken-doch-es-hapert-bei-krisenvorsorge\/","title":{"rendered":"Cyber attacks: Boards of directors see risks, but crisis preparedness is lacking"},"content":{"rendered":"<p>&nbsp;<\/p>\n<p>&nbsp;<\/p>\n<p><img loading=\"lazy\" decoding=\"async\" class=\"alignnone size-medium wp-image-21965\" src=\"https:\/\/news.save.ch\/wp-content\/uploads\/2023\/09\/Grafik-1-Screenshot-2023-09-04-092707-680x296.jpg\" alt=\"\" width=\"680\" height=\"296\" srcset=\"https:\/\/news.save.ch\/wp-content\/uploads\/2023\/09\/Grafik-1-Screenshot-2023-09-04-092707-680x296.jpg 680w, https:\/\/news.save.ch\/wp-content\/uploads\/2023\/09\/Grafik-1-Screenshot-2023-09-04-092707-1024x446.jpg 1024w, https:\/\/news.save.ch\/wp-content\/uploads\/2023\/09\/Grafik-1-Screenshot-2023-09-04-092707-768x334.jpg 768w, https:\/\/news.save.ch\/wp-content\/uploads\/2023\/09\/Grafik-1-Screenshot-2023-09-04-092707-18x8.jpg 18w, https:\/\/news.save.ch\/wp-content\/uploads\/2023\/09\/Grafik-1-Screenshot-2023-09-04-092707-375x163.jpg 375w, https:\/\/news.save.ch\/wp-content\/uploads\/2023\/09\/Grafik-1-Screenshot-2023-09-04-092707-760x331.jpg 760w, https:\/\/news.save.ch\/wp-content\/uploads\/2023\/09\/Grafik-1-Screenshot-2023-09-04-092707-1000x435.jpg 1000w, https:\/\/news.save.ch\/wp-content\/uploads\/2023\/09\/Grafik-1-Screenshot-2023-09-04-092707.jpg 1101w\" sizes=\"auto, (max-width: 680px) 100vw, 680px\" \/><\/p>\n<p class=\"Default\"><span style=\"font-family: 'Arial',sans-serif;\">The threat of cyber attacks is growing. Large companies are particularly affected: 45 percent of companies with over 250 employees have already been attacked at least once.<\/span><span style=\"font-family: Arial, sans-serif;\">espite being a victim of a cyber attack at least once. This is shown by the latest swissVR Monitor.<\/span><\/p>\n<p class=\"Default\"><span style=\"font-family: 'Arial',sans-serif; color: #1b1b1a;\">In contrast to large companies, SMEs seem to be significantly less affected: Only 18 percent of companies with under 50 employees report a serious attack, according to the media release. <\/span><span style=\"font-family: 'Arial',sans-serif;\">The connection between the size of the company and the frequency of attacks is obvious: large companies are more exposed globally and offer cyber criminals greater attack surfaces. Another explanation for the allegedly lower level of concern among smaller companies is the partial lack of reporting of such incidents to the board of directors. <\/span><\/p>\n<h3 class=\"Default\"><b><span style=\"font-family: 'Arial',sans-serif;\">Business interruption is the most common consequence <\/span><\/b><\/h3>\n<p class=\"Default\"><span style=\"font-family: 'Arial',sans-serif; color: #1b1b1a;\">Cyber attacks often have serious consequences for operational business. By far the most common consequence, according to the <\/span><span style=\"font-family: 'Arial',sans-serif;\">Audit and consulting firm Deloitte Switzerland<\/span><span style=\"font-family: 'Arial',sans-serif; color: #1b1b1a;\"> a business interruption. This was the case for 42 percent of the companies affected by a cyber attack. <i>(see graph 1)<\/i>. The operational processes of companies in the information and communications technology sector were particularly at risk. In this sector, 69 percent of those affected would experience a business interruption. <\/span><\/p>\n<p class=\"Default\"><span style=\"font-family: 'Arial',sans-serif; color: #1b1b1a;\">Data leaks and malfunctions of products or services are also frequent consequences. In some cases, cyber attacks even have consequences outside the company itself: For example, 11 percent of respondents complained of follow-up attacks on customers. Although the outflow of assets is rare, the financial consequences should not be underestimated. In addition to lost sales due to business interruptions, there is a threat of high follow-up costs, for example for the restoration of data. <\/span><\/p>\n<h3 class=\"Default\"><b><span style=\"font-family: 'Arial',sans-serif;\">Resilience is gaining strongly in importance <\/span><\/b><\/h3>\n<p class=\"Default\"><span style=\"font-family: 'Arial',sans-serif;\">The far-reaching consequences would make it clear: Every SME needs to address cyber risks, he said. \"The topic is now an integral part of good corporate governance. Fortunately, many companies have already recognized this. But there is definitely still potential. Our survey shows that cyber resilience is gaining strongly in importance across all industries. This must also be reflected in every company's risk management and strategy process,\" says Mirjam Durrer, a lecturer at Lucerne University of Applied Sciences and Arts at the Institute of Financial Services Zug IFZ. Ninety-five percent of the board members surveyed believe that the importance of cyber resilience for their company has increased over the past three years, she said. The majority even observed a strong increase, with the assessment depending significantly on the size of the company. Here, too, the correlation between size and threat situation is reflected. <\/span><\/p>\n<h3 class=\"Default\"><b><span style=\"font-family: 'Arial',sans-serif;\">Not yet a matter for the boss everywhere <\/span><\/b><\/h3>\n<p class=\"Default\"><span style=\"font-family: 'Arial',sans-serif;\">According to the auditing and consulting firm, one positive aspect is that board members say they are largely fulfilling their duties with regard to cyber resilience. 85 percent of respondents affirm that their board follows trends and current developments in the area of cyber resilience. <i>(see graph 2)<\/i>. Eight out of ten boards also have a risk policy that addresses cyber threats. Nevertheless, there is a need for action, emphasizes Klaus Julisch, Head of Risk Advisory at Deloitte Switzerland: \"Awareness of the risks is increasing, which is positive. Apart from that, the topic has not yet reached the boards of directors everywhere. Also, almost half of the companies lack a clear cyber strategy. Swiss companies and their boards of directors must therefore take even more responsibility with regard to cyber resilience.\"<\/span><\/p>\n<p><img loading=\"lazy\" decoding=\"async\" class=\"alignnone size-medium wp-image-21966\" src=\"https:\/\/news.save.ch\/wp-content\/uploads\/2023\/09\/Grafik-2-Screenshot-2023-09-04-092744-680x233.jpg\" alt=\"\" width=\"680\" height=\"233\" srcset=\"https:\/\/news.save.ch\/wp-content\/uploads\/2023\/09\/Grafik-2-Screenshot-2023-09-04-092744-680x233.jpg 680w, https:\/\/news.save.ch\/wp-content\/uploads\/2023\/09\/Grafik-2-Screenshot-2023-09-04-092744-1024x351.jpg 1024w, https:\/\/news.save.ch\/wp-content\/uploads\/2023\/09\/Grafik-2-Screenshot-2023-09-04-092744-768x263.jpg 768w, https:\/\/news.save.ch\/wp-content\/uploads\/2023\/09\/Grafik-2-Screenshot-2023-09-04-092744-18x6.jpg 18w, https:\/\/news.save.ch\/wp-content\/uploads\/2023\/09\/Grafik-2-Screenshot-2023-09-04-092744-375x129.jpg 375w, https:\/\/news.save.ch\/wp-content\/uploads\/2023\/09\/Grafik-2-Screenshot-2023-09-04-092744-760x261.jpg 760w, https:\/\/news.save.ch\/wp-content\/uploads\/2023\/09\/Grafik-2-Screenshot-2023-09-04-092744-1000x343.jpg 1000w, https:\/\/news.save.ch\/wp-content\/uploads\/2023\/09\/Grafik-2-Screenshot-2023-09-04-092744.jpg 1111w\" sizes=\"auto, (max-width: 680px) 100vw, 680px\" \/><\/p>\n<h3 class=\"Default\"><b><span style=\"font-family: 'Arial',sans-serif;\">Only one third rehearse the emergency <\/span><\/b><\/h3>\n<p class=\"Default\"><span style=\"font-family: 'Arial',sans-serif;\">According to Deloitte Switzerland, there is also room for improvement when it comes to preparing for emergencies. Only every third member of the board of directors confirms that the board is at least partially rehearsing crisis management. The picture is somewhat better in the financial industry: around one in two companies in this sector conducts regular crisis training. In addition, the financial industry has the highest proportion of cyber insurance policies, at 58 percent. <\/span><\/p>\n<p class=\"Default\"><span style=\"font-family: 'Arial',sans-serif;\">There is also room for improvement in reporting to the board of directors: only about one-third of respondents are regularly informed by management about the top cyber risks or their own cyber strategy. A good half of the board members receive reports on the general threat situation, current cyber attacks in the company or the need for action and investment to strengthen cyber resilience. <\/span><\/p>\n<p class=\"Default\"><span style=\"font-family: 'Arial',sans-serif;\">\u00a0<\/span><\/p>\n<blockquote>\n<h3 class=\"Default\"><b><span style=\"font-family: 'Arial',sans-serif;\">swissVR Monitor<\/span><\/b><\/h3>\n<p class=\"Default\"><span style=\"font-family: 'Arial',sans-serif;\">The swissVR Monitor is a survey conducted by the swissVR Board of Directors Association in cooperation with the auditing and consulting firm Deloitte Switzerland and the Lucerne University of Applied Sciences and Arts.<\/span><\/p>\n<p class=\"Default\"><span style=\"font-family: 'Arial',sans-serif; color: #00a2df;\"><a href=\"https:\/\/www2.deloitte.com\/ch\/de\/pages\/cxo\/executives-and-board-programme\/boardroom-programme\/board-survey.html\" target=\"_blank\" rel=\"noopener\">The semi-annual survey swissVR Monitor<\/a> <\/span><span style=\"font-family: 'Arial',sans-serif;\">aims to capture board members' assessments of business prospects, strategies and structural topics - as well as, in this edition, the focus topic \"cyber resilience\". The 14th survey was conducted by swissVR in collaboration with Deloitte and the Lucerne University of Applied Sciences and Arts between May 22 and July 8, 2023. The 400 participants represent boards of directors of listed companies as well as SMEs and come from all relevant industries. <\/span><\/p>\n<\/blockquote>","protected":false},"excerpt":{"rendered":"<p>&nbsp; &nbsp; Die Bedrohung durch Cyber-Angriffe w\u00e4chst. Betroffen sind insbesondere Grossunternehmen: 45 Prozent der Firmen mit \u00fcber 250 Mitarbeitenden wurden bereits mindestens einmal Opfer einer Cyber-Attacke. Dies zeigt der j\u00fcngste swissVR Monitor. Im Gegensatz zu Grossunternehmen scheinen KMU deutlich weniger betroffen: Nur 18 Prozent der Firmen mit unter 50 Mitarbeitenden geben einen schwerwiegenden Angriff an, [&hellip;]<\/p>\n","protected":false},"author":8,"featured_media":21965,"comment_status":"closed","ping_status":"closed","sticky":false,"template":"","format":"standard","meta":{"_acf_changed":false,"pgc_sgb_lightbox_settings":"","footnotes":""},"categories":[3313],"tags":[5956],"class_list":["post-21964","post","type-post","status-publish","format-standard","has-post-thumbnail","hentry","category-digitalisierung","tag-cyber-angriff"],"acf":[],"hkrextid":null,"publication":null,"issue":null,"workflow":null,"startPage":null,"spitzmarke":null,"_posts_by_tag_page_fields":null,"_at_widget":null,"_yoast_wpseo_primary_category":"3313","_yoast_wpseo_focuskw_text_input":null,"_yoast_wpseo_opengraph-image":null,"_yoast_wpseo_opengraph-description":null,"_yoast_wpseo_opengraph-title":null,"enclosure":null,"_yoast_wpseo_twitter-title":null,"_yoast_wpseo_twitter-description":null,"_yoast_wpseo_twitter-image":null,"_wp_old_slug":null,"_yoast_wpseo_title":null,"_yoast_wpseo_canonical":null,"yoast_head":"<!-- This site is optimized with the Yoast SEO plugin v27.4 - https:\/\/yoast.com\/product\/yoast-seo-wordpress\/ -->\n<title>Cyber-Angriffe: Verwaltungsr\u00e4te sehen Risiken, doch es hapert bei Krisenvorsorge - Save<\/title>\n<meta name=\"description\" content=\"Cyber-Angriffe: Verwaltungsr\u00e4te sehen Risiken, doch bei Krisenvorsorge und Reporting besteht Handlungsbedarf. So der j\u00fcngste swissVR Monitor.\" \/>\n<meta name=\"robots\" content=\"index, follow, max-snippet:-1, max-image-preview:large, max-video-preview:-1\" \/>\n<link rel=\"canonical\" href=\"https:\/\/news.save.ch\/en\/cyber-angriffe-verwaltungsraete-sehen-risiken-doch-es-hapert-bei-krisenvorsorge\/\" \/>\n<meta property=\"og:locale\" content=\"en_US\" \/>\n<meta property=\"og:type\" content=\"article\" \/>\n<meta property=\"og:title\" content=\"Cyber-Angriffe: Verwaltungsr\u00e4te sehen Risiken, doch es hapert bei Krisenvorsorge - Save\" \/>\n<meta property=\"og:description\" content=\"Cyber-Angriffe: Verwaltungsr\u00e4te sehen Risiken, doch bei Krisenvorsorge und Reporting besteht Handlungsbedarf. So der j\u00fcngste swissVR Monitor.\" \/>\n<meta property=\"og:url\" content=\"https:\/\/news.save.ch\/en\/cyber-angriffe-verwaltungsraete-sehen-risiken-doch-es-hapert-bei-krisenvorsorge\/\" \/>\n<meta property=\"og:site_name\" content=\"Save\" \/>\n<meta property=\"article:published_time\" content=\"2023-09-04T07:38:16+00:00\" \/>\n<meta property=\"og:image\" content=\"https:\/\/news.save.ch\/wp-content\/uploads\/2023\/09\/Grafik-1-Screenshot-2023-09-04-092707.jpg\" \/>\n\t<meta property=\"og:image:width\" content=\"1101\" \/>\n\t<meta property=\"og:image:height\" content=\"479\" \/>\n\t<meta property=\"og:image:type\" content=\"image\/jpeg\" \/>\n<meta name=\"author\" content=\"Roger Str\u00e4ssle\" \/>\n<meta name=\"twitter:card\" content=\"summary_large_image\" \/>\n<meta name=\"twitter:label1\" content=\"Written by\" \/>\n\t<meta name=\"twitter:data1\" content=\"Roger Str\u00e4ssle\" \/>\n\t<meta name=\"twitter:label2\" content=\"Est. reading time\" \/>\n\t<meta name=\"twitter:data2\" content=\"5 minutes\" \/>\n<script type=\"application\/ld+json\" class=\"yoast-schema-graph\">{\"@context\":\"https:\\\/\\\/schema.org\",\"@graph\":[{\"@type\":\"Article\",\"@id\":\"https:\\\/\\\/news.save.ch\\\/cyber-angriffe-verwaltungsraete-sehen-risiken-doch-es-hapert-bei-krisenvorsorge\\\/#article\",\"isPartOf\":{\"@id\":\"https:\\\/\\\/news.save.ch\\\/cyber-angriffe-verwaltungsraete-sehen-risiken-doch-es-hapert-bei-krisenvorsorge\\\/\"},\"author\":{\"name\":\"Roger Str\u00e4ssle\",\"@id\":\"https:\\\/\\\/news.save.ch\\\/de\\\/#\\\/schema\\\/person\\\/d5022db048e0e2b9785c50e5b24da5aa\"},\"headline\":\"Cyber-Angriffe: Verwaltungsr\u00e4te sehen Risiken, doch es hapert bei Krisenvorsorge\",\"datePublished\":\"2023-09-04T07:38:16+00:00\",\"mainEntityOfPage\":{\"@id\":\"https:\\\/\\\/news.save.ch\\\/cyber-angriffe-verwaltungsraete-sehen-risiken-doch-es-hapert-bei-krisenvorsorge\\\/\"},\"wordCount\":753,\"publisher\":{\"@id\":\"https:\\\/\\\/news.save.ch\\\/de\\\/#organization\"},\"image\":{\"@id\":\"https:\\\/\\\/news.save.ch\\\/cyber-angriffe-verwaltungsraete-sehen-risiken-doch-es-hapert-bei-krisenvorsorge\\\/#primaryimage\"},\"thumbnailUrl\":\"https:\\\/\\\/news.save.ch\\\/wp-content\\\/uploads\\\/2023\\\/09\\\/Grafik-1-Screenshot-2023-09-04-092707.jpg\",\"keywords\":[\"Cyber-Angriff\"],\"articleSection\":[\"DIGITALISIERUNG\"],\"inLanguage\":\"en-US\"},{\"@type\":\"WebPage\",\"@id\":\"https:\\\/\\\/news.save.ch\\\/cyber-angriffe-verwaltungsraete-sehen-risiken-doch-es-hapert-bei-krisenvorsorge\\\/\",\"url\":\"https:\\\/\\\/news.save.ch\\\/cyber-angriffe-verwaltungsraete-sehen-risiken-doch-es-hapert-bei-krisenvorsorge\\\/\",\"name\":\"Cyber-Angriffe: Verwaltungsr\u00e4te sehen Risiken, doch es hapert bei Krisenvorsorge - Save\",\"isPartOf\":{\"@id\":\"https:\\\/\\\/news.save.ch\\\/de\\\/#website\"},\"primaryImageOfPage\":{\"@id\":\"https:\\\/\\\/news.save.ch\\\/cyber-angriffe-verwaltungsraete-sehen-risiken-doch-es-hapert-bei-krisenvorsorge\\\/#primaryimage\"},\"image\":{\"@id\":\"https:\\\/\\\/news.save.ch\\\/cyber-angriffe-verwaltungsraete-sehen-risiken-doch-es-hapert-bei-krisenvorsorge\\\/#primaryimage\"},\"thumbnailUrl\":\"https:\\\/\\\/news.save.ch\\\/wp-content\\\/uploads\\\/2023\\\/09\\\/Grafik-1-Screenshot-2023-09-04-092707.jpg\",\"datePublished\":\"2023-09-04T07:38:16+00:00\",\"description\":\"Cyber-Angriffe: Verwaltungsr\u00e4te sehen Risiken, doch bei Krisenvorsorge und Reporting besteht Handlungsbedarf. So der j\u00fcngste swissVR Monitor.\",\"breadcrumb\":{\"@id\":\"https:\\\/\\\/news.save.ch\\\/cyber-angriffe-verwaltungsraete-sehen-risiken-doch-es-hapert-bei-krisenvorsorge\\\/#breadcrumb\"},\"inLanguage\":\"en-US\",\"potentialAction\":[{\"@type\":\"ReadAction\",\"target\":[\"https:\\\/\\\/news.save.ch\\\/cyber-angriffe-verwaltungsraete-sehen-risiken-doch-es-hapert-bei-krisenvorsorge\\\/\"]}]},{\"@type\":\"ImageObject\",\"inLanguage\":\"en-US\",\"@id\":\"https:\\\/\\\/news.save.ch\\\/cyber-angriffe-verwaltungsraete-sehen-risiken-doch-es-hapert-bei-krisenvorsorge\\\/#primaryimage\",\"url\":\"https:\\\/\\\/news.save.ch\\\/wp-content\\\/uploads\\\/2023\\\/09\\\/Grafik-1-Screenshot-2023-09-04-092707.jpg\",\"contentUrl\":\"https:\\\/\\\/news.save.ch\\\/wp-content\\\/uploads\\\/2023\\\/09\\\/Grafik-1-Screenshot-2023-09-04-092707.jpg\",\"width\":1101,\"height\":479},{\"@type\":\"BreadcrumbList\",\"@id\":\"https:\\\/\\\/news.save.ch\\\/cyber-angriffe-verwaltungsraete-sehen-risiken-doch-es-hapert-bei-krisenvorsorge\\\/#breadcrumb\",\"itemListElement\":[{\"@type\":\"ListItem\",\"position\":1,\"name\":\"Home\",\"item\":\"https:\\\/\\\/news.save.ch\\\/de\\\/\"},{\"@type\":\"ListItem\",\"position\":2,\"name\":\"Cyber-Angriffe: Verwaltungsr\u00e4te sehen Risiken, doch es hapert bei Krisenvorsorge\"}]},{\"@type\":\"WebSite\",\"@id\":\"https:\\\/\\\/news.save.ch\\\/de\\\/#website\",\"url\":\"https:\\\/\\\/news.save.ch\\\/de\\\/\",\"name\":\"Save\",\"description\":\"Schweizer Fachzeitschrift f\u00fcr Sicherheit\",\"publisher\":{\"@id\":\"https:\\\/\\\/news.save.ch\\\/de\\\/#organization\"},\"potentialAction\":[{\"@type\":\"SearchAction\",\"target\":{\"@type\":\"EntryPoint\",\"urlTemplate\":\"https:\\\/\\\/news.save.ch\\\/de\\\/?s={search_term_string}\"},\"query-input\":{\"@type\":\"PropertyValueSpecification\",\"valueRequired\":true,\"valueName\":\"search_term_string\"}}],\"inLanguage\":\"en-US\"},{\"@type\":\"Organization\",\"@id\":\"https:\\\/\\\/news.save.ch\\\/de\\\/#organization\",\"name\":\"Sicherheitsforum\",\"url\":\"https:\\\/\\\/news.save.ch\\\/de\\\/\",\"logo\":{\"@type\":\"ImageObject\",\"inLanguage\":\"en-US\",\"@id\":\"https:\\\/\\\/news.save.ch\\\/de\\\/#\\\/schema\\\/logo\\\/image\\\/\",\"url\":\"https:\\\/\\\/news.save.ch\\\/wp-content\\\/uploads\\\/2022\\\/06\\\/Logo_SF_2012.png\",\"contentUrl\":\"https:\\\/\\\/news.save.ch\\\/wp-content\\\/uploads\\\/2022\\\/06\\\/Logo_SF_2012.png\",\"width\":1100,\"height\":91,\"caption\":\"Sicherheitsforum\"},\"image\":{\"@id\":\"https:\\\/\\\/news.save.ch\\\/de\\\/#\\\/schema\\\/logo\\\/image\\\/\"}},{\"@type\":\"Person\",\"@id\":\"https:\\\/\\\/news.save.ch\\\/de\\\/#\\\/schema\\\/person\\\/d5022db048e0e2b9785c50e5b24da5aa\",\"name\":\"Roger Str\u00e4ssle\",\"image\":{\"@type\":\"ImageObject\",\"inLanguage\":\"en-US\",\"@id\":\"https:\\\/\\\/secure.gravatar.com\\\/avatar\\\/862a5569d087de48e5856e32f45d719a03804c891d6deb8d4f71a660e79e4a47?s=96&d=mm&r=g\",\"url\":\"https:\\\/\\\/secure.gravatar.com\\\/avatar\\\/862a5569d087de48e5856e32f45d719a03804c891d6deb8d4f71a660e79e4a47?s=96&d=mm&r=g\",\"contentUrl\":\"https:\\\/\\\/secure.gravatar.com\\\/avatar\\\/862a5569d087de48e5856e32f45d719a03804c891d6deb8d4f71a660e79e4a47?s=96&d=mm&r=g\",\"caption\":\"Roger Str\u00e4ssle\"},\"url\":\"https:\\\/\\\/news.save.ch\\\/en\\\/author\\\/roger-straessle\\\/\"}]}<\/script>\n<!-- \/ Yoast SEO plugin. -->","yoast_head_json":{"title":"Cyber attacks: Board members see risks, but crisis preparedness is lacking - Save","description":"Cyber attacks: Boards of directors see risks, but there is a need for action in crisis preparedness and reporting. According to the latest swissVR Monitor.","robots":{"index":"index","follow":"follow","max-snippet":"max-snippet:-1","max-image-preview":"max-image-preview:large","max-video-preview":"max-video-preview:-1"},"canonical":"https:\/\/news.save.ch\/en\/cyber-angriffe-verwaltungsraete-sehen-risiken-doch-es-hapert-bei-krisenvorsorge\/","og_locale":"en_US","og_type":"article","og_title":"Cyber-Angriffe: Verwaltungsr\u00e4te sehen Risiken, doch es hapert bei Krisenvorsorge - Save","og_description":"Cyber-Angriffe: Verwaltungsr\u00e4te sehen Risiken, doch bei Krisenvorsorge und Reporting besteht Handlungsbedarf. So der j\u00fcngste swissVR Monitor.","og_url":"https:\/\/news.save.ch\/en\/cyber-angriffe-verwaltungsraete-sehen-risiken-doch-es-hapert-bei-krisenvorsorge\/","og_site_name":"Save","article_published_time":"2023-09-04T07:38:16+00:00","og_image":[{"width":1101,"height":479,"url":"https:\/\/news.save.ch\/wp-content\/uploads\/2023\/09\/Grafik-1-Screenshot-2023-09-04-092707.jpg","type":"image\/jpeg"}],"author":"Roger Str\u00e4ssle","twitter_card":"summary_large_image","twitter_misc":{"Written by":"Roger Str\u00e4ssle","Est. reading time":"5 minutes"},"schema":{"@context":"https:\/\/schema.org","@graph":[{"@type":"Article","@id":"https:\/\/news.save.ch\/cyber-angriffe-verwaltungsraete-sehen-risiken-doch-es-hapert-bei-krisenvorsorge\/#article","isPartOf":{"@id":"https:\/\/news.save.ch\/cyber-angriffe-verwaltungsraete-sehen-risiken-doch-es-hapert-bei-krisenvorsorge\/"},"author":{"name":"Roger Str\u00e4ssle","@id":"https:\/\/news.save.ch\/de\/#\/schema\/person\/d5022db048e0e2b9785c50e5b24da5aa"},"headline":"Cyber-Angriffe: Verwaltungsr\u00e4te sehen Risiken, doch es hapert bei Krisenvorsorge","datePublished":"2023-09-04T07:38:16+00:00","mainEntityOfPage":{"@id":"https:\/\/news.save.ch\/cyber-angriffe-verwaltungsraete-sehen-risiken-doch-es-hapert-bei-krisenvorsorge\/"},"wordCount":753,"publisher":{"@id":"https:\/\/news.save.ch\/de\/#organization"},"image":{"@id":"https:\/\/news.save.ch\/cyber-angriffe-verwaltungsraete-sehen-risiken-doch-es-hapert-bei-krisenvorsorge\/#primaryimage"},"thumbnailUrl":"https:\/\/news.save.ch\/wp-content\/uploads\/2023\/09\/Grafik-1-Screenshot-2023-09-04-092707.jpg","keywords":["Cyber-Angriff"],"articleSection":["DIGITALISIERUNG"],"inLanguage":"en-US"},{"@type":"WebPage","@id":"https:\/\/news.save.ch\/cyber-angriffe-verwaltungsraete-sehen-risiken-doch-es-hapert-bei-krisenvorsorge\/","url":"https:\/\/news.save.ch\/cyber-angriffe-verwaltungsraete-sehen-risiken-doch-es-hapert-bei-krisenvorsorge\/","name":"Cyber attacks: Board members see risks, but crisis preparedness is lacking - Save","isPartOf":{"@id":"https:\/\/news.save.ch\/de\/#website"},"primaryImageOfPage":{"@id":"https:\/\/news.save.ch\/cyber-angriffe-verwaltungsraete-sehen-risiken-doch-es-hapert-bei-krisenvorsorge\/#primaryimage"},"image":{"@id":"https:\/\/news.save.ch\/cyber-angriffe-verwaltungsraete-sehen-risiken-doch-es-hapert-bei-krisenvorsorge\/#primaryimage"},"thumbnailUrl":"https:\/\/news.save.ch\/wp-content\/uploads\/2023\/09\/Grafik-1-Screenshot-2023-09-04-092707.jpg","datePublished":"2023-09-04T07:38:16+00:00","description":"Cyber attacks: Boards of directors see risks, but there is a need for action in crisis preparedness and reporting. According to the latest swissVR Monitor.","breadcrumb":{"@id":"https:\/\/news.save.ch\/cyber-angriffe-verwaltungsraete-sehen-risiken-doch-es-hapert-bei-krisenvorsorge\/#breadcrumb"},"inLanguage":"en-US","potentialAction":[{"@type":"ReadAction","target":["https:\/\/news.save.ch\/cyber-angriffe-verwaltungsraete-sehen-risiken-doch-es-hapert-bei-krisenvorsorge\/"]}]},{"@type":"ImageObject","inLanguage":"en-US","@id":"https:\/\/news.save.ch\/cyber-angriffe-verwaltungsraete-sehen-risiken-doch-es-hapert-bei-krisenvorsorge\/#primaryimage","url":"https:\/\/news.save.ch\/wp-content\/uploads\/2023\/09\/Grafik-1-Screenshot-2023-09-04-092707.jpg","contentUrl":"https:\/\/news.save.ch\/wp-content\/uploads\/2023\/09\/Grafik-1-Screenshot-2023-09-04-092707.jpg","width":1101,"height":479},{"@type":"BreadcrumbList","@id":"https:\/\/news.save.ch\/cyber-angriffe-verwaltungsraete-sehen-risiken-doch-es-hapert-bei-krisenvorsorge\/#breadcrumb","itemListElement":[{"@type":"ListItem","position":1,"name":"Home","item":"https:\/\/news.save.ch\/de\/"},{"@type":"ListItem","position":2,"name":"Cyber-Angriffe: Verwaltungsr\u00e4te sehen Risiken, doch es hapert bei Krisenvorsorge"}]},{"@type":"WebSite","@id":"https:\/\/news.save.ch\/de\/#website","url":"https:\/\/news.save.ch\/de\/","name":"Save","description":"Swiss trade journal for safety","publisher":{"@id":"https:\/\/news.save.ch\/de\/#organization"},"potentialAction":[{"@type":"SearchAction","target":{"@type":"EntryPoint","urlTemplate":"https:\/\/news.save.ch\/de\/?s={search_term_string}"},"query-input":{"@type":"PropertyValueSpecification","valueRequired":true,"valueName":"search_term_string"}}],"inLanguage":"en-US"},{"@type":"Organization","@id":"https:\/\/news.save.ch\/de\/#organization","name":"Security Forum","url":"https:\/\/news.save.ch\/de\/","logo":{"@type":"ImageObject","inLanguage":"en-US","@id":"https:\/\/news.save.ch\/de\/#\/schema\/logo\/image\/","url":"https:\/\/news.save.ch\/wp-content\/uploads\/2022\/06\/Logo_SF_2012.png","contentUrl":"https:\/\/news.save.ch\/wp-content\/uploads\/2022\/06\/Logo_SF_2012.png","width":1100,"height":91,"caption":"Sicherheitsforum"},"image":{"@id":"https:\/\/news.save.ch\/de\/#\/schema\/logo\/image\/"}},{"@type":"Person","@id":"https:\/\/news.save.ch\/de\/#\/schema\/person\/d5022db048e0e2b9785c50e5b24da5aa","name":"Roger Str\u00e4ssle","image":{"@type":"ImageObject","inLanguage":"en-US","@id":"https:\/\/secure.gravatar.com\/avatar\/862a5569d087de48e5856e32f45d719a03804c891d6deb8d4f71a660e79e4a47?s=96&d=mm&r=g","url":"https:\/\/secure.gravatar.com\/avatar\/862a5569d087de48e5856e32f45d719a03804c891d6deb8d4f71a660e79e4a47?s=96&d=mm&r=g","contentUrl":"https:\/\/secure.gravatar.com\/avatar\/862a5569d087de48e5856e32f45d719a03804c891d6deb8d4f71a660e79e4a47?s=96&d=mm&r=g","caption":"Roger Str\u00e4ssle"},"url":"https:\/\/news.save.ch\/en\/author\/roger-straessle\/"}]}},"_links":{"self":[{"href":"https:\/\/news.save.ch\/en\/wp-json\/wp\/v2\/posts\/21964","targetHints":{"allow":["GET"]}}],"collection":[{"href":"https:\/\/news.save.ch\/en\/wp-json\/wp\/v2\/posts"}],"about":[{"href":"https:\/\/news.save.ch\/en\/wp-json\/wp\/v2\/types\/post"}],"author":[{"embeddable":true,"href":"https:\/\/news.save.ch\/en\/wp-json\/wp\/v2\/users\/8"}],"replies":[{"embeddable":true,"href":"https:\/\/news.save.ch\/en\/wp-json\/wp\/v2\/comments?post=21964"}],"version-history":[{"count":2,"href":"https:\/\/news.save.ch\/en\/wp-json\/wp\/v2\/posts\/21964\/revisions"}],"predecessor-version":[{"id":21968,"href":"https:\/\/news.save.ch\/en\/wp-json\/wp\/v2\/posts\/21964\/revisions\/21968"}],"wp:featuredmedia":[{"embeddable":true,"href":"https:\/\/news.save.ch\/en\/wp-json\/wp\/v2\/media\/21965"}],"wp:attachment":[{"href":"https:\/\/news.save.ch\/en\/wp-json\/wp\/v2\/media?parent=21964"}],"wp:term":[{"taxonomy":"category","embeddable":true,"href":"https:\/\/news.save.ch\/en\/wp-json\/wp\/v2\/categories?post=21964"},{"taxonomy":"post_tag","embeddable":true,"href":"https:\/\/news.save.ch\/en\/wp-json\/wp\/v2\/tags?post=21964"}],"curies":[{"name":"wp","href":"https:\/\/api.w.org\/{rel}","templated":true}]}}