{"id":21969,"date":"2023-09-05T06:00:25","date_gmt":"2023-09-05T04:00:25","guid":{"rendered":"https:\/\/news.save.ch\/?p=21969"},"modified":"2023-09-04T13:48:51","modified_gmt":"2023-09-04T11:48:51","slug":"sicherheits-kongress-die-themen-sind-bekannt","status":null,"type":"post","link":"https:\/\/news.save.ch\/en\/sicherheits-kongress-die-themen-sind-bekannt\/","title":{"rendered":"The topics at the Safety Congress"},"content":{"rendered":"<figure id=\"attachment_21970\" aria-describedby=\"caption-attachment-21970\" style=\"width: 680px\" class=\"wp-caption aligncenter\"><img loading=\"lazy\" decoding=\"async\" class=\"size-medium wp-image-21970\" src=\"https:\/\/news.save.ch\/wp-content\/uploads\/2023\/09\/Swissbau-IMG_1925-680x453.jpg\" alt=\"Security Congress\" width=\"680\" height=\"453\" srcset=\"https:\/\/news.save.ch\/wp-content\/uploads\/2023\/09\/Swissbau-IMG_1925-680x453.jpg 680w, https:\/\/news.save.ch\/wp-content\/uploads\/2023\/09\/Swissbau-IMG_1925-1024x683.jpg 1024w, https:\/\/news.save.ch\/wp-content\/uploads\/2023\/09\/Swissbau-IMG_1925-768x512.jpg 768w, https:\/\/news.save.ch\/wp-content\/uploads\/2023\/09\/Swissbau-IMG_1925-1536x1024.jpg 1536w, https:\/\/news.save.ch\/wp-content\/uploads\/2023\/09\/Swissbau-IMG_1925-2048x1365.jpg 2048w, https:\/\/news.save.ch\/wp-content\/uploads\/2023\/09\/Swissbau-IMG_1925-18x12.jpg 18w, https:\/\/news.save.ch\/wp-content\/uploads\/2023\/09\/Swissbau-IMG_1925-375x250.jpg 375w, https:\/\/news.save.ch\/wp-content\/uploads\/2023\/09\/Swissbau-IMG_1925-525x350.jpg 525w, https:\/\/news.save.ch\/wp-content\/uploads\/2023\/09\/Swissbau-IMG_1925-1000x667.jpg 1000w, https:\/\/news.save.ch\/wp-content\/uploads\/2023\/09\/Swissbau-IMG_1925-scaled.jpg 1200w\" sizes=\"auto, (max-width: 680px) 100vw, 680px\" \/><figcaption id=\"caption-attachment-21970\" class=\"wp-caption-text\">The Safety Congress will again be held in January 2024, in parallel with Swissbau. Archive photo: R. Str\u00e4ssle<\/figcaption><\/figure>\n<p>As the most important B2B platform for security and fire protection, the Security Congress will bring together the responsible professionals, experts and officers for security on a national level from January 16 to 18, parallel to the Swissbau 2024 trade fair. The variety of topics at the congress ranges from building safety to occupational safety, fire protection, technical safety solutions and corporate security. From different perspectives, the protagonists will talk about current trends, experiences and practical approaches to solutions in their core topics.<\/p>\n<h3>What topics?<\/h3>\n<p>In January 2024, well-founded specialist knowledge for security can be acquired and expanded directly in Basel or alternatively via livestream. Qualified experts will be on stage for this purpose. All stakeholders and participants will benefit equally from this specialist transfer of information and experience, as Save AG as organizer emphasizes.<\/p>\n<p>Participation in the congress is subject to a fee and is only possible by registration. According to the organizer, the five half-days are self-contained and can be booked individually or in any number. In addition, the presentations of the two half-day modules on Wednesday 17 January 2024 will be simultaneously translated from German into French.<\/p>\n<p>The five half-day modules in brief overview:<\/p>\n<ul>\n<li>16.01., 13:20 - 16:15: Buildings well designed and safe!<\/li>\n<li>17.01., 09:20 - 12:15: Threats and new security technologies<\/li>\n<li>17.01., 13:40 - 16:40: New energy technologies and fire protection!<\/li>\n<li>18.01., 09:20 - 12:15: Trends in building security<\/li>\n<li>18.01., 13:40 - 16:40: Occupational safety during operation<\/li>\n<\/ul>\n<h3>Combine a visit to Swissbau with continuing education<\/h3>\n<p>The congress fees include free admission to the Swissbau 2024 trade fair. Interested parties can thus optimally combine a visit to the trade fair with the congress and vice versa. The leading platform for the construction and real estate industry in Switzerland offers the perfect opportunity to exchange ideas with like-minded people and to experience the latest developments in their field live.<\/p>\n<p><a href=\"https:\/\/save.ch\/event\/sicherheitskongress-01-2024\"><em>More about the SICHERHEITS congress here<\/em><\/a><\/p>\n<p><a href=\"http:\/\/www.swissbau.ch\/de\"><em>Swissbau at a glance<\/em><\/a><\/p>","protected":false},"excerpt":{"rendered":"<p>Der Sicherheitskongress als bedeutendste B2B-Plattform f\u00fcr Sicherheit und Brandschutz bringt vom 16. Januar bis 18. Januar parallel zur Messe Swissbau 2024 die verantwortlichen Fachkr\u00e4fte, Experten und Beauftragte f\u00fcr Sicherheit auf nationaler Ebene zusammen. Die Themenvielfalt am Kongress reicht von Geb\u00e4udesicherheit \u00fcber Arbeitssicherheit, Brandschutz, technischen Sicherheitsl\u00f6sungen bis hin zu Unternehmenssicherheit. Aus unterschiedlichen Blickwinkeln sprechen die Protagonisten [&hellip;]<\/p>\n","protected":false},"author":8,"featured_media":21970,"comment_status":"closed","ping_status":"closed","sticky":false,"template":"","format":"standard","meta":{"_acf_changed":false,"pgc_sgb_lightbox_settings":"","footnotes":""},"categories":[1],"tags":[2024],"class_list":["post-21969","post","type-post","status-publish","format-standard","has-post-thumbnail","hentry","category-allgemein","tag-fachkongress"],"acf":[],"hkrextid":null,"publication":null,"issue":null,"workflow":null,"startPage":null,"spitzmarke":null,"_posts_by_tag_page_fields":null,"_at_widget":null,"_yoast_wpseo_primary_category":"","_yoast_wpseo_focuskw_text_input":null,"_yoast_wpseo_opengraph-image":null,"_yoast_wpseo_opengraph-description":null,"_yoast_wpseo_opengraph-title":null,"enclosure":null,"_yoast_wpseo_twitter-title":null,"_yoast_wpseo_twitter-description":null,"_yoast_wpseo_twitter-image":null,"_wp_old_slug":null,"_yoast_wpseo_title":null,"_yoast_wpseo_canonical":null,"yoast_head":"<!-- This site is optimized with the Yoast SEO plugin v27.5 - https:\/\/yoast.com\/product\/yoast-seo-wordpress\/ -->\n<title>Die Themen am Sicherheitskongress - Save<\/title>\n<meta name=\"robots\" content=\"index, follow, max-snippet:-1, max-image-preview:large, max-video-preview:-1\" \/>\n<link rel=\"canonical\" href=\"https:\/\/news.save.ch\/en\/sicherheits-kongress-die-themen-sind-bekannt\/\" \/>\n<meta property=\"og:locale\" content=\"en_US\" \/>\n<meta property=\"og:type\" content=\"article\" \/>\n<meta property=\"og:title\" content=\"Die Themen am Sicherheitskongress - Save\" \/>\n<meta property=\"og:description\" content=\"Der Sicherheitskongress als bedeutendste B2B-Plattform f\u00fcr Sicherheit und Brandschutz bringt vom 16. Januar bis 18. Januar parallel zur Messe Swissbau 2024 die verantwortlichen Fachkr\u00e4fte, Experten und Beauftragte f\u00fcr Sicherheit auf nationaler Ebene zusammen. Die Themenvielfalt am Kongress reicht von Geb\u00e4udesicherheit \u00fcber Arbeitssicherheit, Brandschutz, technischen Sicherheitsl\u00f6sungen bis hin zu Unternehmenssicherheit. Aus unterschiedlichen Blickwinkeln sprechen die Protagonisten [&hellip;]\" \/>\n<meta property=\"og:url\" content=\"https:\/\/news.save.ch\/en\/sicherheits-kongress-die-themen-sind-bekannt\/\" \/>\n<meta property=\"og:site_name\" content=\"Save\" \/>\n<meta property=\"article:published_time\" content=\"2023-09-05T04:00:25+00:00\" \/>\n<meta property=\"og:image\" content=\"https:\/\/news.save.ch\/wp-content\/uploads\/2023\/09\/Swissbau-IMG_1925-scaled.jpg\" \/>\n\t<meta property=\"og:image:width\" content=\"1200\" \/>\n\t<meta property=\"og:image:height\" content=\"800\" \/>\n\t<meta property=\"og:image:type\" content=\"image\/jpeg\" \/>\n<meta name=\"author\" content=\"Roger Str\u00e4ssle\" \/>\n<meta name=\"twitter:card\" content=\"summary_large_image\" \/>\n<meta name=\"twitter:label1\" content=\"Written by\" \/>\n\t<meta name=\"twitter:data1\" content=\"Roger Str\u00e4ssle\" \/>\n\t<meta name=\"twitter:label2\" content=\"Est. reading time\" \/>\n\t<meta name=\"twitter:data2\" content=\"2 minutes\" \/>\n<script type=\"application\/ld+json\" class=\"yoast-schema-graph\">{\"@context\":\"https:\\\/\\\/schema.org\",\"@graph\":[{\"@type\":\"Article\",\"@id\":\"https:\\\/\\\/news.save.ch\\\/sicherheits-kongress-die-themen-sind-bekannt\\\/#article\",\"isPartOf\":{\"@id\":\"https:\\\/\\\/news.save.ch\\\/sicherheits-kongress-die-themen-sind-bekannt\\\/\"},\"author\":{\"name\":\"Roger Str\u00e4ssle\",\"@id\":\"https:\\\/\\\/news.save.ch\\\/de\\\/#\\\/schema\\\/person\\\/d5022db048e0e2b9785c50e5b24da5aa\"},\"headline\":\"Die Themen am Sicherheitskongress\",\"datePublished\":\"2023-09-05T04:00:25+00:00\",\"mainEntityOfPage\":{\"@id\":\"https:\\\/\\\/news.save.ch\\\/sicherheits-kongress-die-themen-sind-bekannt\\\/\"},\"wordCount\":297,\"publisher\":{\"@id\":\"https:\\\/\\\/news.save.ch\\\/de\\\/#organization\"},\"image\":{\"@id\":\"https:\\\/\\\/news.save.ch\\\/sicherheits-kongress-die-themen-sind-bekannt\\\/#primaryimage\"},\"thumbnailUrl\":\"https:\\\/\\\/news.save.ch\\\/wp-content\\\/uploads\\\/2023\\\/09\\\/Swissbau-IMG_1925-scaled.jpg\",\"keywords\":[\"Fachkongress\"],\"articleSection\":[\"ALLGEMEIN\"],\"inLanguage\":\"en-US\"},{\"@type\":\"WebPage\",\"@id\":\"https:\\\/\\\/news.save.ch\\\/sicherheits-kongress-die-themen-sind-bekannt\\\/\",\"url\":\"https:\\\/\\\/news.save.ch\\\/sicherheits-kongress-die-themen-sind-bekannt\\\/\",\"name\":\"Die Themen am Sicherheitskongress - Save\",\"isPartOf\":{\"@id\":\"https:\\\/\\\/news.save.ch\\\/de\\\/#website\"},\"primaryImageOfPage\":{\"@id\":\"https:\\\/\\\/news.save.ch\\\/sicherheits-kongress-die-themen-sind-bekannt\\\/#primaryimage\"},\"image\":{\"@id\":\"https:\\\/\\\/news.save.ch\\\/sicherheits-kongress-die-themen-sind-bekannt\\\/#primaryimage\"},\"thumbnailUrl\":\"https:\\\/\\\/news.save.ch\\\/wp-content\\\/uploads\\\/2023\\\/09\\\/Swissbau-IMG_1925-scaled.jpg\",\"datePublished\":\"2023-09-05T04:00:25+00:00\",\"breadcrumb\":{\"@id\":\"https:\\\/\\\/news.save.ch\\\/sicherheits-kongress-die-themen-sind-bekannt\\\/#breadcrumb\"},\"inLanguage\":\"en-US\",\"potentialAction\":[{\"@type\":\"ReadAction\",\"target\":[\"https:\\\/\\\/news.save.ch\\\/sicherheits-kongress-die-themen-sind-bekannt\\\/\"]}]},{\"@type\":\"ImageObject\",\"inLanguage\":\"en-US\",\"@id\":\"https:\\\/\\\/news.save.ch\\\/sicherheits-kongress-die-themen-sind-bekannt\\\/#primaryimage\",\"url\":\"https:\\\/\\\/news.save.ch\\\/wp-content\\\/uploads\\\/2023\\\/09\\\/Swissbau-IMG_1925-scaled.jpg\",\"contentUrl\":\"https:\\\/\\\/news.save.ch\\\/wp-content\\\/uploads\\\/2023\\\/09\\\/Swissbau-IMG_1925-scaled.jpg\",\"width\":1200,\"height\":800,\"caption\":\"Der Sicherheitskongress findet im Januar 2024 erneut parallel zur Swissbau statt.\"},{\"@type\":\"BreadcrumbList\",\"@id\":\"https:\\\/\\\/news.save.ch\\\/sicherheits-kongress-die-themen-sind-bekannt\\\/#breadcrumb\",\"itemListElement\":[{\"@type\":\"ListItem\",\"position\":1,\"name\":\"Home\",\"item\":\"https:\\\/\\\/news.save.ch\\\/de\\\/\"},{\"@type\":\"ListItem\",\"position\":2,\"name\":\"Die Themen am Sicherheitskongress\"}]},{\"@type\":\"WebSite\",\"@id\":\"https:\\\/\\\/news.save.ch\\\/de\\\/#website\",\"url\":\"https:\\\/\\\/news.save.ch\\\/de\\\/\",\"name\":\"Save\",\"description\":\"Schweizer Fachzeitschrift f\u00fcr Sicherheit\",\"publisher\":{\"@id\":\"https:\\\/\\\/news.save.ch\\\/de\\\/#organization\"},\"potentialAction\":[{\"@type\":\"SearchAction\",\"target\":{\"@type\":\"EntryPoint\",\"urlTemplate\":\"https:\\\/\\\/news.save.ch\\\/de\\\/?s={search_term_string}\"},\"query-input\":{\"@type\":\"PropertyValueSpecification\",\"valueRequired\":true,\"valueName\":\"search_term_string\"}}],\"inLanguage\":\"en-US\"},{\"@type\":\"Organization\",\"@id\":\"https:\\\/\\\/news.save.ch\\\/de\\\/#organization\",\"name\":\"Sicherheitsforum\",\"url\":\"https:\\\/\\\/news.save.ch\\\/de\\\/\",\"logo\":{\"@type\":\"ImageObject\",\"inLanguage\":\"en-US\",\"@id\":\"https:\\\/\\\/news.save.ch\\\/de\\\/#\\\/schema\\\/logo\\\/image\\\/\",\"url\":\"https:\\\/\\\/news.save.ch\\\/wp-content\\\/uploads\\\/2022\\\/06\\\/Logo_SF_2012.png\",\"contentUrl\":\"https:\\\/\\\/news.save.ch\\\/wp-content\\\/uploads\\\/2022\\\/06\\\/Logo_SF_2012.png\",\"width\":1100,\"height\":91,\"caption\":\"Sicherheitsforum\"},\"image\":{\"@id\":\"https:\\\/\\\/news.save.ch\\\/de\\\/#\\\/schema\\\/logo\\\/image\\\/\"}},{\"@type\":\"Person\",\"@id\":\"https:\\\/\\\/news.save.ch\\\/de\\\/#\\\/schema\\\/person\\\/d5022db048e0e2b9785c50e5b24da5aa\",\"name\":\"Roger Str\u00e4ssle\",\"image\":{\"@type\":\"ImageObject\",\"inLanguage\":\"en-US\",\"@id\":\"https:\\\/\\\/secure.gravatar.com\\\/avatar\\\/862a5569d087de48e5856e32f45d719a03804c891d6deb8d4f71a660e79e4a47?s=96&d=mm&r=g\",\"url\":\"https:\\\/\\\/secure.gravatar.com\\\/avatar\\\/862a5569d087de48e5856e32f45d719a03804c891d6deb8d4f71a660e79e4a47?s=96&d=mm&r=g\",\"contentUrl\":\"https:\\\/\\\/secure.gravatar.com\\\/avatar\\\/862a5569d087de48e5856e32f45d719a03804c891d6deb8d4f71a660e79e4a47?s=96&d=mm&r=g\",\"caption\":\"Roger Str\u00e4ssle\"},\"url\":\"https:\\\/\\\/news.save.ch\\\/en\\\/author\\\/roger-straessle\\\/\"}]}<\/script>\n<!-- \/ Yoast SEO plugin. -->","yoast_head_json":{"title":"The topics at the Security Congress - Save","robots":{"index":"index","follow":"follow","max-snippet":"max-snippet:-1","max-image-preview":"max-image-preview:large","max-video-preview":"max-video-preview:-1"},"canonical":"https:\/\/news.save.ch\/en\/sicherheits-kongress-die-themen-sind-bekannt\/","og_locale":"en_US","og_type":"article","og_title":"Die Themen am Sicherheitskongress - Save","og_description":"Der Sicherheitskongress als bedeutendste B2B-Plattform f\u00fcr Sicherheit und Brandschutz bringt vom 16. Januar bis 18. Januar parallel zur Messe Swissbau 2024 die verantwortlichen Fachkr\u00e4fte, Experten und Beauftragte f\u00fcr Sicherheit auf nationaler Ebene zusammen. Die Themenvielfalt am Kongress reicht von Geb\u00e4udesicherheit \u00fcber Arbeitssicherheit, Brandschutz, technischen Sicherheitsl\u00f6sungen bis hin zu Unternehmenssicherheit. Aus unterschiedlichen Blickwinkeln sprechen die Protagonisten [&hellip;]","og_url":"https:\/\/news.save.ch\/en\/sicherheits-kongress-die-themen-sind-bekannt\/","og_site_name":"Save","article_published_time":"2023-09-05T04:00:25+00:00","og_image":[{"width":1200,"height":800,"url":"https:\/\/news.save.ch\/wp-content\/uploads\/2023\/09\/Swissbau-IMG_1925-scaled.jpg","type":"image\/jpeg"}],"author":"Roger Str\u00e4ssle","twitter_card":"summary_large_image","twitter_misc":{"Written by":"Roger Str\u00e4ssle","Est. reading time":"2 minutes"},"schema":{"@context":"https:\/\/schema.org","@graph":[{"@type":"Article","@id":"https:\/\/news.save.ch\/sicherheits-kongress-die-themen-sind-bekannt\/#article","isPartOf":{"@id":"https:\/\/news.save.ch\/sicherheits-kongress-die-themen-sind-bekannt\/"},"author":{"name":"Roger Str\u00e4ssle","@id":"https:\/\/news.save.ch\/de\/#\/schema\/person\/d5022db048e0e2b9785c50e5b24da5aa"},"headline":"Die Themen am Sicherheitskongress","datePublished":"2023-09-05T04:00:25+00:00","mainEntityOfPage":{"@id":"https:\/\/news.save.ch\/sicherheits-kongress-die-themen-sind-bekannt\/"},"wordCount":297,"publisher":{"@id":"https:\/\/news.save.ch\/de\/#organization"},"image":{"@id":"https:\/\/news.save.ch\/sicherheits-kongress-die-themen-sind-bekannt\/#primaryimage"},"thumbnailUrl":"https:\/\/news.save.ch\/wp-content\/uploads\/2023\/09\/Swissbau-IMG_1925-scaled.jpg","keywords":["Fachkongress"],"articleSection":["ALLGEMEIN"],"inLanguage":"en-US"},{"@type":"WebPage","@id":"https:\/\/news.save.ch\/sicherheits-kongress-die-themen-sind-bekannt\/","url":"https:\/\/news.save.ch\/sicherheits-kongress-die-themen-sind-bekannt\/","name":"The topics at the Security Congress - Save","isPartOf":{"@id":"https:\/\/news.save.ch\/de\/#website"},"primaryImageOfPage":{"@id":"https:\/\/news.save.ch\/sicherheits-kongress-die-themen-sind-bekannt\/#primaryimage"},"image":{"@id":"https:\/\/news.save.ch\/sicherheits-kongress-die-themen-sind-bekannt\/#primaryimage"},"thumbnailUrl":"https:\/\/news.save.ch\/wp-content\/uploads\/2023\/09\/Swissbau-IMG_1925-scaled.jpg","datePublished":"2023-09-05T04:00:25+00:00","breadcrumb":{"@id":"https:\/\/news.save.ch\/sicherheits-kongress-die-themen-sind-bekannt\/#breadcrumb"},"inLanguage":"en-US","potentialAction":[{"@type":"ReadAction","target":["https:\/\/news.save.ch\/sicherheits-kongress-die-themen-sind-bekannt\/"]}]},{"@type":"ImageObject","inLanguage":"en-US","@id":"https:\/\/news.save.ch\/sicherheits-kongress-die-themen-sind-bekannt\/#primaryimage","url":"https:\/\/news.save.ch\/wp-content\/uploads\/2023\/09\/Swissbau-IMG_1925-scaled.jpg","contentUrl":"https:\/\/news.save.ch\/wp-content\/uploads\/2023\/09\/Swissbau-IMG_1925-scaled.jpg","width":1200,"height":800,"caption":"Der Sicherheitskongress findet im Januar 2024 erneut parallel zur Swissbau statt."},{"@type":"BreadcrumbList","@id":"https:\/\/news.save.ch\/sicherheits-kongress-die-themen-sind-bekannt\/#breadcrumb","itemListElement":[{"@type":"ListItem","position":1,"name":"Home","item":"https:\/\/news.save.ch\/de\/"},{"@type":"ListItem","position":2,"name":"Die Themen am Sicherheitskongress"}]},{"@type":"WebSite","@id":"https:\/\/news.save.ch\/de\/#website","url":"https:\/\/news.save.ch\/de\/","name":"Save","description":"Swiss trade journal for safety","publisher":{"@id":"https:\/\/news.save.ch\/de\/#organization"},"potentialAction":[{"@type":"SearchAction","target":{"@type":"EntryPoint","urlTemplate":"https:\/\/news.save.ch\/de\/?s={search_term_string}"},"query-input":{"@type":"PropertyValueSpecification","valueRequired":true,"valueName":"search_term_string"}}],"inLanguage":"en-US"},{"@type":"Organization","@id":"https:\/\/news.save.ch\/de\/#organization","name":"Security Forum","url":"https:\/\/news.save.ch\/de\/","logo":{"@type":"ImageObject","inLanguage":"en-US","@id":"https:\/\/news.save.ch\/de\/#\/schema\/logo\/image\/","url":"https:\/\/news.save.ch\/wp-content\/uploads\/2022\/06\/Logo_SF_2012.png","contentUrl":"https:\/\/news.save.ch\/wp-content\/uploads\/2022\/06\/Logo_SF_2012.png","width":1100,"height":91,"caption":"Sicherheitsforum"},"image":{"@id":"https:\/\/news.save.ch\/de\/#\/schema\/logo\/image\/"}},{"@type":"Person","@id":"https:\/\/news.save.ch\/de\/#\/schema\/person\/d5022db048e0e2b9785c50e5b24da5aa","name":"Roger Str\u00e4ssle","image":{"@type":"ImageObject","inLanguage":"en-US","@id":"https:\/\/secure.gravatar.com\/avatar\/862a5569d087de48e5856e32f45d719a03804c891d6deb8d4f71a660e79e4a47?s=96&d=mm&r=g","url":"https:\/\/secure.gravatar.com\/avatar\/862a5569d087de48e5856e32f45d719a03804c891d6deb8d4f71a660e79e4a47?s=96&d=mm&r=g","contentUrl":"https:\/\/secure.gravatar.com\/avatar\/862a5569d087de48e5856e32f45d719a03804c891d6deb8d4f71a660e79e4a47?s=96&d=mm&r=g","caption":"Roger Str\u00e4ssle"},"url":"https:\/\/news.save.ch\/en\/author\/roger-straessle\/"}]}},"_links":{"self":[{"href":"https:\/\/news.save.ch\/en\/wp-json\/wp\/v2\/posts\/21969","targetHints":{"allow":["GET"]}}],"collection":[{"href":"https:\/\/news.save.ch\/en\/wp-json\/wp\/v2\/posts"}],"about":[{"href":"https:\/\/news.save.ch\/en\/wp-json\/wp\/v2\/types\/post"}],"author":[{"embeddable":true,"href":"https:\/\/news.save.ch\/en\/wp-json\/wp\/v2\/users\/8"}],"replies":[{"embeddable":true,"href":"https:\/\/news.save.ch\/en\/wp-json\/wp\/v2\/comments?post=21969"}],"version-history":[{"count":3,"href":"https:\/\/news.save.ch\/en\/wp-json\/wp\/v2\/posts\/21969\/revisions"}],"predecessor-version":[{"id":21974,"href":"https:\/\/news.save.ch\/en\/wp-json\/wp\/v2\/posts\/21969\/revisions\/21974"}],"wp:featuredmedia":[{"embeddable":true,"href":"https:\/\/news.save.ch\/en\/wp-json\/wp\/v2\/media\/21970"}],"wp:attachment":[{"href":"https:\/\/news.save.ch\/en\/wp-json\/wp\/v2\/media?parent=21969"}],"wp:term":[{"taxonomy":"category","embeddable":true,"href":"https:\/\/news.save.ch\/en\/wp-json\/wp\/v2\/categories?post=21969"},{"taxonomy":"post_tag","embeddable":true,"href":"https:\/\/news.save.ch\/en\/wp-json\/wp\/v2\/tags?post=21969"}],"curies":[{"name":"wp","href":"https:\/\/api.w.org\/{rel}","templated":true}]}}