{"id":22087,"date":"2023-09-29T10:11:05","date_gmt":"2023-09-29T08:11:05","guid":{"rendered":"https:\/\/news.save.ch\/?p=22087"},"modified":"2023-09-29T10:11:05","modified_gmt":"2023-09-29T08:11:05","slug":"zurueck-in-alter-groesse-inklusive-sicherheitsbranche","status":null,"type":"post","link":"https:\/\/news.save.ch\/en\/zurueck-in-alter-groesse-inklusive-sicherheitsbranche\/","title":{"rendered":"Back to old greatness - including the security industry"},"content":{"rendered":"<figure id=\"attachment_22088\" aria-describedby=\"caption-attachment-22088\" style=\"width: 680px\" class=\"wp-caption aligncenter\"><img loading=\"lazy\" decoding=\"async\" class=\"size-medium wp-image-22088\" src=\"https:\/\/news.save.ch\/wp-content\/uploads\/2023\/09\/IMG_1922-680x453.jpg\" alt=\"Fair\" width=\"680\" height=\"453\" srcset=\"https:\/\/news.save.ch\/wp-content\/uploads\/2023\/09\/IMG_1922-680x453.jpg 680w, https:\/\/news.save.ch\/wp-content\/uploads\/2023\/09\/IMG_1922-1024x683.jpg 1024w, https:\/\/news.save.ch\/wp-content\/uploads\/2023\/09\/IMG_1922-768x512.jpg 768w, https:\/\/news.save.ch\/wp-content\/uploads\/2023\/09\/IMG_1922-1536x1024.jpg 1536w, https:\/\/news.save.ch\/wp-content\/uploads\/2023\/09\/IMG_1922-2048x1365.jpg 2048w, https:\/\/news.save.ch\/wp-content\/uploads\/2023\/09\/IMG_1922-18x12.jpg 18w, https:\/\/news.save.ch\/wp-content\/uploads\/2023\/09\/IMG_1922-375x250.jpg 375w, https:\/\/news.save.ch\/wp-content\/uploads\/2023\/09\/IMG_1922-525x350.jpg 525w, https:\/\/news.save.ch\/wp-content\/uploads\/2023\/09\/IMG_1922-1000x667.jpg 1000w, https:\/\/news.save.ch\/wp-content\/uploads\/2023\/09\/IMG_1922-scaled.jpg 1200w\" sizes=\"auto, (max-width: 680px) 100vw, 680px\" \/><figcaption id=\"caption-attachment-22088\" class=\"wp-caption-text\">Photo: R. Str\u00e4ssle<\/figcaption><\/figure>\n<p>Swissbau is to return to what it was before the pandemic: a major event that represents the entire value chain of the construction industry and its suppliers. When the special edition of Swissbau Compac is held in May 2022, it is not clear whether this small format has done more harm than good, said Claudia Ries, Head of Communications, at the recent media conference. She promised that a full program would be offered at the four-day trade fair from January 16 to 19, 2024 - and expects around 500 exhibitors. The security industry will also be present. It will be located in Hall 1 South on the second floor, together with exhibitors from the electrical engineering and building automation sectors.<\/p>\n<h3>Interdisciplinary meeting points<\/h3>\n<p>The Swissbau motto for 2024 is: \"Shaping change together\". The Swiss construction and real estate industry is confronted with various changes. Digitalization, energy, sustainability, materials and collaboration are the keywords. The trade fair will be opened by Federal Councilor Albert R\u00f6sti and Bauenschweiz, the umbrella organization of the Swiss construction industry.<\/p>\n<p>In addition to the classic presentation of innovations and solutions, Swissbau offers two interdisciplinary meeting points with Swissbau Focus and Lab. According to Rudolf Pfander of Swissbau, the focus will be on knowledge transfer, with \"discussion\", i.e. Focus, and \"trial and error\", i.e. Lab, representing the cornerstones. The two platforms will highlight topics such as climate, energy, the circular economy, materials, collaboration and society.<br \/>\nLeading partners of Swissbau are Bauen digital Schweiz \/ building\u00acSMART Switzerland and the SIA, Swiss Society of Engineers and Architects.<\/p>\n<h3>Security Congress<\/h3>\n<p>For a few years now, the safety congress organized by the Save AG conference company has been held in parallel with the trade fair. At the Congress Center Basel, around 30 speakers will present their knowledge on safety, fire protection and occupational safety in 5 half-day modules. The individual topic blocks of the half-day modules are as follows:<\/p>\n<ul>\n<li>Building well designed and safe! (16.01.)<\/li>\n<li>Threats and new security technologies (Jan. 17)<\/li>\n<li>New energy technologies and fire protection! (17.01.)<\/li>\n<li>Trends in building security (18.01.)<\/li>\n<li>Occupational safety during operation (18.01.)<\/li>\n<\/ul>\n<p><em>More information about the <a href=\"http:\/\/www.swissbau.ch\" target=\"_blank\" rel=\"noopener\">Fair <\/a>and to the <a href=\"https:\/\/save.ch\/event\/sicherheitskongress-01-2024\/\" target=\"_blank\" rel=\"noopener\">Security Congress<\/a><\/em><\/p>\n<p>&nbsp;<\/p>","protected":false},"excerpt":{"rendered":"<p>Die Swissbau soll wieder das werden, was sie vor der Pandemie war: ein Grossanlass, der die gesamte Wertsch\u00f6pfung der Baubranche und ihrer Zulieferer abbildet. Bei der Durchf\u00fchrung der Spezialausgabe Swissbau Compac im Mai 2022 wisse man nicht genau, ob dieses Kleinformat mehr geschadet als gen\u00fctzt habe, zog Kommunikationsleiterin Claudia Ries an der Medienkonferenz k\u00fcrzlich Bilanz. [&hellip;]<\/p>\n","protected":false},"author":8,"featured_media":22088,"comment_status":"closed","ping_status":"closed","sticky":false,"template":"","format":"standard","meta":{"_acf_changed":false,"pgc_sgb_lightbox_settings":"","footnotes":""},"categories":[3312],"tags":[278],"class_list":["post-22087","post","type-post","status-publish","format-standard","has-post-thumbnail","hentry","category-sicherheit","tag-fachkongress-fachmesse"],"acf":[],"hkrextid":null,"publication":null,"issue":null,"workflow":null,"startPage":null,"spitzmarke":null,"_posts_by_tag_page_fields":null,"_at_widget":null,"_yoast_wpseo_primary_category":"3312","_yoast_wpseo_focuskw_text_input":null,"_yoast_wpseo_opengraph-image":null,"_yoast_wpseo_opengraph-description":null,"_yoast_wpseo_opengraph-title":null,"enclosure":null,"_yoast_wpseo_twitter-title":null,"_yoast_wpseo_twitter-description":null,"_yoast_wpseo_twitter-image":null,"_wp_old_slug":null,"_yoast_wpseo_title":null,"_yoast_wpseo_canonical":null,"yoast_head":"<!-- This site is optimized with the Yoast SEO plugin v27.4 - https:\/\/yoast.com\/product\/yoast-seo-wordpress\/ -->\n<title>Zur\u00fcck in alter Gr\u00f6sse \u2013 inklusive Sicherheitsbranche - Save<\/title>\n<meta name=\"description\" content=\"Die Swissbau findet vom 16. bis 19. Januar 2024 in Basel statt. Parallel dazu wird der Sicherheitskongress durchgef\u00fchrt.\" \/>\n<meta name=\"robots\" content=\"index, follow, max-snippet:-1, max-image-preview:large, max-video-preview:-1\" \/>\n<link rel=\"canonical\" href=\"https:\/\/news.save.ch\/en\/zurueck-in-alter-groesse-inklusive-sicherheitsbranche\/\" \/>\n<meta property=\"og:locale\" content=\"en_US\" \/>\n<meta property=\"og:type\" content=\"article\" \/>\n<meta property=\"og:title\" content=\"Zur\u00fcck in alter Gr\u00f6sse \u2013 inklusive Sicherheitsbranche - Save\" \/>\n<meta property=\"og:description\" content=\"Die Swissbau findet vom 16. bis 19. Januar 2024 in Basel statt. Parallel dazu wird der Sicherheitskongress durchgef\u00fchrt.\" \/>\n<meta property=\"og:url\" content=\"https:\/\/news.save.ch\/en\/zurueck-in-alter-groesse-inklusive-sicherheitsbranche\/\" \/>\n<meta property=\"og:site_name\" content=\"Save\" \/>\n<meta property=\"article:published_time\" content=\"2023-09-29T08:11:05+00:00\" \/>\n<meta property=\"og:image\" content=\"https:\/\/news.save.ch\/wp-content\/uploads\/2023\/09\/IMG_1922-scaled.jpg\" \/>\n\t<meta property=\"og:image:width\" content=\"1200\" \/>\n\t<meta property=\"og:image:height\" content=\"800\" \/>\n\t<meta property=\"og:image:type\" content=\"image\/jpeg\" \/>\n<meta name=\"author\" content=\"Roger Str\u00e4ssle\" \/>\n<meta name=\"twitter:card\" content=\"summary_large_image\" \/>\n<meta name=\"twitter:label1\" content=\"Written by\" \/>\n\t<meta name=\"twitter:data1\" content=\"Roger Str\u00e4ssle\" \/>\n\t<meta name=\"twitter:label2\" content=\"Est. reading time\" \/>\n\t<meta name=\"twitter:data2\" content=\"2 minutes\" \/>\n<script type=\"application\/ld+json\" class=\"yoast-schema-graph\">{\"@context\":\"https:\\\/\\\/schema.org\",\"@graph\":[{\"@type\":\"Article\",\"@id\":\"https:\\\/\\\/news.save.ch\\\/zurueck-in-alter-groesse-inklusive-sicherheitsbranche\\\/#article\",\"isPartOf\":{\"@id\":\"https:\\\/\\\/news.save.ch\\\/zurueck-in-alter-groesse-inklusive-sicherheitsbranche\\\/\"},\"author\":{\"name\":\"Roger Str\u00e4ssle\",\"@id\":\"https:\\\/\\\/news.save.ch\\\/de\\\/#\\\/schema\\\/person\\\/d5022db048e0e2b9785c50e5b24da5aa\"},\"headline\":\"Zur\u00fcck in alter Gr\u00f6sse \u2013 inklusive Sicherheitsbranche\",\"datePublished\":\"2023-09-29T08:11:05+00:00\",\"mainEntityOfPage\":{\"@id\":\"https:\\\/\\\/news.save.ch\\\/zurueck-in-alter-groesse-inklusive-sicherheitsbranche\\\/\"},\"wordCount\":329,\"publisher\":{\"@id\":\"https:\\\/\\\/news.save.ch\\\/de\\\/#organization\"},\"image\":{\"@id\":\"https:\\\/\\\/news.save.ch\\\/zurueck-in-alter-groesse-inklusive-sicherheitsbranche\\\/#primaryimage\"},\"thumbnailUrl\":\"https:\\\/\\\/news.save.ch\\\/wp-content\\\/uploads\\\/2023\\\/09\\\/IMG_1922-scaled.jpg\",\"keywords\":[\"Fachkongress \\\/ Fachmesse\"],\"articleSection\":[\"SICHERHEIT\"],\"inLanguage\":\"en-US\"},{\"@type\":\"WebPage\",\"@id\":\"https:\\\/\\\/news.save.ch\\\/zurueck-in-alter-groesse-inklusive-sicherheitsbranche\\\/\",\"url\":\"https:\\\/\\\/news.save.ch\\\/zurueck-in-alter-groesse-inklusive-sicherheitsbranche\\\/\",\"name\":\"Zur\u00fcck in alter Gr\u00f6sse \u2013 inklusive Sicherheitsbranche - Save\",\"isPartOf\":{\"@id\":\"https:\\\/\\\/news.save.ch\\\/de\\\/#website\"},\"primaryImageOfPage\":{\"@id\":\"https:\\\/\\\/news.save.ch\\\/zurueck-in-alter-groesse-inklusive-sicherheitsbranche\\\/#primaryimage\"},\"image\":{\"@id\":\"https:\\\/\\\/news.save.ch\\\/zurueck-in-alter-groesse-inklusive-sicherheitsbranche\\\/#primaryimage\"},\"thumbnailUrl\":\"https:\\\/\\\/news.save.ch\\\/wp-content\\\/uploads\\\/2023\\\/09\\\/IMG_1922-scaled.jpg\",\"datePublished\":\"2023-09-29T08:11:05+00:00\",\"description\":\"Die Swissbau findet vom 16. bis 19. Januar 2024 in Basel statt. Parallel dazu wird der Sicherheitskongress durchgef\u00fchrt.\",\"breadcrumb\":{\"@id\":\"https:\\\/\\\/news.save.ch\\\/zurueck-in-alter-groesse-inklusive-sicherheitsbranche\\\/#breadcrumb\"},\"inLanguage\":\"en-US\",\"potentialAction\":[{\"@type\":\"ReadAction\",\"target\":[\"https:\\\/\\\/news.save.ch\\\/zurueck-in-alter-groesse-inklusive-sicherheitsbranche\\\/\"]}]},{\"@type\":\"ImageObject\",\"inLanguage\":\"en-US\",\"@id\":\"https:\\\/\\\/news.save.ch\\\/zurueck-in-alter-groesse-inklusive-sicherheitsbranche\\\/#primaryimage\",\"url\":\"https:\\\/\\\/news.save.ch\\\/wp-content\\\/uploads\\\/2023\\\/09\\\/IMG_1922-scaled.jpg\",\"contentUrl\":\"https:\\\/\\\/news.save.ch\\\/wp-content\\\/uploads\\\/2023\\\/09\\\/IMG_1922-scaled.jpg\",\"width\":1200,\"height\":800,\"caption\":\"Foto: R. Str\u00e4ssle\"},{\"@type\":\"BreadcrumbList\",\"@id\":\"https:\\\/\\\/news.save.ch\\\/zurueck-in-alter-groesse-inklusive-sicherheitsbranche\\\/#breadcrumb\",\"itemListElement\":[{\"@type\":\"ListItem\",\"position\":1,\"name\":\"Home\",\"item\":\"https:\\\/\\\/news.save.ch\\\/de\\\/\"},{\"@type\":\"ListItem\",\"position\":2,\"name\":\"Zur\u00fcck in alter Gr\u00f6sse \u2013 inklusive Sicherheitsbranche\"}]},{\"@type\":\"WebSite\",\"@id\":\"https:\\\/\\\/news.save.ch\\\/de\\\/#website\",\"url\":\"https:\\\/\\\/news.save.ch\\\/de\\\/\",\"name\":\"Save\",\"description\":\"Schweizer Fachzeitschrift f\u00fcr Sicherheit\",\"publisher\":{\"@id\":\"https:\\\/\\\/news.save.ch\\\/de\\\/#organization\"},\"potentialAction\":[{\"@type\":\"SearchAction\",\"target\":{\"@type\":\"EntryPoint\",\"urlTemplate\":\"https:\\\/\\\/news.save.ch\\\/de\\\/?s={search_term_string}\"},\"query-input\":{\"@type\":\"PropertyValueSpecification\",\"valueRequired\":true,\"valueName\":\"search_term_string\"}}],\"inLanguage\":\"en-US\"},{\"@type\":\"Organization\",\"@id\":\"https:\\\/\\\/news.save.ch\\\/de\\\/#organization\",\"name\":\"Sicherheitsforum\",\"url\":\"https:\\\/\\\/news.save.ch\\\/de\\\/\",\"logo\":{\"@type\":\"ImageObject\",\"inLanguage\":\"en-US\",\"@id\":\"https:\\\/\\\/news.save.ch\\\/de\\\/#\\\/schema\\\/logo\\\/image\\\/\",\"url\":\"https:\\\/\\\/news.save.ch\\\/wp-content\\\/uploads\\\/2022\\\/06\\\/Logo_SF_2012.png\",\"contentUrl\":\"https:\\\/\\\/news.save.ch\\\/wp-content\\\/uploads\\\/2022\\\/06\\\/Logo_SF_2012.png\",\"width\":1100,\"height\":91,\"caption\":\"Sicherheitsforum\"},\"image\":{\"@id\":\"https:\\\/\\\/news.save.ch\\\/de\\\/#\\\/schema\\\/logo\\\/image\\\/\"}},{\"@type\":\"Person\",\"@id\":\"https:\\\/\\\/news.save.ch\\\/de\\\/#\\\/schema\\\/person\\\/d5022db048e0e2b9785c50e5b24da5aa\",\"name\":\"Roger Str\u00e4ssle\",\"image\":{\"@type\":\"ImageObject\",\"inLanguage\":\"en-US\",\"@id\":\"https:\\\/\\\/secure.gravatar.com\\\/avatar\\\/862a5569d087de48e5856e32f45d719a03804c891d6deb8d4f71a660e79e4a47?s=96&d=mm&r=g\",\"url\":\"https:\\\/\\\/secure.gravatar.com\\\/avatar\\\/862a5569d087de48e5856e32f45d719a03804c891d6deb8d4f71a660e79e4a47?s=96&d=mm&r=g\",\"contentUrl\":\"https:\\\/\\\/secure.gravatar.com\\\/avatar\\\/862a5569d087de48e5856e32f45d719a03804c891d6deb8d4f71a660e79e4a47?s=96&d=mm&r=g\",\"caption\":\"Roger Str\u00e4ssle\"},\"url\":\"https:\\\/\\\/news.save.ch\\\/en\\\/author\\\/roger-straessle\\\/\"}]}<\/script>\n<!-- \/ Yoast SEO plugin. -->","yoast_head_json":{"title":"Back to old size - including security industry - Save","description":"Swissbau will be held in Basel from January 16 to 19, 2024. The Safety Congress will be held in parallel.","robots":{"index":"index","follow":"follow","max-snippet":"max-snippet:-1","max-image-preview":"max-image-preview:large","max-video-preview":"max-video-preview:-1"},"canonical":"https:\/\/news.save.ch\/en\/zurueck-in-alter-groesse-inklusive-sicherheitsbranche\/","og_locale":"en_US","og_type":"article","og_title":"Zur\u00fcck in alter Gr\u00f6sse \u2013 inklusive Sicherheitsbranche - Save","og_description":"Die Swissbau findet vom 16. bis 19. Januar 2024 in Basel statt. Parallel dazu wird der Sicherheitskongress durchgef\u00fchrt.","og_url":"https:\/\/news.save.ch\/en\/zurueck-in-alter-groesse-inklusive-sicherheitsbranche\/","og_site_name":"Save","article_published_time":"2023-09-29T08:11:05+00:00","og_image":[{"width":1200,"height":800,"url":"https:\/\/news.save.ch\/wp-content\/uploads\/2023\/09\/IMG_1922-scaled.jpg","type":"image\/jpeg"}],"author":"Roger Str\u00e4ssle","twitter_card":"summary_large_image","twitter_misc":{"Written by":"Roger Str\u00e4ssle","Est. reading time":"2 minutes"},"schema":{"@context":"https:\/\/schema.org","@graph":[{"@type":"Article","@id":"https:\/\/news.save.ch\/zurueck-in-alter-groesse-inklusive-sicherheitsbranche\/#article","isPartOf":{"@id":"https:\/\/news.save.ch\/zurueck-in-alter-groesse-inklusive-sicherheitsbranche\/"},"author":{"name":"Roger Str\u00e4ssle","@id":"https:\/\/news.save.ch\/de\/#\/schema\/person\/d5022db048e0e2b9785c50e5b24da5aa"},"headline":"Zur\u00fcck in alter Gr\u00f6sse \u2013 inklusive Sicherheitsbranche","datePublished":"2023-09-29T08:11:05+00:00","mainEntityOfPage":{"@id":"https:\/\/news.save.ch\/zurueck-in-alter-groesse-inklusive-sicherheitsbranche\/"},"wordCount":329,"publisher":{"@id":"https:\/\/news.save.ch\/de\/#organization"},"image":{"@id":"https:\/\/news.save.ch\/zurueck-in-alter-groesse-inklusive-sicherheitsbranche\/#primaryimage"},"thumbnailUrl":"https:\/\/news.save.ch\/wp-content\/uploads\/2023\/09\/IMG_1922-scaled.jpg","keywords":["Fachkongress \/ Fachmesse"],"articleSection":["SICHERHEIT"],"inLanguage":"en-US"},{"@type":"WebPage","@id":"https:\/\/news.save.ch\/zurueck-in-alter-groesse-inklusive-sicherheitsbranche\/","url":"https:\/\/news.save.ch\/zurueck-in-alter-groesse-inklusive-sicherheitsbranche\/","name":"Back to old size - including security industry - Save","isPartOf":{"@id":"https:\/\/news.save.ch\/de\/#website"},"primaryImageOfPage":{"@id":"https:\/\/news.save.ch\/zurueck-in-alter-groesse-inklusive-sicherheitsbranche\/#primaryimage"},"image":{"@id":"https:\/\/news.save.ch\/zurueck-in-alter-groesse-inklusive-sicherheitsbranche\/#primaryimage"},"thumbnailUrl":"https:\/\/news.save.ch\/wp-content\/uploads\/2023\/09\/IMG_1922-scaled.jpg","datePublished":"2023-09-29T08:11:05+00:00","description":"Swissbau will be held in Basel from January 16 to 19, 2024. The Safety Congress will be held in parallel.","breadcrumb":{"@id":"https:\/\/news.save.ch\/zurueck-in-alter-groesse-inklusive-sicherheitsbranche\/#breadcrumb"},"inLanguage":"en-US","potentialAction":[{"@type":"ReadAction","target":["https:\/\/news.save.ch\/zurueck-in-alter-groesse-inklusive-sicherheitsbranche\/"]}]},{"@type":"ImageObject","inLanguage":"en-US","@id":"https:\/\/news.save.ch\/zurueck-in-alter-groesse-inklusive-sicherheitsbranche\/#primaryimage","url":"https:\/\/news.save.ch\/wp-content\/uploads\/2023\/09\/IMG_1922-scaled.jpg","contentUrl":"https:\/\/news.save.ch\/wp-content\/uploads\/2023\/09\/IMG_1922-scaled.jpg","width":1200,"height":800,"caption":"Foto: R. Str\u00e4ssle"},{"@type":"BreadcrumbList","@id":"https:\/\/news.save.ch\/zurueck-in-alter-groesse-inklusive-sicherheitsbranche\/#breadcrumb","itemListElement":[{"@type":"ListItem","position":1,"name":"Home","item":"https:\/\/news.save.ch\/de\/"},{"@type":"ListItem","position":2,"name":"Zur\u00fcck in alter Gr\u00f6sse \u2013 inklusive Sicherheitsbranche"}]},{"@type":"WebSite","@id":"https:\/\/news.save.ch\/de\/#website","url":"https:\/\/news.save.ch\/de\/","name":"Save","description":"Swiss trade journal for safety","publisher":{"@id":"https:\/\/news.save.ch\/de\/#organization"},"potentialAction":[{"@type":"SearchAction","target":{"@type":"EntryPoint","urlTemplate":"https:\/\/news.save.ch\/de\/?s={search_term_string}"},"query-input":{"@type":"PropertyValueSpecification","valueRequired":true,"valueName":"search_term_string"}}],"inLanguage":"en-US"},{"@type":"Organization","@id":"https:\/\/news.save.ch\/de\/#organization","name":"Security Forum","url":"https:\/\/news.save.ch\/de\/","logo":{"@type":"ImageObject","inLanguage":"en-US","@id":"https:\/\/news.save.ch\/de\/#\/schema\/logo\/image\/","url":"https:\/\/news.save.ch\/wp-content\/uploads\/2022\/06\/Logo_SF_2012.png","contentUrl":"https:\/\/news.save.ch\/wp-content\/uploads\/2022\/06\/Logo_SF_2012.png","width":1100,"height":91,"caption":"Sicherheitsforum"},"image":{"@id":"https:\/\/news.save.ch\/de\/#\/schema\/logo\/image\/"}},{"@type":"Person","@id":"https:\/\/news.save.ch\/de\/#\/schema\/person\/d5022db048e0e2b9785c50e5b24da5aa","name":"Roger Str\u00e4ssle","image":{"@type":"ImageObject","inLanguage":"en-US","@id":"https:\/\/secure.gravatar.com\/avatar\/862a5569d087de48e5856e32f45d719a03804c891d6deb8d4f71a660e79e4a47?s=96&d=mm&r=g","url":"https:\/\/secure.gravatar.com\/avatar\/862a5569d087de48e5856e32f45d719a03804c891d6deb8d4f71a660e79e4a47?s=96&d=mm&r=g","contentUrl":"https:\/\/secure.gravatar.com\/avatar\/862a5569d087de48e5856e32f45d719a03804c891d6deb8d4f71a660e79e4a47?s=96&d=mm&r=g","caption":"Roger Str\u00e4ssle"},"url":"https:\/\/news.save.ch\/en\/author\/roger-straessle\/"}]}},"_links":{"self":[{"href":"https:\/\/news.save.ch\/en\/wp-json\/wp\/v2\/posts\/22087","targetHints":{"allow":["GET"]}}],"collection":[{"href":"https:\/\/news.save.ch\/en\/wp-json\/wp\/v2\/posts"}],"about":[{"href":"https:\/\/news.save.ch\/en\/wp-json\/wp\/v2\/types\/post"}],"author":[{"embeddable":true,"href":"https:\/\/news.save.ch\/en\/wp-json\/wp\/v2\/users\/8"}],"replies":[{"embeddable":true,"href":"https:\/\/news.save.ch\/en\/wp-json\/wp\/v2\/comments?post=22087"}],"version-history":[{"count":2,"href":"https:\/\/news.save.ch\/en\/wp-json\/wp\/v2\/posts\/22087\/revisions"}],"predecessor-version":[{"id":22090,"href":"https:\/\/news.save.ch\/en\/wp-json\/wp\/v2\/posts\/22087\/revisions\/22090"}],"wp:featuredmedia":[{"embeddable":true,"href":"https:\/\/news.save.ch\/en\/wp-json\/wp\/v2\/media\/22088"}],"wp:attachment":[{"href":"https:\/\/news.save.ch\/en\/wp-json\/wp\/v2\/media?parent=22087"}],"wp:term":[{"taxonomy":"category","embeddable":true,"href":"https:\/\/news.save.ch\/en\/wp-json\/wp\/v2\/categories?post=22087"},{"taxonomy":"post_tag","embeddable":true,"href":"https:\/\/news.save.ch\/en\/wp-json\/wp\/v2\/tags?post=22087"}],"curies":[{"name":"wp","href":"https:\/\/api.w.org\/{rel}","templated":true}]}}