{"id":22165,"date":"2023-10-12T16:13:04","date_gmt":"2023-10-12T14:13:04","guid":{"rendered":"https:\/\/news.save.ch\/?p=22165"},"modified":"2023-10-12T16:13:04","modified_gmt":"2023-10-12T14:13:04","slug":"die-grippeimpfsaison-beginnt","status":null,"type":"post","link":"https:\/\/news.save.ch\/en\/die-grippeimpfsaison-beginnt\/","title":{"rendered":"The flu vaccination season begins"},"content":{"rendered":"<figure id=\"attachment_22166\" aria-describedby=\"caption-attachment-22166\" style=\"width: 680px\" class=\"wp-caption aligncenter\"><img loading=\"lazy\" decoding=\"async\" class=\"size-medium wp-image-22166\" src=\"https:\/\/news.save.ch\/wp-content\/uploads\/2023\/10\/Depositphotos_16276145_S-680x468.jpg\" alt=\"Vaccination\" width=\"680\" height=\"468\" srcset=\"https:\/\/news.save.ch\/wp-content\/uploads\/2023\/10\/Depositphotos_16276145_S-680x468.jpg 680w, https:\/\/news.save.ch\/wp-content\/uploads\/2023\/10\/Depositphotos_16276145_S-768x528.jpg 768w, https:\/\/news.save.ch\/wp-content\/uploads\/2023\/10\/Depositphotos_16276145_S-18x12.jpg 18w, https:\/\/news.save.ch\/wp-content\/uploads\/2023\/10\/Depositphotos_16276145_S-375x258.jpg 375w, https:\/\/news.save.ch\/wp-content\/uploads\/2023\/10\/Depositphotos_16276145_S-509x350.jpg 509w, https:\/\/news.save.ch\/wp-content\/uploads\/2023\/10\/Depositphotos_16276145_S.jpg 1000w\" sizes=\"auto, (max-width: 680px) 100vw, 680px\" \/><figcaption id=\"caption-attachment-22166\" class=\"wp-caption-text\">Depositphotos, Subbotina<\/figcaption><\/figure>\n<p>According to the FOPH, flu vaccination is recommended for people with an increased risk of complications from the age of six months: This includes people with chronic conditions such as respiratory or heart disease, pregnant women, premature infants, and anyone 65 and older.<\/p>\n<p>Vaccination is also recommended for all those who come into close professional or private contact with persons with an increased risk of complications. The FOPH therefore recommends vaccination in particular for people living in the same household, medical and nursing staff, and employees of daycare centers and nursing homes. This also included the relatives of infants under six months of age. Infants have an increased risk of complications, but cannot be vaccinated themselves, the FOPH writes.<\/p>\n<h3>Problem poultry<\/h3>\n<p>According to the information, vaccination is now also recommended for people who have regular contact with poultry or wild birds. This is to prevent a person from becoming infected with an avian flu virus and a human flu virus at the same time.<\/p>\n<h3>Timing and cost of vaccination<\/h3>\n<p>The best time to get vaccinated against influenza is from mid-October until the start of the flu epidemic. The FOPH advises making an appointment for the flu vaccination in good time, for example at a doctor's office or pharmacy.<\/p>\n<p>For people with an increased risk of complications according to the FOPH vaccination recommendations, the flu vaccination is generally paid for by the mandatory health care insurance, provided the deductible has already been exhausted. All others pay for the vaccination themselves. Many companies offer the vaccination to their employees free of charge.<\/p>\n<p><em>On the website <a href=\"http:\/\/www.schutzvordergrippe.ch\" target=\"_blank\" rel=\"noopener\">www.schutzvordergrippe.ch<\/a> you can find current and detailed information on flu vaccination.<\/em><\/p>\n<p><em>Information on the <a href=\"http:\/\/news.save.ch\/en\/covid-19-impfung-fuer-besonders-gefaehrdete-personen\/\" target=\"_blank\" rel=\"noopener\">Covid-19 vaccination can be found here<\/a>.<\/em><\/p>\n<p>&nbsp;<\/p>\n<blockquote>\n<h3>New FOPH info portal on communicable diseases<\/h3>\n<p>The FOPH is launching a new information portal in the first half of November. It will provide a clear overview of the epidemiological development of communicable diseases in Switzerland. At the start, the portal will show the numbers of reported influenza and Covid 19 infections, as well as the numbers of other respiratory viruses. Until then, the figures would be published on the Covid dashboard or the FOPH website.<\/p>\n<p>The FOPH will gradually expand the information portal to include other communicable diseases, as it concludes.<\/p><\/blockquote>","protected":false},"excerpt":{"rendered":"<p>Laut BAG wird die Grippeimpfung Menschen mit erh\u00f6htem Komplikationsrisiko ab dem Alter von sechs Monaten empfohlen: Dazu geh\u00f6ren Personen mit chronischen Erkrankungen wie Atemwegs- oder Herzkrankheiten, schwangere Frauen, fr\u00fchgeborene Kinder und alle Menschen ab 65 Jahren. Die Impfung werde weiter allen empfohlen, die beruflich oder privat eng mit Personen mit erh\u00f6htem Komplikationsrisiko in Kontakt k\u00e4men. [&hellip;]<\/p>\n","protected":false},"author":8,"featured_media":22166,"comment_status":"closed","ping_status":"closed","sticky":false,"template":"","format":"standard","meta":{"_acf_changed":false,"pgc_sgb_lightbox_settings":"","footnotes":""},"categories":[1],"tags":[6359],"class_list":["post-22165","post","type-post","status-publish","format-standard","has-post-thumbnail","hentry","category-allgemein","tag-grippeimpfung"],"acf":[],"hkrextid":null,"publication":null,"issue":null,"workflow":null,"startPage":null,"spitzmarke":null,"_posts_by_tag_page_fields":null,"_at_widget":null,"_yoast_wpseo_primary_category":"","_yoast_wpseo_focuskw_text_input":null,"_yoast_wpseo_opengraph-image":null,"_yoast_wpseo_opengraph-description":null,"_yoast_wpseo_opengraph-title":null,"enclosure":null,"_yoast_wpseo_twitter-title":null,"_yoast_wpseo_twitter-description":null,"_yoast_wpseo_twitter-image":null,"_wp_old_slug":null,"_yoast_wpseo_title":null,"_yoast_wpseo_canonical":null,"yoast_head":"<!-- This site is optimized with the Yoast SEO plugin v27.5 - https:\/\/yoast.com\/product\/yoast-seo-wordpress\/ -->\n<title>Die Grippeimpfsaison beginnt - Save<\/title>\n<meta name=\"description\" content=\"Das BAG empfiehlt die Grippeimpfung f\u00fcr bestimmte Personengruppen. Impfen solle sich auch wer Kontakt zu Gefl\u00fcgel\/Wildv\u00f6geln habe.\" \/>\n<meta name=\"robots\" content=\"index, follow, max-snippet:-1, max-image-preview:large, max-video-preview:-1\" \/>\n<link rel=\"canonical\" href=\"https:\/\/news.save.ch\/en\/die-grippeimpfsaison-beginnt\/\" \/>\n<meta property=\"og:locale\" content=\"en_US\" \/>\n<meta property=\"og:type\" content=\"article\" \/>\n<meta property=\"og:title\" content=\"Die Grippeimpfsaison beginnt - Save\" \/>\n<meta property=\"og:description\" content=\"Das BAG empfiehlt die Grippeimpfung f\u00fcr bestimmte Personengruppen. Impfen solle sich auch wer Kontakt zu Gefl\u00fcgel\/Wildv\u00f6geln habe.\" \/>\n<meta property=\"og:url\" content=\"https:\/\/news.save.ch\/en\/die-grippeimpfsaison-beginnt\/\" \/>\n<meta property=\"og:site_name\" content=\"Save\" \/>\n<meta property=\"article:published_time\" content=\"2023-10-12T14:13:04+00:00\" \/>\n<meta property=\"og:image\" content=\"https:\/\/news.save.ch\/wp-content\/uploads\/2023\/10\/Depositphotos_16276145_S.jpg\" \/>\n\t<meta property=\"og:image:width\" content=\"1000\" \/>\n\t<meta property=\"og:image:height\" content=\"688\" \/>\n\t<meta property=\"og:image:type\" content=\"image\/jpeg\" \/>\n<meta name=\"author\" content=\"Roger Str\u00e4ssle\" \/>\n<meta name=\"twitter:card\" content=\"summary_large_image\" \/>\n<meta name=\"twitter:label1\" content=\"Written by\" \/>\n\t<meta name=\"twitter:data1\" content=\"Roger Str\u00e4ssle\" \/>\n\t<meta name=\"twitter:label2\" content=\"Est. reading time\" \/>\n\t<meta name=\"twitter:data2\" content=\"3 minutes\" \/>\n<script type=\"application\/ld+json\" class=\"yoast-schema-graph\">{\"@context\":\"https:\\\/\\\/schema.org\",\"@graph\":[{\"@type\":\"Article\",\"@id\":\"https:\\\/\\\/news.save.ch\\\/die-grippeimpfsaison-beginnt\\\/#article\",\"isPartOf\":{\"@id\":\"https:\\\/\\\/news.save.ch\\\/die-grippeimpfsaison-beginnt\\\/\"},\"author\":{\"name\":\"Roger Str\u00e4ssle\",\"@id\":\"https:\\\/\\\/news.save.ch\\\/de\\\/#\\\/schema\\\/person\\\/d5022db048e0e2b9785c50e5b24da5aa\"},\"headline\":\"Die Grippeimpfsaison beginnt\",\"datePublished\":\"2023-10-12T14:13:04+00:00\",\"mainEntityOfPage\":{\"@id\":\"https:\\\/\\\/news.save.ch\\\/die-grippeimpfsaison-beginnt\\\/\"},\"wordCount\":362,\"publisher\":{\"@id\":\"https:\\\/\\\/news.save.ch\\\/de\\\/#organization\"},\"image\":{\"@id\":\"https:\\\/\\\/news.save.ch\\\/die-grippeimpfsaison-beginnt\\\/#primaryimage\"},\"thumbnailUrl\":\"https:\\\/\\\/news.save.ch\\\/wp-content\\\/uploads\\\/2023\\\/10\\\/Depositphotos_16276145_S.jpg\",\"keywords\":[\"Grippeimpfung\"],\"articleSection\":[\"ALLGEMEIN\"],\"inLanguage\":\"en-US\"},{\"@type\":\"WebPage\",\"@id\":\"https:\\\/\\\/news.save.ch\\\/die-grippeimpfsaison-beginnt\\\/\",\"url\":\"https:\\\/\\\/news.save.ch\\\/die-grippeimpfsaison-beginnt\\\/\",\"name\":\"Die Grippeimpfsaison beginnt - Save\",\"isPartOf\":{\"@id\":\"https:\\\/\\\/news.save.ch\\\/de\\\/#website\"},\"primaryImageOfPage\":{\"@id\":\"https:\\\/\\\/news.save.ch\\\/die-grippeimpfsaison-beginnt\\\/#primaryimage\"},\"image\":{\"@id\":\"https:\\\/\\\/news.save.ch\\\/die-grippeimpfsaison-beginnt\\\/#primaryimage\"},\"thumbnailUrl\":\"https:\\\/\\\/news.save.ch\\\/wp-content\\\/uploads\\\/2023\\\/10\\\/Depositphotos_16276145_S.jpg\",\"datePublished\":\"2023-10-12T14:13:04+00:00\",\"description\":\"Das BAG empfiehlt die Grippeimpfung f\u00fcr bestimmte Personengruppen. Impfen solle sich auch wer Kontakt zu Gefl\u00fcgel\\\/Wildv\u00f6geln habe.\",\"breadcrumb\":{\"@id\":\"https:\\\/\\\/news.save.ch\\\/die-grippeimpfsaison-beginnt\\\/#breadcrumb\"},\"inLanguage\":\"en-US\",\"potentialAction\":[{\"@type\":\"ReadAction\",\"target\":[\"https:\\\/\\\/news.save.ch\\\/die-grippeimpfsaison-beginnt\\\/\"]}]},{\"@type\":\"ImageObject\",\"inLanguage\":\"en-US\",\"@id\":\"https:\\\/\\\/news.save.ch\\\/die-grippeimpfsaison-beginnt\\\/#primaryimage\",\"url\":\"https:\\\/\\\/news.save.ch\\\/wp-content\\\/uploads\\\/2023\\\/10\\\/Depositphotos_16276145_S.jpg\",\"contentUrl\":\"https:\\\/\\\/news.save.ch\\\/wp-content\\\/uploads\\\/2023\\\/10\\\/Depositphotos_16276145_S.jpg\",\"width\":1000,\"height\":688,\"caption\":\"Depositphotos, Subbotina\"},{\"@type\":\"BreadcrumbList\",\"@id\":\"https:\\\/\\\/news.save.ch\\\/die-grippeimpfsaison-beginnt\\\/#breadcrumb\",\"itemListElement\":[{\"@type\":\"ListItem\",\"position\":1,\"name\":\"Home\",\"item\":\"https:\\\/\\\/news.save.ch\\\/de\\\/\"},{\"@type\":\"ListItem\",\"position\":2,\"name\":\"Die Grippeimpfsaison beginnt\"}]},{\"@type\":\"WebSite\",\"@id\":\"https:\\\/\\\/news.save.ch\\\/de\\\/#website\",\"url\":\"https:\\\/\\\/news.save.ch\\\/de\\\/\",\"name\":\"Save\",\"description\":\"Schweizer Fachzeitschrift f\u00fcr Sicherheit\",\"publisher\":{\"@id\":\"https:\\\/\\\/news.save.ch\\\/de\\\/#organization\"},\"potentialAction\":[{\"@type\":\"SearchAction\",\"target\":{\"@type\":\"EntryPoint\",\"urlTemplate\":\"https:\\\/\\\/news.save.ch\\\/de\\\/?s={search_term_string}\"},\"query-input\":{\"@type\":\"PropertyValueSpecification\",\"valueRequired\":true,\"valueName\":\"search_term_string\"}}],\"inLanguage\":\"en-US\"},{\"@type\":\"Organization\",\"@id\":\"https:\\\/\\\/news.save.ch\\\/de\\\/#organization\",\"name\":\"Sicherheitsforum\",\"url\":\"https:\\\/\\\/news.save.ch\\\/de\\\/\",\"logo\":{\"@type\":\"ImageObject\",\"inLanguage\":\"en-US\",\"@id\":\"https:\\\/\\\/news.save.ch\\\/de\\\/#\\\/schema\\\/logo\\\/image\\\/\",\"url\":\"https:\\\/\\\/news.save.ch\\\/wp-content\\\/uploads\\\/2022\\\/06\\\/Logo_SF_2012.png\",\"contentUrl\":\"https:\\\/\\\/news.save.ch\\\/wp-content\\\/uploads\\\/2022\\\/06\\\/Logo_SF_2012.png\",\"width\":1100,\"height\":91,\"caption\":\"Sicherheitsforum\"},\"image\":{\"@id\":\"https:\\\/\\\/news.save.ch\\\/de\\\/#\\\/schema\\\/logo\\\/image\\\/\"}},{\"@type\":\"Person\",\"@id\":\"https:\\\/\\\/news.save.ch\\\/de\\\/#\\\/schema\\\/person\\\/d5022db048e0e2b9785c50e5b24da5aa\",\"name\":\"Roger Str\u00e4ssle\",\"image\":{\"@type\":\"ImageObject\",\"inLanguage\":\"en-US\",\"@id\":\"https:\\\/\\\/secure.gravatar.com\\\/avatar\\\/862a5569d087de48e5856e32f45d719a03804c891d6deb8d4f71a660e79e4a47?s=96&d=mm&r=g\",\"url\":\"https:\\\/\\\/secure.gravatar.com\\\/avatar\\\/862a5569d087de48e5856e32f45d719a03804c891d6deb8d4f71a660e79e4a47?s=96&d=mm&r=g\",\"contentUrl\":\"https:\\\/\\\/secure.gravatar.com\\\/avatar\\\/862a5569d087de48e5856e32f45d719a03804c891d6deb8d4f71a660e79e4a47?s=96&d=mm&r=g\",\"caption\":\"Roger Str\u00e4ssle\"},\"url\":\"https:\\\/\\\/news.save.ch\\\/en\\\/author\\\/roger-straessle\\\/\"}]}<\/script>\n<!-- \/ Yoast SEO plugin. -->","yoast_head_json":{"title":"The flu vaccination season begins - Save","description":"The FOPH recommends flu vaccination for certain groups of people. Anyone who has contact with poultry\/wild birds should also be vaccinated.","robots":{"index":"index","follow":"follow","max-snippet":"max-snippet:-1","max-image-preview":"max-image-preview:large","max-video-preview":"max-video-preview:-1"},"canonical":"https:\/\/news.save.ch\/en\/die-grippeimpfsaison-beginnt\/","og_locale":"en_US","og_type":"article","og_title":"Die Grippeimpfsaison beginnt - Save","og_description":"Das BAG empfiehlt die Grippeimpfung f\u00fcr bestimmte Personengruppen. Impfen solle sich auch wer Kontakt zu Gefl\u00fcgel\/Wildv\u00f6geln habe.","og_url":"https:\/\/news.save.ch\/en\/die-grippeimpfsaison-beginnt\/","og_site_name":"Save","article_published_time":"2023-10-12T14:13:04+00:00","og_image":[{"width":1000,"height":688,"url":"https:\/\/news.save.ch\/wp-content\/uploads\/2023\/10\/Depositphotos_16276145_S.jpg","type":"image\/jpeg"}],"author":"Roger Str\u00e4ssle","twitter_card":"summary_large_image","twitter_misc":{"Written by":"Roger Str\u00e4ssle","Est. reading time":"3 minutes"},"schema":{"@context":"https:\/\/schema.org","@graph":[{"@type":"Article","@id":"https:\/\/news.save.ch\/die-grippeimpfsaison-beginnt\/#article","isPartOf":{"@id":"https:\/\/news.save.ch\/die-grippeimpfsaison-beginnt\/"},"author":{"name":"Roger Str\u00e4ssle","@id":"https:\/\/news.save.ch\/de\/#\/schema\/person\/d5022db048e0e2b9785c50e5b24da5aa"},"headline":"Die Grippeimpfsaison beginnt","datePublished":"2023-10-12T14:13:04+00:00","mainEntityOfPage":{"@id":"https:\/\/news.save.ch\/die-grippeimpfsaison-beginnt\/"},"wordCount":362,"publisher":{"@id":"https:\/\/news.save.ch\/de\/#organization"},"image":{"@id":"https:\/\/news.save.ch\/die-grippeimpfsaison-beginnt\/#primaryimage"},"thumbnailUrl":"https:\/\/news.save.ch\/wp-content\/uploads\/2023\/10\/Depositphotos_16276145_S.jpg","keywords":["Grippeimpfung"],"articleSection":["ALLGEMEIN"],"inLanguage":"en-US"},{"@type":"WebPage","@id":"https:\/\/news.save.ch\/die-grippeimpfsaison-beginnt\/","url":"https:\/\/news.save.ch\/die-grippeimpfsaison-beginnt\/","name":"The flu vaccination season begins - Save","isPartOf":{"@id":"https:\/\/news.save.ch\/de\/#website"},"primaryImageOfPage":{"@id":"https:\/\/news.save.ch\/die-grippeimpfsaison-beginnt\/#primaryimage"},"image":{"@id":"https:\/\/news.save.ch\/die-grippeimpfsaison-beginnt\/#primaryimage"},"thumbnailUrl":"https:\/\/news.save.ch\/wp-content\/uploads\/2023\/10\/Depositphotos_16276145_S.jpg","datePublished":"2023-10-12T14:13:04+00:00","description":"The FOPH recommends flu vaccination for certain groups of people. Anyone who has contact with poultry\/wild birds should also be vaccinated.","breadcrumb":{"@id":"https:\/\/news.save.ch\/die-grippeimpfsaison-beginnt\/#breadcrumb"},"inLanguage":"en-US","potentialAction":[{"@type":"ReadAction","target":["https:\/\/news.save.ch\/die-grippeimpfsaison-beginnt\/"]}]},{"@type":"ImageObject","inLanguage":"en-US","@id":"https:\/\/news.save.ch\/die-grippeimpfsaison-beginnt\/#primaryimage","url":"https:\/\/news.save.ch\/wp-content\/uploads\/2023\/10\/Depositphotos_16276145_S.jpg","contentUrl":"https:\/\/news.save.ch\/wp-content\/uploads\/2023\/10\/Depositphotos_16276145_S.jpg","width":1000,"height":688,"caption":"Depositphotos, Subbotina"},{"@type":"BreadcrumbList","@id":"https:\/\/news.save.ch\/die-grippeimpfsaison-beginnt\/#breadcrumb","itemListElement":[{"@type":"ListItem","position":1,"name":"Home","item":"https:\/\/news.save.ch\/de\/"},{"@type":"ListItem","position":2,"name":"Die Grippeimpfsaison beginnt"}]},{"@type":"WebSite","@id":"https:\/\/news.save.ch\/de\/#website","url":"https:\/\/news.save.ch\/de\/","name":"Save","description":"Swiss trade journal for safety","publisher":{"@id":"https:\/\/news.save.ch\/de\/#organization"},"potentialAction":[{"@type":"SearchAction","target":{"@type":"EntryPoint","urlTemplate":"https:\/\/news.save.ch\/de\/?s={search_term_string}"},"query-input":{"@type":"PropertyValueSpecification","valueRequired":true,"valueName":"search_term_string"}}],"inLanguage":"en-US"},{"@type":"Organization","@id":"https:\/\/news.save.ch\/de\/#organization","name":"Security Forum","url":"https:\/\/news.save.ch\/de\/","logo":{"@type":"ImageObject","inLanguage":"en-US","@id":"https:\/\/news.save.ch\/de\/#\/schema\/logo\/image\/","url":"https:\/\/news.save.ch\/wp-content\/uploads\/2022\/06\/Logo_SF_2012.png","contentUrl":"https:\/\/news.save.ch\/wp-content\/uploads\/2022\/06\/Logo_SF_2012.png","width":1100,"height":91,"caption":"Sicherheitsforum"},"image":{"@id":"https:\/\/news.save.ch\/de\/#\/schema\/logo\/image\/"}},{"@type":"Person","@id":"https:\/\/news.save.ch\/de\/#\/schema\/person\/d5022db048e0e2b9785c50e5b24da5aa","name":"Roger Str\u00e4ssle","image":{"@type":"ImageObject","inLanguage":"en-US","@id":"https:\/\/secure.gravatar.com\/avatar\/862a5569d087de48e5856e32f45d719a03804c891d6deb8d4f71a660e79e4a47?s=96&d=mm&r=g","url":"https:\/\/secure.gravatar.com\/avatar\/862a5569d087de48e5856e32f45d719a03804c891d6deb8d4f71a660e79e4a47?s=96&d=mm&r=g","contentUrl":"https:\/\/secure.gravatar.com\/avatar\/862a5569d087de48e5856e32f45d719a03804c891d6deb8d4f71a660e79e4a47?s=96&d=mm&r=g","caption":"Roger Str\u00e4ssle"},"url":"https:\/\/news.save.ch\/en\/author\/roger-straessle\/"}]}},"_links":{"self":[{"href":"https:\/\/news.save.ch\/en\/wp-json\/wp\/v2\/posts\/22165","targetHints":{"allow":["GET"]}}],"collection":[{"href":"https:\/\/news.save.ch\/en\/wp-json\/wp\/v2\/posts"}],"about":[{"href":"https:\/\/news.save.ch\/en\/wp-json\/wp\/v2\/types\/post"}],"author":[{"embeddable":true,"href":"https:\/\/news.save.ch\/en\/wp-json\/wp\/v2\/users\/8"}],"replies":[{"embeddable":true,"href":"https:\/\/news.save.ch\/en\/wp-json\/wp\/v2\/comments?post=22165"}],"version-history":[{"count":2,"href":"https:\/\/news.save.ch\/en\/wp-json\/wp\/v2\/posts\/22165\/revisions"}],"predecessor-version":[{"id":22168,"href":"https:\/\/news.save.ch\/en\/wp-json\/wp\/v2\/posts\/22165\/revisions\/22168"}],"wp:featuredmedia":[{"embeddable":true,"href":"https:\/\/news.save.ch\/en\/wp-json\/wp\/v2\/media\/22166"}],"wp:attachment":[{"href":"https:\/\/news.save.ch\/en\/wp-json\/wp\/v2\/media?parent=22165"}],"wp:term":[{"taxonomy":"category","embeddable":true,"href":"https:\/\/news.save.ch\/en\/wp-json\/wp\/v2\/categories?post=22165"},{"taxonomy":"post_tag","embeddable":true,"href":"https:\/\/news.save.ch\/en\/wp-json\/wp\/v2\/tags?post=22165"}],"curies":[{"name":"wp","href":"https:\/\/api.w.org\/{rel}","templated":true}]}}