{"id":2222,"date":"2015-05-30T09:00:06","date_gmt":"2015-05-30T07:00:06","guid":{"rendered":"https:\/\/dev.sicherheitsforum.ch\/?p=2222"},"modified":"2015-05-30T09:00:06","modified_gmt":"2015-05-30T07:00:06","slug":"bekaempfung-des-terrorismus-im-fokus","status":null,"type":"post","link":"https:\/\/news.save.ch\/en\/bekaempfung-des-terrorismus-im-fokus\/","title":{"rendered":"Focus on the fight against terrorism"},"content":{"rendered":"<figure id=\"attachment_2223\" aria-describedby=\"caption-attachment-2223\" style=\"width: 469px\" class=\"wp-caption alignnone\"><img loading=\"lazy\" decoding=\"async\" class=\"size-full wp-image-2223\" src=\"https:\/\/news.save.ch\/wp-content\/uploads\/2016\/12\/55684da4ae04b_Statistik-fedpol_Sicherheitsforum.jpg\" alt=\"\" width=\"469\" height=\"386\" srcset=\"https:\/\/news.save.ch\/wp-content\/uploads\/2016\/12\/55684da4ae04b_Statistik-fedpol_Sicherheitsforum.jpg 469w, https:\/\/news.save.ch\/wp-content\/uploads\/2016\/12\/55684da4ae04b_Statistik-fedpol_Sicherheitsforum-365x300.jpg 365w\" sizes=\"auto, (max-width: 469px) 100vw, 469px\" \/><figcaption id=\"caption-attachment-2223\" class=\"wp-caption-text\">Transactions by offense under federal jurisdiction<\/figcaption><\/figure>\n<p>Although Switzerland is not a priority target of Islamist terrorism, fedpol had to deal with the increased general threat of jihadist-motivated terrorism in 2014 as well. The primary goal is to prevent terrorist attacks in Switzerland. Furthermore, Switzerland should not serve as a financial and logistical base for the planning and execution of such acts, nor as a transit, origin or destination country for jihadist-motivated travelers, according to the statement.<\/p>\n<p><strong>Measures against terrorism: task force set up<\/strong><\/p>\n<p>Due to the development of the threat situation in Europe, Parliament, the Federal Council and the various authorities involved in counterterrorism decided on various measures in the reporting year. On January 1, 2015, the urgent \"Federal Law on the Prohibition of the Al-Qaeda and Islamic State Groups and Related Organizations\" entered into force; in the fall of 2014, an interdepartmental \"Terrorist Travellers Task Force\" was set up under the leadership of fedpol (see report of February 26, 2015).<\/p>\n<p>In its role as the federal judicial police, fedpol investigated several cases on behalf of the Office of the Attorney General of Switzerland in 2014 of individuals suspected of supporting, belonging to or seeking to join jihadist-motivated terrorist organizations.<\/p>\n<p><strong>Propaganda and radicalization via the Internet<\/strong><\/p>\n<p>The Internet and various social media platforms play a central role in propaganda by jihadist-terrorist groups and in the radicalization of young sympathizers in particular, the Federal Office stresses. As in previous years, fedpol intensively monitors suspected jihadist-terrorist activities on the Internet in Switzerland. Constructive dialogue and cooperation between fedpol and Internet providers are indispensable for successfully combating the activities of jihadist extremists on the Internet.<\/p>\n<p>In addition to combating jihadist activities in the virtual space, fedpol was also involved in 2014 with other forms of <a title=\"Link to the corresponding fedpol message\" href=\"https:\/\/hamster.ch\/magazine\/it-security\/handel-mit-gestohlenen-daten-floriert\" target=\"_blank\" data-cke-saved-href=\"https:\/\/hamster.ch\/magazine\/it-security\/handel-mit-gestohlenen-daten-floriert\" rel=\"noopener\">Cybercrime <\/a>employed.<\/p>\n<p>For more information on federal crime fighting, see the <a href=\"https:\/\/www.fedpol.admin.ch\/dam\/data\/fedpol\/publiservice\/publikationen\/berichte\/jabe\/jabe-2014-d.pdf\" target=\"_blank\" data-cke-saved-href=\"https:\/\/www.fedpol.admin.ch\/dam\/data\/fedpol\/publiservice\/publikationen\/berichte\/jabe\/jabe-2014-d.pdf\" rel=\"noopener\">fedpol annual report<\/a> to be taken from the annual report. The statistics for the annual report are <a href=\"https:\/\/www.fedpol.admin.ch\/dam\/data\/fedpol\/publiservice\/publikationen\/berichte\/jabe\/jabe-2014-stat-d.pdf\" target=\"_blank\" data-cke-saved-href=\"https:\/\/www.fedpol.admin.ch\/dam\/data\/fedpol\/publiservice\/publikationen\/berichte\/jabe\/jabe-2014-stat-d.pdf\" rel=\"noopener\">here<\/a> to find.<\/p>\n<p>&nbsp;<\/p>","protected":false},"excerpt":{"rendered":"<p>Obwohl die Schweiz nicht priorit\u00e4res Ziel des islamistischen Terrorismus ist, musste sich fedpol auch 2014 mit der erh\u00f6hten allgemeinen Bedrohung durch dschihadistisch motivierten Terrorismus auseinandersetzen. Prim\u00e4res Ziel sei\u00a0die Verhinderung von terroristischen Anschl\u00e4gen in der Schweiz. Ausserdem soll die Schweiz weder als finanzielle und logistische Basis f\u00fcr die Planung und Durchf\u00fchrung solcher Taten, noch als Transit-, [&hellip;]<\/p>\n","protected":false},"author":1,"featured_media":2223,"comment_status":"open","ping_status":"open","sticky":false,"template":"","format":"standard","meta":{"_acf_changed":false,"pgc_sgb_lightbox_settings":"","footnotes":""},"categories":[1],"tags":[120,237,43],"class_list":["post-2222","post","type-post","status-publish","format-standard","has-post-thumbnail","hentry","category-allgemein","tag-bundesamt","tag-fedpol-jahresbericht-2014","tag-terrorismus"],"acf":[],"hkrextid":null,"publication":null,"issue":null,"workflow":null,"startPage":null,"spitzmarke":null,"_posts_by_tag_page_fields":{"widget_title":"","widget_tags":""},"_at_widget":"1","_yoast_wpseo_primary_category":"","_yoast_wpseo_focuskw_text_input":"Terrorismus","_yoast_wpseo_opengraph-image":"https:\/\/sicherheitsforum.ch\/wp-content\/uploads\/2016\/12\/55684da4ae04b_Statistik-fedpol_Sicherheitsforum.jpg","_yoast_wpseo_opengraph-description":"Im Fokus der Aktivit\u00e4ten des Bundesamtes f\u00fcr Polizei fedpol stand im Jahr 2014 vor allem die Bek\u00e4mpfung des Terrorismus. Das Bundesamt leitet die 2014 geschaffene \u00abTask Force Terrorist Travellers\u00bb. Deren Hauptziel ist es, terroristische Straftaten in der Schweiz sowie den Export von Terrorismus aus der Schweiz in Konfliktregionen zu verhindern. Weitere Schwerpunkte von fedpol waren Ermittlungen gegen mutmassliche Mitglieder krimineller Organisationen, aber auch die Bearbeitung von Meldungen wegen Geldw\u00e4scherei.","_yoast_wpseo_opengraph-title":"Bek\u00e4mpfung des Terrorismus im Fokus","enclosure":null,"_yoast_wpseo_twitter-title":null,"_yoast_wpseo_twitter-description":null,"_yoast_wpseo_twitter-image":null,"_wp_old_slug":null,"_yoast_wpseo_title":null,"_yoast_wpseo_canonical":null,"yoast_head":"<!-- This site is optimized with the Yoast SEO plugin v27.4 - https:\/\/yoast.com\/product\/yoast-seo-wordpress\/ -->\n<title>Bek\u00e4mpfung des Terrorismus im Fokus - Save<\/title>\n<meta name=\"description\" content=\"Im Fokus der fedpol stand 2014 vor allem die Bek\u00e4mpfung des Terrorismus. Das Bundesamt leitet die 2014 geschaffene \u00abTask Force Terrorist Travellers\u00bb.\" \/>\n<meta name=\"robots\" content=\"index, follow, max-snippet:-1, max-image-preview:large, max-video-preview:-1\" \/>\n<link rel=\"canonical\" href=\"https:\/\/news.save.ch\/en\/bekaempfung-des-terrorismus-im-fokus\/\" \/>\n<meta property=\"og:locale\" content=\"en_US\" \/>\n<meta property=\"og:type\" content=\"article\" \/>\n<meta property=\"og:title\" content=\"Bek\u00e4mpfung des Terrorismus im Fokus\" \/>\n<meta property=\"og:description\" content=\"Im Fokus der Aktivit\u00e4ten des Bundesamtes f\u00fcr Polizei fedpol stand im Jahr 2014 vor allem die Bek\u00e4mpfung des Terrorismus. Das Bundesamt leitet die 2014 geschaffene \u00abTask Force Terrorist Travellers\u00bb. Deren Hauptziel ist es, terroristische Straftaten in der Schweiz sowie den Export von Terrorismus aus der Schweiz in Konfliktregionen zu verhindern. Weitere Schwerpunkte von fedpol waren Ermittlungen gegen mutmassliche Mitglieder krimineller Organisationen, aber auch die Bearbeitung von Meldungen wegen Geldw\u00e4scherei.\" \/>\n<meta property=\"og:url\" content=\"https:\/\/news.save.ch\/en\/bekaempfung-des-terrorismus-im-fokus\/\" \/>\n<meta property=\"og:site_name\" content=\"Save\" \/>\n<meta property=\"article:published_time\" content=\"2015-05-30T07:00:06+00:00\" \/>\n<meta property=\"og:image\" content=\"https:\/\/sicherheitsforum.ch\/wp-content\/uploads\/2016\/12\/55684da4ae04b_Statistik-fedpol_Sicherheitsforum.jpg\" \/>\n<meta name=\"author\" content=\"admin\" \/>\n<meta name=\"twitter:card\" content=\"summary_large_image\" \/>\n<meta name=\"twitter:label1\" content=\"Written by\" \/>\n\t<meta name=\"twitter:data1\" content=\"admin\" \/>\n\t<meta name=\"twitter:label2\" content=\"Est. reading time\" \/>\n\t<meta name=\"twitter:data2\" content=\"2 minutes\" \/>\n<script type=\"application\/ld+json\" class=\"yoast-schema-graph\">{\"@context\":\"https:\\\/\\\/schema.org\",\"@graph\":[{\"@type\":\"Article\",\"@id\":\"https:\\\/\\\/news.save.ch\\\/bekaempfung-des-terrorismus-im-fokus\\\/#article\",\"isPartOf\":{\"@id\":\"https:\\\/\\\/news.save.ch\\\/bekaempfung-des-terrorismus-im-fokus\\\/\"},\"author\":{\"name\":\"admin\",\"@id\":\"https:\\\/\\\/news.save.ch\\\/de\\\/#\\\/schema\\\/person\\\/d49e199490bad7c70d64b9ab51142f2b\"},\"headline\":\"Bek\u00e4mpfung des Terrorismus im Fokus\",\"datePublished\":\"2015-05-30T07:00:06+00:00\",\"mainEntityOfPage\":{\"@id\":\"https:\\\/\\\/news.save.ch\\\/bekaempfung-des-terrorismus-im-fokus\\\/\"},\"wordCount\":331,\"commentCount\":0,\"publisher\":{\"@id\":\"https:\\\/\\\/news.save.ch\\\/de\\\/#organization\"},\"image\":{\"@id\":\"https:\\\/\\\/news.save.ch\\\/bekaempfung-des-terrorismus-im-fokus\\\/#primaryimage\"},\"thumbnailUrl\":\"https:\\\/\\\/news.save.ch\\\/wp-content\\\/uploads\\\/2016\\\/12\\\/55684da4ae04b_Statistik-fedpol_Sicherheitsforum.jpg\",\"keywords\":[\"Bundesamt\",\"fedpol-Jahresbericht 2014\",\"Terrorismus\"],\"articleSection\":[\"ALLGEMEIN\"],\"inLanguage\":\"en-US\"},{\"@type\":\"WebPage\",\"@id\":\"https:\\\/\\\/news.save.ch\\\/bekaempfung-des-terrorismus-im-fokus\\\/\",\"url\":\"https:\\\/\\\/news.save.ch\\\/bekaempfung-des-terrorismus-im-fokus\\\/\",\"name\":\"Bek\u00e4mpfung des Terrorismus im Fokus - Save\",\"isPartOf\":{\"@id\":\"https:\\\/\\\/news.save.ch\\\/de\\\/#website\"},\"primaryImageOfPage\":{\"@id\":\"https:\\\/\\\/news.save.ch\\\/bekaempfung-des-terrorismus-im-fokus\\\/#primaryimage\"},\"image\":{\"@id\":\"https:\\\/\\\/news.save.ch\\\/bekaempfung-des-terrorismus-im-fokus\\\/#primaryimage\"},\"thumbnailUrl\":\"https:\\\/\\\/news.save.ch\\\/wp-content\\\/uploads\\\/2016\\\/12\\\/55684da4ae04b_Statistik-fedpol_Sicherheitsforum.jpg\",\"datePublished\":\"2015-05-30T07:00:06+00:00\",\"description\":\"Im Fokus der fedpol stand 2014 vor allem die Bek\u00e4mpfung des Terrorismus. Das Bundesamt leitet die 2014 geschaffene \u00abTask Force Terrorist Travellers\u00bb.\",\"breadcrumb\":{\"@id\":\"https:\\\/\\\/news.save.ch\\\/bekaempfung-des-terrorismus-im-fokus\\\/#breadcrumb\"},\"inLanguage\":\"en-US\",\"potentialAction\":[{\"@type\":\"ReadAction\",\"target\":[\"https:\\\/\\\/news.save.ch\\\/bekaempfung-des-terrorismus-im-fokus\\\/\"]}]},{\"@type\":\"ImageObject\",\"inLanguage\":\"en-US\",\"@id\":\"https:\\\/\\\/news.save.ch\\\/bekaempfung-des-terrorismus-im-fokus\\\/#primaryimage\",\"url\":\"https:\\\/\\\/news.save.ch\\\/wp-content\\\/uploads\\\/2016\\\/12\\\/55684da4ae04b_Statistik-fedpol_Sicherheitsforum.jpg\",\"contentUrl\":\"https:\\\/\\\/news.save.ch\\\/wp-content\\\/uploads\\\/2016\\\/12\\\/55684da4ae04b_Statistik-fedpol_Sicherheitsforum.jpg\",\"width\":469,\"height\":386,\"caption\":\"Gesch\u00e4fte nach Deliktsbereich in Bundeskompetenz\"},{\"@type\":\"BreadcrumbList\",\"@id\":\"https:\\\/\\\/news.save.ch\\\/bekaempfung-des-terrorismus-im-fokus\\\/#breadcrumb\",\"itemListElement\":[{\"@type\":\"ListItem\",\"position\":1,\"name\":\"Home\",\"item\":\"https:\\\/\\\/news.save.ch\\\/de\\\/\"},{\"@type\":\"ListItem\",\"position\":2,\"name\":\"Bek\u00e4mpfung des Terrorismus im Fokus\"}]},{\"@type\":\"WebSite\",\"@id\":\"https:\\\/\\\/news.save.ch\\\/de\\\/#website\",\"url\":\"https:\\\/\\\/news.save.ch\\\/de\\\/\",\"name\":\"Save\",\"description\":\"Schweizer Fachzeitschrift f\u00fcr Sicherheit\",\"publisher\":{\"@id\":\"https:\\\/\\\/news.save.ch\\\/de\\\/#organization\"},\"potentialAction\":[{\"@type\":\"SearchAction\",\"target\":{\"@type\":\"EntryPoint\",\"urlTemplate\":\"https:\\\/\\\/news.save.ch\\\/de\\\/?s={search_term_string}\"},\"query-input\":{\"@type\":\"PropertyValueSpecification\",\"valueRequired\":true,\"valueName\":\"search_term_string\"}}],\"inLanguage\":\"en-US\"},{\"@type\":\"Organization\",\"@id\":\"https:\\\/\\\/news.save.ch\\\/de\\\/#organization\",\"name\":\"Sicherheitsforum\",\"url\":\"https:\\\/\\\/news.save.ch\\\/de\\\/\",\"logo\":{\"@type\":\"ImageObject\",\"inLanguage\":\"en-US\",\"@id\":\"https:\\\/\\\/news.save.ch\\\/de\\\/#\\\/schema\\\/logo\\\/image\\\/\",\"url\":\"https:\\\/\\\/news.save.ch\\\/wp-content\\\/uploads\\\/2022\\\/06\\\/Logo_SF_2012.png\",\"contentUrl\":\"https:\\\/\\\/news.save.ch\\\/wp-content\\\/uploads\\\/2022\\\/06\\\/Logo_SF_2012.png\",\"width\":1100,\"height\":91,\"caption\":\"Sicherheitsforum\"},\"image\":{\"@id\":\"https:\\\/\\\/news.save.ch\\\/de\\\/#\\\/schema\\\/logo\\\/image\\\/\"}},{\"@type\":\"Person\",\"@id\":\"https:\\\/\\\/news.save.ch\\\/de\\\/#\\\/schema\\\/person\\\/d49e199490bad7c70d64b9ab51142f2b\",\"name\":\"admin\",\"image\":{\"@type\":\"ImageObject\",\"inLanguage\":\"en-US\",\"@id\":\"https:\\\/\\\/secure.gravatar.com\\\/avatar\\\/ae2f4d718e6c49043e314ce431e7e645d646302a24a5ef5a8bc8e3f5a032e319?s=96&d=mm&r=g\",\"url\":\"https:\\\/\\\/secure.gravatar.com\\\/avatar\\\/ae2f4d718e6c49043e314ce431e7e645d646302a24a5ef5a8bc8e3f5a032e319?s=96&d=mm&r=g\",\"contentUrl\":\"https:\\\/\\\/secure.gravatar.com\\\/avatar\\\/ae2f4d718e6c49043e314ce431e7e645d646302a24a5ef5a8bc8e3f5a032e319?s=96&d=mm&r=g\",\"caption\":\"admin\"},\"sameAs\":[\"https:\\\/\\\/develop.organisator.galledia.ch\"],\"url\":\"https:\\\/\\\/news.save.ch\\\/en\\\/author\\\/admin\\\/\"}]}<\/script>\n<!-- \/ Yoast SEO plugin. -->","yoast_head_json":{"title":"Counterterrorism in focus - Save","description":"In 2014, fedpol focused primarily on the fight against terrorism. The federal office heads the \"Terrorist Travellers Task Force\" created in 2014.","robots":{"index":"index","follow":"follow","max-snippet":"max-snippet:-1","max-image-preview":"max-image-preview:large","max-video-preview":"max-video-preview:-1"},"canonical":"https:\/\/news.save.ch\/en\/bekaempfung-des-terrorismus-im-fokus\/","og_locale":"en_US","og_type":"article","og_title":"Bek\u00e4mpfung des Terrorismus im Fokus","og_description":"Im Fokus der Aktivit\u00e4ten des Bundesamtes f\u00fcr Polizei fedpol stand im Jahr 2014 vor allem die Bek\u00e4mpfung des Terrorismus. Das Bundesamt leitet die 2014 geschaffene \u00abTask Force Terrorist Travellers\u00bb. Deren Hauptziel ist es, terroristische Straftaten in der Schweiz sowie den Export von Terrorismus aus der Schweiz in Konfliktregionen zu verhindern. Weitere Schwerpunkte von fedpol waren Ermittlungen gegen mutmassliche Mitglieder krimineller Organisationen, aber auch die Bearbeitung von Meldungen wegen Geldw\u00e4scherei.","og_url":"https:\/\/news.save.ch\/en\/bekaempfung-des-terrorismus-im-fokus\/","og_site_name":"Save","article_published_time":"2015-05-30T07:00:06+00:00","og_image":[{"url":"https:\/\/sicherheitsforum.ch\/wp-content\/uploads\/2016\/12\/55684da4ae04b_Statistik-fedpol_Sicherheitsforum.jpg","type":"","width":"","height":""}],"author":"admin","twitter_card":"summary_large_image","twitter_misc":{"Written by":"admin","Est. reading time":"2 minutes"},"schema":{"@context":"https:\/\/schema.org","@graph":[{"@type":"Article","@id":"https:\/\/news.save.ch\/bekaempfung-des-terrorismus-im-fokus\/#article","isPartOf":{"@id":"https:\/\/news.save.ch\/bekaempfung-des-terrorismus-im-fokus\/"},"author":{"name":"admin","@id":"https:\/\/news.save.ch\/de\/#\/schema\/person\/d49e199490bad7c70d64b9ab51142f2b"},"headline":"Bek\u00e4mpfung des Terrorismus im Fokus","datePublished":"2015-05-30T07:00:06+00:00","mainEntityOfPage":{"@id":"https:\/\/news.save.ch\/bekaempfung-des-terrorismus-im-fokus\/"},"wordCount":331,"commentCount":0,"publisher":{"@id":"https:\/\/news.save.ch\/de\/#organization"},"image":{"@id":"https:\/\/news.save.ch\/bekaempfung-des-terrorismus-im-fokus\/#primaryimage"},"thumbnailUrl":"https:\/\/news.save.ch\/wp-content\/uploads\/2016\/12\/55684da4ae04b_Statistik-fedpol_Sicherheitsforum.jpg","keywords":["Bundesamt","fedpol-Jahresbericht 2014","Terrorismus"],"articleSection":["ALLGEMEIN"],"inLanguage":"en-US"},{"@type":"WebPage","@id":"https:\/\/news.save.ch\/bekaempfung-des-terrorismus-im-fokus\/","url":"https:\/\/news.save.ch\/bekaempfung-des-terrorismus-im-fokus\/","name":"Counterterrorism in focus - Save","isPartOf":{"@id":"https:\/\/news.save.ch\/de\/#website"},"primaryImageOfPage":{"@id":"https:\/\/news.save.ch\/bekaempfung-des-terrorismus-im-fokus\/#primaryimage"},"image":{"@id":"https:\/\/news.save.ch\/bekaempfung-des-terrorismus-im-fokus\/#primaryimage"},"thumbnailUrl":"https:\/\/news.save.ch\/wp-content\/uploads\/2016\/12\/55684da4ae04b_Statistik-fedpol_Sicherheitsforum.jpg","datePublished":"2015-05-30T07:00:06+00:00","description":"In 2014, fedpol focused primarily on the fight against terrorism. The federal office heads the \"Terrorist Travellers Task Force\" created in 2014.","breadcrumb":{"@id":"https:\/\/news.save.ch\/bekaempfung-des-terrorismus-im-fokus\/#breadcrumb"},"inLanguage":"en-US","potentialAction":[{"@type":"ReadAction","target":["https:\/\/news.save.ch\/bekaempfung-des-terrorismus-im-fokus\/"]}]},{"@type":"ImageObject","inLanguage":"en-US","@id":"https:\/\/news.save.ch\/bekaempfung-des-terrorismus-im-fokus\/#primaryimage","url":"https:\/\/news.save.ch\/wp-content\/uploads\/2016\/12\/55684da4ae04b_Statistik-fedpol_Sicherheitsforum.jpg","contentUrl":"https:\/\/news.save.ch\/wp-content\/uploads\/2016\/12\/55684da4ae04b_Statistik-fedpol_Sicherheitsforum.jpg","width":469,"height":386,"caption":"Gesch\u00e4fte nach Deliktsbereich in Bundeskompetenz"},{"@type":"BreadcrumbList","@id":"https:\/\/news.save.ch\/bekaempfung-des-terrorismus-im-fokus\/#breadcrumb","itemListElement":[{"@type":"ListItem","position":1,"name":"Home","item":"https:\/\/news.save.ch\/de\/"},{"@type":"ListItem","position":2,"name":"Bek\u00e4mpfung des Terrorismus im Fokus"}]},{"@type":"WebSite","@id":"https:\/\/news.save.ch\/de\/#website","url":"https:\/\/news.save.ch\/de\/","name":"Save","description":"Swiss trade journal for safety","publisher":{"@id":"https:\/\/news.save.ch\/de\/#organization"},"potentialAction":[{"@type":"SearchAction","target":{"@type":"EntryPoint","urlTemplate":"https:\/\/news.save.ch\/de\/?s={search_term_string}"},"query-input":{"@type":"PropertyValueSpecification","valueRequired":true,"valueName":"search_term_string"}}],"inLanguage":"en-US"},{"@type":"Organization","@id":"https:\/\/news.save.ch\/de\/#organization","name":"Security Forum","url":"https:\/\/news.save.ch\/de\/","logo":{"@type":"ImageObject","inLanguage":"en-US","@id":"https:\/\/news.save.ch\/de\/#\/schema\/logo\/image\/","url":"https:\/\/news.save.ch\/wp-content\/uploads\/2022\/06\/Logo_SF_2012.png","contentUrl":"https:\/\/news.save.ch\/wp-content\/uploads\/2022\/06\/Logo_SF_2012.png","width":1100,"height":91,"caption":"Sicherheitsforum"},"image":{"@id":"https:\/\/news.save.ch\/de\/#\/schema\/logo\/image\/"}},{"@type":"Person","@id":"https:\/\/news.save.ch\/de\/#\/schema\/person\/d49e199490bad7c70d64b9ab51142f2b","name":"admin","image":{"@type":"ImageObject","inLanguage":"en-US","@id":"https:\/\/secure.gravatar.com\/avatar\/ae2f4d718e6c49043e314ce431e7e645d646302a24a5ef5a8bc8e3f5a032e319?s=96&d=mm&r=g","url":"https:\/\/secure.gravatar.com\/avatar\/ae2f4d718e6c49043e314ce431e7e645d646302a24a5ef5a8bc8e3f5a032e319?s=96&d=mm&r=g","contentUrl":"https:\/\/secure.gravatar.com\/avatar\/ae2f4d718e6c49043e314ce431e7e645d646302a24a5ef5a8bc8e3f5a032e319?s=96&d=mm&r=g","caption":"admin"},"sameAs":["https:\/\/develop.organisator.galledia.ch"],"url":"https:\/\/news.save.ch\/en\/author\/admin\/"}]}},"_links":{"self":[{"href":"https:\/\/news.save.ch\/en\/wp-json\/wp\/v2\/posts\/2222","targetHints":{"allow":["GET"]}}],"collection":[{"href":"https:\/\/news.save.ch\/en\/wp-json\/wp\/v2\/posts"}],"about":[{"href":"https:\/\/news.save.ch\/en\/wp-json\/wp\/v2\/types\/post"}],"author":[{"embeddable":true,"href":"https:\/\/news.save.ch\/en\/wp-json\/wp\/v2\/users\/1"}],"replies":[{"embeddable":true,"href":"https:\/\/news.save.ch\/en\/wp-json\/wp\/v2\/comments?post=2222"}],"version-history":[{"count":0,"href":"https:\/\/news.save.ch\/en\/wp-json\/wp\/v2\/posts\/2222\/revisions"}],"wp:featuredmedia":[{"embeddable":true,"href":"https:\/\/news.save.ch\/en\/wp-json\/wp\/v2\/media\/2223"}],"wp:attachment":[{"href":"https:\/\/news.save.ch\/en\/wp-json\/wp\/v2\/media?parent=2222"}],"wp:term":[{"taxonomy":"category","embeddable":true,"href":"https:\/\/news.save.ch\/en\/wp-json\/wp\/v2\/categories?post=2222"},{"taxonomy":"post_tag","embeddable":true,"href":"https:\/\/news.save.ch\/en\/wp-json\/wp\/v2\/tags?post=2222"}],"curies":[{"name":"wp","href":"https:\/\/api.w.org\/{rel}","templated":true}]}}