{"id":22305,"date":"2023-11-01T12:32:45","date_gmt":"2023-11-01T11:32:45","guid":{"rendered":"https:\/\/news.save.ch\/?p=22305"},"modified":"2023-11-01T13:19:17","modified_gmt":"2023-11-01T12:19:17","slug":"mobilfunknetz-soll-auch-bei-stromausfall-funktionieren","status":null,"type":"post","link":"https:\/\/news.save.ch\/en\/mobilfunknetz-soll-auch-bei-stromausfall-funktionieren\/","title":{"rendered":"Mobile network to function even during power outage"},"content":{"rendered":"<figure id=\"attachment_22307\" aria-describedby=\"caption-attachment-22307\" style=\"width: 680px\" class=\"wp-caption aligncenter\"><img loading=\"lazy\" decoding=\"async\" class=\"size-medium wp-image-22307\" src=\"https:\/\/news.save.ch\/wp-content\/uploads\/2023\/11\/telefon-680x440.jpg\" alt=\"Emergency call\" width=\"680\" height=\"440\" srcset=\"https:\/\/news.save.ch\/wp-content\/uploads\/2023\/11\/telefon-680x440.jpg 680w, https:\/\/news.save.ch\/wp-content\/uploads\/2023\/11\/telefon-1024x663.jpg 1024w, https:\/\/news.save.ch\/wp-content\/uploads\/2023\/11\/telefon-768x497.jpg 768w, https:\/\/news.save.ch\/wp-content\/uploads\/2023\/11\/telefon-1536x994.jpg 1536w, https:\/\/news.save.ch\/wp-content\/uploads\/2023\/11\/telefon-2048x1325.jpg 2048w, https:\/\/news.save.ch\/wp-content\/uploads\/2023\/11\/telefon-18x12.jpg 18w, https:\/\/news.save.ch\/wp-content\/uploads\/2023\/11\/telefon-375x243.jpg 375w, https:\/\/news.save.ch\/wp-content\/uploads\/2023\/11\/telefon-541x350.jpg 541w, https:\/\/news.save.ch\/wp-content\/uploads\/2023\/11\/telefon-1000x647.jpg 1000w, https:\/\/news.save.ch\/wp-content\/uploads\/2023\/11\/telefon-scaled.jpg 1200w\" sizes=\"auto, (max-width: 680px) 100vw, 680px\" \/><figcaption id=\"caption-attachment-22307\" class=\"wp-caption-text\">\u00a9 R. Str\u00e4ssle<\/figcaption><\/figure>\n<p>The mobile network must remain operational even in the event of a power failure or power shortage in order to provide emergency services, public telephone service and access to the Internet. For this reason, the Federal Council sent a revision of the Ordinance on Telecommunications Services (FDV) out for consultation on November 1. Interested parties can comment on this until February 16, 2024.<\/p>\n<p>The Federal Council proposes that the new requirements laid down in the FDV should not apply to video services via the Internet, as they can overload the network, according to the statement. One exception would be videos of public interest.<\/p>\n<h3>Emergency power supply at central locations<\/h3>\n<p>If the Federal Council has its way, the three mobile communications licensees operating in Switzerland will therefore have to install an emergency power supply at central locations as well as at the transmitter stations. With the help of these measures, they must guarantee mobile communications in the event of power failures lasting up to 72 hours or power failure cycles lasting 14 consecutive days, according to the media release. Each licensee must also ensure that 99 percent of its customers in each municipality can use its mobile network in the event of power outages.<\/p>\n<p><b>Ensuring the emergency services<\/b><\/p>\n<p>Based on the Federal Council's proposal, the mobile network licensees have five years to implement the measures to ensure emergency call services and three additional years to ensure access to the public telephone service and the Internet. Six months after the revised FDV enters into force, they must submit an implementation plan and then annual interim progress reports. If there is reasonable suspicion that the new provisions are not being complied with, mobile phone licensees can be required to undergo an audit at their own expense, the Federal Council writes.<\/p>\n<p><b>Costs to be borne by the concessionaires<\/b><\/p>\n<p>According to the information provided, the mobile network licensees are free to choose the measures to achieve the objectives defined in the FDV. They must bear the costs of hardening their mobile network themselves. According to a regulatory impact assessment, the annual costs for the three companies amount to around 150 million Swiss francs, as it concludes.<\/p>\n<p><a href=\"https:\/\/www.bakom.admin.ch\/bakom\/de\/home\/das-bakom\/organisation\/rechtliche-grundlagen\/vernehmlassungen\/vernehmlassung_haertung_mobilfunknetze.html\" target=\"_blank\" rel=\"noopener\"><em>More on the FDV consultation here.<\/em><\/a><\/p>","protected":false},"excerpt":{"rendered":"<p>Das Mobilfunknetz muss auch bei einem Stromausfall oder einer Strommangellage betriebsf\u00e4hig bleiben, um Notrufdienste, den \u00f6ffentlichen Telefondienst und den Zugang zum Internet zu erm\u00f6glichen. Deshalb hat der Bundesrat am 1. November eine Revision der Verordnung \u00fcber Fernmeldedienste (FDV) in Vernehmlassung geschickt.\u00a0Interessierte Kreise k\u00f6nnen bis zum 16. Februar 2024 dazu Stellung nehmen. Der Bundesrat schl\u00e4gt vor, [&hellip;]<\/p>\n","protected":false},"author":8,"featured_media":22307,"comment_status":"closed","ping_status":"closed","sticky":false,"template":"","format":"standard","meta":{"_acf_changed":false,"pgc_sgb_lightbox_settings":"","footnotes":""},"categories":[3312],"tags":[6368,6367],"class_list":["post-22305","post","type-post","status-publish","format-standard","has-post-thumbnail","hentry","category-sicherheit","tag-mobilfunknetze","tag-notruf"],"acf":[],"hkrextid":null,"publication":null,"issue":null,"workflow":null,"startPage":null,"spitzmarke":null,"_posts_by_tag_page_fields":null,"_at_widget":null,"_yoast_wpseo_primary_category":"3312","_yoast_wpseo_focuskw_text_input":null,"_yoast_wpseo_opengraph-image":null,"_yoast_wpseo_opengraph-description":null,"_yoast_wpseo_opengraph-title":null,"enclosure":null,"_yoast_wpseo_twitter-title":null,"_yoast_wpseo_twitter-description":null,"_yoast_wpseo_twitter-image":null,"_wp_old_slug":null,"_yoast_wpseo_title":null,"_yoast_wpseo_canonical":null,"yoast_head":"<!-- This site is optimized with the Yoast SEO plugin v27.4 - https:\/\/yoast.com\/product\/yoast-seo-wordpress\/ -->\n<title>Mobilfunknetz soll auch bei Stromausfall funktionieren - Save<\/title>\n<meta name=\"description\" content=\"Die Mobilfunknetze sollen auch bei St\u00f6rungen der Stromversorgung weiter genutzt werden k\u00f6nnen. Eine Revision ist in Vernehmlassung.\" \/>\n<meta name=\"robots\" content=\"index, follow, max-snippet:-1, max-image-preview:large, max-video-preview:-1\" \/>\n<link rel=\"canonical\" href=\"https:\/\/news.save.ch\/en\/mobilfunknetz-soll-auch-bei-stromausfall-funktionieren\/\" \/>\n<meta property=\"og:locale\" content=\"en_US\" \/>\n<meta property=\"og:type\" content=\"article\" \/>\n<meta property=\"og:title\" content=\"Mobilfunknetz soll auch bei Stromausfall funktionieren - Save\" \/>\n<meta property=\"og:description\" content=\"Die Mobilfunknetze sollen auch bei St\u00f6rungen der Stromversorgung weiter genutzt werden k\u00f6nnen. Eine Revision ist in Vernehmlassung.\" \/>\n<meta property=\"og:url\" content=\"https:\/\/news.save.ch\/en\/mobilfunknetz-soll-auch-bei-stromausfall-funktionieren\/\" \/>\n<meta property=\"og:site_name\" content=\"Save\" \/>\n<meta property=\"article:published_time\" content=\"2023-11-01T11:32:45+00:00\" \/>\n<meta property=\"article:modified_time\" content=\"2023-11-01T12:19:17+00:00\" \/>\n<meta property=\"og:image\" content=\"https:\/\/news.save.ch\/wp-content\/uploads\/2023\/11\/telefon-scaled.jpg\" \/>\n\t<meta property=\"og:image:width\" content=\"1200\" \/>\n\t<meta property=\"og:image:height\" content=\"777\" \/>\n\t<meta property=\"og:image:type\" content=\"image\/jpeg\" \/>\n<meta name=\"author\" content=\"Roger Str\u00e4ssle\" \/>\n<meta name=\"twitter:card\" content=\"summary_large_image\" \/>\n<meta name=\"twitter:label1\" content=\"Written by\" \/>\n\t<meta name=\"twitter:data1\" content=\"Roger Str\u00e4ssle\" \/>\n\t<meta name=\"twitter:label2\" content=\"Est. reading time\" \/>\n\t<meta name=\"twitter:data2\" content=\"2 minutes\" \/>\n<script type=\"application\/ld+json\" class=\"yoast-schema-graph\">{\"@context\":\"https:\\\/\\\/schema.org\",\"@graph\":[{\"@type\":\"Article\",\"@id\":\"https:\\\/\\\/news.save.ch\\\/mobilfunknetz-soll-auch-bei-stromausfall-funktionieren\\\/#article\",\"isPartOf\":{\"@id\":\"https:\\\/\\\/news.save.ch\\\/mobilfunknetz-soll-auch-bei-stromausfall-funktionieren\\\/\"},\"author\":{\"name\":\"Roger Str\u00e4ssle\",\"@id\":\"https:\\\/\\\/news.save.ch\\\/de\\\/#\\\/schema\\\/person\\\/d5022db048e0e2b9785c50e5b24da5aa\"},\"headline\":\"Mobilfunknetz soll auch bei Stromausfall funktionieren\",\"datePublished\":\"2023-11-01T11:32:45+00:00\",\"dateModified\":\"2023-11-01T12:19:17+00:00\",\"mainEntityOfPage\":{\"@id\":\"https:\\\/\\\/news.save.ch\\\/mobilfunknetz-soll-auch-bei-stromausfall-funktionieren\\\/\"},\"wordCount\":357,\"publisher\":{\"@id\":\"https:\\\/\\\/news.save.ch\\\/de\\\/#organization\"},\"image\":{\"@id\":\"https:\\\/\\\/news.save.ch\\\/mobilfunknetz-soll-auch-bei-stromausfall-funktionieren\\\/#primaryimage\"},\"thumbnailUrl\":\"https:\\\/\\\/news.save.ch\\\/wp-content\\\/uploads\\\/2023\\\/11\\\/telefon-scaled.jpg\",\"keywords\":[\"Mobilfunknetze\",\"Notruf\"],\"articleSection\":[\"SICHERHEIT\"],\"inLanguage\":\"en-US\"},{\"@type\":\"WebPage\",\"@id\":\"https:\\\/\\\/news.save.ch\\\/mobilfunknetz-soll-auch-bei-stromausfall-funktionieren\\\/\",\"url\":\"https:\\\/\\\/news.save.ch\\\/mobilfunknetz-soll-auch-bei-stromausfall-funktionieren\\\/\",\"name\":\"Mobilfunknetz soll auch bei Stromausfall funktionieren - Save\",\"isPartOf\":{\"@id\":\"https:\\\/\\\/news.save.ch\\\/de\\\/#website\"},\"primaryImageOfPage\":{\"@id\":\"https:\\\/\\\/news.save.ch\\\/mobilfunknetz-soll-auch-bei-stromausfall-funktionieren\\\/#primaryimage\"},\"image\":{\"@id\":\"https:\\\/\\\/news.save.ch\\\/mobilfunknetz-soll-auch-bei-stromausfall-funktionieren\\\/#primaryimage\"},\"thumbnailUrl\":\"https:\\\/\\\/news.save.ch\\\/wp-content\\\/uploads\\\/2023\\\/11\\\/telefon-scaled.jpg\",\"datePublished\":\"2023-11-01T11:32:45+00:00\",\"dateModified\":\"2023-11-01T12:19:17+00:00\",\"description\":\"Die Mobilfunknetze sollen auch bei St\u00f6rungen der Stromversorgung weiter genutzt werden k\u00f6nnen. Eine Revision ist in Vernehmlassung.\",\"breadcrumb\":{\"@id\":\"https:\\\/\\\/news.save.ch\\\/mobilfunknetz-soll-auch-bei-stromausfall-funktionieren\\\/#breadcrumb\"},\"inLanguage\":\"en-US\",\"potentialAction\":[{\"@type\":\"ReadAction\",\"target\":[\"https:\\\/\\\/news.save.ch\\\/mobilfunknetz-soll-auch-bei-stromausfall-funktionieren\\\/\"]}]},{\"@type\":\"ImageObject\",\"inLanguage\":\"en-US\",\"@id\":\"https:\\\/\\\/news.save.ch\\\/mobilfunknetz-soll-auch-bei-stromausfall-funktionieren\\\/#primaryimage\",\"url\":\"https:\\\/\\\/news.save.ch\\\/wp-content\\\/uploads\\\/2023\\\/11\\\/telefon-scaled.jpg\",\"contentUrl\":\"https:\\\/\\\/news.save.ch\\\/wp-content\\\/uploads\\\/2023\\\/11\\\/telefon-scaled.jpg\",\"width\":1200,\"height\":777,\"caption\":\"\u00a9 R. Str\u00e4ssle\"},{\"@type\":\"BreadcrumbList\",\"@id\":\"https:\\\/\\\/news.save.ch\\\/mobilfunknetz-soll-auch-bei-stromausfall-funktionieren\\\/#breadcrumb\",\"itemListElement\":[{\"@type\":\"ListItem\",\"position\":1,\"name\":\"Home\",\"item\":\"https:\\\/\\\/news.save.ch\\\/de\\\/\"},{\"@type\":\"ListItem\",\"position\":2,\"name\":\"Mobilfunknetz soll auch bei Stromausfall funktionieren\"}]},{\"@type\":\"WebSite\",\"@id\":\"https:\\\/\\\/news.save.ch\\\/de\\\/#website\",\"url\":\"https:\\\/\\\/news.save.ch\\\/de\\\/\",\"name\":\"Save\",\"description\":\"Schweizer Fachzeitschrift f\u00fcr Sicherheit\",\"publisher\":{\"@id\":\"https:\\\/\\\/news.save.ch\\\/de\\\/#organization\"},\"potentialAction\":[{\"@type\":\"SearchAction\",\"target\":{\"@type\":\"EntryPoint\",\"urlTemplate\":\"https:\\\/\\\/news.save.ch\\\/de\\\/?s={search_term_string}\"},\"query-input\":{\"@type\":\"PropertyValueSpecification\",\"valueRequired\":true,\"valueName\":\"search_term_string\"}}],\"inLanguage\":\"en-US\"},{\"@type\":\"Organization\",\"@id\":\"https:\\\/\\\/news.save.ch\\\/de\\\/#organization\",\"name\":\"Sicherheitsforum\",\"url\":\"https:\\\/\\\/news.save.ch\\\/de\\\/\",\"logo\":{\"@type\":\"ImageObject\",\"inLanguage\":\"en-US\",\"@id\":\"https:\\\/\\\/news.save.ch\\\/de\\\/#\\\/schema\\\/logo\\\/image\\\/\",\"url\":\"https:\\\/\\\/news.save.ch\\\/wp-content\\\/uploads\\\/2022\\\/06\\\/Logo_SF_2012.png\",\"contentUrl\":\"https:\\\/\\\/news.save.ch\\\/wp-content\\\/uploads\\\/2022\\\/06\\\/Logo_SF_2012.png\",\"width\":1100,\"height\":91,\"caption\":\"Sicherheitsforum\"},\"image\":{\"@id\":\"https:\\\/\\\/news.save.ch\\\/de\\\/#\\\/schema\\\/logo\\\/image\\\/\"}},{\"@type\":\"Person\",\"@id\":\"https:\\\/\\\/news.save.ch\\\/de\\\/#\\\/schema\\\/person\\\/d5022db048e0e2b9785c50e5b24da5aa\",\"name\":\"Roger Str\u00e4ssle\",\"image\":{\"@type\":\"ImageObject\",\"inLanguage\":\"en-US\",\"@id\":\"https:\\\/\\\/secure.gravatar.com\\\/avatar\\\/862a5569d087de48e5856e32f45d719a03804c891d6deb8d4f71a660e79e4a47?s=96&d=mm&r=g\",\"url\":\"https:\\\/\\\/secure.gravatar.com\\\/avatar\\\/862a5569d087de48e5856e32f45d719a03804c891d6deb8d4f71a660e79e4a47?s=96&d=mm&r=g\",\"contentUrl\":\"https:\\\/\\\/secure.gravatar.com\\\/avatar\\\/862a5569d087de48e5856e32f45d719a03804c891d6deb8d4f71a660e79e4a47?s=96&d=mm&r=g\",\"caption\":\"Roger Str\u00e4ssle\"},\"url\":\"https:\\\/\\\/news.save.ch\\\/en\\\/author\\\/roger-straessle\\\/\"}]}<\/script>\n<!-- \/ Yoast SEO plugin. -->","yoast_head_json":{"title":"Mobile network to work even during power outage - Save","description":"It should be possible to continue using the mobile networks even in the event of disruptions to the power supply. A revision is currently being consulted on.","robots":{"index":"index","follow":"follow","max-snippet":"max-snippet:-1","max-image-preview":"max-image-preview:large","max-video-preview":"max-video-preview:-1"},"canonical":"https:\/\/news.save.ch\/en\/mobilfunknetz-soll-auch-bei-stromausfall-funktionieren\/","og_locale":"en_US","og_type":"article","og_title":"Mobilfunknetz soll auch bei Stromausfall funktionieren - Save","og_description":"Die Mobilfunknetze sollen auch bei St\u00f6rungen der Stromversorgung weiter genutzt werden k\u00f6nnen. Eine Revision ist in Vernehmlassung.","og_url":"https:\/\/news.save.ch\/en\/mobilfunknetz-soll-auch-bei-stromausfall-funktionieren\/","og_site_name":"Save","article_published_time":"2023-11-01T11:32:45+00:00","article_modified_time":"2023-11-01T12:19:17+00:00","og_image":[{"width":1200,"height":777,"url":"https:\/\/news.save.ch\/wp-content\/uploads\/2023\/11\/telefon-scaled.jpg","type":"image\/jpeg"}],"author":"Roger Str\u00e4ssle","twitter_card":"summary_large_image","twitter_misc":{"Written by":"Roger Str\u00e4ssle","Est. reading time":"2 minutes"},"schema":{"@context":"https:\/\/schema.org","@graph":[{"@type":"Article","@id":"https:\/\/news.save.ch\/mobilfunknetz-soll-auch-bei-stromausfall-funktionieren\/#article","isPartOf":{"@id":"https:\/\/news.save.ch\/mobilfunknetz-soll-auch-bei-stromausfall-funktionieren\/"},"author":{"name":"Roger Str\u00e4ssle","@id":"https:\/\/news.save.ch\/de\/#\/schema\/person\/d5022db048e0e2b9785c50e5b24da5aa"},"headline":"Mobilfunknetz soll auch bei Stromausfall funktionieren","datePublished":"2023-11-01T11:32:45+00:00","dateModified":"2023-11-01T12:19:17+00:00","mainEntityOfPage":{"@id":"https:\/\/news.save.ch\/mobilfunknetz-soll-auch-bei-stromausfall-funktionieren\/"},"wordCount":357,"publisher":{"@id":"https:\/\/news.save.ch\/de\/#organization"},"image":{"@id":"https:\/\/news.save.ch\/mobilfunknetz-soll-auch-bei-stromausfall-funktionieren\/#primaryimage"},"thumbnailUrl":"https:\/\/news.save.ch\/wp-content\/uploads\/2023\/11\/telefon-scaled.jpg","keywords":["Mobilfunknetze","Notruf"],"articleSection":["SICHERHEIT"],"inLanguage":"en-US"},{"@type":"WebPage","@id":"https:\/\/news.save.ch\/mobilfunknetz-soll-auch-bei-stromausfall-funktionieren\/","url":"https:\/\/news.save.ch\/mobilfunknetz-soll-auch-bei-stromausfall-funktionieren\/","name":"Mobile network to work even during power outage - Save","isPartOf":{"@id":"https:\/\/news.save.ch\/de\/#website"},"primaryImageOfPage":{"@id":"https:\/\/news.save.ch\/mobilfunknetz-soll-auch-bei-stromausfall-funktionieren\/#primaryimage"},"image":{"@id":"https:\/\/news.save.ch\/mobilfunknetz-soll-auch-bei-stromausfall-funktionieren\/#primaryimage"},"thumbnailUrl":"https:\/\/news.save.ch\/wp-content\/uploads\/2023\/11\/telefon-scaled.jpg","datePublished":"2023-11-01T11:32:45+00:00","dateModified":"2023-11-01T12:19:17+00:00","description":"It should be possible to continue using the mobile networks even in the event of disruptions to the power supply. A revision is currently being consulted on.","breadcrumb":{"@id":"https:\/\/news.save.ch\/mobilfunknetz-soll-auch-bei-stromausfall-funktionieren\/#breadcrumb"},"inLanguage":"en-US","potentialAction":[{"@type":"ReadAction","target":["https:\/\/news.save.ch\/mobilfunknetz-soll-auch-bei-stromausfall-funktionieren\/"]}]},{"@type":"ImageObject","inLanguage":"en-US","@id":"https:\/\/news.save.ch\/mobilfunknetz-soll-auch-bei-stromausfall-funktionieren\/#primaryimage","url":"https:\/\/news.save.ch\/wp-content\/uploads\/2023\/11\/telefon-scaled.jpg","contentUrl":"https:\/\/news.save.ch\/wp-content\/uploads\/2023\/11\/telefon-scaled.jpg","width":1200,"height":777,"caption":"\u00a9 R. Str\u00e4ssle"},{"@type":"BreadcrumbList","@id":"https:\/\/news.save.ch\/mobilfunknetz-soll-auch-bei-stromausfall-funktionieren\/#breadcrumb","itemListElement":[{"@type":"ListItem","position":1,"name":"Home","item":"https:\/\/news.save.ch\/de\/"},{"@type":"ListItem","position":2,"name":"Mobilfunknetz soll auch bei Stromausfall funktionieren"}]},{"@type":"WebSite","@id":"https:\/\/news.save.ch\/de\/#website","url":"https:\/\/news.save.ch\/de\/","name":"Save","description":"Swiss trade journal for safety","publisher":{"@id":"https:\/\/news.save.ch\/de\/#organization"},"potentialAction":[{"@type":"SearchAction","target":{"@type":"EntryPoint","urlTemplate":"https:\/\/news.save.ch\/de\/?s={search_term_string}"},"query-input":{"@type":"PropertyValueSpecification","valueRequired":true,"valueName":"search_term_string"}}],"inLanguage":"en-US"},{"@type":"Organization","@id":"https:\/\/news.save.ch\/de\/#organization","name":"Security Forum","url":"https:\/\/news.save.ch\/de\/","logo":{"@type":"ImageObject","inLanguage":"en-US","@id":"https:\/\/news.save.ch\/de\/#\/schema\/logo\/image\/","url":"https:\/\/news.save.ch\/wp-content\/uploads\/2022\/06\/Logo_SF_2012.png","contentUrl":"https:\/\/news.save.ch\/wp-content\/uploads\/2022\/06\/Logo_SF_2012.png","width":1100,"height":91,"caption":"Sicherheitsforum"},"image":{"@id":"https:\/\/news.save.ch\/de\/#\/schema\/logo\/image\/"}},{"@type":"Person","@id":"https:\/\/news.save.ch\/de\/#\/schema\/person\/d5022db048e0e2b9785c50e5b24da5aa","name":"Roger Str\u00e4ssle","image":{"@type":"ImageObject","inLanguage":"en-US","@id":"https:\/\/secure.gravatar.com\/avatar\/862a5569d087de48e5856e32f45d719a03804c891d6deb8d4f71a660e79e4a47?s=96&d=mm&r=g","url":"https:\/\/secure.gravatar.com\/avatar\/862a5569d087de48e5856e32f45d719a03804c891d6deb8d4f71a660e79e4a47?s=96&d=mm&r=g","contentUrl":"https:\/\/secure.gravatar.com\/avatar\/862a5569d087de48e5856e32f45d719a03804c891d6deb8d4f71a660e79e4a47?s=96&d=mm&r=g","caption":"Roger Str\u00e4ssle"},"url":"https:\/\/news.save.ch\/en\/author\/roger-straessle\/"}]}},"_links":{"self":[{"href":"https:\/\/news.save.ch\/en\/wp-json\/wp\/v2\/posts\/22305","targetHints":{"allow":["GET"]}}],"collection":[{"href":"https:\/\/news.save.ch\/en\/wp-json\/wp\/v2\/posts"}],"about":[{"href":"https:\/\/news.save.ch\/en\/wp-json\/wp\/v2\/types\/post"}],"author":[{"embeddable":true,"href":"https:\/\/news.save.ch\/en\/wp-json\/wp\/v2\/users\/8"}],"replies":[{"embeddable":true,"href":"https:\/\/news.save.ch\/en\/wp-json\/wp\/v2\/comments?post=22305"}],"version-history":[{"count":2,"href":"https:\/\/news.save.ch\/en\/wp-json\/wp\/v2\/posts\/22305\/revisions"}],"predecessor-version":[{"id":22308,"href":"https:\/\/news.save.ch\/en\/wp-json\/wp\/v2\/posts\/22305\/revisions\/22308"}],"wp:featuredmedia":[{"embeddable":true,"href":"https:\/\/news.save.ch\/en\/wp-json\/wp\/v2\/media\/22307"}],"wp:attachment":[{"href":"https:\/\/news.save.ch\/en\/wp-json\/wp\/v2\/media?parent=22305"}],"wp:term":[{"taxonomy":"category","embeddable":true,"href":"https:\/\/news.save.ch\/en\/wp-json\/wp\/v2\/categories?post=22305"},{"taxonomy":"post_tag","embeddable":true,"href":"https:\/\/news.save.ch\/en\/wp-json\/wp\/v2\/tags?post=22305"}],"curies":[{"name":"wp","href":"https:\/\/api.w.org\/{rel}","templated":true}]}}