{"id":22385,"date":"2023-11-21T06:00:34","date_gmt":"2023-11-21T05:00:34","guid":{"rendered":"https:\/\/news.save.ch\/?p=22385"},"modified":"2023-11-21T16:05:05","modified_gmt":"2023-11-21T15:05:05","slug":"sicherheitskongress-an-der-swissbau-in-basel","status":null,"type":"post","link":"https:\/\/news.save.ch\/en\/sicherheitskongress-an-der-swissbau-in-basel\/","title":{"rendered":"What the Security Congress in Basel offers"},"content":{"rendered":"<figure id=\"attachment_22386\" aria-describedby=\"caption-attachment-22386\" style=\"width: 680px\" class=\"wp-caption aligncenter\"><img loading=\"lazy\" decoding=\"async\" class=\"size-medium wp-image-22386\" src=\"https:\/\/news.save.ch\/wp-content\/uploads\/2023\/11\/Bild-1-Messe-Basel-680x510.jpg\" alt=\"Security Congress\" width=\"680\" height=\"510\" srcset=\"https:\/\/news.save.ch\/wp-content\/uploads\/2023\/11\/Bild-1-Messe-Basel-680x510.jpg 680w, https:\/\/news.save.ch\/wp-content\/uploads\/2023\/11\/Bild-1-Messe-Basel-768x576.jpg 768w, https:\/\/news.save.ch\/wp-content\/uploads\/2023\/11\/Bild-1-Messe-Basel-16x12.jpg 16w, https:\/\/news.save.ch\/wp-content\/uploads\/2023\/11\/Bild-1-Messe-Basel-375x281.jpg 375w, https:\/\/news.save.ch\/wp-content\/uploads\/2023\/11\/Bild-1-Messe-Basel-467x350.jpg 467w, https:\/\/news.save.ch\/wp-content\/uploads\/2023\/11\/Bild-1-Messe-Basel.jpg 800w\" sizes=\"auto, (max-width: 680px) 100vw, 680px\" \/><figcaption id=\"caption-attachment-22386\" class=\"wp-caption-text\">The Security Congress takes place in the Congress Center at the Basel Exhibition. Photo: Congress Center Basel<\/figcaption><\/figure>\n<p>The <a href=\"https:\/\/save.ch\/event\/sicherheitskongress-01-2024\/\" target=\"_blank\" rel=\"noopener\">Security Congress<\/a>which was developed by the company <a href=\"https:\/\/save.ch\/\" target=\"_blank\" rel=\"noopener\">Save Inc.<\/a> is a B2B platform that brings together the specialists, experts and officers responsible for risk management, safety and fire protection in Basel. The organizer emphasizes that the exchange of experiences, coupled with the opportunity to meet like-minded people and new members of the \"security community\", is key. For many, the congress has therefore become an indispensable fixture.<\/p>\n<p>The spectrum of topics ranges from building security to occupational safety, fire protection, technical security solutions and corporate security. The total of five half-days are self-contained and can be booked individually, as the organizer writes. Participation is subject to a fee and only possible by registration. In addition, the presentations of the two half-day modules on Wednesday, January 17, will be simultaneously translated into French.<\/p>\n<h3><strong>Start on January 16 in the afternoon<\/strong><\/h3>\n<p>The requirements for real estate are becoming increasingly extensive and complex. Security requirements are also constantly changing in view of the dynamic environment. How can buildings be operated, maintained or designed in a way that is not only intelligent, economical and comfortable, but also compliant with security requirements? Solutions are needed. Experts will be speaking on this topic at the Security Congress 2024 on January 16.<\/p>\n<h3><strong>Translation into French<\/strong><\/h3>\n<p>On Wednesday morning, January 17, two new types of threats and the latest security technology are on the agenda for the half-day module. Where are the opportunities in using the latest security technologies to be able to react more quickly and precisely to threats? Participants will receive answers to these and other questions from proven experts. In the afternoon, the focus will be on new energy technologies on and in buildings. How does fire protection play a role in this context? For example, is photovoltaics on the fa\u00e7ade of a high-rise building a curse or a blessing? Anyone interested will know more after attending this topic module 3 at the latest. All presentations at the Safety Congress on January 17 will be simultaneously translated into French.<\/p>\n<h3>The final on Thursday, January 18<\/h3>\n<p>What can participants expect from the morning module on January 18 on the topic of \"Trends in building security\"? Digitalization, retrofitting, future solutions, cloud, on-premise and smart buildings are the apt buzzwords in a nutshell. And in the afternoon - in the fifth and final half-day module at the Security Congress - the speakers will show how occupational safety can be guaranteed at a high level during ongoing operations and despite the many challenges.<\/p>\n<h3>Collect further training points<\/h3>\n<p>At the Security Congress you also receive further training points in the following modules:<\/p>\n<p><em><strong>VKF approval<\/strong><\/em>: \u00bd day of further training for the extension of the VKF certificate when participating in the module \"New energy technologies and fire protection!\" (17.1.2024).<\/p>\n<p><em><strong>SES recognition<\/strong><\/em>: \u00bd day of subject-specific further training to extend the \"SES-EMA specialist\" certificate of competence when participating in the modules \"Threats and new security technologies\" (17.1.2024) and \"Trends in building security\" (18.1.2024); \u00bd day of subject-specific further training to extend the \"SES-VS specialist\" certificate of competence when participating in the modules \"Threats and new security technologies\" (17.1.2024) and \"Trends in building security\" (18.1.2024).<\/p>\n<p><strong><em>SGAS recognition<\/em><\/strong>All five half-day modules are recognized by the Swiss Society for Occupational Safety (SGAS) with one further training unit (FBE) each.<\/p>\n<p><em><strong>Swiss Safety Center recognition<\/strong><\/em>: \u00bd day of further training for the recertification of \"Fire protection specialists\" and \"Fire protection safety officers\" when participating in the module \"New energy technologies and fire protection!\" (17.1.2024).<\/p>\n<p><em><img decoding=\"async\" class=\"editor-icon\" title=\"Tabulator for indent up to here\" src=\"data:image\/gif;base64,R0lGODlhAQABAAAAACH5BAEKAAEALAAAAAABAAEAAAICTAEAOw==\" data-cke-saved-src=\"data:image\/gif;base64,R0lGODlhAQABAAAAACH5BAEKAAEALAAAAAABAAEAAAICTAEAOw==\" \/><a href=\"https:\/\/save.ch\/event\/sicherheitskongress-01-2024\">More about the security congress here<\/a>\u00a0<\/em><\/p>\n<p>&nbsp;<\/p>\n<blockquote>\n<h3>Combine with trade fair visit<\/h3>\n<p>The congress fees include free admission to the Swissbau 2024 trade fair. Visits to the trade fair and congress and vice versa can therefore be combined. As the leading platform for the Swiss construction and real estate industry, Swissbau creates the perfect opportunity for personal networking, knowledge transfer and real product experiences.<\/p>\n<p><a href=\"http:\/\/www.swissbau.ch\" target=\"_blank\" rel=\"noopener\"><em>More about the Swissbau trade fair here<\/em><\/a><\/p><\/blockquote>\n<p>&nbsp;<\/p>","protected":false},"excerpt":{"rendered":"<p>Der Sicherheitskongress, der von der Firma Save AG organisiert wird, bringt als B2B-Plattform die verantwortlichen Fachkr\u00e4fte, Experten und Beauftragten f\u00fcr Risikomanagement, Sicherheit und Brandschutz in Basel zusammen. Zentral sei der Erfahrungsaustausch, gepaart mit der M\u00f6glichkeit, Gleichgesinnte und neue K\u00f6pfe der \u00abSicherheitscommunity\u00bb zu treffen, betont die Organisatorin. F\u00fcr viele sei deshalb der Kongress zum unverzichtbaren Fixpunkt [&hellip;]<\/p>\n","protected":false},"author":8,"featured_media":22386,"comment_status":"closed","ping_status":"closed","sticky":false,"template":"","format":"standard","meta":{"_acf_changed":false,"pgc_sgb_lightbox_settings":"","footnotes":""},"categories":[3312],"tags":[278],"class_list":["post-22385","post","type-post","status-publish","format-standard","has-post-thumbnail","hentry","category-sicherheit","tag-fachkongress-fachmesse"],"acf":[],"hkrextid":null,"publication":null,"issue":null,"workflow":null,"startPage":null,"spitzmarke":null,"_posts_by_tag_page_fields":null,"_at_widget":null,"_yoast_wpseo_primary_category":"3312","_yoast_wpseo_focuskw_text_input":null,"_yoast_wpseo_opengraph-image":null,"_yoast_wpseo_opengraph-description":null,"_yoast_wpseo_opengraph-title":null,"enclosure":null,"_yoast_wpseo_twitter-title":null,"_yoast_wpseo_twitter-description":null,"_yoast_wpseo_twitter-image":null,"_wp_old_slug":null,"_yoast_wpseo_title":null,"_yoast_wpseo_canonical":null,"yoast_head":"<!-- This site is optimized with the Yoast SEO plugin v27.4 - https:\/\/yoast.com\/product\/yoast-seo-wordpress\/ -->\n<title>Was der Sicherheitskongress in Basel bietet - Save<\/title>\n<meta name=\"description\" content=\"Vom 16. bis 18. Januar wird am Sicherheitsfachkongress 2024 neustes Fachwissen zum Themenbereich Sicherheit und \u00adBrandschutz vermittelt.\" \/>\n<meta name=\"robots\" content=\"index, follow, max-snippet:-1, max-image-preview:large, max-video-preview:-1\" \/>\n<link rel=\"canonical\" href=\"https:\/\/news.save.ch\/en\/sicherheitskongress-an-der-swissbau-in-basel\/\" \/>\n<meta property=\"og:locale\" content=\"en_US\" \/>\n<meta property=\"og:type\" content=\"article\" \/>\n<meta property=\"og:title\" content=\"Was der Sicherheitskongress in Basel bietet - Save\" \/>\n<meta property=\"og:description\" content=\"Vom 16. bis 18. Januar wird am Sicherheitsfachkongress 2024 neustes Fachwissen zum Themenbereich Sicherheit und \u00adBrandschutz vermittelt.\" \/>\n<meta property=\"og:url\" content=\"https:\/\/news.save.ch\/en\/sicherheitskongress-an-der-swissbau-in-basel\/\" \/>\n<meta property=\"og:site_name\" content=\"Save\" \/>\n<meta property=\"article:published_time\" content=\"2023-11-21T05:00:34+00:00\" \/>\n<meta property=\"article:modified_time\" content=\"2023-11-21T15:05:05+00:00\" \/>\n<meta property=\"og:image\" content=\"https:\/\/news.save.ch\/wp-content\/uploads\/2023\/11\/Bild-1-Messe-Basel.jpg\" \/>\n\t<meta property=\"og:image:width\" content=\"800\" \/>\n\t<meta property=\"og:image:height\" content=\"600\" \/>\n\t<meta property=\"og:image:type\" content=\"image\/jpeg\" \/>\n<meta name=\"author\" content=\"Roger Str\u00e4ssle\" \/>\n<meta name=\"twitter:card\" content=\"summary_large_image\" \/>\n<meta name=\"twitter:label1\" content=\"Written by\" \/>\n\t<meta name=\"twitter:data1\" content=\"Roger Str\u00e4ssle\" \/>\n\t<meta name=\"twitter:label2\" content=\"Est. reading time\" \/>\n\t<meta name=\"twitter:data2\" content=\"4 minutes\" \/>\n<script type=\"application\/ld+json\" class=\"yoast-schema-graph\">{\"@context\":\"https:\\\/\\\/schema.org\",\"@graph\":[{\"@type\":\"Article\",\"@id\":\"https:\\\/\\\/news.save.ch\\\/sicherheitskongress-an-der-swissbau-in-basel\\\/#article\",\"isPartOf\":{\"@id\":\"https:\\\/\\\/news.save.ch\\\/sicherheitskongress-an-der-swissbau-in-basel\\\/\"},\"author\":{\"name\":\"Roger Str\u00e4ssle\",\"@id\":\"https:\\\/\\\/news.save.ch\\\/de\\\/#\\\/schema\\\/person\\\/d5022db048e0e2b9785c50e5b24da5aa\"},\"headline\":\"Was der Sicherheitskongress in Basel bietet\",\"datePublished\":\"2023-11-21T05:00:34+00:00\",\"dateModified\":\"2023-11-21T15:05:05+00:00\",\"mainEntityOfPage\":{\"@id\":\"https:\\\/\\\/news.save.ch\\\/sicherheitskongress-an-der-swissbau-in-basel\\\/\"},\"wordCount\":577,\"publisher\":{\"@id\":\"https:\\\/\\\/news.save.ch\\\/de\\\/#organization\"},\"image\":{\"@id\":\"https:\\\/\\\/news.save.ch\\\/sicherheitskongress-an-der-swissbau-in-basel\\\/#primaryimage\"},\"thumbnailUrl\":\"https:\\\/\\\/news.save.ch\\\/wp-content\\\/uploads\\\/2023\\\/11\\\/Bild-1-Messe-Basel.jpg\",\"keywords\":[\"Fachkongress \\\/ Fachmesse\"],\"articleSection\":[\"SICHERHEIT\"],\"inLanguage\":\"en-US\"},{\"@type\":\"WebPage\",\"@id\":\"https:\\\/\\\/news.save.ch\\\/sicherheitskongress-an-der-swissbau-in-basel\\\/\",\"url\":\"https:\\\/\\\/news.save.ch\\\/sicherheitskongress-an-der-swissbau-in-basel\\\/\",\"name\":\"Was der Sicherheitskongress in Basel bietet - Save\",\"isPartOf\":{\"@id\":\"https:\\\/\\\/news.save.ch\\\/de\\\/#website\"},\"primaryImageOfPage\":{\"@id\":\"https:\\\/\\\/news.save.ch\\\/sicherheitskongress-an-der-swissbau-in-basel\\\/#primaryimage\"},\"image\":{\"@id\":\"https:\\\/\\\/news.save.ch\\\/sicherheitskongress-an-der-swissbau-in-basel\\\/#primaryimage\"},\"thumbnailUrl\":\"https:\\\/\\\/news.save.ch\\\/wp-content\\\/uploads\\\/2023\\\/11\\\/Bild-1-Messe-Basel.jpg\",\"datePublished\":\"2023-11-21T05:00:34+00:00\",\"dateModified\":\"2023-11-21T15:05:05+00:00\",\"description\":\"Vom 16. bis 18. Januar wird am Sicherheitsfachkongress 2024 neustes Fachwissen zum Themenbereich Sicherheit und \u00adBrandschutz vermittelt.\",\"breadcrumb\":{\"@id\":\"https:\\\/\\\/news.save.ch\\\/sicherheitskongress-an-der-swissbau-in-basel\\\/#breadcrumb\"},\"inLanguage\":\"en-US\",\"potentialAction\":[{\"@type\":\"ReadAction\",\"target\":[\"https:\\\/\\\/news.save.ch\\\/sicherheitskongress-an-der-swissbau-in-basel\\\/\"]}]},{\"@type\":\"ImageObject\",\"inLanguage\":\"en-US\",\"@id\":\"https:\\\/\\\/news.save.ch\\\/sicherheitskongress-an-der-swissbau-in-basel\\\/#primaryimage\",\"url\":\"https:\\\/\\\/news.save.ch\\\/wp-content\\\/uploads\\\/2023\\\/11\\\/Bild-1-Messe-Basel.jpg\",\"contentUrl\":\"https:\\\/\\\/news.save.ch\\\/wp-content\\\/uploads\\\/2023\\\/11\\\/Bild-1-Messe-Basel.jpg\",\"width\":800,\"height\":600,\"caption\":\"Der Sicherheitskongress findet im Congress Center Basel statt. Foto: Congress Center Basel\"},{\"@type\":\"BreadcrumbList\",\"@id\":\"https:\\\/\\\/news.save.ch\\\/sicherheitskongress-an-der-swissbau-in-basel\\\/#breadcrumb\",\"itemListElement\":[{\"@type\":\"ListItem\",\"position\":1,\"name\":\"Home\",\"item\":\"https:\\\/\\\/news.save.ch\\\/de\\\/\"},{\"@type\":\"ListItem\",\"position\":2,\"name\":\"Was der Sicherheitskongress in Basel bietet\"}]},{\"@type\":\"WebSite\",\"@id\":\"https:\\\/\\\/news.save.ch\\\/de\\\/#website\",\"url\":\"https:\\\/\\\/news.save.ch\\\/de\\\/\",\"name\":\"Save\",\"description\":\"Schweizer Fachzeitschrift f\u00fcr Sicherheit\",\"publisher\":{\"@id\":\"https:\\\/\\\/news.save.ch\\\/de\\\/#organization\"},\"potentialAction\":[{\"@type\":\"SearchAction\",\"target\":{\"@type\":\"EntryPoint\",\"urlTemplate\":\"https:\\\/\\\/news.save.ch\\\/de\\\/?s={search_term_string}\"},\"query-input\":{\"@type\":\"PropertyValueSpecification\",\"valueRequired\":true,\"valueName\":\"search_term_string\"}}],\"inLanguage\":\"en-US\"},{\"@type\":\"Organization\",\"@id\":\"https:\\\/\\\/news.save.ch\\\/de\\\/#organization\",\"name\":\"Sicherheitsforum\",\"url\":\"https:\\\/\\\/news.save.ch\\\/de\\\/\",\"logo\":{\"@type\":\"ImageObject\",\"inLanguage\":\"en-US\",\"@id\":\"https:\\\/\\\/news.save.ch\\\/de\\\/#\\\/schema\\\/logo\\\/image\\\/\",\"url\":\"https:\\\/\\\/news.save.ch\\\/wp-content\\\/uploads\\\/2022\\\/06\\\/Logo_SF_2012.png\",\"contentUrl\":\"https:\\\/\\\/news.save.ch\\\/wp-content\\\/uploads\\\/2022\\\/06\\\/Logo_SF_2012.png\",\"width\":1100,\"height\":91,\"caption\":\"Sicherheitsforum\"},\"image\":{\"@id\":\"https:\\\/\\\/news.save.ch\\\/de\\\/#\\\/schema\\\/logo\\\/image\\\/\"}},{\"@type\":\"Person\",\"@id\":\"https:\\\/\\\/news.save.ch\\\/de\\\/#\\\/schema\\\/person\\\/d5022db048e0e2b9785c50e5b24da5aa\",\"name\":\"Roger Str\u00e4ssle\",\"image\":{\"@type\":\"ImageObject\",\"inLanguage\":\"en-US\",\"@id\":\"https:\\\/\\\/secure.gravatar.com\\\/avatar\\\/862a5569d087de48e5856e32f45d719a03804c891d6deb8d4f71a660e79e4a47?s=96&d=mm&r=g\",\"url\":\"https:\\\/\\\/secure.gravatar.com\\\/avatar\\\/862a5569d087de48e5856e32f45d719a03804c891d6deb8d4f71a660e79e4a47?s=96&d=mm&r=g\",\"contentUrl\":\"https:\\\/\\\/secure.gravatar.com\\\/avatar\\\/862a5569d087de48e5856e32f45d719a03804c891d6deb8d4f71a660e79e4a47?s=96&d=mm&r=g\",\"caption\":\"Roger Str\u00e4ssle\"},\"url\":\"https:\\\/\\\/news.save.ch\\\/en\\\/author\\\/roger-straessle\\\/\"}]}<\/script>\n<!-- \/ Yoast SEO plugin. -->","yoast_head_json":{"title":"What the Security Congress in Basel has to offer - Save","description":"From January 16 to 18, the latest specialist knowledge on safety and fire protection will be presented at the 2024 Safety Congress.","robots":{"index":"index","follow":"follow","max-snippet":"max-snippet:-1","max-image-preview":"max-image-preview:large","max-video-preview":"max-video-preview:-1"},"canonical":"https:\/\/news.save.ch\/en\/sicherheitskongress-an-der-swissbau-in-basel\/","og_locale":"en_US","og_type":"article","og_title":"Was der Sicherheitskongress in Basel bietet - Save","og_description":"Vom 16. bis 18. Januar wird am Sicherheitsfachkongress 2024 neustes Fachwissen zum Themenbereich Sicherheit und \u00adBrandschutz vermittelt.","og_url":"https:\/\/news.save.ch\/en\/sicherheitskongress-an-der-swissbau-in-basel\/","og_site_name":"Save","article_published_time":"2023-11-21T05:00:34+00:00","article_modified_time":"2023-11-21T15:05:05+00:00","og_image":[{"width":800,"height":600,"url":"https:\/\/news.save.ch\/wp-content\/uploads\/2023\/11\/Bild-1-Messe-Basel.jpg","type":"image\/jpeg"}],"author":"Roger Str\u00e4ssle","twitter_card":"summary_large_image","twitter_misc":{"Written by":"Roger Str\u00e4ssle","Est. reading time":"4 minutes"},"schema":{"@context":"https:\/\/schema.org","@graph":[{"@type":"Article","@id":"https:\/\/news.save.ch\/sicherheitskongress-an-der-swissbau-in-basel\/#article","isPartOf":{"@id":"https:\/\/news.save.ch\/sicherheitskongress-an-der-swissbau-in-basel\/"},"author":{"name":"Roger Str\u00e4ssle","@id":"https:\/\/news.save.ch\/de\/#\/schema\/person\/d5022db048e0e2b9785c50e5b24da5aa"},"headline":"Was der Sicherheitskongress in Basel bietet","datePublished":"2023-11-21T05:00:34+00:00","dateModified":"2023-11-21T15:05:05+00:00","mainEntityOfPage":{"@id":"https:\/\/news.save.ch\/sicherheitskongress-an-der-swissbau-in-basel\/"},"wordCount":577,"publisher":{"@id":"https:\/\/news.save.ch\/de\/#organization"},"image":{"@id":"https:\/\/news.save.ch\/sicherheitskongress-an-der-swissbau-in-basel\/#primaryimage"},"thumbnailUrl":"https:\/\/news.save.ch\/wp-content\/uploads\/2023\/11\/Bild-1-Messe-Basel.jpg","keywords":["Fachkongress \/ Fachmesse"],"articleSection":["SICHERHEIT"],"inLanguage":"en-US"},{"@type":"WebPage","@id":"https:\/\/news.save.ch\/sicherheitskongress-an-der-swissbau-in-basel\/","url":"https:\/\/news.save.ch\/sicherheitskongress-an-der-swissbau-in-basel\/","name":"What the Security Congress in Basel has to offer - Save","isPartOf":{"@id":"https:\/\/news.save.ch\/de\/#website"},"primaryImageOfPage":{"@id":"https:\/\/news.save.ch\/sicherheitskongress-an-der-swissbau-in-basel\/#primaryimage"},"image":{"@id":"https:\/\/news.save.ch\/sicherheitskongress-an-der-swissbau-in-basel\/#primaryimage"},"thumbnailUrl":"https:\/\/news.save.ch\/wp-content\/uploads\/2023\/11\/Bild-1-Messe-Basel.jpg","datePublished":"2023-11-21T05:00:34+00:00","dateModified":"2023-11-21T15:05:05+00:00","description":"From January 16 to 18, the latest specialist knowledge on safety and fire protection will be presented at the 2024 Safety Congress.","breadcrumb":{"@id":"https:\/\/news.save.ch\/sicherheitskongress-an-der-swissbau-in-basel\/#breadcrumb"},"inLanguage":"en-US","potentialAction":[{"@type":"ReadAction","target":["https:\/\/news.save.ch\/sicherheitskongress-an-der-swissbau-in-basel\/"]}]},{"@type":"ImageObject","inLanguage":"en-US","@id":"https:\/\/news.save.ch\/sicherheitskongress-an-der-swissbau-in-basel\/#primaryimage","url":"https:\/\/news.save.ch\/wp-content\/uploads\/2023\/11\/Bild-1-Messe-Basel.jpg","contentUrl":"https:\/\/news.save.ch\/wp-content\/uploads\/2023\/11\/Bild-1-Messe-Basel.jpg","width":800,"height":600,"caption":"Der Sicherheitskongress findet im Congress Center Basel statt. Foto: Congress Center Basel"},{"@type":"BreadcrumbList","@id":"https:\/\/news.save.ch\/sicherheitskongress-an-der-swissbau-in-basel\/#breadcrumb","itemListElement":[{"@type":"ListItem","position":1,"name":"Home","item":"https:\/\/news.save.ch\/de\/"},{"@type":"ListItem","position":2,"name":"Was der Sicherheitskongress in Basel bietet"}]},{"@type":"WebSite","@id":"https:\/\/news.save.ch\/de\/#website","url":"https:\/\/news.save.ch\/de\/","name":"Save","description":"Swiss trade journal for safety","publisher":{"@id":"https:\/\/news.save.ch\/de\/#organization"},"potentialAction":[{"@type":"SearchAction","target":{"@type":"EntryPoint","urlTemplate":"https:\/\/news.save.ch\/de\/?s={search_term_string}"},"query-input":{"@type":"PropertyValueSpecification","valueRequired":true,"valueName":"search_term_string"}}],"inLanguage":"en-US"},{"@type":"Organization","@id":"https:\/\/news.save.ch\/de\/#organization","name":"Security Forum","url":"https:\/\/news.save.ch\/de\/","logo":{"@type":"ImageObject","inLanguage":"en-US","@id":"https:\/\/news.save.ch\/de\/#\/schema\/logo\/image\/","url":"https:\/\/news.save.ch\/wp-content\/uploads\/2022\/06\/Logo_SF_2012.png","contentUrl":"https:\/\/news.save.ch\/wp-content\/uploads\/2022\/06\/Logo_SF_2012.png","width":1100,"height":91,"caption":"Sicherheitsforum"},"image":{"@id":"https:\/\/news.save.ch\/de\/#\/schema\/logo\/image\/"}},{"@type":"Person","@id":"https:\/\/news.save.ch\/de\/#\/schema\/person\/d5022db048e0e2b9785c50e5b24da5aa","name":"Roger Str\u00e4ssle","image":{"@type":"ImageObject","inLanguage":"en-US","@id":"https:\/\/secure.gravatar.com\/avatar\/862a5569d087de48e5856e32f45d719a03804c891d6deb8d4f71a660e79e4a47?s=96&d=mm&r=g","url":"https:\/\/secure.gravatar.com\/avatar\/862a5569d087de48e5856e32f45d719a03804c891d6deb8d4f71a660e79e4a47?s=96&d=mm&r=g","contentUrl":"https:\/\/secure.gravatar.com\/avatar\/862a5569d087de48e5856e32f45d719a03804c891d6deb8d4f71a660e79e4a47?s=96&d=mm&r=g","caption":"Roger Str\u00e4ssle"},"url":"https:\/\/news.save.ch\/en\/author\/roger-straessle\/"}]}},"_links":{"self":[{"href":"https:\/\/news.save.ch\/en\/wp-json\/wp\/v2\/posts\/22385","targetHints":{"allow":["GET"]}}],"collection":[{"href":"https:\/\/news.save.ch\/en\/wp-json\/wp\/v2\/posts"}],"about":[{"href":"https:\/\/news.save.ch\/en\/wp-json\/wp\/v2\/types\/post"}],"author":[{"embeddable":true,"href":"https:\/\/news.save.ch\/en\/wp-json\/wp\/v2\/users\/8"}],"replies":[{"embeddable":true,"href":"https:\/\/news.save.ch\/en\/wp-json\/wp\/v2\/comments?post=22385"}],"version-history":[{"count":9,"href":"https:\/\/news.save.ch\/en\/wp-json\/wp\/v2\/posts\/22385\/revisions"}],"predecessor-version":[{"id":22431,"href":"https:\/\/news.save.ch\/en\/wp-json\/wp\/v2\/posts\/22385\/revisions\/22431"}],"wp:featuredmedia":[{"embeddable":true,"href":"https:\/\/news.save.ch\/en\/wp-json\/wp\/v2\/media\/22386"}],"wp:attachment":[{"href":"https:\/\/news.save.ch\/en\/wp-json\/wp\/v2\/media?parent=22385"}],"wp:term":[{"taxonomy":"category","embeddable":true,"href":"https:\/\/news.save.ch\/en\/wp-json\/wp\/v2\/categories?post=22385"},{"taxonomy":"post_tag","embeddable":true,"href":"https:\/\/news.save.ch\/en\/wp-json\/wp\/v2\/tags?post=22385"}],"curies":[{"name":"wp","href":"https:\/\/api.w.org\/{rel}","templated":true}]}}