{"id":22393,"date":"2023-11-16T10:41:46","date_gmt":"2023-11-16T09:41:46","guid":{"rendered":"https:\/\/news.save.ch\/?p=22393"},"modified":"2023-11-16T10:44:04","modified_gmt":"2023-11-16T09:44:04","slug":"neuer-leiter-werkstofftechnik-im-swiss-safety-center-3","status":null,"type":"post","link":"https:\/\/news.save.ch\/en\/neuer-leiter-werkstofftechnik-im-swiss-safety-center-3\/","title":{"rendered":"New head of materials technology at the Swiss Safety Center"},"content":{"rendered":"<figure id=\"attachment_22394\" aria-describedby=\"caption-attachment-22394\" style=\"width: 680px\" class=\"wp-caption alignleft\"><img loading=\"lazy\" decoding=\"async\" class=\"size-medium wp-image-22394\" src=\"https:\/\/news.save.ch\/wp-content\/uploads\/2023\/11\/Daniel-Galsterer-680x491.jpg\" alt=\"Swiss Safety Center\" width=\"680\" height=\"491\" srcset=\"https:\/\/news.save.ch\/wp-content\/uploads\/2023\/11\/Daniel-Galsterer-680x491.jpg 680w, https:\/\/news.save.ch\/wp-content\/uploads\/2023\/11\/Daniel-Galsterer-1024x739.jpg 1024w, https:\/\/news.save.ch\/wp-content\/uploads\/2023\/11\/Daniel-Galsterer-768x555.jpg 768w, https:\/\/news.save.ch\/wp-content\/uploads\/2023\/11\/Daniel-Galsterer-1536x1109.jpg 1536w, https:\/\/news.save.ch\/wp-content\/uploads\/2023\/11\/Daniel-Galsterer-2048x1479.jpg 2048w, https:\/\/news.save.ch\/wp-content\/uploads\/2023\/11\/Daniel-Galsterer-18x12.jpg 18w, https:\/\/news.save.ch\/wp-content\/uploads\/2023\/11\/Daniel-Galsterer-375x271.jpg 375w, https:\/\/news.save.ch\/wp-content\/uploads\/2023\/11\/Daniel-Galsterer-485x350.jpg 485w, https:\/\/news.save.ch\/wp-content\/uploads\/2023\/11\/Daniel-Galsterer-1000x722.jpg 1000w, https:\/\/news.save.ch\/wp-content\/uploads\/2023\/11\/Daniel-Galsterer-scaled.jpg 1200w\" sizes=\"auto, (max-width: 680px) 100vw, 680px\" \/><figcaption id=\"caption-attachment-22394\" class=\"wp-caption-text\">Dr. Daniel Galsterer. Picture: zVg<\/figcaption><\/figure>\n<p>Daniel Galsterer holds a doctorate in materials science, as the Swiss Safety Center writes. In his professional career, he has expanded his expertise in damage and material analysis and corrosion in various industrial sectors, including medical technology and aerospace. In addition to his technical and project expertise, he has also gained leadership skills in various managerial roles, e.g. as Head of Materials Testing NDT (Non Destructive Testing) and DT (Destructive Testing). As Head of Innovation, he also founded the Industrial Computed Tomography division of today's Eurofins Qualitech and worked as Head of Quality Management and in Business Development MedTech.<\/p>\n<p>The Swiss Safety Center emphasizes his excellent networking in Swiss professional circles, which he owes to his many years of work in the industry and his secondary activities as head of the expert commission for radiographic testing (RT) and test supervision (RT) of the Swiss Society for Non-Destructive Testing (SGZP).<\/p>\n<h3>Responsible for the test laboratory<\/h3>\n<p>In his new role, he is responsible for the Swiss Safety Center's testing laboratory, whose core competence lies in the field of materials testing and damage analysis of primarily metallic materials. His aim is to expand the range of services in terms of advanced NDT: on the one hand, by expanding digital radiography to include computed tomography and, on the other, by using and combining the NDT services of the entire SVTI Group.<\/p>\n<p>\"I see the testing laboratory as a competence center and partner for individual tests and material technology reports through to comprehensive quality assurance for customers from a wide range of industries, both nationally and internationally,\" says Daniel Galsterer, Head of Materials Technology.<\/p>\n<p><em>Info: <a href=\"http:\/\/www.safetycenter.ch\/werkstoffpruefung\" target=\"_blank\" rel=\"noopener\">www.safetycenter.ch\/werkstoffpruefung<\/a><\/em><\/p>","protected":false},"excerpt":{"rendered":"<p>Daniel Galsterer ist promovierter Ingenieur der Werkstoffwissenschaften, wie das Swiss Safety Center schreibt. In seiner beruflichen T\u00e4tigkeit habe er sein Know-how in der Schadens-, Werkstoffanalytik und Korrosion in verschiedenen industriellen Bereichen bis hin zur Medizinaltechnik, Luft- und Raumfahrt erweitert. Zu Fach- und Projektkompetenzen kamen gem\u00e4ss Angaben F\u00fchrungskompetenzen in verschiedenen leitenden Funktionen z.B. als Bereichsleiter Materialpr\u00fcfung [&hellip;]<\/p>\n","protected":false},"author":8,"featured_media":22394,"comment_status":"closed","ping_status":"closed","sticky":false,"template":"","format":"standard","meta":{"_acf_changed":false,"pgc_sgb_lightbox_settings":"","footnotes":""},"categories":[1],"tags":[144],"class_list":["post-22393","post","type-post","status-publish","format-standard","has-post-thumbnail","hentry","category-allgemein","tag-personalien"],"acf":[],"hkrextid":null,"publication":null,"issue":null,"workflow":null,"startPage":null,"spitzmarke":null,"_posts_by_tag_page_fields":null,"_at_widget":null,"_yoast_wpseo_primary_category":"1","_yoast_wpseo_focuskw_text_input":null,"_yoast_wpseo_opengraph-image":null,"_yoast_wpseo_opengraph-description":null,"_yoast_wpseo_opengraph-title":null,"enclosure":null,"_yoast_wpseo_twitter-title":null,"_yoast_wpseo_twitter-description":null,"_yoast_wpseo_twitter-image":null,"_wp_old_slug":null,"_yoast_wpseo_title":null,"_yoast_wpseo_canonical":null,"yoast_head":"<!-- This site is optimized with the Yoast SEO plugin v27.4 - https:\/\/yoast.com\/product\/yoast-seo-wordpress\/ -->\n<title>Neuer Leiter Werkstofftechnik im Swiss Safety Center - Save<\/title>\n<meta name=\"description\" content=\"Dr. Daniel Galsterer, promovierter Ingenieur der Werkstoffwissenschaften, leitet den Bereich Werkstofftechnik des Swiss Safety Centers.\" \/>\n<meta name=\"robots\" content=\"index, follow, max-snippet:-1, max-image-preview:large, max-video-preview:-1\" \/>\n<link rel=\"canonical\" href=\"https:\/\/news.save.ch\/en\/neuer-leiter-werkstofftechnik-im-swiss-safety-center-3\/\" \/>\n<meta property=\"og:locale\" content=\"en_US\" \/>\n<meta property=\"og:type\" content=\"article\" \/>\n<meta property=\"og:title\" content=\"Neuer Leiter Werkstofftechnik im Swiss Safety Center - Save\" \/>\n<meta property=\"og:description\" content=\"Dr. Daniel Galsterer, promovierter Ingenieur der Werkstoffwissenschaften, leitet den Bereich Werkstofftechnik des Swiss Safety Centers.\" \/>\n<meta property=\"og:url\" content=\"https:\/\/news.save.ch\/en\/neuer-leiter-werkstofftechnik-im-swiss-safety-center-3\/\" \/>\n<meta property=\"og:site_name\" content=\"Save\" \/>\n<meta property=\"article:published_time\" content=\"2023-11-16T09:41:46+00:00\" \/>\n<meta property=\"article:modified_time\" content=\"2023-11-16T09:44:04+00:00\" \/>\n<meta property=\"og:image\" content=\"https:\/\/news.save.ch\/wp-content\/uploads\/2023\/11\/Daniel-Galsterer-scaled.jpg\" \/>\n\t<meta property=\"og:image:width\" content=\"1200\" \/>\n\t<meta property=\"og:image:height\" content=\"867\" \/>\n\t<meta property=\"og:image:type\" content=\"image\/jpeg\" \/>\n<meta name=\"author\" content=\"Roger Str\u00e4ssle\" \/>\n<meta name=\"twitter:card\" content=\"summary_large_image\" \/>\n<meta name=\"twitter:label1\" content=\"Written by\" \/>\n\t<meta name=\"twitter:data1\" content=\"Roger Str\u00e4ssle\" \/>\n\t<meta name=\"twitter:label2\" content=\"Est. reading time\" \/>\n\t<meta name=\"twitter:data2\" content=\"2 minutes\" \/>\n<script type=\"application\/ld+json\" class=\"yoast-schema-graph\">{\"@context\":\"https:\\\/\\\/schema.org\",\"@graph\":[{\"@type\":\"Article\",\"@id\":\"https:\\\/\\\/news.save.ch\\\/neuer-leiter-werkstofftechnik-im-swiss-safety-center-3\\\/#article\",\"isPartOf\":{\"@id\":\"https:\\\/\\\/news.save.ch\\\/neuer-leiter-werkstofftechnik-im-swiss-safety-center-3\\\/\"},\"author\":{\"name\":\"Roger Str\u00e4ssle\",\"@id\":\"https:\\\/\\\/news.save.ch\\\/de\\\/#\\\/schema\\\/person\\\/d5022db048e0e2b9785c50e5b24da5aa\"},\"headline\":\"Neuer Leiter Werkstofftechnik im Swiss Safety Center\",\"datePublished\":\"2023-11-16T09:41:46+00:00\",\"dateModified\":\"2023-11-16T09:44:04+00:00\",\"mainEntityOfPage\":{\"@id\":\"https:\\\/\\\/news.save.ch\\\/neuer-leiter-werkstofftechnik-im-swiss-safety-center-3\\\/\"},\"wordCount\":276,\"publisher\":{\"@id\":\"https:\\\/\\\/news.save.ch\\\/de\\\/#organization\"},\"image\":{\"@id\":\"https:\\\/\\\/news.save.ch\\\/neuer-leiter-werkstofftechnik-im-swiss-safety-center-3\\\/#primaryimage\"},\"thumbnailUrl\":\"https:\\\/\\\/news.save.ch\\\/wp-content\\\/uploads\\\/2023\\\/11\\\/Daniel-Galsterer-scaled.jpg\",\"keywords\":[\"Personalien\"],\"articleSection\":[\"ALLGEMEIN\"],\"inLanguage\":\"en-US\"},{\"@type\":\"WebPage\",\"@id\":\"https:\\\/\\\/news.save.ch\\\/neuer-leiter-werkstofftechnik-im-swiss-safety-center-3\\\/\",\"url\":\"https:\\\/\\\/news.save.ch\\\/neuer-leiter-werkstofftechnik-im-swiss-safety-center-3\\\/\",\"name\":\"Neuer Leiter Werkstofftechnik im Swiss Safety Center - Save\",\"isPartOf\":{\"@id\":\"https:\\\/\\\/news.save.ch\\\/de\\\/#website\"},\"primaryImageOfPage\":{\"@id\":\"https:\\\/\\\/news.save.ch\\\/neuer-leiter-werkstofftechnik-im-swiss-safety-center-3\\\/#primaryimage\"},\"image\":{\"@id\":\"https:\\\/\\\/news.save.ch\\\/neuer-leiter-werkstofftechnik-im-swiss-safety-center-3\\\/#primaryimage\"},\"thumbnailUrl\":\"https:\\\/\\\/news.save.ch\\\/wp-content\\\/uploads\\\/2023\\\/11\\\/Daniel-Galsterer-scaled.jpg\",\"datePublished\":\"2023-11-16T09:41:46+00:00\",\"dateModified\":\"2023-11-16T09:44:04+00:00\",\"description\":\"Dr. Daniel Galsterer, promovierter Ingenieur der Werkstoffwissenschaften, leitet den Bereich Werkstofftechnik des Swiss Safety Centers.\",\"breadcrumb\":{\"@id\":\"https:\\\/\\\/news.save.ch\\\/neuer-leiter-werkstofftechnik-im-swiss-safety-center-3\\\/#breadcrumb\"},\"inLanguage\":\"en-US\",\"potentialAction\":[{\"@type\":\"ReadAction\",\"target\":[\"https:\\\/\\\/news.save.ch\\\/neuer-leiter-werkstofftechnik-im-swiss-safety-center-3\\\/\"]}]},{\"@type\":\"ImageObject\",\"inLanguage\":\"en-US\",\"@id\":\"https:\\\/\\\/news.save.ch\\\/neuer-leiter-werkstofftechnik-im-swiss-safety-center-3\\\/#primaryimage\",\"url\":\"https:\\\/\\\/news.save.ch\\\/wp-content\\\/uploads\\\/2023\\\/11\\\/Daniel-Galsterer-scaled.jpg\",\"contentUrl\":\"https:\\\/\\\/news.save.ch\\\/wp-content\\\/uploads\\\/2023\\\/11\\\/Daniel-Galsterer-scaled.jpg\",\"width\":1200,\"height\":867,\"caption\":\"Dr. Daniel Galsterer. Bild: zVg\"},{\"@type\":\"BreadcrumbList\",\"@id\":\"https:\\\/\\\/news.save.ch\\\/neuer-leiter-werkstofftechnik-im-swiss-safety-center-3\\\/#breadcrumb\",\"itemListElement\":[{\"@type\":\"ListItem\",\"position\":1,\"name\":\"Home\",\"item\":\"https:\\\/\\\/news.save.ch\\\/de\\\/\"},{\"@type\":\"ListItem\",\"position\":2,\"name\":\"Neuer Leiter Werkstofftechnik im Swiss Safety Center\"}]},{\"@type\":\"WebSite\",\"@id\":\"https:\\\/\\\/news.save.ch\\\/de\\\/#website\",\"url\":\"https:\\\/\\\/news.save.ch\\\/de\\\/\",\"name\":\"Save\",\"description\":\"Schweizer Fachzeitschrift f\u00fcr Sicherheit\",\"publisher\":{\"@id\":\"https:\\\/\\\/news.save.ch\\\/de\\\/#organization\"},\"potentialAction\":[{\"@type\":\"SearchAction\",\"target\":{\"@type\":\"EntryPoint\",\"urlTemplate\":\"https:\\\/\\\/news.save.ch\\\/de\\\/?s={search_term_string}\"},\"query-input\":{\"@type\":\"PropertyValueSpecification\",\"valueRequired\":true,\"valueName\":\"search_term_string\"}}],\"inLanguage\":\"en-US\"},{\"@type\":\"Organization\",\"@id\":\"https:\\\/\\\/news.save.ch\\\/de\\\/#organization\",\"name\":\"Sicherheitsforum\",\"url\":\"https:\\\/\\\/news.save.ch\\\/de\\\/\",\"logo\":{\"@type\":\"ImageObject\",\"inLanguage\":\"en-US\",\"@id\":\"https:\\\/\\\/news.save.ch\\\/de\\\/#\\\/schema\\\/logo\\\/image\\\/\",\"url\":\"https:\\\/\\\/news.save.ch\\\/wp-content\\\/uploads\\\/2022\\\/06\\\/Logo_SF_2012.png\",\"contentUrl\":\"https:\\\/\\\/news.save.ch\\\/wp-content\\\/uploads\\\/2022\\\/06\\\/Logo_SF_2012.png\",\"width\":1100,\"height\":91,\"caption\":\"Sicherheitsforum\"},\"image\":{\"@id\":\"https:\\\/\\\/news.save.ch\\\/de\\\/#\\\/schema\\\/logo\\\/image\\\/\"}},{\"@type\":\"Person\",\"@id\":\"https:\\\/\\\/news.save.ch\\\/de\\\/#\\\/schema\\\/person\\\/d5022db048e0e2b9785c50e5b24da5aa\",\"name\":\"Roger Str\u00e4ssle\",\"image\":{\"@type\":\"ImageObject\",\"inLanguage\":\"en-US\",\"@id\":\"https:\\\/\\\/secure.gravatar.com\\\/avatar\\\/862a5569d087de48e5856e32f45d719a03804c891d6deb8d4f71a660e79e4a47?s=96&d=mm&r=g\",\"url\":\"https:\\\/\\\/secure.gravatar.com\\\/avatar\\\/862a5569d087de48e5856e32f45d719a03804c891d6deb8d4f71a660e79e4a47?s=96&d=mm&r=g\",\"contentUrl\":\"https:\\\/\\\/secure.gravatar.com\\\/avatar\\\/862a5569d087de48e5856e32f45d719a03804c891d6deb8d4f71a660e79e4a47?s=96&d=mm&r=g\",\"caption\":\"Roger Str\u00e4ssle\"},\"url\":\"https:\\\/\\\/news.save.ch\\\/en\\\/author\\\/roger-straessle\\\/\"}]}<\/script>\n<!-- \/ Yoast SEO plugin. -->","yoast_head_json":{"title":"New head of materials technology at the Swiss Safety Center - Save","description":"Dr. Daniel Galsterer, who holds a doctorate in materials science, heads the Materials Technology department at the Swiss Safety Center.","robots":{"index":"index","follow":"follow","max-snippet":"max-snippet:-1","max-image-preview":"max-image-preview:large","max-video-preview":"max-video-preview:-1"},"canonical":"https:\/\/news.save.ch\/en\/neuer-leiter-werkstofftechnik-im-swiss-safety-center-3\/","og_locale":"en_US","og_type":"article","og_title":"Neuer Leiter Werkstofftechnik im Swiss Safety Center - Save","og_description":"Dr. Daniel Galsterer, promovierter Ingenieur der Werkstoffwissenschaften, leitet den Bereich Werkstofftechnik des Swiss Safety Centers.","og_url":"https:\/\/news.save.ch\/en\/neuer-leiter-werkstofftechnik-im-swiss-safety-center-3\/","og_site_name":"Save","article_published_time":"2023-11-16T09:41:46+00:00","article_modified_time":"2023-11-16T09:44:04+00:00","og_image":[{"width":1200,"height":867,"url":"https:\/\/news.save.ch\/wp-content\/uploads\/2023\/11\/Daniel-Galsterer-scaled.jpg","type":"image\/jpeg"}],"author":"Roger Str\u00e4ssle","twitter_card":"summary_large_image","twitter_misc":{"Written by":"Roger Str\u00e4ssle","Est. reading time":"2 minutes"},"schema":{"@context":"https:\/\/schema.org","@graph":[{"@type":"Article","@id":"https:\/\/news.save.ch\/neuer-leiter-werkstofftechnik-im-swiss-safety-center-3\/#article","isPartOf":{"@id":"https:\/\/news.save.ch\/neuer-leiter-werkstofftechnik-im-swiss-safety-center-3\/"},"author":{"name":"Roger Str\u00e4ssle","@id":"https:\/\/news.save.ch\/de\/#\/schema\/person\/d5022db048e0e2b9785c50e5b24da5aa"},"headline":"Neuer Leiter Werkstofftechnik im Swiss Safety Center","datePublished":"2023-11-16T09:41:46+00:00","dateModified":"2023-11-16T09:44:04+00:00","mainEntityOfPage":{"@id":"https:\/\/news.save.ch\/neuer-leiter-werkstofftechnik-im-swiss-safety-center-3\/"},"wordCount":276,"publisher":{"@id":"https:\/\/news.save.ch\/de\/#organization"},"image":{"@id":"https:\/\/news.save.ch\/neuer-leiter-werkstofftechnik-im-swiss-safety-center-3\/#primaryimage"},"thumbnailUrl":"https:\/\/news.save.ch\/wp-content\/uploads\/2023\/11\/Daniel-Galsterer-scaled.jpg","keywords":["Personalien"],"articleSection":["ALLGEMEIN"],"inLanguage":"en-US"},{"@type":"WebPage","@id":"https:\/\/news.save.ch\/neuer-leiter-werkstofftechnik-im-swiss-safety-center-3\/","url":"https:\/\/news.save.ch\/neuer-leiter-werkstofftechnik-im-swiss-safety-center-3\/","name":"New head of materials technology at the Swiss Safety Center - Save","isPartOf":{"@id":"https:\/\/news.save.ch\/de\/#website"},"primaryImageOfPage":{"@id":"https:\/\/news.save.ch\/neuer-leiter-werkstofftechnik-im-swiss-safety-center-3\/#primaryimage"},"image":{"@id":"https:\/\/news.save.ch\/neuer-leiter-werkstofftechnik-im-swiss-safety-center-3\/#primaryimage"},"thumbnailUrl":"https:\/\/news.save.ch\/wp-content\/uploads\/2023\/11\/Daniel-Galsterer-scaled.jpg","datePublished":"2023-11-16T09:41:46+00:00","dateModified":"2023-11-16T09:44:04+00:00","description":"Dr. Daniel Galsterer, who holds a doctorate in materials science, heads the Materials Technology department at the Swiss Safety Center.","breadcrumb":{"@id":"https:\/\/news.save.ch\/neuer-leiter-werkstofftechnik-im-swiss-safety-center-3\/#breadcrumb"},"inLanguage":"en-US","potentialAction":[{"@type":"ReadAction","target":["https:\/\/news.save.ch\/neuer-leiter-werkstofftechnik-im-swiss-safety-center-3\/"]}]},{"@type":"ImageObject","inLanguage":"en-US","@id":"https:\/\/news.save.ch\/neuer-leiter-werkstofftechnik-im-swiss-safety-center-3\/#primaryimage","url":"https:\/\/news.save.ch\/wp-content\/uploads\/2023\/11\/Daniel-Galsterer-scaled.jpg","contentUrl":"https:\/\/news.save.ch\/wp-content\/uploads\/2023\/11\/Daniel-Galsterer-scaled.jpg","width":1200,"height":867,"caption":"Dr. Daniel Galsterer. Bild: zVg"},{"@type":"BreadcrumbList","@id":"https:\/\/news.save.ch\/neuer-leiter-werkstofftechnik-im-swiss-safety-center-3\/#breadcrumb","itemListElement":[{"@type":"ListItem","position":1,"name":"Home","item":"https:\/\/news.save.ch\/de\/"},{"@type":"ListItem","position":2,"name":"Neuer Leiter Werkstofftechnik im Swiss Safety Center"}]},{"@type":"WebSite","@id":"https:\/\/news.save.ch\/de\/#website","url":"https:\/\/news.save.ch\/de\/","name":"Save","description":"Swiss trade journal for safety","publisher":{"@id":"https:\/\/news.save.ch\/de\/#organization"},"potentialAction":[{"@type":"SearchAction","target":{"@type":"EntryPoint","urlTemplate":"https:\/\/news.save.ch\/de\/?s={search_term_string}"},"query-input":{"@type":"PropertyValueSpecification","valueRequired":true,"valueName":"search_term_string"}}],"inLanguage":"en-US"},{"@type":"Organization","@id":"https:\/\/news.save.ch\/de\/#organization","name":"Security Forum","url":"https:\/\/news.save.ch\/de\/","logo":{"@type":"ImageObject","inLanguage":"en-US","@id":"https:\/\/news.save.ch\/de\/#\/schema\/logo\/image\/","url":"https:\/\/news.save.ch\/wp-content\/uploads\/2022\/06\/Logo_SF_2012.png","contentUrl":"https:\/\/news.save.ch\/wp-content\/uploads\/2022\/06\/Logo_SF_2012.png","width":1100,"height":91,"caption":"Sicherheitsforum"},"image":{"@id":"https:\/\/news.save.ch\/de\/#\/schema\/logo\/image\/"}},{"@type":"Person","@id":"https:\/\/news.save.ch\/de\/#\/schema\/person\/d5022db048e0e2b9785c50e5b24da5aa","name":"Roger Str\u00e4ssle","image":{"@type":"ImageObject","inLanguage":"en-US","@id":"https:\/\/secure.gravatar.com\/avatar\/862a5569d087de48e5856e32f45d719a03804c891d6deb8d4f71a660e79e4a47?s=96&d=mm&r=g","url":"https:\/\/secure.gravatar.com\/avatar\/862a5569d087de48e5856e32f45d719a03804c891d6deb8d4f71a660e79e4a47?s=96&d=mm&r=g","contentUrl":"https:\/\/secure.gravatar.com\/avatar\/862a5569d087de48e5856e32f45d719a03804c891d6deb8d4f71a660e79e4a47?s=96&d=mm&r=g","caption":"Roger Str\u00e4ssle"},"url":"https:\/\/news.save.ch\/en\/author\/roger-straessle\/"}]}},"_links":{"self":[{"href":"https:\/\/news.save.ch\/en\/wp-json\/wp\/v2\/posts\/22393","targetHints":{"allow":["GET"]}}],"collection":[{"href":"https:\/\/news.save.ch\/en\/wp-json\/wp\/v2\/posts"}],"about":[{"href":"https:\/\/news.save.ch\/en\/wp-json\/wp\/v2\/types\/post"}],"author":[{"embeddable":true,"href":"https:\/\/news.save.ch\/en\/wp-json\/wp\/v2\/users\/8"}],"replies":[{"embeddable":true,"href":"https:\/\/news.save.ch\/en\/wp-json\/wp\/v2\/comments?post=22393"}],"version-history":[{"count":4,"href":"https:\/\/news.save.ch\/en\/wp-json\/wp\/v2\/posts\/22393\/revisions"}],"predecessor-version":[{"id":22398,"href":"https:\/\/news.save.ch\/en\/wp-json\/wp\/v2\/posts\/22393\/revisions\/22398"}],"wp:featuredmedia":[{"embeddable":true,"href":"https:\/\/news.save.ch\/en\/wp-json\/wp\/v2\/media\/22394"}],"wp:attachment":[{"href":"https:\/\/news.save.ch\/en\/wp-json\/wp\/v2\/media?parent=22393"}],"wp:term":[{"taxonomy":"category","embeddable":true,"href":"https:\/\/news.save.ch\/en\/wp-json\/wp\/v2\/categories?post=22393"},{"taxonomy":"post_tag","embeddable":true,"href":"https:\/\/news.save.ch\/en\/wp-json\/wp\/v2\/tags?post=22393"}],"curies":[{"name":"wp","href":"https:\/\/api.w.org\/{rel}","templated":true}]}}