{"id":22436,"date":"2023-11-23T06:00:34","date_gmt":"2023-11-23T05:00:34","guid":{"rendered":"https:\/\/news.save.ch\/?p=22436"},"modified":"2023-11-22T16:25:48","modified_gmt":"2023-11-22T15:25:48","slug":"bund-will-ab-2026-e-id-herausgeben","status":null,"type":"post","link":"https:\/\/news.save.ch\/en\/bund-will-ab-2026-e-id-herausgeben\/","title":{"rendered":"Confederation to issue e-ID from 2026"},"content":{"rendered":"<figure id=\"attachment_22437\" aria-describedby=\"caption-attachment-22437\" style=\"width: 680px\" class=\"wp-caption aligncenter\"><img loading=\"lazy\" decoding=\"async\" class=\"size-medium wp-image-22437\" src=\"https:\/\/news.save.ch\/wp-content\/uploads\/2023\/11\/Depositphotos_2508294_m-2015-1-680x510.jpg\" alt=\"Proof of identity\" width=\"680\" height=\"510\" srcset=\"https:\/\/news.save.ch\/wp-content\/uploads\/2023\/11\/Depositphotos_2508294_m-2015-1-680x510.jpg 680w, https:\/\/news.save.ch\/wp-content\/uploads\/2023\/11\/Depositphotos_2508294_m-2015-1-768x576.jpg 768w, https:\/\/news.save.ch\/wp-content\/uploads\/2023\/11\/Depositphotos_2508294_m-2015-1-16x12.jpg 16w, https:\/\/news.save.ch\/wp-content\/uploads\/2023\/11\/Depositphotos_2508294_m-2015-1-375x281.jpg 375w, https:\/\/news.save.ch\/wp-content\/uploads\/2023\/11\/Depositphotos_2508294_m-2015-1-467x350.jpg 467w, https:\/\/news.save.ch\/wp-content\/uploads\/2023\/11\/Depositphotos_2508294_m-2015-1.jpg 1000w\" sizes=\"auto, (max-width: 680px) 100vw, 680px\" \/><figcaption id=\"caption-attachment-22437\" class=\"wp-caption-text\">\u00a9 Depositphotos<\/figcaption><\/figure>\n<p>An initial e-ID law failed in the referendum on March 7, 2021. The main criticism at the time was that private companies could issue an e-ID. According to the Federal Office of Justice, the federal government will now be responsible for issuing the e-ID and providing the infrastructure required to operate it. For example, the federal government will provide the necessary app so that users can store their e-ID on their smartphone. The app should also be accessible to people with disabilities without restriction. Contrary to what was envisaged in the consultation, it would not be the cantons but the Confederation that would provide support for users.<\/p>\n<h3>Who can apply for E-ID?<\/h3>\n<p>Anyone who has a Swiss identity card, a Swiss passport or a Swiss-issued foreigner's identity card should be able to apply for an e-ID. Based on feedback from the consultation process, the Federal Council is proposing that the E-ID can be issued not only online, but also at passport offices. The use of the E-ID would be voluntary and free of charge. It could be used both on the Internet - for example when ordering an extract from the criminal record electronically - and in the physical world - for example in stores to prove age when buying alcohol. All federal services for which the e-ID could be used would continue to be offered in the same way. At the same time, all Swiss authorities would have to accept the e-ID as a valid proof of identity, provided they allow electronic proof of identity in principle.<\/p>\n<h3>E-ID guarantees the best possible data protection<\/h3>\n<p>Users of the future state-recognized E-ID should have the greatest possible control over their data (self-sovereign identity), as stated in the Federal Council's communication. Data protection should be guaranteed firstly by the system itself (privacy by design), secondly by minimizing the necessary data flows (principle of data minimization) and thirdly by storing the E-ID exclusively on the user's smartphone (decentralized data storage). In connection with data protection, the Federal Council is proposing a further measure based on the consultation results: In order to emphasize the principle of data economy, it should be made public if someone requests more E-ID data than is necessary in a specific case.<\/p>\n<p>In order to be able to react to technical and social developments, the law is formulated in a technology-neutral way, it is said. Finally, the Swiss e-ID system should comply with international standards. This should ensure that the e-ID can also be recognized and used abroad in the future.\u00a0 <em>(Media release \/ rs)<\/em><\/p>\n<p>&nbsp;<\/p>","protected":false},"excerpt":{"rendered":"<p>Ein erstes E-ID-Gesetz war in der Volksabstimmung vom 7. M\u00e4rz 2021 gescheitert. Kritisiert wurde damals insbesondere, dass Privatunternehmen eine E-ID herausgeben k\u00f6nnen. Neu soll der Bund f\u00fcr die Herausgabe der E-ID verantwortlich sein und die f\u00fcr den Betrieb notwendige Infrastruktur anbieten, wie das Bundesamt f\u00fcr Justiz schreibt. So stelle der Bund die notwendige App bereit, [&hellip;]<\/p>\n","protected":false},"author":8,"featured_media":22437,"comment_status":"closed","ping_status":"closed","sticky":false,"template":"","format":"standard","meta":{"_acf_changed":false,"pgc_sgb_lightbox_settings":"","footnotes":""},"categories":[3313],"tags":[490],"class_list":["post-22436","post","type-post","status-publish","format-standard","has-post-thumbnail","hentry","category-digitalisierung","tag-e-id"],"acf":[],"hkrextid":null,"publication":null,"issue":null,"workflow":null,"startPage":null,"spitzmarke":null,"_posts_by_tag_page_fields":null,"_at_widget":null,"_yoast_wpseo_primary_category":"3313","_yoast_wpseo_focuskw_text_input":null,"_yoast_wpseo_opengraph-image":null,"_yoast_wpseo_opengraph-description":null,"_yoast_wpseo_opengraph-title":null,"enclosure":null,"_yoast_wpseo_twitter-title":null,"_yoast_wpseo_twitter-description":null,"_yoast_wpseo_twitter-image":null,"_wp_old_slug":null,"_yoast_wpseo_title":null,"_yoast_wpseo_canonical":null,"yoast_head":"<!-- This site is optimized with the Yoast SEO plugin v27.4 - https:\/\/yoast.com\/product\/yoast-seo-wordpress\/ -->\n<title>Bund will ab 2026 E-ID herausgeben - Save<\/title>\n<meta name=\"description\" content=\"Der Bundesrat plant, in der Schweiz einen elektronischen Identit\u00e4tsausweis (E-ID) ab dem Jahr 2026 herauszugeben.\" \/>\n<meta name=\"robots\" content=\"index, follow, max-snippet:-1, max-image-preview:large, max-video-preview:-1\" \/>\n<link rel=\"canonical\" href=\"https:\/\/news.save.ch\/en\/bund-will-ab-2026-e-id-herausgeben\/\" \/>\n<meta property=\"og:locale\" content=\"en_US\" \/>\n<meta property=\"og:type\" content=\"article\" \/>\n<meta property=\"og:title\" content=\"Bund will ab 2026 E-ID herausgeben - Save\" \/>\n<meta property=\"og:description\" content=\"Der Bundesrat plant, in der Schweiz einen elektronischen Identit\u00e4tsausweis (E-ID) ab dem Jahr 2026 herauszugeben.\" \/>\n<meta property=\"og:url\" content=\"https:\/\/news.save.ch\/en\/bund-will-ab-2026-e-id-herausgeben\/\" \/>\n<meta property=\"og:site_name\" content=\"Save\" \/>\n<meta property=\"article:published_time\" content=\"2023-11-23T05:00:34+00:00\" \/>\n<meta property=\"og:image\" content=\"https:\/\/news.save.ch\/wp-content\/uploads\/2023\/11\/Depositphotos_2508294_m-2015-1.jpg\" \/>\n\t<meta property=\"og:image:width\" content=\"1000\" \/>\n\t<meta property=\"og:image:height\" content=\"750\" \/>\n\t<meta property=\"og:image:type\" content=\"image\/jpeg\" \/>\n<meta name=\"author\" content=\"Roger Str\u00e4ssle\" \/>\n<meta name=\"twitter:card\" content=\"summary_large_image\" \/>\n<meta name=\"twitter:label1\" content=\"Written by\" \/>\n\t<meta name=\"twitter:data1\" content=\"Roger Str\u00e4ssle\" \/>\n\t<meta name=\"twitter:label2\" content=\"Est. reading time\" \/>\n\t<meta name=\"twitter:data2\" content=\"3 minutes\" \/>\n<script type=\"application\/ld+json\" class=\"yoast-schema-graph\">{\"@context\":\"https:\\\/\\\/schema.org\",\"@graph\":[{\"@type\":\"Article\",\"@id\":\"https:\\\/\\\/news.save.ch\\\/bund-will-ab-2026-e-id-herausgeben\\\/#article\",\"isPartOf\":{\"@id\":\"https:\\\/\\\/news.save.ch\\\/bund-will-ab-2026-e-id-herausgeben\\\/\"},\"author\":{\"name\":\"Roger Str\u00e4ssle\",\"@id\":\"https:\\\/\\\/news.save.ch\\\/de\\\/#\\\/schema\\\/person\\\/d5022db048e0e2b9785c50e5b24da5aa\"},\"headline\":\"Bund will ab 2026 E-ID herausgeben\",\"datePublished\":\"2023-11-23T05:00:34+00:00\",\"mainEntityOfPage\":{\"@id\":\"https:\\\/\\\/news.save.ch\\\/bund-will-ab-2026-e-id-herausgeben\\\/\"},\"wordCount\":427,\"publisher\":{\"@id\":\"https:\\\/\\\/news.save.ch\\\/de\\\/#organization\"},\"image\":{\"@id\":\"https:\\\/\\\/news.save.ch\\\/bund-will-ab-2026-e-id-herausgeben\\\/#primaryimage\"},\"thumbnailUrl\":\"https:\\\/\\\/news.save.ch\\\/wp-content\\\/uploads\\\/2023\\\/11\\\/Depositphotos_2508294_m-2015-1.jpg\",\"keywords\":[\"E-ID\"],\"articleSection\":[\"DIGITALISIERUNG\"],\"inLanguage\":\"en-US\"},{\"@type\":\"WebPage\",\"@id\":\"https:\\\/\\\/news.save.ch\\\/bund-will-ab-2026-e-id-herausgeben\\\/\",\"url\":\"https:\\\/\\\/news.save.ch\\\/bund-will-ab-2026-e-id-herausgeben\\\/\",\"name\":\"Bund will ab 2026 E-ID herausgeben - Save\",\"isPartOf\":{\"@id\":\"https:\\\/\\\/news.save.ch\\\/de\\\/#website\"},\"primaryImageOfPage\":{\"@id\":\"https:\\\/\\\/news.save.ch\\\/bund-will-ab-2026-e-id-herausgeben\\\/#primaryimage\"},\"image\":{\"@id\":\"https:\\\/\\\/news.save.ch\\\/bund-will-ab-2026-e-id-herausgeben\\\/#primaryimage\"},\"thumbnailUrl\":\"https:\\\/\\\/news.save.ch\\\/wp-content\\\/uploads\\\/2023\\\/11\\\/Depositphotos_2508294_m-2015-1.jpg\",\"datePublished\":\"2023-11-23T05:00:34+00:00\",\"description\":\"Der Bundesrat plant, in der Schweiz einen elektronischen Identit\u00e4tsausweis (E-ID) ab dem Jahr 2026 herauszugeben.\",\"breadcrumb\":{\"@id\":\"https:\\\/\\\/news.save.ch\\\/bund-will-ab-2026-e-id-herausgeben\\\/#breadcrumb\"},\"inLanguage\":\"en-US\",\"potentialAction\":[{\"@type\":\"ReadAction\",\"target\":[\"https:\\\/\\\/news.save.ch\\\/bund-will-ab-2026-e-id-herausgeben\\\/\"]}]},{\"@type\":\"ImageObject\",\"inLanguage\":\"en-US\",\"@id\":\"https:\\\/\\\/news.save.ch\\\/bund-will-ab-2026-e-id-herausgeben\\\/#primaryimage\",\"url\":\"https:\\\/\\\/news.save.ch\\\/wp-content\\\/uploads\\\/2023\\\/11\\\/Depositphotos_2508294_m-2015-1.jpg\",\"contentUrl\":\"https:\\\/\\\/news.save.ch\\\/wp-content\\\/uploads\\\/2023\\\/11\\\/Depositphotos_2508294_m-2015-1.jpg\",\"width\":1000,\"height\":750,\"caption\":\"\u00a9 Depositphotos\"},{\"@type\":\"BreadcrumbList\",\"@id\":\"https:\\\/\\\/news.save.ch\\\/bund-will-ab-2026-e-id-herausgeben\\\/#breadcrumb\",\"itemListElement\":[{\"@type\":\"ListItem\",\"position\":1,\"name\":\"Home\",\"item\":\"https:\\\/\\\/news.save.ch\\\/de\\\/\"},{\"@type\":\"ListItem\",\"position\":2,\"name\":\"Bund will ab 2026 E-ID herausgeben\"}]},{\"@type\":\"WebSite\",\"@id\":\"https:\\\/\\\/news.save.ch\\\/de\\\/#website\",\"url\":\"https:\\\/\\\/news.save.ch\\\/de\\\/\",\"name\":\"Save\",\"description\":\"Schweizer Fachzeitschrift f\u00fcr Sicherheit\",\"publisher\":{\"@id\":\"https:\\\/\\\/news.save.ch\\\/de\\\/#organization\"},\"potentialAction\":[{\"@type\":\"SearchAction\",\"target\":{\"@type\":\"EntryPoint\",\"urlTemplate\":\"https:\\\/\\\/news.save.ch\\\/de\\\/?s={search_term_string}\"},\"query-input\":{\"@type\":\"PropertyValueSpecification\",\"valueRequired\":true,\"valueName\":\"search_term_string\"}}],\"inLanguage\":\"en-US\"},{\"@type\":\"Organization\",\"@id\":\"https:\\\/\\\/news.save.ch\\\/de\\\/#organization\",\"name\":\"Sicherheitsforum\",\"url\":\"https:\\\/\\\/news.save.ch\\\/de\\\/\",\"logo\":{\"@type\":\"ImageObject\",\"inLanguage\":\"en-US\",\"@id\":\"https:\\\/\\\/news.save.ch\\\/de\\\/#\\\/schema\\\/logo\\\/image\\\/\",\"url\":\"https:\\\/\\\/news.save.ch\\\/wp-content\\\/uploads\\\/2022\\\/06\\\/Logo_SF_2012.png\",\"contentUrl\":\"https:\\\/\\\/news.save.ch\\\/wp-content\\\/uploads\\\/2022\\\/06\\\/Logo_SF_2012.png\",\"width\":1100,\"height\":91,\"caption\":\"Sicherheitsforum\"},\"image\":{\"@id\":\"https:\\\/\\\/news.save.ch\\\/de\\\/#\\\/schema\\\/logo\\\/image\\\/\"}},{\"@type\":\"Person\",\"@id\":\"https:\\\/\\\/news.save.ch\\\/de\\\/#\\\/schema\\\/person\\\/d5022db048e0e2b9785c50e5b24da5aa\",\"name\":\"Roger Str\u00e4ssle\",\"image\":{\"@type\":\"ImageObject\",\"inLanguage\":\"en-US\",\"@id\":\"https:\\\/\\\/secure.gravatar.com\\\/avatar\\\/862a5569d087de48e5856e32f45d719a03804c891d6deb8d4f71a660e79e4a47?s=96&d=mm&r=g\",\"url\":\"https:\\\/\\\/secure.gravatar.com\\\/avatar\\\/862a5569d087de48e5856e32f45d719a03804c891d6deb8d4f71a660e79e4a47?s=96&d=mm&r=g\",\"contentUrl\":\"https:\\\/\\\/secure.gravatar.com\\\/avatar\\\/862a5569d087de48e5856e32f45d719a03804c891d6deb8d4f71a660e79e4a47?s=96&d=mm&r=g\",\"caption\":\"Roger Str\u00e4ssle\"},\"url\":\"https:\\\/\\\/news.save.ch\\\/en\\\/author\\\/roger-straessle\\\/\"}]}<\/script>\n<!-- \/ Yoast SEO plugin. -->","yoast_head_json":{"title":"Confederation to issue e-ID from 2026 - Save","description":"The Federal Council is planning to issue an electronic identity card (e-ID) in Switzerland from 2026.","robots":{"index":"index","follow":"follow","max-snippet":"max-snippet:-1","max-image-preview":"max-image-preview:large","max-video-preview":"max-video-preview:-1"},"canonical":"https:\/\/news.save.ch\/en\/bund-will-ab-2026-e-id-herausgeben\/","og_locale":"en_US","og_type":"article","og_title":"Bund will ab 2026 E-ID herausgeben - Save","og_description":"Der Bundesrat plant, in der Schweiz einen elektronischen Identit\u00e4tsausweis (E-ID) ab dem Jahr 2026 herauszugeben.","og_url":"https:\/\/news.save.ch\/en\/bund-will-ab-2026-e-id-herausgeben\/","og_site_name":"Save","article_published_time":"2023-11-23T05:00:34+00:00","og_image":[{"width":1000,"height":750,"url":"https:\/\/news.save.ch\/wp-content\/uploads\/2023\/11\/Depositphotos_2508294_m-2015-1.jpg","type":"image\/jpeg"}],"author":"Roger Str\u00e4ssle","twitter_card":"summary_large_image","twitter_misc":{"Written by":"Roger Str\u00e4ssle","Est. reading time":"3 minutes"},"schema":{"@context":"https:\/\/schema.org","@graph":[{"@type":"Article","@id":"https:\/\/news.save.ch\/bund-will-ab-2026-e-id-herausgeben\/#article","isPartOf":{"@id":"https:\/\/news.save.ch\/bund-will-ab-2026-e-id-herausgeben\/"},"author":{"name":"Roger Str\u00e4ssle","@id":"https:\/\/news.save.ch\/de\/#\/schema\/person\/d5022db048e0e2b9785c50e5b24da5aa"},"headline":"Bund will ab 2026 E-ID herausgeben","datePublished":"2023-11-23T05:00:34+00:00","mainEntityOfPage":{"@id":"https:\/\/news.save.ch\/bund-will-ab-2026-e-id-herausgeben\/"},"wordCount":427,"publisher":{"@id":"https:\/\/news.save.ch\/de\/#organization"},"image":{"@id":"https:\/\/news.save.ch\/bund-will-ab-2026-e-id-herausgeben\/#primaryimage"},"thumbnailUrl":"https:\/\/news.save.ch\/wp-content\/uploads\/2023\/11\/Depositphotos_2508294_m-2015-1.jpg","keywords":["E-ID"],"articleSection":["DIGITALISIERUNG"],"inLanguage":"en-US"},{"@type":"WebPage","@id":"https:\/\/news.save.ch\/bund-will-ab-2026-e-id-herausgeben\/","url":"https:\/\/news.save.ch\/bund-will-ab-2026-e-id-herausgeben\/","name":"Confederation to issue e-ID from 2026 - Save","isPartOf":{"@id":"https:\/\/news.save.ch\/de\/#website"},"primaryImageOfPage":{"@id":"https:\/\/news.save.ch\/bund-will-ab-2026-e-id-herausgeben\/#primaryimage"},"image":{"@id":"https:\/\/news.save.ch\/bund-will-ab-2026-e-id-herausgeben\/#primaryimage"},"thumbnailUrl":"https:\/\/news.save.ch\/wp-content\/uploads\/2023\/11\/Depositphotos_2508294_m-2015-1.jpg","datePublished":"2023-11-23T05:00:34+00:00","description":"The Federal Council is planning to issue an electronic identity card (e-ID) in Switzerland from 2026.","breadcrumb":{"@id":"https:\/\/news.save.ch\/bund-will-ab-2026-e-id-herausgeben\/#breadcrumb"},"inLanguage":"en-US","potentialAction":[{"@type":"ReadAction","target":["https:\/\/news.save.ch\/bund-will-ab-2026-e-id-herausgeben\/"]}]},{"@type":"ImageObject","inLanguage":"en-US","@id":"https:\/\/news.save.ch\/bund-will-ab-2026-e-id-herausgeben\/#primaryimage","url":"https:\/\/news.save.ch\/wp-content\/uploads\/2023\/11\/Depositphotos_2508294_m-2015-1.jpg","contentUrl":"https:\/\/news.save.ch\/wp-content\/uploads\/2023\/11\/Depositphotos_2508294_m-2015-1.jpg","width":1000,"height":750,"caption":"\u00a9 Depositphotos"},{"@type":"BreadcrumbList","@id":"https:\/\/news.save.ch\/bund-will-ab-2026-e-id-herausgeben\/#breadcrumb","itemListElement":[{"@type":"ListItem","position":1,"name":"Home","item":"https:\/\/news.save.ch\/de\/"},{"@type":"ListItem","position":2,"name":"Bund will ab 2026 E-ID herausgeben"}]},{"@type":"WebSite","@id":"https:\/\/news.save.ch\/de\/#website","url":"https:\/\/news.save.ch\/de\/","name":"Save","description":"Swiss trade journal for safety","publisher":{"@id":"https:\/\/news.save.ch\/de\/#organization"},"potentialAction":[{"@type":"SearchAction","target":{"@type":"EntryPoint","urlTemplate":"https:\/\/news.save.ch\/de\/?s={search_term_string}"},"query-input":{"@type":"PropertyValueSpecification","valueRequired":true,"valueName":"search_term_string"}}],"inLanguage":"en-US"},{"@type":"Organization","@id":"https:\/\/news.save.ch\/de\/#organization","name":"Security Forum","url":"https:\/\/news.save.ch\/de\/","logo":{"@type":"ImageObject","inLanguage":"en-US","@id":"https:\/\/news.save.ch\/de\/#\/schema\/logo\/image\/","url":"https:\/\/news.save.ch\/wp-content\/uploads\/2022\/06\/Logo_SF_2012.png","contentUrl":"https:\/\/news.save.ch\/wp-content\/uploads\/2022\/06\/Logo_SF_2012.png","width":1100,"height":91,"caption":"Sicherheitsforum"},"image":{"@id":"https:\/\/news.save.ch\/de\/#\/schema\/logo\/image\/"}},{"@type":"Person","@id":"https:\/\/news.save.ch\/de\/#\/schema\/person\/d5022db048e0e2b9785c50e5b24da5aa","name":"Roger Str\u00e4ssle","image":{"@type":"ImageObject","inLanguage":"en-US","@id":"https:\/\/secure.gravatar.com\/avatar\/862a5569d087de48e5856e32f45d719a03804c891d6deb8d4f71a660e79e4a47?s=96&d=mm&r=g","url":"https:\/\/secure.gravatar.com\/avatar\/862a5569d087de48e5856e32f45d719a03804c891d6deb8d4f71a660e79e4a47?s=96&d=mm&r=g","contentUrl":"https:\/\/secure.gravatar.com\/avatar\/862a5569d087de48e5856e32f45d719a03804c891d6deb8d4f71a660e79e4a47?s=96&d=mm&r=g","caption":"Roger Str\u00e4ssle"},"url":"https:\/\/news.save.ch\/en\/author\/roger-straessle\/"}]}},"_links":{"self":[{"href":"https:\/\/news.save.ch\/en\/wp-json\/wp\/v2\/posts\/22436","targetHints":{"allow":["GET"]}}],"collection":[{"href":"https:\/\/news.save.ch\/en\/wp-json\/wp\/v2\/posts"}],"about":[{"href":"https:\/\/news.save.ch\/en\/wp-json\/wp\/v2\/types\/post"}],"author":[{"embeddable":true,"href":"https:\/\/news.save.ch\/en\/wp-json\/wp\/v2\/users\/8"}],"replies":[{"embeddable":true,"href":"https:\/\/news.save.ch\/en\/wp-json\/wp\/v2\/comments?post=22436"}],"version-history":[{"count":5,"href":"https:\/\/news.save.ch\/en\/wp-json\/wp\/v2\/posts\/22436\/revisions"}],"predecessor-version":[{"id":22442,"href":"https:\/\/news.save.ch\/en\/wp-json\/wp\/v2\/posts\/22436\/revisions\/22442"}],"wp:featuredmedia":[{"embeddable":true,"href":"https:\/\/news.save.ch\/en\/wp-json\/wp\/v2\/media\/22437"}],"wp:attachment":[{"href":"https:\/\/news.save.ch\/en\/wp-json\/wp\/v2\/media?parent=22436"}],"wp:term":[{"taxonomy":"category","embeddable":true,"href":"https:\/\/news.save.ch\/en\/wp-json\/wp\/v2\/categories?post=22436"},{"taxonomy":"post_tag","embeddable":true,"href":"https:\/\/news.save.ch\/en\/wp-json\/wp\/v2\/tags?post=22436"}],"curies":[{"name":"wp","href":"https:\/\/api.w.org\/{rel}","templated":true}]}}