{"id":22457,"date":"2023-12-05T17:48:14","date_gmt":"2023-12-05T16:48:14","guid":{"rendered":"https:\/\/news.save.ch\/?p=22457"},"modified":"2024-11-19T13:30:26","modified_gmt":"2024-11-19T12:30:26","slug":"brandgefahr-lenovo-ruft-die-usb-c-laptop-power-bank-zurueck","status":null,"type":"post","link":"https:\/\/news.save.ch\/en\/brandgefahr-lenovo-ruft-die-usb-c-laptop-power-bank-zurueck\/","title":{"rendered":"Fire hazard: Lenovo recalls the \"USB-C Laptop Power Bank\""},"content":{"rendered":"<p><img loading=\"lazy\" decoding=\"async\" class=\"size-full wp-image-22458 alignnone\" src=\"https:\/\/news.save.ch\/wp-content\/uploads\/2023\/12\/Power-Bank.jpg\" alt=\"\" width=\"504\" height=\"374\" srcset=\"https:\/\/news.save.ch\/wp-content\/uploads\/2023\/12\/Power-Bank.jpg 504w, https:\/\/news.save.ch\/wp-content\/uploads\/2023\/12\/Power-Bank-16x12.jpg 16w, https:\/\/news.save.ch\/wp-content\/uploads\/2023\/12\/Power-Bank-375x278.jpg 375w, https:\/\/news.save.ch\/wp-content\/uploads\/2023\/12\/Power-Bank-472x350.jpg 472w\" sizes=\"auto, (max-width: 504px) 100vw, 504px\" \/><\/p>\n<p>According to a statement from Esti, loose screws inside the aforementioned device can lead to a short circuit and overheating of the product, which poses a fire hazard. The product recall affects the Lenovo \"USB-C Laptop Power Bank\" with item number 40ALLG2WWW, which was manufactured between December 2021 and June 2022.<\/p>\n<h3><b>What to do?<\/b><\/h3>\n<p>According to Esti, affected customers should immediately visit the website <a href=\"https:\/\/support.lenovo.com\/solutions\/HT515669\" target=\"_blank\" rel=\"noopener\">https:\/\/support.lenovo.com\/solutions\/HT515669<\/a> or contact Lenovo Support to find out if your power bank is affected by this recall. They would also receive assistance in replacing the power bank. If the power bank is affected by the recall, it should be discontinued immediately.<\/p>","protected":false},"excerpt":{"rendered":"<p>Gem\u00e4ss Mitteilung des Esti k\u00f6nnen lockere Schrauben im Inneren des genannten Ger\u00e4ts zu einem Kurzschluss und zu einer \u00dcberhitzung des Produkts f\u00fchren, was eine Brandgefahr darstellt.\u00a0Vom Produktr\u00fcckruf betroffen ist die Lenovo \u00abUSB-C Laptop Power Bank\u00bb mit der Artikelnummer 40ALLG2WWW, welche zwischen Dezember 2021 und Juni 2022 hergestellt wurden. Was ist zu tun? Laut Esti sollen [&hellip;]<\/p>\n","protected":false},"author":8,"featured_media":22458,"comment_status":"closed","ping_status":"closed","sticky":false,"template":"","format":"standard","meta":{"_acf_changed":false,"pgc_sgb_lightbox_settings":"","footnotes":""},"categories":[67],"tags":[907,6371,1411,2703,2816,6540],"class_list":["post-22457","post","type-post","status-publish","format-standard","has-post-thumbnail","hentry","category-brandschutz","tag-brandgefahr","tag-geraetebrand","tag-lenovo","tag-powerbank","tag-rueckruf","tag-support"],"acf":[],"hkrextid":null,"publication":null,"issue":null,"workflow":null,"startPage":null,"spitzmarke":null,"_posts_by_tag_page_fields":null,"_at_widget":null,"_yoast_wpseo_primary_category":"67","_yoast_wpseo_focuskw_text_input":null,"_yoast_wpseo_opengraph-image":null,"_yoast_wpseo_opengraph-description":null,"_yoast_wpseo_opengraph-title":null,"enclosure":null,"_yoast_wpseo_twitter-title":null,"_yoast_wpseo_twitter-description":null,"_yoast_wpseo_twitter-image":null,"_wp_old_slug":null,"_yoast_wpseo_title":null,"_yoast_wpseo_canonical":null,"yoast_head":"<!-- This site is optimized with the Yoast SEO plugin v27.5 - https:\/\/yoast.com\/product\/yoast-seo-wordpress\/ -->\n<title>Brandgefahr: Lenovo ruft die \u00abUSB-C Laptop Power Bank\u00bb zur\u00fcck - Save<\/title>\n<meta name=\"description\" content=\"Lenovo ruft die USB-C Laptop Power Bank wegen Brandgefahr zur\u00fcck. Betroffene Kunden sollten die Nutzung sofort einstellen und den Support kontaktieren.\" \/>\n<meta name=\"robots\" content=\"index, follow, max-snippet:-1, max-image-preview:large, max-video-preview:-1\" \/>\n<link rel=\"canonical\" href=\"https:\/\/news.save.ch\/en\/brandgefahr-lenovo-ruft-die-usb-c-laptop-power-bank-zurueck\/\" \/>\n<meta property=\"og:locale\" content=\"en_US\" \/>\n<meta property=\"og:type\" content=\"article\" \/>\n<meta property=\"og:title\" content=\"Brandgefahr: Lenovo ruft die \u00abUSB-C Laptop Power Bank\u00bb zur\u00fcck - Save\" \/>\n<meta property=\"og:description\" content=\"Lenovo ruft die USB-C Laptop Power Bank wegen Brandgefahr zur\u00fcck. Betroffene Kunden sollten die Nutzung sofort einstellen und den Support kontaktieren.\" \/>\n<meta property=\"og:url\" content=\"https:\/\/news.save.ch\/en\/brandgefahr-lenovo-ruft-die-usb-c-laptop-power-bank-zurueck\/\" \/>\n<meta property=\"og:site_name\" content=\"Save\" \/>\n<meta property=\"article:published_time\" content=\"2023-12-05T16:48:14+00:00\" \/>\n<meta property=\"article:modified_time\" content=\"2024-11-19T12:30:26+00:00\" \/>\n<meta property=\"og:image\" content=\"https:\/\/news.save.ch\/wp-content\/uploads\/2023\/12\/Power-Bank.jpg\" \/>\n\t<meta property=\"og:image:width\" content=\"504\" \/>\n\t<meta property=\"og:image:height\" content=\"374\" \/>\n\t<meta property=\"og:image:type\" content=\"image\/jpeg\" \/>\n<meta name=\"author\" content=\"Roger Str\u00e4ssle\" \/>\n<meta name=\"twitter:card\" content=\"summary_large_image\" \/>\n<meta name=\"twitter:label1\" content=\"Written by\" \/>\n\t<meta name=\"twitter:data1\" content=\"Roger Str\u00e4ssle\" \/>\n\t<meta name=\"twitter:label2\" content=\"Est. reading time\" \/>\n\t<meta name=\"twitter:data2\" content=\"1 minute\" \/>\n<script type=\"application\/ld+json\" class=\"yoast-schema-graph\">{\"@context\":\"https:\\\/\\\/schema.org\",\"@graph\":[{\"@type\":\"Article\",\"@id\":\"https:\\\/\\\/news.save.ch\\\/brandgefahr-lenovo-ruft-die-usb-c-laptop-power-bank-zurueck\\\/#article\",\"isPartOf\":{\"@id\":\"https:\\\/\\\/news.save.ch\\\/brandgefahr-lenovo-ruft-die-usb-c-laptop-power-bank-zurueck\\\/\"},\"author\":{\"name\":\"Roger Str\u00e4ssle\",\"@id\":\"https:\\\/\\\/news.save.ch\\\/de\\\/#\\\/schema\\\/person\\\/d5022db048e0e2b9785c50e5b24da5aa\"},\"headline\":\"Brandgefahr: Lenovo ruft die \u00abUSB-C Laptop Power Bank\u00bb zur\u00fcck\",\"datePublished\":\"2023-12-05T16:48:14+00:00\",\"dateModified\":\"2024-11-19T12:30:26+00:00\",\"mainEntityOfPage\":{\"@id\":\"https:\\\/\\\/news.save.ch\\\/brandgefahr-lenovo-ruft-die-usb-c-laptop-power-bank-zurueck\\\/\"},\"wordCount\":128,\"publisher\":{\"@id\":\"https:\\\/\\\/news.save.ch\\\/de\\\/#organization\"},\"image\":{\"@id\":\"https:\\\/\\\/news.save.ch\\\/brandgefahr-lenovo-ruft-die-usb-c-laptop-power-bank-zurueck\\\/#primaryimage\"},\"thumbnailUrl\":\"https:\\\/\\\/news.save.ch\\\/wp-content\\\/uploads\\\/2023\\\/12\\\/Power-Bank.jpg\",\"keywords\":[\"Brandgefahr\",\"Ger\u00e4tebrand\",\"Lenovo\",\"Powerbank\",\"R\u00fcckruf\",\"Support\"],\"articleSection\":[\"BRANDSCHUTZ\"],\"inLanguage\":\"en-US\"},{\"@type\":\"WebPage\",\"@id\":\"https:\\\/\\\/news.save.ch\\\/brandgefahr-lenovo-ruft-die-usb-c-laptop-power-bank-zurueck\\\/\",\"url\":\"https:\\\/\\\/news.save.ch\\\/brandgefahr-lenovo-ruft-die-usb-c-laptop-power-bank-zurueck\\\/\",\"name\":\"Brandgefahr: Lenovo ruft die \u00abUSB-C Laptop Power Bank\u00bb zur\u00fcck - Save\",\"isPartOf\":{\"@id\":\"https:\\\/\\\/news.save.ch\\\/de\\\/#website\"},\"primaryImageOfPage\":{\"@id\":\"https:\\\/\\\/news.save.ch\\\/brandgefahr-lenovo-ruft-die-usb-c-laptop-power-bank-zurueck\\\/#primaryimage\"},\"image\":{\"@id\":\"https:\\\/\\\/news.save.ch\\\/brandgefahr-lenovo-ruft-die-usb-c-laptop-power-bank-zurueck\\\/#primaryimage\"},\"thumbnailUrl\":\"https:\\\/\\\/news.save.ch\\\/wp-content\\\/uploads\\\/2023\\\/12\\\/Power-Bank.jpg\",\"datePublished\":\"2023-12-05T16:48:14+00:00\",\"dateModified\":\"2024-11-19T12:30:26+00:00\",\"description\":\"Lenovo ruft die USB-C Laptop Power Bank wegen Brandgefahr zur\u00fcck. Betroffene Kunden sollten die Nutzung sofort einstellen und den Support kontaktieren.\",\"breadcrumb\":{\"@id\":\"https:\\\/\\\/news.save.ch\\\/brandgefahr-lenovo-ruft-die-usb-c-laptop-power-bank-zurueck\\\/#breadcrumb\"},\"inLanguage\":\"en-US\",\"potentialAction\":[{\"@type\":\"ReadAction\",\"target\":[\"https:\\\/\\\/news.save.ch\\\/brandgefahr-lenovo-ruft-die-usb-c-laptop-power-bank-zurueck\\\/\"]}]},{\"@type\":\"ImageObject\",\"inLanguage\":\"en-US\",\"@id\":\"https:\\\/\\\/news.save.ch\\\/brandgefahr-lenovo-ruft-die-usb-c-laptop-power-bank-zurueck\\\/#primaryimage\",\"url\":\"https:\\\/\\\/news.save.ch\\\/wp-content\\\/uploads\\\/2023\\\/12\\\/Power-Bank.jpg\",\"contentUrl\":\"https:\\\/\\\/news.save.ch\\\/wp-content\\\/uploads\\\/2023\\\/12\\\/Power-Bank.jpg\",\"width\":504,\"height\":374},{\"@type\":\"BreadcrumbList\",\"@id\":\"https:\\\/\\\/news.save.ch\\\/brandgefahr-lenovo-ruft-die-usb-c-laptop-power-bank-zurueck\\\/#breadcrumb\",\"itemListElement\":[{\"@type\":\"ListItem\",\"position\":1,\"name\":\"Home\",\"item\":\"https:\\\/\\\/news.save.ch\\\/de\\\/\"},{\"@type\":\"ListItem\",\"position\":2,\"name\":\"Brandgefahr: Lenovo ruft die \u00abUSB-C Laptop Power Bank\u00bb zur\u00fcck\"}]},{\"@type\":\"WebSite\",\"@id\":\"https:\\\/\\\/news.save.ch\\\/de\\\/#website\",\"url\":\"https:\\\/\\\/news.save.ch\\\/de\\\/\",\"name\":\"Save\",\"description\":\"Schweizer Fachzeitschrift f\u00fcr Sicherheit\",\"publisher\":{\"@id\":\"https:\\\/\\\/news.save.ch\\\/de\\\/#organization\"},\"potentialAction\":[{\"@type\":\"SearchAction\",\"target\":{\"@type\":\"EntryPoint\",\"urlTemplate\":\"https:\\\/\\\/news.save.ch\\\/de\\\/?s={search_term_string}\"},\"query-input\":{\"@type\":\"PropertyValueSpecification\",\"valueRequired\":true,\"valueName\":\"search_term_string\"}}],\"inLanguage\":\"en-US\"},{\"@type\":\"Organization\",\"@id\":\"https:\\\/\\\/news.save.ch\\\/de\\\/#organization\",\"name\":\"Sicherheitsforum\",\"url\":\"https:\\\/\\\/news.save.ch\\\/de\\\/\",\"logo\":{\"@type\":\"ImageObject\",\"inLanguage\":\"en-US\",\"@id\":\"https:\\\/\\\/news.save.ch\\\/de\\\/#\\\/schema\\\/logo\\\/image\\\/\",\"url\":\"https:\\\/\\\/news.save.ch\\\/wp-content\\\/uploads\\\/2022\\\/06\\\/Logo_SF_2012.png\",\"contentUrl\":\"https:\\\/\\\/news.save.ch\\\/wp-content\\\/uploads\\\/2022\\\/06\\\/Logo_SF_2012.png\",\"width\":1100,\"height\":91,\"caption\":\"Sicherheitsforum\"},\"image\":{\"@id\":\"https:\\\/\\\/news.save.ch\\\/de\\\/#\\\/schema\\\/logo\\\/image\\\/\"}},{\"@type\":\"Person\",\"@id\":\"https:\\\/\\\/news.save.ch\\\/de\\\/#\\\/schema\\\/person\\\/d5022db048e0e2b9785c50e5b24da5aa\",\"name\":\"Roger Str\u00e4ssle\",\"image\":{\"@type\":\"ImageObject\",\"inLanguage\":\"en-US\",\"@id\":\"https:\\\/\\\/secure.gravatar.com\\\/avatar\\\/862a5569d087de48e5856e32f45d719a03804c891d6deb8d4f71a660e79e4a47?s=96&d=mm&r=g\",\"url\":\"https:\\\/\\\/secure.gravatar.com\\\/avatar\\\/862a5569d087de48e5856e32f45d719a03804c891d6deb8d4f71a660e79e4a47?s=96&d=mm&r=g\",\"contentUrl\":\"https:\\\/\\\/secure.gravatar.com\\\/avatar\\\/862a5569d087de48e5856e32f45d719a03804c891d6deb8d4f71a660e79e4a47?s=96&d=mm&r=g\",\"caption\":\"Roger Str\u00e4ssle\"},\"url\":\"https:\\\/\\\/news.save.ch\\\/en\\\/author\\\/roger-straessle\\\/\"}]}<\/script>\n<!-- \/ Yoast SEO plugin. -->","yoast_head_json":{"title":"Fire hazard: Lenovo recalls the \"USB-C Laptop Power Bank\" - Save","description":"Lenovo is recalling the USB-C Laptop Power Bank due to a fire hazard. Affected customers should stop using it immediately and contact support.","robots":{"index":"index","follow":"follow","max-snippet":"max-snippet:-1","max-image-preview":"max-image-preview:large","max-video-preview":"max-video-preview:-1"},"canonical":"https:\/\/news.save.ch\/en\/brandgefahr-lenovo-ruft-die-usb-c-laptop-power-bank-zurueck\/","og_locale":"en_US","og_type":"article","og_title":"Brandgefahr: Lenovo ruft die \u00abUSB-C Laptop Power Bank\u00bb zur\u00fcck - Save","og_description":"Lenovo ruft die USB-C Laptop Power Bank wegen Brandgefahr zur\u00fcck. Betroffene Kunden sollten die Nutzung sofort einstellen und den Support kontaktieren.","og_url":"https:\/\/news.save.ch\/en\/brandgefahr-lenovo-ruft-die-usb-c-laptop-power-bank-zurueck\/","og_site_name":"Save","article_published_time":"2023-12-05T16:48:14+00:00","article_modified_time":"2024-11-19T12:30:26+00:00","og_image":[{"width":504,"height":374,"url":"https:\/\/news.save.ch\/wp-content\/uploads\/2023\/12\/Power-Bank.jpg","type":"image\/jpeg"}],"author":"Roger Str\u00e4ssle","twitter_card":"summary_large_image","twitter_misc":{"Written by":"Roger Str\u00e4ssle","Est. reading time":"1 minute"},"schema":{"@context":"https:\/\/schema.org","@graph":[{"@type":"Article","@id":"https:\/\/news.save.ch\/brandgefahr-lenovo-ruft-die-usb-c-laptop-power-bank-zurueck\/#article","isPartOf":{"@id":"https:\/\/news.save.ch\/brandgefahr-lenovo-ruft-die-usb-c-laptop-power-bank-zurueck\/"},"author":{"name":"Roger Str\u00e4ssle","@id":"https:\/\/news.save.ch\/de\/#\/schema\/person\/d5022db048e0e2b9785c50e5b24da5aa"},"headline":"Brandgefahr: Lenovo ruft die \u00abUSB-C Laptop Power Bank\u00bb zur\u00fcck","datePublished":"2023-12-05T16:48:14+00:00","dateModified":"2024-11-19T12:30:26+00:00","mainEntityOfPage":{"@id":"https:\/\/news.save.ch\/brandgefahr-lenovo-ruft-die-usb-c-laptop-power-bank-zurueck\/"},"wordCount":128,"publisher":{"@id":"https:\/\/news.save.ch\/de\/#organization"},"image":{"@id":"https:\/\/news.save.ch\/brandgefahr-lenovo-ruft-die-usb-c-laptop-power-bank-zurueck\/#primaryimage"},"thumbnailUrl":"https:\/\/news.save.ch\/wp-content\/uploads\/2023\/12\/Power-Bank.jpg","keywords":["Brandgefahr","Ger\u00e4tebrand","Lenovo","Powerbank","R\u00fcckruf","Support"],"articleSection":["BRANDSCHUTZ"],"inLanguage":"en-US"},{"@type":"WebPage","@id":"https:\/\/news.save.ch\/brandgefahr-lenovo-ruft-die-usb-c-laptop-power-bank-zurueck\/","url":"https:\/\/news.save.ch\/brandgefahr-lenovo-ruft-die-usb-c-laptop-power-bank-zurueck\/","name":"Fire hazard: Lenovo recalls the \"USB-C Laptop Power Bank\" - Save","isPartOf":{"@id":"https:\/\/news.save.ch\/de\/#website"},"primaryImageOfPage":{"@id":"https:\/\/news.save.ch\/brandgefahr-lenovo-ruft-die-usb-c-laptop-power-bank-zurueck\/#primaryimage"},"image":{"@id":"https:\/\/news.save.ch\/brandgefahr-lenovo-ruft-die-usb-c-laptop-power-bank-zurueck\/#primaryimage"},"thumbnailUrl":"https:\/\/news.save.ch\/wp-content\/uploads\/2023\/12\/Power-Bank.jpg","datePublished":"2023-12-05T16:48:14+00:00","dateModified":"2024-11-19T12:30:26+00:00","description":"Lenovo is recalling the USB-C Laptop Power Bank due to a fire hazard. Affected customers should stop using it immediately and contact support.","breadcrumb":{"@id":"https:\/\/news.save.ch\/brandgefahr-lenovo-ruft-die-usb-c-laptop-power-bank-zurueck\/#breadcrumb"},"inLanguage":"en-US","potentialAction":[{"@type":"ReadAction","target":["https:\/\/news.save.ch\/brandgefahr-lenovo-ruft-die-usb-c-laptop-power-bank-zurueck\/"]}]},{"@type":"ImageObject","inLanguage":"en-US","@id":"https:\/\/news.save.ch\/brandgefahr-lenovo-ruft-die-usb-c-laptop-power-bank-zurueck\/#primaryimage","url":"https:\/\/news.save.ch\/wp-content\/uploads\/2023\/12\/Power-Bank.jpg","contentUrl":"https:\/\/news.save.ch\/wp-content\/uploads\/2023\/12\/Power-Bank.jpg","width":504,"height":374},{"@type":"BreadcrumbList","@id":"https:\/\/news.save.ch\/brandgefahr-lenovo-ruft-die-usb-c-laptop-power-bank-zurueck\/#breadcrumb","itemListElement":[{"@type":"ListItem","position":1,"name":"Home","item":"https:\/\/news.save.ch\/de\/"},{"@type":"ListItem","position":2,"name":"Brandgefahr: Lenovo ruft die \u00abUSB-C Laptop Power Bank\u00bb zur\u00fcck"}]},{"@type":"WebSite","@id":"https:\/\/news.save.ch\/de\/#website","url":"https:\/\/news.save.ch\/de\/","name":"Save","description":"Swiss trade journal for safety","publisher":{"@id":"https:\/\/news.save.ch\/de\/#organization"},"potentialAction":[{"@type":"SearchAction","target":{"@type":"EntryPoint","urlTemplate":"https:\/\/news.save.ch\/de\/?s={search_term_string}"},"query-input":{"@type":"PropertyValueSpecification","valueRequired":true,"valueName":"search_term_string"}}],"inLanguage":"en-US"},{"@type":"Organization","@id":"https:\/\/news.save.ch\/de\/#organization","name":"Security Forum","url":"https:\/\/news.save.ch\/de\/","logo":{"@type":"ImageObject","inLanguage":"en-US","@id":"https:\/\/news.save.ch\/de\/#\/schema\/logo\/image\/","url":"https:\/\/news.save.ch\/wp-content\/uploads\/2022\/06\/Logo_SF_2012.png","contentUrl":"https:\/\/news.save.ch\/wp-content\/uploads\/2022\/06\/Logo_SF_2012.png","width":1100,"height":91,"caption":"Sicherheitsforum"},"image":{"@id":"https:\/\/news.save.ch\/de\/#\/schema\/logo\/image\/"}},{"@type":"Person","@id":"https:\/\/news.save.ch\/de\/#\/schema\/person\/d5022db048e0e2b9785c50e5b24da5aa","name":"Roger Str\u00e4ssle","image":{"@type":"ImageObject","inLanguage":"en-US","@id":"https:\/\/secure.gravatar.com\/avatar\/862a5569d087de48e5856e32f45d719a03804c891d6deb8d4f71a660e79e4a47?s=96&d=mm&r=g","url":"https:\/\/secure.gravatar.com\/avatar\/862a5569d087de48e5856e32f45d719a03804c891d6deb8d4f71a660e79e4a47?s=96&d=mm&r=g","contentUrl":"https:\/\/secure.gravatar.com\/avatar\/862a5569d087de48e5856e32f45d719a03804c891d6deb8d4f71a660e79e4a47?s=96&d=mm&r=g","caption":"Roger Str\u00e4ssle"},"url":"https:\/\/news.save.ch\/en\/author\/roger-straessle\/"}]}},"_links":{"self":[{"href":"https:\/\/news.save.ch\/en\/wp-json\/wp\/v2\/posts\/22457","targetHints":{"allow":["GET"]}}],"collection":[{"href":"https:\/\/news.save.ch\/en\/wp-json\/wp\/v2\/posts"}],"about":[{"href":"https:\/\/news.save.ch\/en\/wp-json\/wp\/v2\/types\/post"}],"author":[{"embeddable":true,"href":"https:\/\/news.save.ch\/en\/wp-json\/wp\/v2\/users\/8"}],"replies":[{"embeddable":true,"href":"https:\/\/news.save.ch\/en\/wp-json\/wp\/v2\/comments?post=22457"}],"version-history":[{"count":4,"href":"https:\/\/news.save.ch\/en\/wp-json\/wp\/v2\/posts\/22457\/revisions"}],"predecessor-version":[{"id":23744,"href":"https:\/\/news.save.ch\/en\/wp-json\/wp\/v2\/posts\/22457\/revisions\/23744"}],"wp:featuredmedia":[{"embeddable":true,"href":"https:\/\/news.save.ch\/en\/wp-json\/wp\/v2\/media\/22458"}],"wp:attachment":[{"href":"https:\/\/news.save.ch\/en\/wp-json\/wp\/v2\/media?parent=22457"}],"wp:term":[{"taxonomy":"category","embeddable":true,"href":"https:\/\/news.save.ch\/en\/wp-json\/wp\/v2\/categories?post=22457"},{"taxonomy":"post_tag","embeddable":true,"href":"https:\/\/news.save.ch\/en\/wp-json\/wp\/v2\/tags?post=22457"}],"curies":[{"name":"wp","href":"https:\/\/api.w.org\/{rel}","templated":true}]}}