{"id":22498,"date":"2023-12-11T14:15:33","date_gmt":"2023-12-11T13:15:33","guid":{"rendered":"https:\/\/news.save.ch\/?p=22498"},"modified":"2024-11-19T13:29:50","modified_gmt":"2024-11-19T12:29:50","slug":"eth-zuerich-plant-lehr-und-forschungszentrum-in-deutschland","status":null,"type":"post","link":"https:\/\/news.save.ch\/en\/eth-zuerich-plant-lehr-und-forschungszentrum-in-deutschland\/","title":{"rendered":"ETH Zurich plans teaching and research center in Germany"},"content":{"rendered":"<p><img loading=\"lazy\" decoding=\"async\" class=\"alignnone size-medium wp-image-22499\" src=\"https:\/\/news.save.ch\/wp-content\/uploads\/2023\/12\/ETH-680x340.jpg\" alt=\"\" width=\"680\" height=\"340\" srcset=\"https:\/\/news.save.ch\/wp-content\/uploads\/2023\/12\/ETH-680x340.jpg 680w, https:\/\/news.save.ch\/wp-content\/uploads\/2023\/12\/ETH-1024x512.jpg 1024w, https:\/\/news.save.ch\/wp-content\/uploads\/2023\/12\/ETH-768x384.jpg 768w, https:\/\/news.save.ch\/wp-content\/uploads\/2023\/12\/ETH-18x9.jpg 18w, https:\/\/news.save.ch\/wp-content\/uploads\/2023\/12\/ETH-375x188.jpg 375w, https:\/\/news.save.ch\/wp-content\/uploads\/2023\/12\/ETH-700x350.jpg 700w, https:\/\/news.save.ch\/wp-content\/uploads\/2023\/12\/ETH-1000x500.jpg 1000w, https:\/\/news.save.ch\/wp-content\/uploads\/2023\/12\/ETH.jpg 1376w\" sizes=\"auto, (max-width: 680px) 100vw, 680px\" \/><\/p>\n<p>Climate change, geopolitical instability, the energy crisis, supply chain disruptions, cyberattacks, the rapidly changing world of work: society is facing numerous global challenges. \"One of the keys to solutions lies in the digital transformation. All forces are called upon - especially science and universities. They have a special responsibility to make their contribution,\" says ETH President Jo\u00ebl Mesot, explaining the motivation for this partnership.<\/p>\n<h3>Around 20 new professorships over the next 30 years<\/h3>\n<p>In order to help shape the digital transformation in a responsible manner, the non-profit Dieter Schwarz Foundation and ETH Zurich have signed a far-reaching declaration of intent. Over the next 30 years, around 20 professorships are to be gradually established with grants from the foundation.<\/p>\n<p>President Jo\u00ebl Mesot is delighted: \"The partnership with the Dieter Schwarz Foundation allows ETH Zurich to further develop its research and teaching, particularly in the field of artificial intelligence, to an extent that would not be possible within the framework of regular ETH funding and structures.\" At the same time, this is the start of a collaboration of Europe-wide significance. Thanks to the additional professorships, ETH Zurich can significantly expand the strategic area of digital transformation and data science.<\/p>\n<h3>Gradual expansion in Zurich and Heilbronn<\/h3>\n<p>As a concrete first step, two new professorships in the field of computer science and data science will be established in Zurich and the Zurich Information Security and Privacy Center (ZISC) will be further developed. In addition, an endowment fund will be created at the ETH Foundation to establish the partnership in the long term and to make investments in the infrastructure in Zurich.<\/p>\n<p>More than half of the additional professorships will be located on the educational campus in Heilbronn, which was established by the Dieter Schwarz Foundation. ETH Zurich plans to open a new teaching and research center there, its second branch abroad.<\/p>\n<h3>Germany, Switzerland and Zurich benefit<\/h3>\n<p>\"This donation is a win-win situation for both Germany and Switzerland and strengthens the traditionally close research cooperation between the two countries,\" says ETH President Mesot. ETH Zurich is helping to establish an international research and education hub in Heilbronn in the field of digitalization and artificial intelligence. Not only will research be carried out there, but new courses will also be developed - from continuing education programs to degree courses. In return, a large proportion of the funding will flow directly into research, teaching and infrastructure in Zurich. The ETH researchers stationed in Germany will teach both in Heilbronn and in Zurich. A close exchange between the two locations is also planned at research level. \"Joint research and jointly generated knowledge will benefit Switzerland, Germany, Europe and ultimately the whole world,\" emphasizes Mesot.<\/p>\n<h3>Networking with top international universities<\/h3>\n<p>The focus is on topics such as artificial intelligence, cyber security, bioinformatics and the circular economy. \"International cooperation is needed more than ever in these areas,\" emphasizes Mesot. It is precisely this networking that is the aim of the educational campus in Heilbronn. ETH Zurich can benefit from the positive experiences in Singapore, where it has been operating a research center in the vicinity of the world's leading universities since 2010.<\/p>\n<p><em>Source: ETH News<\/em><\/p>\n<p>&nbsp;<\/p>","protected":false},"excerpt":{"rendered":"<p>Klimawandel, geopolitische Instabilit\u00e4ten, Energiekrise, Unterbrechungen von Lieferketten, Cyberangriffe, die sich rasch ver\u00e4ndernde Arbeitswelt: Die Gesellschaft steht vor zahlreichen globalen Herausforderungen. \u00abEiner der Schl\u00fcssel f\u00fcr L\u00f6sungen liegt in der digitalen Transformation. Alle Kr\u00e4fte sind gefordert \u2013 insbesondere Wissenschaft und Universit\u00e4ten. Diese tragen eine besondere Verantwortung, ihren Beitrag zu leisten\u00bb, erkl\u00e4rt ETH-Pr\u00e4sident Jo\u00ebl Mesot die Motivation f\u00fcr [&hellip;]<\/p>\n","protected":false},"author":31,"featured_media":22499,"comment_status":"closed","ping_status":"closed","sticky":false,"template":"","format":"standard","meta":{"_acf_changed":false,"pgc_sgb_lightbox_settings":"","footnotes":""},"categories":[3313],"tags":[6539,159,697,3649,6537,6538],"class_list":["post-22498","post","type-post","status-publish","format-standard","has-post-thumbnail","hentry","category-digitalisierung","tag-dieter-schwarz-stiftung","tag-digitalisierung","tag-eth-zuerich","tag-forschungsinstitute","tag-partnerschaft","tag-professuren"],"acf":[],"hkrextid":null,"publication":null,"issue":null,"workflow":null,"startPage":null,"spitzmarke":null,"_posts_by_tag_page_fields":null,"_at_widget":null,"_yoast_wpseo_primary_category":"3313","_yoast_wpseo_focuskw_text_input":null,"_yoast_wpseo_opengraph-image":null,"_yoast_wpseo_opengraph-description":null,"_yoast_wpseo_opengraph-title":null,"enclosure":null,"_yoast_wpseo_twitter-title":null,"_yoast_wpseo_twitter-description":null,"_yoast_wpseo_twitter-image":null,"_wp_old_slug":null,"_yoast_wpseo_title":null,"_yoast_wpseo_canonical":null,"yoast_head":"<!-- This site is optimized with the Yoast SEO plugin v27.5 - https:\/\/yoast.com\/product\/yoast-seo-wordpress\/ -->\n<title>ETH Z\u00fcrich plant Lehr- und Forschungszentrum in Deutschland - Save<\/title>\n<meta name=\"description\" content=\"Die ETH Z\u00fcrich und die Dieter Schwarz Stiftung planen ein neues Lehr- und Forschungszentrum f\u00fcr verantwortungsvolle digitale Transformation.\" \/>\n<meta name=\"robots\" content=\"index, follow, max-snippet:-1, max-image-preview:large, max-video-preview:-1\" \/>\n<link rel=\"canonical\" href=\"https:\/\/news.save.ch\/en\/eth-zuerich-plant-lehr-und-forschungszentrum-in-deutschland\/\" \/>\n<meta property=\"og:locale\" content=\"en_US\" \/>\n<meta property=\"og:type\" content=\"article\" \/>\n<meta property=\"og:title\" content=\"ETH Z\u00fcrich plant Lehr- und Forschungszentrum in Deutschland - Save\" \/>\n<meta property=\"og:description\" content=\"Die ETH Z\u00fcrich und die Dieter Schwarz Stiftung planen ein neues Lehr- und Forschungszentrum f\u00fcr verantwortungsvolle digitale Transformation.\" \/>\n<meta property=\"og:url\" content=\"https:\/\/news.save.ch\/en\/eth-zuerich-plant-lehr-und-forschungszentrum-in-deutschland\/\" \/>\n<meta property=\"og:site_name\" content=\"Save\" \/>\n<meta property=\"article:published_time\" content=\"2023-12-11T13:15:33+00:00\" \/>\n<meta property=\"article:modified_time\" content=\"2024-11-19T12:29:50+00:00\" \/>\n<meta property=\"og:image\" content=\"https:\/\/news.save.ch\/wp-content\/uploads\/2023\/12\/ETH.jpg\" \/>\n\t<meta property=\"og:image:width\" content=\"1376\" \/>\n\t<meta property=\"og:image:height\" content=\"688\" \/>\n\t<meta property=\"og:image:type\" content=\"image\/jpeg\" \/>\n<meta name=\"author\" content=\"stefanie Zeng\" \/>\n<meta name=\"twitter:card\" content=\"summary_large_image\" \/>\n<meta name=\"twitter:label1\" content=\"Written by\" \/>\n\t<meta name=\"twitter:data1\" content=\"stefanie Zeng\" \/>\n\t<meta name=\"twitter:label2\" content=\"Est. reading time\" \/>\n\t<meta name=\"twitter:data2\" content=\"4 minutes\" \/>\n<script type=\"application\/ld+json\" class=\"yoast-schema-graph\">{\"@context\":\"https:\\\/\\\/schema.org\",\"@graph\":[{\"@type\":\"Article\",\"@id\":\"https:\\\/\\\/news.save.ch\\\/eth-zuerich-plant-lehr-und-forschungszentrum-in-deutschland\\\/#article\",\"isPartOf\":{\"@id\":\"https:\\\/\\\/news.save.ch\\\/eth-zuerich-plant-lehr-und-forschungszentrum-in-deutschland\\\/\"},\"author\":{\"name\":\"stefanie Zeng\",\"@id\":\"https:\\\/\\\/news.save.ch\\\/de\\\/#\\\/schema\\\/person\\\/10917387362b3961e882740f6cf6f2a2\"},\"headline\":\"ETH Z\u00fcrich plant Lehr- und Forschungszentrum in Deutschland\",\"datePublished\":\"2023-12-11T13:15:33+00:00\",\"dateModified\":\"2024-11-19T12:29:50+00:00\",\"mainEntityOfPage\":{\"@id\":\"https:\\\/\\\/news.save.ch\\\/eth-zuerich-plant-lehr-und-forschungszentrum-in-deutschland\\\/\"},\"wordCount\":528,\"publisher\":{\"@id\":\"https:\\\/\\\/news.save.ch\\\/de\\\/#organization\"},\"image\":{\"@id\":\"https:\\\/\\\/news.save.ch\\\/eth-zuerich-plant-lehr-und-forschungszentrum-in-deutschland\\\/#primaryimage\"},\"thumbnailUrl\":\"https:\\\/\\\/news.save.ch\\\/wp-content\\\/uploads\\\/2023\\\/12\\\/ETH.jpg\",\"keywords\":[\"Dieter Schwarz Stiftung\",\"Digitalisierung\",\"ETH Z\u00fcrich\",\"Forschungsinstitute\",\"Partnerschaft\",\"Professuren\"],\"articleSection\":[\"DIGITALISIERUNG\"],\"inLanguage\":\"en-US\"},{\"@type\":\"WebPage\",\"@id\":\"https:\\\/\\\/news.save.ch\\\/eth-zuerich-plant-lehr-und-forschungszentrum-in-deutschland\\\/\",\"url\":\"https:\\\/\\\/news.save.ch\\\/eth-zuerich-plant-lehr-und-forschungszentrum-in-deutschland\\\/\",\"name\":\"ETH Z\u00fcrich plant Lehr- und Forschungszentrum in Deutschland - Save\",\"isPartOf\":{\"@id\":\"https:\\\/\\\/news.save.ch\\\/de\\\/#website\"},\"primaryImageOfPage\":{\"@id\":\"https:\\\/\\\/news.save.ch\\\/eth-zuerich-plant-lehr-und-forschungszentrum-in-deutschland\\\/#primaryimage\"},\"image\":{\"@id\":\"https:\\\/\\\/news.save.ch\\\/eth-zuerich-plant-lehr-und-forschungszentrum-in-deutschland\\\/#primaryimage\"},\"thumbnailUrl\":\"https:\\\/\\\/news.save.ch\\\/wp-content\\\/uploads\\\/2023\\\/12\\\/ETH.jpg\",\"datePublished\":\"2023-12-11T13:15:33+00:00\",\"dateModified\":\"2024-11-19T12:29:50+00:00\",\"description\":\"Die ETH Z\u00fcrich und die Dieter Schwarz Stiftung planen ein neues Lehr- und Forschungszentrum f\u00fcr verantwortungsvolle digitale Transformation.\",\"breadcrumb\":{\"@id\":\"https:\\\/\\\/news.save.ch\\\/eth-zuerich-plant-lehr-und-forschungszentrum-in-deutschland\\\/#breadcrumb\"},\"inLanguage\":\"en-US\",\"potentialAction\":[{\"@type\":\"ReadAction\",\"target\":[\"https:\\\/\\\/news.save.ch\\\/eth-zuerich-plant-lehr-und-forschungszentrum-in-deutschland\\\/\"]}]},{\"@type\":\"ImageObject\",\"inLanguage\":\"en-US\",\"@id\":\"https:\\\/\\\/news.save.ch\\\/eth-zuerich-plant-lehr-und-forschungszentrum-in-deutschland\\\/#primaryimage\",\"url\":\"https:\\\/\\\/news.save.ch\\\/wp-content\\\/uploads\\\/2023\\\/12\\\/ETH.jpg\",\"contentUrl\":\"https:\\\/\\\/news.save.ch\\\/wp-content\\\/uploads\\\/2023\\\/12\\\/ETH.jpg\",\"width\":1376,\"height\":688,\"caption\":\"ETH Z\u00fcrich\"},{\"@type\":\"BreadcrumbList\",\"@id\":\"https:\\\/\\\/news.save.ch\\\/eth-zuerich-plant-lehr-und-forschungszentrum-in-deutschland\\\/#breadcrumb\",\"itemListElement\":[{\"@type\":\"ListItem\",\"position\":1,\"name\":\"Home\",\"item\":\"https:\\\/\\\/news.save.ch\\\/de\\\/\"},{\"@type\":\"ListItem\",\"position\":2,\"name\":\"ETH Z\u00fcrich plant Lehr- und Forschungszentrum in Deutschland\"}]},{\"@type\":\"WebSite\",\"@id\":\"https:\\\/\\\/news.save.ch\\\/de\\\/#website\",\"url\":\"https:\\\/\\\/news.save.ch\\\/de\\\/\",\"name\":\"Save\",\"description\":\"Schweizer Fachzeitschrift f\u00fcr Sicherheit\",\"publisher\":{\"@id\":\"https:\\\/\\\/news.save.ch\\\/de\\\/#organization\"},\"potentialAction\":[{\"@type\":\"SearchAction\",\"target\":{\"@type\":\"EntryPoint\",\"urlTemplate\":\"https:\\\/\\\/news.save.ch\\\/de\\\/?s={search_term_string}\"},\"query-input\":{\"@type\":\"PropertyValueSpecification\",\"valueRequired\":true,\"valueName\":\"search_term_string\"}}],\"inLanguage\":\"en-US\"},{\"@type\":\"Organization\",\"@id\":\"https:\\\/\\\/news.save.ch\\\/de\\\/#organization\",\"name\":\"Sicherheitsforum\",\"url\":\"https:\\\/\\\/news.save.ch\\\/de\\\/\",\"logo\":{\"@type\":\"ImageObject\",\"inLanguage\":\"en-US\",\"@id\":\"https:\\\/\\\/news.save.ch\\\/de\\\/#\\\/schema\\\/logo\\\/image\\\/\",\"url\":\"https:\\\/\\\/news.save.ch\\\/wp-content\\\/uploads\\\/2022\\\/06\\\/Logo_SF_2012.png\",\"contentUrl\":\"https:\\\/\\\/news.save.ch\\\/wp-content\\\/uploads\\\/2022\\\/06\\\/Logo_SF_2012.png\",\"width\":1100,\"height\":91,\"caption\":\"Sicherheitsforum\"},\"image\":{\"@id\":\"https:\\\/\\\/news.save.ch\\\/de\\\/#\\\/schema\\\/logo\\\/image\\\/\"}},{\"@type\":\"Person\",\"@id\":\"https:\\\/\\\/news.save.ch\\\/de\\\/#\\\/schema\\\/person\\\/10917387362b3961e882740f6cf6f2a2\",\"name\":\"stefanie Zeng\",\"image\":{\"@type\":\"ImageObject\",\"inLanguage\":\"en-US\",\"@id\":\"https:\\\/\\\/secure.gravatar.com\\\/avatar\\\/eac43faa6e40bb2c41068c95c9d78bbd94c476d5efdff7abaab80bb3ea681e06?s=96&d=mm&r=g\",\"url\":\"https:\\\/\\\/secure.gravatar.com\\\/avatar\\\/eac43faa6e40bb2c41068c95c9d78bbd94c476d5efdff7abaab80bb3ea681e06?s=96&d=mm&r=g\",\"contentUrl\":\"https:\\\/\\\/secure.gravatar.com\\\/avatar\\\/eac43faa6e40bb2c41068c95c9d78bbd94c476d5efdff7abaab80bb3ea681e06?s=96&d=mm&r=g\",\"caption\":\"stefanie Zeng\"},\"url\":\"https:\\\/\\\/news.save.ch\\\/en\\\/author\\\/stefanie-zeng\\\/\"}]}<\/script>\n<!-- \/ Yoast SEO plugin. -->","yoast_head_json":{"title":"ETH Zurich plans teaching and research center in Germany - Save","description":"ETH Zurich and the Dieter Schwarz Foundation are planning a new teaching and research center for responsible digital transformation.","robots":{"index":"index","follow":"follow","max-snippet":"max-snippet:-1","max-image-preview":"max-image-preview:large","max-video-preview":"max-video-preview:-1"},"canonical":"https:\/\/news.save.ch\/en\/eth-zuerich-plant-lehr-und-forschungszentrum-in-deutschland\/","og_locale":"en_US","og_type":"article","og_title":"ETH Z\u00fcrich plant Lehr- und Forschungszentrum in Deutschland - Save","og_description":"Die ETH Z\u00fcrich und die Dieter Schwarz Stiftung planen ein neues Lehr- und Forschungszentrum f\u00fcr verantwortungsvolle digitale Transformation.","og_url":"https:\/\/news.save.ch\/en\/eth-zuerich-plant-lehr-und-forschungszentrum-in-deutschland\/","og_site_name":"Save","article_published_time":"2023-12-11T13:15:33+00:00","article_modified_time":"2024-11-19T12:29:50+00:00","og_image":[{"width":1376,"height":688,"url":"https:\/\/news.save.ch\/wp-content\/uploads\/2023\/12\/ETH.jpg","type":"image\/jpeg"}],"author":"stefanie Zeng","twitter_card":"summary_large_image","twitter_misc":{"Written by":"stefanie Zeng","Est. reading time":"4 minutes"},"schema":{"@context":"https:\/\/schema.org","@graph":[{"@type":"Article","@id":"https:\/\/news.save.ch\/eth-zuerich-plant-lehr-und-forschungszentrum-in-deutschland\/#article","isPartOf":{"@id":"https:\/\/news.save.ch\/eth-zuerich-plant-lehr-und-forschungszentrum-in-deutschland\/"},"author":{"name":"stefanie Zeng","@id":"https:\/\/news.save.ch\/de\/#\/schema\/person\/10917387362b3961e882740f6cf6f2a2"},"headline":"ETH Z\u00fcrich plant Lehr- und Forschungszentrum in Deutschland","datePublished":"2023-12-11T13:15:33+00:00","dateModified":"2024-11-19T12:29:50+00:00","mainEntityOfPage":{"@id":"https:\/\/news.save.ch\/eth-zuerich-plant-lehr-und-forschungszentrum-in-deutschland\/"},"wordCount":528,"publisher":{"@id":"https:\/\/news.save.ch\/de\/#organization"},"image":{"@id":"https:\/\/news.save.ch\/eth-zuerich-plant-lehr-und-forschungszentrum-in-deutschland\/#primaryimage"},"thumbnailUrl":"https:\/\/news.save.ch\/wp-content\/uploads\/2023\/12\/ETH.jpg","keywords":["Dieter Schwarz Stiftung","Digitalisierung","ETH Z\u00fcrich","Forschungsinstitute","Partnerschaft","Professuren"],"articleSection":["DIGITALISIERUNG"],"inLanguage":"en-US"},{"@type":"WebPage","@id":"https:\/\/news.save.ch\/eth-zuerich-plant-lehr-und-forschungszentrum-in-deutschland\/","url":"https:\/\/news.save.ch\/eth-zuerich-plant-lehr-und-forschungszentrum-in-deutschland\/","name":"ETH Zurich plans teaching and research center in Germany - Save","isPartOf":{"@id":"https:\/\/news.save.ch\/de\/#website"},"primaryImageOfPage":{"@id":"https:\/\/news.save.ch\/eth-zuerich-plant-lehr-und-forschungszentrum-in-deutschland\/#primaryimage"},"image":{"@id":"https:\/\/news.save.ch\/eth-zuerich-plant-lehr-und-forschungszentrum-in-deutschland\/#primaryimage"},"thumbnailUrl":"https:\/\/news.save.ch\/wp-content\/uploads\/2023\/12\/ETH.jpg","datePublished":"2023-12-11T13:15:33+00:00","dateModified":"2024-11-19T12:29:50+00:00","description":"ETH Zurich and the Dieter Schwarz Foundation are planning a new teaching and research center for responsible digital transformation.","breadcrumb":{"@id":"https:\/\/news.save.ch\/eth-zuerich-plant-lehr-und-forschungszentrum-in-deutschland\/#breadcrumb"},"inLanguage":"en-US","potentialAction":[{"@type":"ReadAction","target":["https:\/\/news.save.ch\/eth-zuerich-plant-lehr-und-forschungszentrum-in-deutschland\/"]}]},{"@type":"ImageObject","inLanguage":"en-US","@id":"https:\/\/news.save.ch\/eth-zuerich-plant-lehr-und-forschungszentrum-in-deutschland\/#primaryimage","url":"https:\/\/news.save.ch\/wp-content\/uploads\/2023\/12\/ETH.jpg","contentUrl":"https:\/\/news.save.ch\/wp-content\/uploads\/2023\/12\/ETH.jpg","width":1376,"height":688,"caption":"ETH Z\u00fcrich"},{"@type":"BreadcrumbList","@id":"https:\/\/news.save.ch\/eth-zuerich-plant-lehr-und-forschungszentrum-in-deutschland\/#breadcrumb","itemListElement":[{"@type":"ListItem","position":1,"name":"Home","item":"https:\/\/news.save.ch\/de\/"},{"@type":"ListItem","position":2,"name":"ETH Z\u00fcrich plant Lehr- und Forschungszentrum in Deutschland"}]},{"@type":"WebSite","@id":"https:\/\/news.save.ch\/de\/#website","url":"https:\/\/news.save.ch\/de\/","name":"Save","description":"Swiss trade journal for safety","publisher":{"@id":"https:\/\/news.save.ch\/de\/#organization"},"potentialAction":[{"@type":"SearchAction","target":{"@type":"EntryPoint","urlTemplate":"https:\/\/news.save.ch\/de\/?s={search_term_string}"},"query-input":{"@type":"PropertyValueSpecification","valueRequired":true,"valueName":"search_term_string"}}],"inLanguage":"en-US"},{"@type":"Organization","@id":"https:\/\/news.save.ch\/de\/#organization","name":"Security Forum","url":"https:\/\/news.save.ch\/de\/","logo":{"@type":"ImageObject","inLanguage":"en-US","@id":"https:\/\/news.save.ch\/de\/#\/schema\/logo\/image\/","url":"https:\/\/news.save.ch\/wp-content\/uploads\/2022\/06\/Logo_SF_2012.png","contentUrl":"https:\/\/news.save.ch\/wp-content\/uploads\/2022\/06\/Logo_SF_2012.png","width":1100,"height":91,"caption":"Sicherheitsforum"},"image":{"@id":"https:\/\/news.save.ch\/de\/#\/schema\/logo\/image\/"}},{"@type":"Person","@id":"https:\/\/news.save.ch\/de\/#\/schema\/person\/10917387362b3961e882740f6cf6f2a2","name":"Stefanie Zeng","image":{"@type":"ImageObject","inLanguage":"en-US","@id":"https:\/\/secure.gravatar.com\/avatar\/eac43faa6e40bb2c41068c95c9d78bbd94c476d5efdff7abaab80bb3ea681e06?s=96&d=mm&r=g","url":"https:\/\/secure.gravatar.com\/avatar\/eac43faa6e40bb2c41068c95c9d78bbd94c476d5efdff7abaab80bb3ea681e06?s=96&d=mm&r=g","contentUrl":"https:\/\/secure.gravatar.com\/avatar\/eac43faa6e40bb2c41068c95c9d78bbd94c476d5efdff7abaab80bb3ea681e06?s=96&d=mm&r=g","caption":"stefanie Zeng"},"url":"https:\/\/news.save.ch\/en\/author\/stefanie-zeng\/"}]}},"_links":{"self":[{"href":"https:\/\/news.save.ch\/en\/wp-json\/wp\/v2\/posts\/22498","targetHints":{"allow":["GET"]}}],"collection":[{"href":"https:\/\/news.save.ch\/en\/wp-json\/wp\/v2\/posts"}],"about":[{"href":"https:\/\/news.save.ch\/en\/wp-json\/wp\/v2\/types\/post"}],"author":[{"embeddable":true,"href":"https:\/\/news.save.ch\/en\/wp-json\/wp\/v2\/users\/31"}],"replies":[{"embeddable":true,"href":"https:\/\/news.save.ch\/en\/wp-json\/wp\/v2\/comments?post=22498"}],"version-history":[{"count":4,"href":"https:\/\/news.save.ch\/en\/wp-json\/wp\/v2\/posts\/22498\/revisions"}],"predecessor-version":[{"id":22510,"href":"https:\/\/news.save.ch\/en\/wp-json\/wp\/v2\/posts\/22498\/revisions\/22510"}],"wp:featuredmedia":[{"embeddable":true,"href":"https:\/\/news.save.ch\/en\/wp-json\/wp\/v2\/media\/22499"}],"wp:attachment":[{"href":"https:\/\/news.save.ch\/en\/wp-json\/wp\/v2\/media?parent=22498"}],"wp:term":[{"taxonomy":"category","embeddable":true,"href":"https:\/\/news.save.ch\/en\/wp-json\/wp\/v2\/categories?post=22498"},{"taxonomy":"post_tag","embeddable":true,"href":"https:\/\/news.save.ch\/en\/wp-json\/wp\/v2\/tags?post=22498"}],"curies":[{"name":"wp","href":"https:\/\/api.w.org\/{rel}","templated":true}]}}