{"id":22637,"date":"2024-01-15T13:44:19","date_gmt":"2024-01-15T12:44:19","guid":{"rendered":"https:\/\/news.save.ch\/?p=22637"},"modified":"2024-01-15T15:49:27","modified_gmt":"2024-01-15T14:49:27","slug":"meldepflicht-fuer-arzneimittel","status":null,"type":"post","link":"https:\/\/news.save.ch\/en\/meldepflicht-fuer-arzneimittel\/","title":{"rendered":"Obligation to register medicinal products"},"content":{"rendered":"<figure id=\"attachment_22638\" aria-describedby=\"caption-attachment-22638\" style=\"width: 680px\" class=\"wp-caption alignnone\"><img loading=\"lazy\" decoding=\"async\" class=\"size-medium wp-image-22638\" src=\"https:\/\/news.save.ch\/wp-content\/uploads\/2024\/01\/Depositphotos_229420152_S-680x460.jpg\" alt=\"\" width=\"680\" height=\"460\" srcset=\"https:\/\/news.save.ch\/wp-content\/uploads\/2024\/01\/Depositphotos_229420152_S-680x460.jpg 680w, https:\/\/news.save.ch\/wp-content\/uploads\/2024\/01\/Depositphotos_229420152_S-768x519.jpg 768w, https:\/\/news.save.ch\/wp-content\/uploads\/2024\/01\/Depositphotos_229420152_S-18x12.jpg 18w, https:\/\/news.save.ch\/wp-content\/uploads\/2024\/01\/Depositphotos_229420152_S-375x254.jpg 375w, https:\/\/news.save.ch\/wp-content\/uploads\/2024\/01\/Depositphotos_229420152_S-518x350.jpg 518w, https:\/\/news.save.ch\/wp-content\/uploads\/2024\/01\/Depositphotos_229420152_S.jpg 1000w\" sizes=\"auto, (max-width: 680px) 100vw, 680px\" \/><figcaption id=\"caption-attachment-22638\" class=\"wp-caption-text\">In future, compulsory stocks must be available for more active ingredients. Image: depositphotos, Fahroni<\/figcaption><\/figure>\n<p>Essential medicines are subject to mandatory notification and storage. The National Economic Supply (WL) has decided to make changes to this. The number of active substances that are subject to mandatory reporting will increase by more than 60% to around 320. And in future, mandatory stocks must be available for around 120 active substances, an increase of almost a quarter. The amendments to the ordinance, which will help improve the supply situation, will come into force on January 15, 2024.<\/p>\n<p>The WL (Therapeutic Products Division) actually reviews and adapts the ordinances on mandatory reporting and storage every two years. Due to the COVID-19 pandemic, the 2021\/2022 review had to be postponed. Four years after the last review, a number of amendments were therefore necessary.<\/p>\n<h3>Bottlenecks must be reported<\/h3>\n<p>Now 124 active substances are subject to the notification requirement. The obligation to notify has been lifted for five active substances. This means that around 320 active substances are now subject to mandatory reporting. If an active substance is subject to mandatory notification by ordinance, supply shortages or supply interruptions must be reported to the WL's notification office. Anyone who manufactures or distributes these active ingredients must also provide information on how long the supply will be disrupted and whether alternative remedies are available until then. The Reporting Office records this information and, in return, regularly informs all stakeholders about the latest status of the supply situation.<\/p>\n<p>During the review of the prescriptions, the storage obligation was also extended to 23 additional active ingredients. The stockpiling obligation was lifted for the active substance pethidine and combination preparations. As a result, the obligation to build up strategic reserves now applies to around 120 active substances. If the market can be<\/p>\n<p>If, in the event of a shortage, it is no longer possible to ensure supplies itself, these compulsory stocks can be used.<\/p>\n<h3>Ongoing improvement of the supply situation<\/h3>\n<p>The extension of the reporting and storage obligation will lead to additional work for both the national economic supply and the companies subject to the reporting obligation. In order to cope with this additional workload, the processes are to be automated in future. The risk of missing supply-critical medicinal products will be reduced with the extensive expansion of the reporting and stockpiling obligation that has now taken place.<\/p>\n<p>The cantons, healthcare organizations and pharmaceutical companies were consulted last summer on the planned changes to the reporting and storage obligation. The extension of the reporting and stockpiling obligation was welcomed in principle. Nevertheless, not all of the concerns expressed could be taken into account. However, these are being incorporated into ongoing work, such as the proposals to extend the reporting obligation to all prescription-only medicines or to provide financial support for compulsory stocks from the federal government.<\/p>\n<p><em>Source: Federal Office for National Economic Supply<\/em><\/p>","protected":false},"excerpt":{"rendered":"<p>Lebenswichtige Arzneimittel unterliegen einer Melde- und Lagerpflicht. Die Wirtschaftliche Landesversorgung (WL) hat hier \u00c4nderungen beschlossen.\u00a0Die Zahl der Wirkstoffe, die der Meldepflicht unterliegen, steigt um mehr als 60% auf rund 320. Und k\u00fcnftig m\u00fcssen f\u00fcr rund 120 Wirkstoffe Pflichtlager vorhanden sein, eine Zunahme um fast einen Viertel. Die Verordnungs\u00e4nderungen, welche die Versorgungslage verbessern helfen, treten am [&hellip;]<\/p>\n","protected":false},"author":31,"featured_media":22638,"comment_status":"closed","ping_status":"closed","sticky":false,"template":"","format":"standard","meta":{"_acf_changed":false,"pgc_sgb_lightbox_settings":"","footnotes":""},"categories":[3314],"tags":[1685,3331,4181,3255],"class_list":["post-22637","post","type-post","status-publish","format-standard","has-post-thumbnail","hentry","category-health-safety","tag-arzneimittel","tag-bundesamt-fuer-wirtschaftliche-landesversorgung","tag-meldepflicht","tag-wirkstoffe"],"acf":[],"hkrextid":null,"publication":null,"issue":null,"workflow":null,"startPage":null,"spitzmarke":null,"_posts_by_tag_page_fields":null,"_at_widget":null,"_yoast_wpseo_primary_category":"3314","_yoast_wpseo_focuskw_text_input":null,"_yoast_wpseo_opengraph-image":null,"_yoast_wpseo_opengraph-description":null,"_yoast_wpseo_opengraph-title":null,"enclosure":null,"_yoast_wpseo_twitter-title":null,"_yoast_wpseo_twitter-description":null,"_yoast_wpseo_twitter-image":null,"_wp_old_slug":"22637-2","_yoast_wpseo_title":null,"_yoast_wpseo_canonical":null,"yoast_head":"<!-- This site is optimized with the Yoast SEO plugin v27.4 - https:\/\/yoast.com\/product\/yoast-seo-wordpress\/ -->\n<title>Meldepflicht f\u00fcr Arzneimittel - Save<\/title>\n<meta name=\"description\" content=\"Die Wirtschaftliche Landesversorgung erweitert die Melde- und Lagerpflicht lebenswichtiger Arzneimittel. Die Zahl der Wirkstoffe, die der Meldepflicht unterliegen, steigt um mehr als 60%.\" \/>\n<meta name=\"robots\" content=\"index, follow, max-snippet:-1, max-image-preview:large, max-video-preview:-1\" \/>\n<link rel=\"canonical\" href=\"https:\/\/news.save.ch\/en\/meldepflicht-fuer-arzneimittel\/\" \/>\n<meta property=\"og:locale\" content=\"en_US\" \/>\n<meta property=\"og:type\" content=\"article\" \/>\n<meta property=\"og:title\" content=\"Meldepflicht f\u00fcr Arzneimittel - Save\" \/>\n<meta property=\"og:description\" content=\"Die Wirtschaftliche Landesversorgung erweitert die Melde- und Lagerpflicht lebenswichtiger Arzneimittel. Die Zahl der Wirkstoffe, die der Meldepflicht unterliegen, steigt um mehr als 60%.\" \/>\n<meta property=\"og:url\" content=\"https:\/\/news.save.ch\/en\/meldepflicht-fuer-arzneimittel\/\" \/>\n<meta property=\"og:site_name\" content=\"Save\" \/>\n<meta property=\"article:published_time\" content=\"2024-01-15T12:44:19+00:00\" \/>\n<meta property=\"article:modified_time\" content=\"2024-01-15T14:49:27+00:00\" \/>\n<meta property=\"og:image\" content=\"https:\/\/news.save.ch\/wp-content\/uploads\/2024\/01\/Depositphotos_229420152_S.jpg\" \/>\n\t<meta property=\"og:image:width\" content=\"1000\" \/>\n\t<meta property=\"og:image:height\" content=\"676\" \/>\n\t<meta property=\"og:image:type\" content=\"image\/jpeg\" \/>\n<meta name=\"author\" content=\"stefanie Zeng\" \/>\n<meta name=\"twitter:card\" content=\"summary_large_image\" \/>\n<meta name=\"twitter:label1\" content=\"Written by\" \/>\n\t<meta name=\"twitter:data1\" content=\"stefanie Zeng\" \/>\n\t<meta name=\"twitter:label2\" content=\"Est. reading time\" \/>\n\t<meta name=\"twitter:data2\" content=\"3 minutes\" \/>\n<script type=\"application\/ld+json\" class=\"yoast-schema-graph\">{\"@context\":\"https:\\\/\\\/schema.org\",\"@graph\":[{\"@type\":\"Article\",\"@id\":\"https:\\\/\\\/news.save.ch\\\/meldepflicht-fuer-arzneimittel\\\/#article\",\"isPartOf\":{\"@id\":\"https:\\\/\\\/news.save.ch\\\/meldepflicht-fuer-arzneimittel\\\/\"},\"author\":{\"name\":\"stefanie Zeng\",\"@id\":\"https:\\\/\\\/news.save.ch\\\/de\\\/#\\\/schema\\\/person\\\/10917387362b3961e882740f6cf6f2a2\"},\"headline\":\"Meldepflicht f\u00fcr Arzneimittel\",\"datePublished\":\"2024-01-15T12:44:19+00:00\",\"dateModified\":\"2024-01-15T14:49:27+00:00\",\"mainEntityOfPage\":{\"@id\":\"https:\\\/\\\/news.save.ch\\\/meldepflicht-fuer-arzneimittel\\\/\"},\"wordCount\":420,\"publisher\":{\"@id\":\"https:\\\/\\\/news.save.ch\\\/de\\\/#organization\"},\"image\":{\"@id\":\"https:\\\/\\\/news.save.ch\\\/meldepflicht-fuer-arzneimittel\\\/#primaryimage\"},\"thumbnailUrl\":\"https:\\\/\\\/news.save.ch\\\/wp-content\\\/uploads\\\/2024\\\/01\\\/Depositphotos_229420152_S.jpg\",\"keywords\":[\"Arzneimittel\",\"Bundesamt f\u00fcr wirtschaftliche Landesversorgung\",\"Meldepflicht\",\"Wirkstoffe\"],\"articleSection\":[\"HEALTH &amp; SAFETY\"],\"inLanguage\":\"en-US\"},{\"@type\":\"WebPage\",\"@id\":\"https:\\\/\\\/news.save.ch\\\/meldepflicht-fuer-arzneimittel\\\/\",\"url\":\"https:\\\/\\\/news.save.ch\\\/meldepflicht-fuer-arzneimittel\\\/\",\"name\":\"Meldepflicht f\u00fcr Arzneimittel - Save\",\"isPartOf\":{\"@id\":\"https:\\\/\\\/news.save.ch\\\/de\\\/#website\"},\"primaryImageOfPage\":{\"@id\":\"https:\\\/\\\/news.save.ch\\\/meldepflicht-fuer-arzneimittel\\\/#primaryimage\"},\"image\":{\"@id\":\"https:\\\/\\\/news.save.ch\\\/meldepflicht-fuer-arzneimittel\\\/#primaryimage\"},\"thumbnailUrl\":\"https:\\\/\\\/news.save.ch\\\/wp-content\\\/uploads\\\/2024\\\/01\\\/Depositphotos_229420152_S.jpg\",\"datePublished\":\"2024-01-15T12:44:19+00:00\",\"dateModified\":\"2024-01-15T14:49:27+00:00\",\"description\":\"Die Wirtschaftliche Landesversorgung erweitert die Melde- und Lagerpflicht lebenswichtiger Arzneimittel. Die Zahl der Wirkstoffe, die der Meldepflicht unterliegen, steigt um mehr als 60%.\",\"breadcrumb\":{\"@id\":\"https:\\\/\\\/news.save.ch\\\/meldepflicht-fuer-arzneimittel\\\/#breadcrumb\"},\"inLanguage\":\"en-US\",\"potentialAction\":[{\"@type\":\"ReadAction\",\"target\":[\"https:\\\/\\\/news.save.ch\\\/meldepflicht-fuer-arzneimittel\\\/\"]}]},{\"@type\":\"ImageObject\",\"inLanguage\":\"en-US\",\"@id\":\"https:\\\/\\\/news.save.ch\\\/meldepflicht-fuer-arzneimittel\\\/#primaryimage\",\"url\":\"https:\\\/\\\/news.save.ch\\\/wp-content\\\/uploads\\\/2024\\\/01\\\/Depositphotos_229420152_S.jpg\",\"contentUrl\":\"https:\\\/\\\/news.save.ch\\\/wp-content\\\/uploads\\\/2024\\\/01\\\/Depositphotos_229420152_S.jpg\",\"width\":1000,\"height\":676,\"caption\":\"K\u00fcnftig m\u00fcssen f\u00fcr mehr Wirkstoffe Pflichtlager vorhanden sein. Bild: depositphotos, Fahroni\"},{\"@type\":\"BreadcrumbList\",\"@id\":\"https:\\\/\\\/news.save.ch\\\/meldepflicht-fuer-arzneimittel\\\/#breadcrumb\",\"itemListElement\":[{\"@type\":\"ListItem\",\"position\":1,\"name\":\"Home\",\"item\":\"https:\\\/\\\/news.save.ch\\\/de\\\/\"},{\"@type\":\"ListItem\",\"position\":2,\"name\":\"Meldepflicht f\u00fcr Arzneimittel\"}]},{\"@type\":\"WebSite\",\"@id\":\"https:\\\/\\\/news.save.ch\\\/de\\\/#website\",\"url\":\"https:\\\/\\\/news.save.ch\\\/de\\\/\",\"name\":\"Save\",\"description\":\"Schweizer Fachzeitschrift f\u00fcr Sicherheit\",\"publisher\":{\"@id\":\"https:\\\/\\\/news.save.ch\\\/de\\\/#organization\"},\"potentialAction\":[{\"@type\":\"SearchAction\",\"target\":{\"@type\":\"EntryPoint\",\"urlTemplate\":\"https:\\\/\\\/news.save.ch\\\/de\\\/?s={search_term_string}\"},\"query-input\":{\"@type\":\"PropertyValueSpecification\",\"valueRequired\":true,\"valueName\":\"search_term_string\"}}],\"inLanguage\":\"en-US\"},{\"@type\":\"Organization\",\"@id\":\"https:\\\/\\\/news.save.ch\\\/de\\\/#organization\",\"name\":\"Sicherheitsforum\",\"url\":\"https:\\\/\\\/news.save.ch\\\/de\\\/\",\"logo\":{\"@type\":\"ImageObject\",\"inLanguage\":\"en-US\",\"@id\":\"https:\\\/\\\/news.save.ch\\\/de\\\/#\\\/schema\\\/logo\\\/image\\\/\",\"url\":\"https:\\\/\\\/news.save.ch\\\/wp-content\\\/uploads\\\/2022\\\/06\\\/Logo_SF_2012.png\",\"contentUrl\":\"https:\\\/\\\/news.save.ch\\\/wp-content\\\/uploads\\\/2022\\\/06\\\/Logo_SF_2012.png\",\"width\":1100,\"height\":91,\"caption\":\"Sicherheitsforum\"},\"image\":{\"@id\":\"https:\\\/\\\/news.save.ch\\\/de\\\/#\\\/schema\\\/logo\\\/image\\\/\"}},{\"@type\":\"Person\",\"@id\":\"https:\\\/\\\/news.save.ch\\\/de\\\/#\\\/schema\\\/person\\\/10917387362b3961e882740f6cf6f2a2\",\"name\":\"stefanie Zeng\",\"image\":{\"@type\":\"ImageObject\",\"inLanguage\":\"en-US\",\"@id\":\"https:\\\/\\\/secure.gravatar.com\\\/avatar\\\/eac43faa6e40bb2c41068c95c9d78bbd94c476d5efdff7abaab80bb3ea681e06?s=96&d=mm&r=g\",\"url\":\"https:\\\/\\\/secure.gravatar.com\\\/avatar\\\/eac43faa6e40bb2c41068c95c9d78bbd94c476d5efdff7abaab80bb3ea681e06?s=96&d=mm&r=g\",\"contentUrl\":\"https:\\\/\\\/secure.gravatar.com\\\/avatar\\\/eac43faa6e40bb2c41068c95c9d78bbd94c476d5efdff7abaab80bb3ea681e06?s=96&d=mm&r=g\",\"caption\":\"stefanie Zeng\"},\"url\":\"https:\\\/\\\/news.save.ch\\\/en\\\/author\\\/stefanie-zeng\\\/\"}]}<\/script>\n<!-- \/ Yoast SEO plugin. -->","yoast_head_json":{"title":"Obligation to register medicinal products - Save","description":"The National Economic Supply extends the obligation to notify and store essential medicines. The number of active substances subject to the obligation to notify increases by more than 60%.","robots":{"index":"index","follow":"follow","max-snippet":"max-snippet:-1","max-image-preview":"max-image-preview:large","max-video-preview":"max-video-preview:-1"},"canonical":"https:\/\/news.save.ch\/en\/meldepflicht-fuer-arzneimittel\/","og_locale":"en_US","og_type":"article","og_title":"Meldepflicht f\u00fcr Arzneimittel - Save","og_description":"Die Wirtschaftliche Landesversorgung erweitert die Melde- und Lagerpflicht lebenswichtiger Arzneimittel. Die Zahl der Wirkstoffe, die der Meldepflicht unterliegen, steigt um mehr als 60%.","og_url":"https:\/\/news.save.ch\/en\/meldepflicht-fuer-arzneimittel\/","og_site_name":"Save","article_published_time":"2024-01-15T12:44:19+00:00","article_modified_time":"2024-01-15T14:49:27+00:00","og_image":[{"width":1000,"height":676,"url":"https:\/\/news.save.ch\/wp-content\/uploads\/2024\/01\/Depositphotos_229420152_S.jpg","type":"image\/jpeg"}],"author":"stefanie Zeng","twitter_card":"summary_large_image","twitter_misc":{"Written by":"stefanie Zeng","Est. reading time":"3 minutes"},"schema":{"@context":"https:\/\/schema.org","@graph":[{"@type":"Article","@id":"https:\/\/news.save.ch\/meldepflicht-fuer-arzneimittel\/#article","isPartOf":{"@id":"https:\/\/news.save.ch\/meldepflicht-fuer-arzneimittel\/"},"author":{"name":"stefanie Zeng","@id":"https:\/\/news.save.ch\/de\/#\/schema\/person\/10917387362b3961e882740f6cf6f2a2"},"headline":"Meldepflicht f\u00fcr Arzneimittel","datePublished":"2024-01-15T12:44:19+00:00","dateModified":"2024-01-15T14:49:27+00:00","mainEntityOfPage":{"@id":"https:\/\/news.save.ch\/meldepflicht-fuer-arzneimittel\/"},"wordCount":420,"publisher":{"@id":"https:\/\/news.save.ch\/de\/#organization"},"image":{"@id":"https:\/\/news.save.ch\/meldepflicht-fuer-arzneimittel\/#primaryimage"},"thumbnailUrl":"https:\/\/news.save.ch\/wp-content\/uploads\/2024\/01\/Depositphotos_229420152_S.jpg","keywords":["Arzneimittel","Bundesamt f\u00fcr wirtschaftliche Landesversorgung","Meldepflicht","Wirkstoffe"],"articleSection":["HEALTH &amp; SAFETY"],"inLanguage":"en-US"},{"@type":"WebPage","@id":"https:\/\/news.save.ch\/meldepflicht-fuer-arzneimittel\/","url":"https:\/\/news.save.ch\/meldepflicht-fuer-arzneimittel\/","name":"Obligation to register medicinal products - Save","isPartOf":{"@id":"https:\/\/news.save.ch\/de\/#website"},"primaryImageOfPage":{"@id":"https:\/\/news.save.ch\/meldepflicht-fuer-arzneimittel\/#primaryimage"},"image":{"@id":"https:\/\/news.save.ch\/meldepflicht-fuer-arzneimittel\/#primaryimage"},"thumbnailUrl":"https:\/\/news.save.ch\/wp-content\/uploads\/2024\/01\/Depositphotos_229420152_S.jpg","datePublished":"2024-01-15T12:44:19+00:00","dateModified":"2024-01-15T14:49:27+00:00","description":"The National Economic Supply extends the obligation to notify and store essential medicines. The number of active substances subject to the obligation to notify increases by more than 60%.","breadcrumb":{"@id":"https:\/\/news.save.ch\/meldepflicht-fuer-arzneimittel\/#breadcrumb"},"inLanguage":"en-US","potentialAction":[{"@type":"ReadAction","target":["https:\/\/news.save.ch\/meldepflicht-fuer-arzneimittel\/"]}]},{"@type":"ImageObject","inLanguage":"en-US","@id":"https:\/\/news.save.ch\/meldepflicht-fuer-arzneimittel\/#primaryimage","url":"https:\/\/news.save.ch\/wp-content\/uploads\/2024\/01\/Depositphotos_229420152_S.jpg","contentUrl":"https:\/\/news.save.ch\/wp-content\/uploads\/2024\/01\/Depositphotos_229420152_S.jpg","width":1000,"height":676,"caption":"K\u00fcnftig m\u00fcssen f\u00fcr mehr Wirkstoffe Pflichtlager vorhanden sein. Bild: depositphotos, Fahroni"},{"@type":"BreadcrumbList","@id":"https:\/\/news.save.ch\/meldepflicht-fuer-arzneimittel\/#breadcrumb","itemListElement":[{"@type":"ListItem","position":1,"name":"Home","item":"https:\/\/news.save.ch\/de\/"},{"@type":"ListItem","position":2,"name":"Meldepflicht f\u00fcr Arzneimittel"}]},{"@type":"WebSite","@id":"https:\/\/news.save.ch\/de\/#website","url":"https:\/\/news.save.ch\/de\/","name":"Save","description":"Swiss trade journal for safety","publisher":{"@id":"https:\/\/news.save.ch\/de\/#organization"},"potentialAction":[{"@type":"SearchAction","target":{"@type":"EntryPoint","urlTemplate":"https:\/\/news.save.ch\/de\/?s={search_term_string}"},"query-input":{"@type":"PropertyValueSpecification","valueRequired":true,"valueName":"search_term_string"}}],"inLanguage":"en-US"},{"@type":"Organization","@id":"https:\/\/news.save.ch\/de\/#organization","name":"Security Forum","url":"https:\/\/news.save.ch\/de\/","logo":{"@type":"ImageObject","inLanguage":"en-US","@id":"https:\/\/news.save.ch\/de\/#\/schema\/logo\/image\/","url":"https:\/\/news.save.ch\/wp-content\/uploads\/2022\/06\/Logo_SF_2012.png","contentUrl":"https:\/\/news.save.ch\/wp-content\/uploads\/2022\/06\/Logo_SF_2012.png","width":1100,"height":91,"caption":"Sicherheitsforum"},"image":{"@id":"https:\/\/news.save.ch\/de\/#\/schema\/logo\/image\/"}},{"@type":"Person","@id":"https:\/\/news.save.ch\/de\/#\/schema\/person\/10917387362b3961e882740f6cf6f2a2","name":"Stefanie Zeng","image":{"@type":"ImageObject","inLanguage":"en-US","@id":"https:\/\/secure.gravatar.com\/avatar\/eac43faa6e40bb2c41068c95c9d78bbd94c476d5efdff7abaab80bb3ea681e06?s=96&d=mm&r=g","url":"https:\/\/secure.gravatar.com\/avatar\/eac43faa6e40bb2c41068c95c9d78bbd94c476d5efdff7abaab80bb3ea681e06?s=96&d=mm&r=g","contentUrl":"https:\/\/secure.gravatar.com\/avatar\/eac43faa6e40bb2c41068c95c9d78bbd94c476d5efdff7abaab80bb3ea681e06?s=96&d=mm&r=g","caption":"stefanie Zeng"},"url":"https:\/\/news.save.ch\/en\/author\/stefanie-zeng\/"}]}},"_links":{"self":[{"href":"https:\/\/news.save.ch\/en\/wp-json\/wp\/v2\/posts\/22637","targetHints":{"allow":["GET"]}}],"collection":[{"href":"https:\/\/news.save.ch\/en\/wp-json\/wp\/v2\/posts"}],"about":[{"href":"https:\/\/news.save.ch\/en\/wp-json\/wp\/v2\/types\/post"}],"author":[{"embeddable":true,"href":"https:\/\/news.save.ch\/en\/wp-json\/wp\/v2\/users\/31"}],"replies":[{"embeddable":true,"href":"https:\/\/news.save.ch\/en\/wp-json\/wp\/v2\/comments?post=22637"}],"version-history":[{"count":2,"href":"https:\/\/news.save.ch\/en\/wp-json\/wp\/v2\/posts\/22637\/revisions"}],"predecessor-version":[{"id":22641,"href":"https:\/\/news.save.ch\/en\/wp-json\/wp\/v2\/posts\/22637\/revisions\/22641"}],"wp:featuredmedia":[{"embeddable":true,"href":"https:\/\/news.save.ch\/en\/wp-json\/wp\/v2\/media\/22638"}],"wp:attachment":[{"href":"https:\/\/news.save.ch\/en\/wp-json\/wp\/v2\/media?parent=22637"}],"wp:term":[{"taxonomy":"category","embeddable":true,"href":"https:\/\/news.save.ch\/en\/wp-json\/wp\/v2\/categories?post=22637"},{"taxonomy":"post_tag","embeddable":true,"href":"https:\/\/news.save.ch\/en\/wp-json\/wp\/v2\/tags?post=22637"}],"curies":[{"name":"wp","href":"https:\/\/api.w.org\/{rel}","templated":true}]}}