{"id":22673,"date":"2024-01-21T13:26:12","date_gmt":"2024-01-21T12:26:12","guid":{"rendered":"https:\/\/news.save.ch\/?p=22673"},"modified":"2024-01-29T10:12:24","modified_gmt":"2024-01-29T09:12:24","slug":"sirenen-und-alertswiss-werden-am-7-februar-2024-getestet","status":null,"type":"post","link":"https:\/\/news.save.ch\/en\/sirenen-und-alertswiss-werden-am-7-februar-2024-getestet\/","title":{"rendered":"Sirens and Alertswiss are tested"},"content":{"rendered":"<figure id=\"attachment_22674\" aria-describedby=\"caption-attachment-22674\" style=\"width: 532px\" class=\"wp-caption aligncenter\"><img loading=\"lazy\" decoding=\"async\" class=\"wp-image-22674 size-full\" src=\"https:\/\/news.save.ch\/wp-content\/uploads\/2024\/01\/image-e1705926263645.jpg\" alt=\"\" width=\"532\" height=\"532\" srcset=\"https:\/\/news.save.ch\/wp-content\/uploads\/2024\/01\/image-e1705926263645.jpg 532w, https:\/\/news.save.ch\/wp-content\/uploads\/2024\/01\/image-e1705926263645-150x150.jpg 150w, https:\/\/news.save.ch\/wp-content\/uploads\/2024\/01\/image-e1705926263645-12x12.jpg 12w, https:\/\/news.save.ch\/wp-content\/uploads\/2024\/01\/image-e1705926263645-300x300.jpg 300w, https:\/\/news.save.ch\/wp-content\/uploads\/2024\/01\/image-e1705926263645-350x350.jpg 350w, https:\/\/news.save.ch\/wp-content\/uploads\/2024\/01\/image-e1705926263645-250x250.jpg 250w\" sizes=\"auto, (max-width: 532px) 100vw, 532px\" \/><figcaption id=\"caption-attachment-22674\" class=\"wp-caption-text\">(Photo: FOCP)<\/figcaption><\/figure>\n<p>On the first Wednesday of every February, sirens are tested throughout Switzerland to ensure they are ready for operation. The population does not need to take any action. On February 7 in the afternoon, the siren test will be carried out again throughout Switzerland, as reported by the FOCP. The test is used to periodically check the approximately 5000 sirens to ensure that they provide a reliable alert in the event of an incident. The test includes notifications via the Alertswiss app. On the occasion of the siren test, the FOCP launches additional language versions for the emergency plan.<\/p>\n<p>The sirens sound the general alarm at 1.30 p.m., a regular ascending and descending wailing tone lasting one minute. If necessary, the siren test can be extended until 2.00 pm.<\/p>\n<p>The water alarm is tested from 2 p.m. to 4.30 p.m. at the latest in the near zones below dams. The signal consists of twelve low continuous tones of 20 seconds each at intervals of 10 seconds.<\/p>\n<h3>Message via Alertswiss app<\/h3>\n<p>Parallel to the triggering of the general siren alarm, each canton triggers an information-level message via the Alertswiss app on February 7 (see under <a href=\"https:\/\/www.alert.swiss\/\" target=\"_blank\" rel=\"noopener\">Alertswiss<\/a>). The Information level message does not trigger a siren sound on the smartphone, as would be the case with an Alarm level message.<\/p>\n<p>The number of users of the Alertswiss app is rising steadily and reached two million active installations on mobile devices in December 2023. According to data, cantons and federal authorities submitted around 250 Alertswiss reports last year.<\/p>\n<h3>Emergency plan in additional languages and in \"easy language\"<\/h3>\n<p>On the occasion of the siren test, the FOCP has prepared the emergency plan in additional languages. This document helps you to prepare personally for emergencies and provides practical tips for your own preparations.<\/p>\n<p>The available languages are German, French, Italian, English, Romansh, Portuguese, Albanian, Spanish, Serbian, Croatian, Turkish, Arabic and Ukrainian.<\/p>\n<p>An easy-to-read version is also available in German, French and Italian. These versions were created as part of the \"Inclusive Information and Communication Technologies\" innovation funding project supported by Innosuisse. The FOCP is participating in this project with the aim of improving the accessibility of Alertswiss.<\/p>\n<h3>What applies in the event of a real siren alarm?<\/h3>\n<p>If the general alarm sounds outside of an announced siren test, this means that there is a danger to the population. In this case, the population is requested to listen to the radio or inform themselves via the Alertswiss channels, follow the instructions of the authorities and inform their neighbors.<\/p>\n<p>The water alarm means that there is an immediate danger downstream of a dam. In this case, the population is requested to leave the endangered area immediately.<\/p>\n<p>Further advice and recommendations on how to behave can be found on the FOCP website, on the Alertswiss website and in the teletext of the SRG broadcasters, pages 680 and 681.<\/p>\n<p>The Alertswiss app is available free of charge for Android and iOS systems. It can be downloaded from the Google Play Store and the Apple App Store.<\/p>\n<p><em>Source: FOCP<\/em><\/p>\n<p>&nbsp;<\/p>","protected":false},"excerpt":{"rendered":"<p>Jeweils am ersten Mittwoch des Monats Februar wird in der ganzen Schweiz die Funktionsbereitschaft der Sirenen getestet. Die Bev\u00f6lkerung muss keine Massnahmen ergreifen. Am 7. Februar nachmittags ist es wieder soweit, schweizweit wird der Sirenentest durchgef\u00fchrt, wie das BABS vermeldete. Mit dem Test werden die rund 5000 Sirenen periodisch \u00fcberpr\u00fcft, damit sie im Ereignisfall zuverl\u00e4ssig [&hellip;]<\/p>\n","protected":false},"author":31,"featured_media":0,"comment_status":"closed","ping_status":"closed","sticky":false,"template":"","format":"standard","meta":{"_acf_changed":false,"pgc_sgb_lightbox_settings":"","footnotes":""},"categories":[1],"tags":[663,1557,371,75],"class_list":["post-22673","post","type-post","status-publish","format-standard","hentry","category-allgemein","tag-alertswiss","tag-babs-bundesamt-fuer-bevoelkerungsschutz","tag-bevoelkerungsschutz","tag-sirenentest"],"acf":[],"hkrextid":null,"publication":null,"issue":null,"workflow":null,"startPage":null,"spitzmarke":null,"_posts_by_tag_page_fields":null,"_at_widget":null,"_yoast_wpseo_primary_category":"","_yoast_wpseo_focuskw_text_input":null,"_yoast_wpseo_opengraph-image":null,"_yoast_wpseo_opengraph-description":null,"_yoast_wpseo_opengraph-title":null,"enclosure":null,"_yoast_wpseo_twitter-title":null,"_yoast_wpseo_twitter-description":null,"_yoast_wpseo_twitter-image":null,"_wp_old_slug":null,"_yoast_wpseo_title":null,"_yoast_wpseo_canonical":null,"yoast_head":"<!-- This site is optimized with the Yoast SEO plugin v27.4 - https:\/\/yoast.com\/product\/yoast-seo-wordpress\/ -->\n<title>Sirenen und Alertswiss werden getestet - Save<\/title>\n<meta name=\"description\" content=\"Anfang Februar findet in der ganzen Schweiz der j\u00e4hrliche Sirenentest statt.\" \/>\n<meta name=\"robots\" content=\"index, follow, max-snippet:-1, max-image-preview:large, max-video-preview:-1\" \/>\n<link rel=\"canonical\" href=\"https:\/\/news.save.ch\/en\/sirenen-und-alertswiss-werden-am-7-februar-2024-getestet\/\" \/>\n<meta property=\"og:locale\" content=\"en_US\" \/>\n<meta property=\"og:type\" content=\"article\" \/>\n<meta property=\"og:title\" content=\"Sirenen und Alertswiss werden getestet - Save\" \/>\n<meta property=\"og:description\" content=\"Anfang Februar findet in der ganzen Schweiz der j\u00e4hrliche Sirenentest statt.\" \/>\n<meta property=\"og:url\" content=\"https:\/\/news.save.ch\/en\/sirenen-und-alertswiss-werden-am-7-februar-2024-getestet\/\" \/>\n<meta property=\"og:site_name\" content=\"Save\" \/>\n<meta property=\"article:published_time\" content=\"2024-01-21T12:26:12+00:00\" \/>\n<meta property=\"article:modified_time\" content=\"2024-01-29T09:12:24+00:00\" \/>\n<meta property=\"og:image\" content=\"https:\/\/news.save.ch\/wp-content\/uploads\/2024\/01\/image-e1705926263645.jpg\" \/>\n<meta name=\"author\" content=\"stefanie Zeng\" \/>\n<meta name=\"twitter:card\" content=\"summary_large_image\" \/>\n<meta name=\"twitter:label1\" content=\"Written by\" \/>\n\t<meta name=\"twitter:data1\" content=\"stefanie Zeng\" \/>\n\t<meta name=\"twitter:label2\" content=\"Est. reading time\" \/>\n\t<meta name=\"twitter:data2\" content=\"3 minutes\" \/>\n<script type=\"application\/ld+json\" class=\"yoast-schema-graph\">{\"@context\":\"https:\\\/\\\/schema.org\",\"@graph\":[{\"@type\":\"Article\",\"@id\":\"https:\\\/\\\/news.save.ch\\\/sirenen-und-alertswiss-werden-am-7-februar-2024-getestet\\\/#article\",\"isPartOf\":{\"@id\":\"https:\\\/\\\/news.save.ch\\\/sirenen-und-alertswiss-werden-am-7-februar-2024-getestet\\\/\"},\"author\":{\"name\":\"stefanie Zeng\",\"@id\":\"https:\\\/\\\/news.save.ch\\\/de\\\/#\\\/schema\\\/person\\\/10917387362b3961e882740f6cf6f2a2\"},\"headline\":\"Sirenen und Alertswiss werden getestet\",\"datePublished\":\"2024-01-21T12:26:12+00:00\",\"dateModified\":\"2024-01-29T09:12:24+00:00\",\"mainEntityOfPage\":{\"@id\":\"https:\\\/\\\/news.save.ch\\\/sirenen-und-alertswiss-werden-am-7-februar-2024-getestet\\\/\"},\"wordCount\":498,\"publisher\":{\"@id\":\"https:\\\/\\\/news.save.ch\\\/de\\\/#organization\"},\"image\":{\"@id\":\"https:\\\/\\\/news.save.ch\\\/sirenen-und-alertswiss-werden-am-7-februar-2024-getestet\\\/#primaryimage\"},\"thumbnailUrl\":\"https:\\\/\\\/news.save.ch\\\/wp-content\\\/uploads\\\/2024\\\/01\\\/image-e1705926263645.jpg\",\"keywords\":[\"Alertswiss\",\"BABS - Bundesamt f\u00fcr Bev\u00f6lkerungsschutz\",\"Bev\u00f6lkerungsschutz\",\"Sirenentest\"],\"articleSection\":[\"ALLGEMEIN\"],\"inLanguage\":\"en-US\"},{\"@type\":\"WebPage\",\"@id\":\"https:\\\/\\\/news.save.ch\\\/sirenen-und-alertswiss-werden-am-7-februar-2024-getestet\\\/\",\"url\":\"https:\\\/\\\/news.save.ch\\\/sirenen-und-alertswiss-werden-am-7-februar-2024-getestet\\\/\",\"name\":\"Sirenen und Alertswiss werden getestet - Save\",\"isPartOf\":{\"@id\":\"https:\\\/\\\/news.save.ch\\\/de\\\/#website\"},\"primaryImageOfPage\":{\"@id\":\"https:\\\/\\\/news.save.ch\\\/sirenen-und-alertswiss-werden-am-7-februar-2024-getestet\\\/#primaryimage\"},\"image\":{\"@id\":\"https:\\\/\\\/news.save.ch\\\/sirenen-und-alertswiss-werden-am-7-februar-2024-getestet\\\/#primaryimage\"},\"thumbnailUrl\":\"https:\\\/\\\/news.save.ch\\\/wp-content\\\/uploads\\\/2024\\\/01\\\/image-e1705926263645.jpg\",\"datePublished\":\"2024-01-21T12:26:12+00:00\",\"dateModified\":\"2024-01-29T09:12:24+00:00\",\"description\":\"Anfang Februar findet in der ganzen Schweiz der j\u00e4hrliche Sirenentest statt.\",\"breadcrumb\":{\"@id\":\"https:\\\/\\\/news.save.ch\\\/sirenen-und-alertswiss-werden-am-7-februar-2024-getestet\\\/#breadcrumb\"},\"inLanguage\":\"en-US\",\"potentialAction\":[{\"@type\":\"ReadAction\",\"target\":[\"https:\\\/\\\/news.save.ch\\\/sirenen-und-alertswiss-werden-am-7-februar-2024-getestet\\\/\"]}]},{\"@type\":\"ImageObject\",\"inLanguage\":\"en-US\",\"@id\":\"https:\\\/\\\/news.save.ch\\\/sirenen-und-alertswiss-werden-am-7-februar-2024-getestet\\\/#primaryimage\",\"url\":\"https:\\\/\\\/news.save.ch\\\/wp-content\\\/uploads\\\/2024\\\/01\\\/image-e1705926263645.jpg\",\"contentUrl\":\"https:\\\/\\\/news.save.ch\\\/wp-content\\\/uploads\\\/2024\\\/01\\\/image-e1705926263645.jpg\"},{\"@type\":\"BreadcrumbList\",\"@id\":\"https:\\\/\\\/news.save.ch\\\/sirenen-und-alertswiss-werden-am-7-februar-2024-getestet\\\/#breadcrumb\",\"itemListElement\":[{\"@type\":\"ListItem\",\"position\":1,\"name\":\"Home\",\"item\":\"https:\\\/\\\/news.save.ch\\\/de\\\/\"},{\"@type\":\"ListItem\",\"position\":2,\"name\":\"Sirenen und Alertswiss werden getestet\"}]},{\"@type\":\"WebSite\",\"@id\":\"https:\\\/\\\/news.save.ch\\\/de\\\/#website\",\"url\":\"https:\\\/\\\/news.save.ch\\\/de\\\/\",\"name\":\"Save\",\"description\":\"Schweizer Fachzeitschrift f\u00fcr Sicherheit\",\"publisher\":{\"@id\":\"https:\\\/\\\/news.save.ch\\\/de\\\/#organization\"},\"potentialAction\":[{\"@type\":\"SearchAction\",\"target\":{\"@type\":\"EntryPoint\",\"urlTemplate\":\"https:\\\/\\\/news.save.ch\\\/de\\\/?s={search_term_string}\"},\"query-input\":{\"@type\":\"PropertyValueSpecification\",\"valueRequired\":true,\"valueName\":\"search_term_string\"}}],\"inLanguage\":\"en-US\"},{\"@type\":\"Organization\",\"@id\":\"https:\\\/\\\/news.save.ch\\\/de\\\/#organization\",\"name\":\"Sicherheitsforum\",\"url\":\"https:\\\/\\\/news.save.ch\\\/de\\\/\",\"logo\":{\"@type\":\"ImageObject\",\"inLanguage\":\"en-US\",\"@id\":\"https:\\\/\\\/news.save.ch\\\/de\\\/#\\\/schema\\\/logo\\\/image\\\/\",\"url\":\"https:\\\/\\\/news.save.ch\\\/wp-content\\\/uploads\\\/2022\\\/06\\\/Logo_SF_2012.png\",\"contentUrl\":\"https:\\\/\\\/news.save.ch\\\/wp-content\\\/uploads\\\/2022\\\/06\\\/Logo_SF_2012.png\",\"width\":1100,\"height\":91,\"caption\":\"Sicherheitsforum\"},\"image\":{\"@id\":\"https:\\\/\\\/news.save.ch\\\/de\\\/#\\\/schema\\\/logo\\\/image\\\/\"}},{\"@type\":\"Person\",\"@id\":\"https:\\\/\\\/news.save.ch\\\/de\\\/#\\\/schema\\\/person\\\/10917387362b3961e882740f6cf6f2a2\",\"name\":\"stefanie Zeng\",\"image\":{\"@type\":\"ImageObject\",\"inLanguage\":\"en-US\",\"@id\":\"https:\\\/\\\/secure.gravatar.com\\\/avatar\\\/eac43faa6e40bb2c41068c95c9d78bbd94c476d5efdff7abaab80bb3ea681e06?s=96&d=mm&r=g\",\"url\":\"https:\\\/\\\/secure.gravatar.com\\\/avatar\\\/eac43faa6e40bb2c41068c95c9d78bbd94c476d5efdff7abaab80bb3ea681e06?s=96&d=mm&r=g\",\"contentUrl\":\"https:\\\/\\\/secure.gravatar.com\\\/avatar\\\/eac43faa6e40bb2c41068c95c9d78bbd94c476d5efdff7abaab80bb3ea681e06?s=96&d=mm&r=g\",\"caption\":\"stefanie Zeng\"},\"url\":\"https:\\\/\\\/news.save.ch\\\/en\\\/author\\\/stefanie-zeng\\\/\"}]}<\/script>\n<!-- \/ Yoast SEO plugin. -->","yoast_head_json":{"title":"Sirens and Alertswiss are being tested - Save","description":"The annual siren test takes place throughout Switzerland at the beginning of February.","robots":{"index":"index","follow":"follow","max-snippet":"max-snippet:-1","max-image-preview":"max-image-preview:large","max-video-preview":"max-video-preview:-1"},"canonical":"https:\/\/news.save.ch\/en\/sirenen-und-alertswiss-werden-am-7-februar-2024-getestet\/","og_locale":"en_US","og_type":"article","og_title":"Sirenen und Alertswiss werden getestet - Save","og_description":"Anfang Februar findet in der ganzen Schweiz der j\u00e4hrliche Sirenentest statt.","og_url":"https:\/\/news.save.ch\/en\/sirenen-und-alertswiss-werden-am-7-februar-2024-getestet\/","og_site_name":"Save","article_published_time":"2024-01-21T12:26:12+00:00","article_modified_time":"2024-01-29T09:12:24+00:00","og_image":[{"url":"https:\/\/news.save.ch\/wp-content\/uploads\/2024\/01\/image-e1705926263645.jpg","type":"","width":"","height":""}],"author":"stefanie Zeng","twitter_card":"summary_large_image","twitter_misc":{"Written by":"stefanie Zeng","Est. reading time":"3 minutes"},"schema":{"@context":"https:\/\/schema.org","@graph":[{"@type":"Article","@id":"https:\/\/news.save.ch\/sirenen-und-alertswiss-werden-am-7-februar-2024-getestet\/#article","isPartOf":{"@id":"https:\/\/news.save.ch\/sirenen-und-alertswiss-werden-am-7-februar-2024-getestet\/"},"author":{"name":"stefanie Zeng","@id":"https:\/\/news.save.ch\/de\/#\/schema\/person\/10917387362b3961e882740f6cf6f2a2"},"headline":"Sirenen und Alertswiss werden getestet","datePublished":"2024-01-21T12:26:12+00:00","dateModified":"2024-01-29T09:12:24+00:00","mainEntityOfPage":{"@id":"https:\/\/news.save.ch\/sirenen-und-alertswiss-werden-am-7-februar-2024-getestet\/"},"wordCount":498,"publisher":{"@id":"https:\/\/news.save.ch\/de\/#organization"},"image":{"@id":"https:\/\/news.save.ch\/sirenen-und-alertswiss-werden-am-7-februar-2024-getestet\/#primaryimage"},"thumbnailUrl":"https:\/\/news.save.ch\/wp-content\/uploads\/2024\/01\/image-e1705926263645.jpg","keywords":["Alertswiss","BABS - Bundesamt f\u00fcr Bev\u00f6lkerungsschutz","Bev\u00f6lkerungsschutz","Sirenentest"],"articleSection":["ALLGEMEIN"],"inLanguage":"en-US"},{"@type":"WebPage","@id":"https:\/\/news.save.ch\/sirenen-und-alertswiss-werden-am-7-februar-2024-getestet\/","url":"https:\/\/news.save.ch\/sirenen-und-alertswiss-werden-am-7-februar-2024-getestet\/","name":"Sirens and Alertswiss are being tested - Save","isPartOf":{"@id":"https:\/\/news.save.ch\/de\/#website"},"primaryImageOfPage":{"@id":"https:\/\/news.save.ch\/sirenen-und-alertswiss-werden-am-7-februar-2024-getestet\/#primaryimage"},"image":{"@id":"https:\/\/news.save.ch\/sirenen-und-alertswiss-werden-am-7-februar-2024-getestet\/#primaryimage"},"thumbnailUrl":"https:\/\/news.save.ch\/wp-content\/uploads\/2024\/01\/image-e1705926263645.jpg","datePublished":"2024-01-21T12:26:12+00:00","dateModified":"2024-01-29T09:12:24+00:00","description":"The annual siren test takes place throughout Switzerland at the beginning of February.","breadcrumb":{"@id":"https:\/\/news.save.ch\/sirenen-und-alertswiss-werden-am-7-februar-2024-getestet\/#breadcrumb"},"inLanguage":"en-US","potentialAction":[{"@type":"ReadAction","target":["https:\/\/news.save.ch\/sirenen-und-alertswiss-werden-am-7-februar-2024-getestet\/"]}]},{"@type":"ImageObject","inLanguage":"en-US","@id":"https:\/\/news.save.ch\/sirenen-und-alertswiss-werden-am-7-februar-2024-getestet\/#primaryimage","url":"https:\/\/news.save.ch\/wp-content\/uploads\/2024\/01\/image-e1705926263645.jpg","contentUrl":"https:\/\/news.save.ch\/wp-content\/uploads\/2024\/01\/image-e1705926263645.jpg"},{"@type":"BreadcrumbList","@id":"https:\/\/news.save.ch\/sirenen-und-alertswiss-werden-am-7-februar-2024-getestet\/#breadcrumb","itemListElement":[{"@type":"ListItem","position":1,"name":"Home","item":"https:\/\/news.save.ch\/de\/"},{"@type":"ListItem","position":2,"name":"Sirenen und Alertswiss werden getestet"}]},{"@type":"WebSite","@id":"https:\/\/news.save.ch\/de\/#website","url":"https:\/\/news.save.ch\/de\/","name":"Save","description":"Swiss trade journal for safety","publisher":{"@id":"https:\/\/news.save.ch\/de\/#organization"},"potentialAction":[{"@type":"SearchAction","target":{"@type":"EntryPoint","urlTemplate":"https:\/\/news.save.ch\/de\/?s={search_term_string}"},"query-input":{"@type":"PropertyValueSpecification","valueRequired":true,"valueName":"search_term_string"}}],"inLanguage":"en-US"},{"@type":"Organization","@id":"https:\/\/news.save.ch\/de\/#organization","name":"Security Forum","url":"https:\/\/news.save.ch\/de\/","logo":{"@type":"ImageObject","inLanguage":"en-US","@id":"https:\/\/news.save.ch\/de\/#\/schema\/logo\/image\/","url":"https:\/\/news.save.ch\/wp-content\/uploads\/2022\/06\/Logo_SF_2012.png","contentUrl":"https:\/\/news.save.ch\/wp-content\/uploads\/2022\/06\/Logo_SF_2012.png","width":1100,"height":91,"caption":"Sicherheitsforum"},"image":{"@id":"https:\/\/news.save.ch\/de\/#\/schema\/logo\/image\/"}},{"@type":"Person","@id":"https:\/\/news.save.ch\/de\/#\/schema\/person\/10917387362b3961e882740f6cf6f2a2","name":"Stefanie Zeng","image":{"@type":"ImageObject","inLanguage":"en-US","@id":"https:\/\/secure.gravatar.com\/avatar\/eac43faa6e40bb2c41068c95c9d78bbd94c476d5efdff7abaab80bb3ea681e06?s=96&d=mm&r=g","url":"https:\/\/secure.gravatar.com\/avatar\/eac43faa6e40bb2c41068c95c9d78bbd94c476d5efdff7abaab80bb3ea681e06?s=96&d=mm&r=g","contentUrl":"https:\/\/secure.gravatar.com\/avatar\/eac43faa6e40bb2c41068c95c9d78bbd94c476d5efdff7abaab80bb3ea681e06?s=96&d=mm&r=g","caption":"stefanie Zeng"},"url":"https:\/\/news.save.ch\/en\/author\/stefanie-zeng\/"}]}},"_links":{"self":[{"href":"https:\/\/news.save.ch\/en\/wp-json\/wp\/v2\/posts\/22673","targetHints":{"allow":["GET"]}}],"collection":[{"href":"https:\/\/news.save.ch\/en\/wp-json\/wp\/v2\/posts"}],"about":[{"href":"https:\/\/news.save.ch\/en\/wp-json\/wp\/v2\/types\/post"}],"author":[{"embeddable":true,"href":"https:\/\/news.save.ch\/en\/wp-json\/wp\/v2\/users\/31"}],"replies":[{"embeddable":true,"href":"https:\/\/news.save.ch\/en\/wp-json\/wp\/v2\/comments?post=22673"}],"version-history":[{"count":6,"href":"https:\/\/news.save.ch\/en\/wp-json\/wp\/v2\/posts\/22673\/revisions"}],"predecessor-version":[{"id":22726,"href":"https:\/\/news.save.ch\/en\/wp-json\/wp\/v2\/posts\/22673\/revisions\/22726"}],"wp:attachment":[{"href":"https:\/\/news.save.ch\/en\/wp-json\/wp\/v2\/media?parent=22673"}],"wp:term":[{"taxonomy":"category","embeddable":true,"href":"https:\/\/news.save.ch\/en\/wp-json\/wp\/v2\/categories?post=22673"},{"taxonomy":"post_tag","embeddable":true,"href":"https:\/\/news.save.ch\/en\/wp-json\/wp\/v2\/tags?post=22673"}],"curies":[{"name":"wp","href":"https:\/\/api.w.org\/{rel}","templated":true}]}}