{"id":22953,"date":"2024-03-27T20:07:01","date_gmt":"2024-03-27T19:07:01","guid":{"rendered":"https:\/\/news.save.ch\/?p=22953"},"modified":"2024-03-27T20:07:01","modified_gmt":"2024-03-27T19:07:01","slug":"sandra-bittel-uebernimmt-leitung-von-bgm-bei-aeh","status":null,"type":"post","link":"https:\/\/news.save.ch\/en\/sandra-bittel-uebernimmt-leitung-von-bgm-bei-aeh\/","title":{"rendered":"Sandra Bittel takes over management of BGM at AEH"},"content":{"rendered":"<p><img loading=\"lazy\" decoding=\"async\" class=\"alignnone size-full wp-image-22954\" src=\"https:\/\/news.save.ch\/wp-content\/uploads\/2024\/03\/sandra-bittel-scaled.jpg\" alt=\"\" width=\"1400\" height=\"1077\" srcset=\"https:\/\/news.save.ch\/wp-content\/uploads\/2024\/03\/sandra-bittel-scaled.jpg 1200w, https:\/\/news.save.ch\/wp-content\/uploads\/2024\/03\/sandra-bittel-680x523.jpg 680w, https:\/\/news.save.ch\/wp-content\/uploads\/2024\/03\/sandra-bittel-1024x788.jpg 1024w, https:\/\/news.save.ch\/wp-content\/uploads\/2024\/03\/sandra-bittel-768x591.jpg 768w, https:\/\/news.save.ch\/wp-content\/uploads\/2024\/03\/sandra-bittel-1536x1181.jpg 1536w, https:\/\/news.save.ch\/wp-content\/uploads\/2024\/03\/sandra-bittel-2048x1575.jpg 2048w, https:\/\/news.save.ch\/wp-content\/uploads\/2024\/03\/sandra-bittel-16x12.jpg 16w, https:\/\/news.save.ch\/wp-content\/uploads\/2024\/03\/sandra-bittel-375x288.jpg 375w, https:\/\/news.save.ch\/wp-content\/uploads\/2024\/03\/sandra-bittel-455x350.jpg 455w, https:\/\/news.save.ch\/wp-content\/uploads\/2024\/03\/sandra-bittel-1000x769.jpg 1000w\" sizes=\"auto, (max-width: 1400px) 100vw, 1400px\" \/><\/p>\n<p><span style=\"font-size: 12pt; font-family: georgia, palatino, serif;\">Sandra Bittel takes over as Head of Corporate Health Management (CHM) and is a member of the Executive Board. Bittel has many years of experience in the field of health in the workplace and is committed to healthy companies and productive employees with a great deal of expertise and enthusiasm.\u00a0<\/span><\/p>\n<p>After her initial training as a primary school teacher, she completed a diploma in adult education. She gained her broad professional experience in the field of adult education as a language teacher for international companies, as a team leader at Switzerland Tourism in New York and as Head of Education at the Valais Red Cross.<\/p>\n<p>In 2012, Sandra Bittel discovered her enthusiasm for the topic of \"health in the workplace\". She completed a CAS in Occupational Health Management and started work as a specialist in occupational health management at a large Swiss health insurer. In 2016, she took over the management of occupational health management in the corporate clients division and continued to develop the offering.<\/p>\n<p>Sandra Bittel has an EMBA with a focus on leadership, is an accredited consultant with Health Promotion Switzerland and an assessor for the Friendly Workspace label.<\/p>\n<p><em>Source: AEH<\/em><\/p>","protected":false},"excerpt":{"rendered":"<p>Sandra Bittel \u00fcbernimmt die Leitung des Bereichs Betriebliches Gesundheitsmanagement (BGM) und ist Mitglied der Gesch\u00e4ftsleitung. Bittel verf\u00fcgt \u00fcber langj\u00e4hrige Erfahrung im Thema Gesundheit am Arbeitsplatz und engagiert sich mit viel Fachkenntnis und Begeisterung f\u00fcr gesunde Unternehmen und leistungsf\u00e4hige Mitarbeitende.\u00a0 Nach der Erstausbildung als Primarlehrerin absolvierte sie eine Diplomausbildung in Erwachsenenbildung. Ihre breite berufliche Erfahrung im [&hellip;]<\/p>\n","protected":false},"author":31,"featured_media":22954,"comment_status":"closed","ping_status":"closed","sticky":false,"template":"","format":"standard","meta":{"_acf_changed":false,"pgc_sgb_lightbox_settings":"","footnotes":""},"categories":[3314],"tags":[1599,1775,1785],"class_list":["post-22953","post","type-post","status-publish","format-standard","has-post-thumbnail","hentry","category-health-safety","tag-aeh","tag-betriebliches-gesundheitsmanagement","tag-bgm"],"acf":[],"hkrextid":null,"publication":null,"issue":null,"workflow":null,"startPage":null,"spitzmarke":null,"_posts_by_tag_page_fields":null,"_at_widget":null,"_yoast_wpseo_primary_category":"3314","_yoast_wpseo_focuskw_text_input":null,"_yoast_wpseo_opengraph-image":null,"_yoast_wpseo_opengraph-description":null,"_yoast_wpseo_opengraph-title":null,"enclosure":null,"_yoast_wpseo_twitter-title":null,"_yoast_wpseo_twitter-description":null,"_yoast_wpseo_twitter-image":null,"_wp_old_slug":null,"_yoast_wpseo_title":null,"_yoast_wpseo_canonical":null,"yoast_head":"<!-- This site is optimized with the Yoast SEO plugin v27.5 - https:\/\/yoast.com\/product\/yoast-seo-wordpress\/ -->\n<title>Sandra Bittel \u00fcbernimmt Leitung von BGM bei AEH - Save<\/title>\n<meta name=\"description\" content=\"Sandra Bittel \u00fcbernimmt die Leitung des Bereichs Betriebliches Gesundheitsmanagement und ist Mitglied der Gesch\u00e4ftsleitung bei AEH.\" \/>\n<meta name=\"robots\" content=\"index, follow, max-snippet:-1, max-image-preview:large, max-video-preview:-1\" \/>\n<link rel=\"canonical\" href=\"https:\/\/news.save.ch\/en\/sandra-bittel-uebernimmt-leitung-von-bgm-bei-aeh\/\" \/>\n<meta property=\"og:locale\" content=\"en_US\" \/>\n<meta property=\"og:type\" content=\"article\" \/>\n<meta property=\"og:title\" content=\"Sandra Bittel \u00fcbernimmt Leitung von BGM bei AEH - Save\" \/>\n<meta property=\"og:description\" content=\"Sandra Bittel \u00fcbernimmt die Leitung des Bereichs Betriebliches Gesundheitsmanagement und ist Mitglied der Gesch\u00e4ftsleitung bei AEH.\" \/>\n<meta property=\"og:url\" content=\"https:\/\/news.save.ch\/en\/sandra-bittel-uebernimmt-leitung-von-bgm-bei-aeh\/\" \/>\n<meta property=\"og:site_name\" content=\"Save\" \/>\n<meta property=\"article:published_time\" content=\"2024-03-27T19:07:01+00:00\" \/>\n<meta property=\"og:image\" content=\"https:\/\/news.save.ch\/wp-content\/uploads\/2024\/03\/sandra-bittel-scaled.jpg\" \/>\n\t<meta property=\"og:image:width\" content=\"1200\" \/>\n\t<meta property=\"og:image:height\" content=\"923\" \/>\n\t<meta property=\"og:image:type\" content=\"image\/jpeg\" \/>\n<meta name=\"author\" content=\"stefanie Zeng\" \/>\n<meta name=\"twitter:card\" content=\"summary_large_image\" \/>\n<meta name=\"twitter:label1\" content=\"Written by\" \/>\n\t<meta name=\"twitter:data1\" content=\"stefanie Zeng\" \/>\n\t<meta name=\"twitter:label2\" content=\"Est. reading time\" \/>\n\t<meta name=\"twitter:data2\" content=\"2 minutes\" \/>\n<script type=\"application\/ld+json\" class=\"yoast-schema-graph\">{\"@context\":\"https:\\\/\\\/schema.org\",\"@graph\":[{\"@type\":\"Article\",\"@id\":\"https:\\\/\\\/news.save.ch\\\/sandra-bittel-uebernimmt-leitung-von-bgm-bei-aeh\\\/#article\",\"isPartOf\":{\"@id\":\"https:\\\/\\\/news.save.ch\\\/sandra-bittel-uebernimmt-leitung-von-bgm-bei-aeh\\\/\"},\"author\":{\"name\":\"stefanie Zeng\",\"@id\":\"https:\\\/\\\/news.save.ch\\\/de\\\/#\\\/schema\\\/person\\\/10917387362b3961e882740f6cf6f2a2\"},\"headline\":\"Sandra Bittel \u00fcbernimmt Leitung von BGM bei AEH\",\"datePublished\":\"2024-03-27T19:07:01+00:00\",\"mainEntityOfPage\":{\"@id\":\"https:\\\/\\\/news.save.ch\\\/sandra-bittel-uebernimmt-leitung-von-bgm-bei-aeh\\\/\"},\"wordCount\":168,\"publisher\":{\"@id\":\"https:\\\/\\\/news.save.ch\\\/de\\\/#organization\"},\"image\":{\"@id\":\"https:\\\/\\\/news.save.ch\\\/sandra-bittel-uebernimmt-leitung-von-bgm-bei-aeh\\\/#primaryimage\"},\"thumbnailUrl\":\"https:\\\/\\\/news.save.ch\\\/wp-content\\\/uploads\\\/2024\\\/03\\\/sandra-bittel-scaled.jpg\",\"keywords\":[\"AEH\",\"Betriebliches Gesundheitsmanagement\",\"BGM\"],\"articleSection\":[\"HEALTH &amp; SAFETY\"],\"inLanguage\":\"en-US\"},{\"@type\":\"WebPage\",\"@id\":\"https:\\\/\\\/news.save.ch\\\/sandra-bittel-uebernimmt-leitung-von-bgm-bei-aeh\\\/\",\"url\":\"https:\\\/\\\/news.save.ch\\\/sandra-bittel-uebernimmt-leitung-von-bgm-bei-aeh\\\/\",\"name\":\"Sandra Bittel \u00fcbernimmt Leitung von BGM bei AEH - Save\",\"isPartOf\":{\"@id\":\"https:\\\/\\\/news.save.ch\\\/de\\\/#website\"},\"primaryImageOfPage\":{\"@id\":\"https:\\\/\\\/news.save.ch\\\/sandra-bittel-uebernimmt-leitung-von-bgm-bei-aeh\\\/#primaryimage\"},\"image\":{\"@id\":\"https:\\\/\\\/news.save.ch\\\/sandra-bittel-uebernimmt-leitung-von-bgm-bei-aeh\\\/#primaryimage\"},\"thumbnailUrl\":\"https:\\\/\\\/news.save.ch\\\/wp-content\\\/uploads\\\/2024\\\/03\\\/sandra-bittel-scaled.jpg\",\"datePublished\":\"2024-03-27T19:07:01+00:00\",\"description\":\"Sandra Bittel \u00fcbernimmt die Leitung des Bereichs Betriebliches Gesundheitsmanagement und ist Mitglied der Gesch\u00e4ftsleitung bei AEH.\",\"breadcrumb\":{\"@id\":\"https:\\\/\\\/news.save.ch\\\/sandra-bittel-uebernimmt-leitung-von-bgm-bei-aeh\\\/#breadcrumb\"},\"inLanguage\":\"en-US\",\"potentialAction\":[{\"@type\":\"ReadAction\",\"target\":[\"https:\\\/\\\/news.save.ch\\\/sandra-bittel-uebernimmt-leitung-von-bgm-bei-aeh\\\/\"]}]},{\"@type\":\"ImageObject\",\"inLanguage\":\"en-US\",\"@id\":\"https:\\\/\\\/news.save.ch\\\/sandra-bittel-uebernimmt-leitung-von-bgm-bei-aeh\\\/#primaryimage\",\"url\":\"https:\\\/\\\/news.save.ch\\\/wp-content\\\/uploads\\\/2024\\\/03\\\/sandra-bittel-scaled.jpg\",\"contentUrl\":\"https:\\\/\\\/news.save.ch\\\/wp-content\\\/uploads\\\/2024\\\/03\\\/sandra-bittel-scaled.jpg\",\"width\":1200,\"height\":923},{\"@type\":\"BreadcrumbList\",\"@id\":\"https:\\\/\\\/news.save.ch\\\/sandra-bittel-uebernimmt-leitung-von-bgm-bei-aeh\\\/#breadcrumb\",\"itemListElement\":[{\"@type\":\"ListItem\",\"position\":1,\"name\":\"Home\",\"item\":\"https:\\\/\\\/news.save.ch\\\/de\\\/\"},{\"@type\":\"ListItem\",\"position\":2,\"name\":\"Sandra Bittel \u00fcbernimmt Leitung von BGM bei AEH\"}]},{\"@type\":\"WebSite\",\"@id\":\"https:\\\/\\\/news.save.ch\\\/de\\\/#website\",\"url\":\"https:\\\/\\\/news.save.ch\\\/de\\\/\",\"name\":\"Save\",\"description\":\"Schweizer Fachzeitschrift f\u00fcr Sicherheit\",\"publisher\":{\"@id\":\"https:\\\/\\\/news.save.ch\\\/de\\\/#organization\"},\"potentialAction\":[{\"@type\":\"SearchAction\",\"target\":{\"@type\":\"EntryPoint\",\"urlTemplate\":\"https:\\\/\\\/news.save.ch\\\/de\\\/?s={search_term_string}\"},\"query-input\":{\"@type\":\"PropertyValueSpecification\",\"valueRequired\":true,\"valueName\":\"search_term_string\"}}],\"inLanguage\":\"en-US\"},{\"@type\":\"Organization\",\"@id\":\"https:\\\/\\\/news.save.ch\\\/de\\\/#organization\",\"name\":\"Sicherheitsforum\",\"url\":\"https:\\\/\\\/news.save.ch\\\/de\\\/\",\"logo\":{\"@type\":\"ImageObject\",\"inLanguage\":\"en-US\",\"@id\":\"https:\\\/\\\/news.save.ch\\\/de\\\/#\\\/schema\\\/logo\\\/image\\\/\",\"url\":\"https:\\\/\\\/news.save.ch\\\/wp-content\\\/uploads\\\/2022\\\/06\\\/Logo_SF_2012.png\",\"contentUrl\":\"https:\\\/\\\/news.save.ch\\\/wp-content\\\/uploads\\\/2022\\\/06\\\/Logo_SF_2012.png\",\"width\":1100,\"height\":91,\"caption\":\"Sicherheitsforum\"},\"image\":{\"@id\":\"https:\\\/\\\/news.save.ch\\\/de\\\/#\\\/schema\\\/logo\\\/image\\\/\"}},{\"@type\":\"Person\",\"@id\":\"https:\\\/\\\/news.save.ch\\\/de\\\/#\\\/schema\\\/person\\\/10917387362b3961e882740f6cf6f2a2\",\"name\":\"stefanie Zeng\",\"image\":{\"@type\":\"ImageObject\",\"inLanguage\":\"en-US\",\"@id\":\"https:\\\/\\\/secure.gravatar.com\\\/avatar\\\/eac43faa6e40bb2c41068c95c9d78bbd94c476d5efdff7abaab80bb3ea681e06?s=96&d=mm&r=g\",\"url\":\"https:\\\/\\\/secure.gravatar.com\\\/avatar\\\/eac43faa6e40bb2c41068c95c9d78bbd94c476d5efdff7abaab80bb3ea681e06?s=96&d=mm&r=g\",\"contentUrl\":\"https:\\\/\\\/secure.gravatar.com\\\/avatar\\\/eac43faa6e40bb2c41068c95c9d78bbd94c476d5efdff7abaab80bb3ea681e06?s=96&d=mm&r=g\",\"caption\":\"stefanie Zeng\"},\"url\":\"https:\\\/\\\/news.save.ch\\\/en\\\/author\\\/stefanie-zeng\\\/\"}]}<\/script>\n<!-- \/ Yoast SEO plugin. -->","yoast_head_json":{"title":"Sandra Bittel takes over as Head of BGM at AEH - Save","description":"Sandra Bittel takes over as Head of Occupational Health Management and is a member of the Executive Board at AEH.","robots":{"index":"index","follow":"follow","max-snippet":"max-snippet:-1","max-image-preview":"max-image-preview:large","max-video-preview":"max-video-preview:-1"},"canonical":"https:\/\/news.save.ch\/en\/sandra-bittel-uebernimmt-leitung-von-bgm-bei-aeh\/","og_locale":"en_US","og_type":"article","og_title":"Sandra Bittel \u00fcbernimmt Leitung von BGM bei AEH - Save","og_description":"Sandra Bittel \u00fcbernimmt die Leitung des Bereichs Betriebliches Gesundheitsmanagement und ist Mitglied der Gesch\u00e4ftsleitung bei AEH.","og_url":"https:\/\/news.save.ch\/en\/sandra-bittel-uebernimmt-leitung-von-bgm-bei-aeh\/","og_site_name":"Save","article_published_time":"2024-03-27T19:07:01+00:00","og_image":[{"width":1200,"height":923,"url":"https:\/\/news.save.ch\/wp-content\/uploads\/2024\/03\/sandra-bittel-scaled.jpg","type":"image\/jpeg"}],"author":"stefanie Zeng","twitter_card":"summary_large_image","twitter_misc":{"Written by":"stefanie Zeng","Est. reading time":"2 minutes"},"schema":{"@context":"https:\/\/schema.org","@graph":[{"@type":"Article","@id":"https:\/\/news.save.ch\/sandra-bittel-uebernimmt-leitung-von-bgm-bei-aeh\/#article","isPartOf":{"@id":"https:\/\/news.save.ch\/sandra-bittel-uebernimmt-leitung-von-bgm-bei-aeh\/"},"author":{"name":"stefanie Zeng","@id":"https:\/\/news.save.ch\/de\/#\/schema\/person\/10917387362b3961e882740f6cf6f2a2"},"headline":"Sandra Bittel \u00fcbernimmt Leitung von BGM bei AEH","datePublished":"2024-03-27T19:07:01+00:00","mainEntityOfPage":{"@id":"https:\/\/news.save.ch\/sandra-bittel-uebernimmt-leitung-von-bgm-bei-aeh\/"},"wordCount":168,"publisher":{"@id":"https:\/\/news.save.ch\/de\/#organization"},"image":{"@id":"https:\/\/news.save.ch\/sandra-bittel-uebernimmt-leitung-von-bgm-bei-aeh\/#primaryimage"},"thumbnailUrl":"https:\/\/news.save.ch\/wp-content\/uploads\/2024\/03\/sandra-bittel-scaled.jpg","keywords":["AEH","Betriebliches Gesundheitsmanagement","BGM"],"articleSection":["HEALTH &amp; SAFETY"],"inLanguage":"en-US"},{"@type":"WebPage","@id":"https:\/\/news.save.ch\/sandra-bittel-uebernimmt-leitung-von-bgm-bei-aeh\/","url":"https:\/\/news.save.ch\/sandra-bittel-uebernimmt-leitung-von-bgm-bei-aeh\/","name":"Sandra Bittel takes over as Head of BGM at AEH - Save","isPartOf":{"@id":"https:\/\/news.save.ch\/de\/#website"},"primaryImageOfPage":{"@id":"https:\/\/news.save.ch\/sandra-bittel-uebernimmt-leitung-von-bgm-bei-aeh\/#primaryimage"},"image":{"@id":"https:\/\/news.save.ch\/sandra-bittel-uebernimmt-leitung-von-bgm-bei-aeh\/#primaryimage"},"thumbnailUrl":"https:\/\/news.save.ch\/wp-content\/uploads\/2024\/03\/sandra-bittel-scaled.jpg","datePublished":"2024-03-27T19:07:01+00:00","description":"Sandra Bittel takes over as Head of Occupational Health Management and is a member of the Executive Board at AEH.","breadcrumb":{"@id":"https:\/\/news.save.ch\/sandra-bittel-uebernimmt-leitung-von-bgm-bei-aeh\/#breadcrumb"},"inLanguage":"en-US","potentialAction":[{"@type":"ReadAction","target":["https:\/\/news.save.ch\/sandra-bittel-uebernimmt-leitung-von-bgm-bei-aeh\/"]}]},{"@type":"ImageObject","inLanguage":"en-US","@id":"https:\/\/news.save.ch\/sandra-bittel-uebernimmt-leitung-von-bgm-bei-aeh\/#primaryimage","url":"https:\/\/news.save.ch\/wp-content\/uploads\/2024\/03\/sandra-bittel-scaled.jpg","contentUrl":"https:\/\/news.save.ch\/wp-content\/uploads\/2024\/03\/sandra-bittel-scaled.jpg","width":1200,"height":923},{"@type":"BreadcrumbList","@id":"https:\/\/news.save.ch\/sandra-bittel-uebernimmt-leitung-von-bgm-bei-aeh\/#breadcrumb","itemListElement":[{"@type":"ListItem","position":1,"name":"Home","item":"https:\/\/news.save.ch\/de\/"},{"@type":"ListItem","position":2,"name":"Sandra Bittel \u00fcbernimmt Leitung von BGM bei AEH"}]},{"@type":"WebSite","@id":"https:\/\/news.save.ch\/de\/#website","url":"https:\/\/news.save.ch\/de\/","name":"Save","description":"Swiss trade journal for safety","publisher":{"@id":"https:\/\/news.save.ch\/de\/#organization"},"potentialAction":[{"@type":"SearchAction","target":{"@type":"EntryPoint","urlTemplate":"https:\/\/news.save.ch\/de\/?s={search_term_string}"},"query-input":{"@type":"PropertyValueSpecification","valueRequired":true,"valueName":"search_term_string"}}],"inLanguage":"en-US"},{"@type":"Organization","@id":"https:\/\/news.save.ch\/de\/#organization","name":"Security Forum","url":"https:\/\/news.save.ch\/de\/","logo":{"@type":"ImageObject","inLanguage":"en-US","@id":"https:\/\/news.save.ch\/de\/#\/schema\/logo\/image\/","url":"https:\/\/news.save.ch\/wp-content\/uploads\/2022\/06\/Logo_SF_2012.png","contentUrl":"https:\/\/news.save.ch\/wp-content\/uploads\/2022\/06\/Logo_SF_2012.png","width":1100,"height":91,"caption":"Sicherheitsforum"},"image":{"@id":"https:\/\/news.save.ch\/de\/#\/schema\/logo\/image\/"}},{"@type":"Person","@id":"https:\/\/news.save.ch\/de\/#\/schema\/person\/10917387362b3961e882740f6cf6f2a2","name":"Stefanie Zeng","image":{"@type":"ImageObject","inLanguage":"en-US","@id":"https:\/\/secure.gravatar.com\/avatar\/eac43faa6e40bb2c41068c95c9d78bbd94c476d5efdff7abaab80bb3ea681e06?s=96&d=mm&r=g","url":"https:\/\/secure.gravatar.com\/avatar\/eac43faa6e40bb2c41068c95c9d78bbd94c476d5efdff7abaab80bb3ea681e06?s=96&d=mm&r=g","contentUrl":"https:\/\/secure.gravatar.com\/avatar\/eac43faa6e40bb2c41068c95c9d78bbd94c476d5efdff7abaab80bb3ea681e06?s=96&d=mm&r=g","caption":"stefanie Zeng"},"url":"https:\/\/news.save.ch\/en\/author\/stefanie-zeng\/"}]}},"_links":{"self":[{"href":"https:\/\/news.save.ch\/en\/wp-json\/wp\/v2\/posts\/22953","targetHints":{"allow":["GET"]}}],"collection":[{"href":"https:\/\/news.save.ch\/en\/wp-json\/wp\/v2\/posts"}],"about":[{"href":"https:\/\/news.save.ch\/en\/wp-json\/wp\/v2\/types\/post"}],"author":[{"embeddable":true,"href":"https:\/\/news.save.ch\/en\/wp-json\/wp\/v2\/users\/31"}],"replies":[{"embeddable":true,"href":"https:\/\/news.save.ch\/en\/wp-json\/wp\/v2\/comments?post=22953"}],"version-history":[{"count":2,"href":"https:\/\/news.save.ch\/en\/wp-json\/wp\/v2\/posts\/22953\/revisions"}],"predecessor-version":[{"id":22957,"href":"https:\/\/news.save.ch\/en\/wp-json\/wp\/v2\/posts\/22953\/revisions\/22957"}],"wp:featuredmedia":[{"embeddable":true,"href":"https:\/\/news.save.ch\/en\/wp-json\/wp\/v2\/media\/22954"}],"wp:attachment":[{"href":"https:\/\/news.save.ch\/en\/wp-json\/wp\/v2\/media?parent=22953"}],"wp:term":[{"taxonomy":"category","embeddable":true,"href":"https:\/\/news.save.ch\/en\/wp-json\/wp\/v2\/categories?post=22953"},{"taxonomy":"post_tag","embeddable":true,"href":"https:\/\/news.save.ch\/en\/wp-json\/wp\/v2\/tags?post=22953"}],"curies":[{"name":"wp","href":"https:\/\/api.w.org\/{rel}","templated":true}]}}