{"id":23099,"date":"2024-05-16T17:19:26","date_gmt":"2024-05-16T15:19:26","guid":{"rendered":"https:\/\/news.save.ch\/?p=23099"},"modified":"2024-05-16T17:19:26","modified_gmt":"2024-05-16T15:19:26","slug":"deutschland-sicherheitsdienstleistungen-2023-weiter-sehr-stark-nachgefragt","status":null,"type":"post","link":"https:\/\/news.save.ch\/en\/deutschland-sicherheitsdienstleistungen-2023-weiter-sehr-stark-nachgefragt\/","title":{"rendered":"Germany: Demand for security services will remain very strong in 2023"},"content":{"rendered":"<figure id=\"attachment_23102\" aria-describedby=\"caption-attachment-23102\" style=\"width: 999px\" class=\"wp-caption alignnone\"><img loading=\"lazy\" decoding=\"async\" class=\"size-full wp-image-23102\" src=\"https:\/\/news.save.ch\/wp-content\/uploads\/2024\/05\/Depositphotos_51837893_S.jpg\" alt=\"\" width=\"999\" height=\"667\" srcset=\"https:\/\/news.save.ch\/wp-content\/uploads\/2024\/05\/Depositphotos_51837893_S.jpg 999w, https:\/\/news.save.ch\/wp-content\/uploads\/2024\/05\/Depositphotos_51837893_S-680x454.jpg 680w, https:\/\/news.save.ch\/wp-content\/uploads\/2024\/05\/Depositphotos_51837893_S-768x513.jpg 768w, https:\/\/news.save.ch\/wp-content\/uploads\/2024\/05\/Depositphotos_51837893_S-18x12.jpg 18w, https:\/\/news.save.ch\/wp-content\/uploads\/2024\/05\/Depositphotos_51837893_S-375x250.jpg 375w, https:\/\/news.save.ch\/wp-content\/uploads\/2024\/05\/Depositphotos_51837893_S-524x350.jpg 524w\" sizes=\"auto, (max-width: 999px) 100vw, 999px\" \/><figcaption id=\"caption-attachment-23102\" class=\"wp-caption-text\">Photo: Depositphotos\/kalinovsky<\/figcaption><\/figure>\n<p class=\"x_MsoNormal\">\"With an increase in turnover of around 12.6 percent compared to the previous year, the security industry is once again growing at a disproportionately high rate,\" said Gregor Lehnert, President of the German Security Industry Association (BDSW), at the association's annual members' meeting in Freiburg today.<\/p>\n<p class=\"x_MsoNormal\">\"The security industry is growing against the overall economic trend and is managing to further expand its workforce despite a noticeable labor shortage,\" said Lehnert about the figures. Employment increased significantly (as at 30.9.2023) by around 7,500 compared to the end of 2022. This means that almost 284,500 people are now employed in the sector. This reflects the fact that there is still a growing need for additional security in public and private spaces, particularly in the business sector. The security of events and critical infrastructure against the risk of attack also remains a key issue.<\/p>\n<h3>Warning against insourcing<\/h3>\n<p class=\"x_MsoNormal\">The growing importance of the security industry is also documented by the fact that in 2023, with the draft bill for the Security Industry Act (Sicherheitsgewerbegesetz - SiGG) in implementation of the coalition agreement, the Federal Government has met a long-standing demand of the BDSW to remove the legal basis for the security industry from the Trade Regulation Act and regulate it anew in a separate \"parent law\". The aim is to achieve a higher overall level with a view to ensuring internal security and, among other things, to reformulate the quality requirements. \"There is a need for regulation in the SiGG not only for external providers of security services, but also - e.g. in the protection of critical infrastructures - for in-house staff. Last but not least, the increasing quality requirements for external service providers must not lead to increased insourcing of services from customers in order to circumvent the implementation of new standards, which naturally also cost more,\" Lehnert continues.<\/p>\n<h3>Diverse threat scenarios<\/h3>\n<p class=\"x_MsoNormal\">Furthermore, the German government rightly declared economic protection to be a strategic issue in 2023 and presented key points for a national economic protection strategy. This is because the threat scenarios are becoming more diverse. The Russian war of aggression in Ukraine is also contributing to the awareness of the problem, which is leading to great dynamism in the field of drone technology, for example. \"New risks from industrial espionage, opportunities for sabotage, such as at Tesla and the undersea energy and data lines in the Baltic Sea, or the continued high risk of cyberattacks not only demonstrate the vulnerability of critical infrastructures, but also that of large and small companies. Broad-based security service providers support the economy, especially SMEs, with integrated security concepts,\" concluded Lehnert.<\/p>\n<p><em>Source: BDSW<\/em><\/p>","protected":false},"excerpt":{"rendered":"<p>\u00abMit einem Umsatzplus von rund 12,6 Prozent im Vergleich zum Vorjahr w\u00e4chst die Sicherheitswirtschaft erneut deutlich \u00fcberproportional\u00bb, so der Pr\u00e4sident des Bundesverbands Sicherheitswirtschaft (BDSW) Gregor Lehnert heute im Rahmen der Jahresmitgliederversammlung des Verbandes in Freiburg. \u00abDie Sicherheitswirtschaft w\u00e4chst entgegen den gesamtwirtschaftlichen Trends und schafft es trotz sp\u00fcrbarem Arbeitskr\u00e4ftemangel ihren Personalbestand weiter auszubauen\u00bb, so Lehnert zu [&hellip;]<\/p>\n","protected":false},"author":31,"featured_media":0,"comment_status":"closed","ping_status":"closed","sticky":false,"template":"","format":"standard","meta":{"_acf_changed":false,"pgc_sgb_lightbox_settings":"","footnotes":""},"categories":[1],"tags":[892,6416,310,535],"class_list":["post-23099","post","type-post","status-publish","format-standard","hentry","category-allgemein","tag-bdsw","tag-deutschland","tag-sicherheit","tag-sicherheitswirtschaft"],"acf":[],"hkrextid":null,"publication":null,"issue":null,"workflow":null,"startPage":null,"spitzmarke":null,"_posts_by_tag_page_fields":null,"_at_widget":null,"_yoast_wpseo_primary_category":"","_yoast_wpseo_focuskw_text_input":null,"_yoast_wpseo_opengraph-image":null,"_yoast_wpseo_opengraph-description":null,"_yoast_wpseo_opengraph-title":null,"enclosure":null,"_yoast_wpseo_twitter-title":null,"_yoast_wpseo_twitter-description":null,"_yoast_wpseo_twitter-image":null,"_wp_old_slug":null,"_yoast_wpseo_title":null,"_yoast_wpseo_canonical":null,"yoast_head":"<!-- This site is optimized with the Yoast SEO plugin v27.4 - https:\/\/yoast.com\/product\/yoast-seo-wordpress\/ -->\n<title>Deutschland: Sicherheitsdienstleistungen 2023 weiter sehr stark nachgefragt - Save<\/title>\n<meta name=\"description\" content=\"Deutschland: Sicherheitsdienstleistungen 2023 weiter sehr stark nachgefragt. Branche rechnet mit Wachstum in 2023.\" \/>\n<meta name=\"robots\" content=\"index, follow, max-snippet:-1, max-image-preview:large, max-video-preview:-1\" \/>\n<link rel=\"canonical\" href=\"https:\/\/news.save.ch\/en\/deutschland-sicherheitsdienstleistungen-2023-weiter-sehr-stark-nachgefragt\/\" \/>\n<meta property=\"og:locale\" content=\"en_US\" \/>\n<meta property=\"og:type\" content=\"article\" \/>\n<meta property=\"og:title\" content=\"Deutschland: Sicherheitsdienstleistungen 2023 weiter sehr stark nachgefragt - Save\" \/>\n<meta property=\"og:description\" content=\"Deutschland: Sicherheitsdienstleistungen 2023 weiter sehr stark nachgefragt. Branche rechnet mit Wachstum in 2023.\" \/>\n<meta property=\"og:url\" content=\"https:\/\/news.save.ch\/en\/deutschland-sicherheitsdienstleistungen-2023-weiter-sehr-stark-nachgefragt\/\" \/>\n<meta property=\"og:site_name\" content=\"Save\" \/>\n<meta property=\"article:published_time\" content=\"2024-05-16T15:19:26+00:00\" \/>\n<meta property=\"og:image\" content=\"https:\/\/news.save.ch\/wp-content\/uploads\/2024\/05\/Depositphotos_51837893_S.jpg\" \/>\n<meta name=\"author\" content=\"stefanie Zeng\" \/>\n<meta name=\"twitter:card\" content=\"summary_large_image\" \/>\n<meta name=\"twitter:label1\" content=\"Written by\" \/>\n\t<meta name=\"twitter:data1\" content=\"stefanie Zeng\" \/>\n\t<meta name=\"twitter:label2\" content=\"Est. reading time\" \/>\n\t<meta name=\"twitter:data2\" content=\"3 minutes\" \/>\n<script type=\"application\/ld+json\" class=\"yoast-schema-graph\">{\"@context\":\"https:\\\/\\\/schema.org\",\"@graph\":[{\"@type\":\"Article\",\"@id\":\"https:\\\/\\\/news.save.ch\\\/deutschland-sicherheitsdienstleistungen-2023-weiter-sehr-stark-nachgefragt\\\/#article\",\"isPartOf\":{\"@id\":\"https:\\\/\\\/news.save.ch\\\/deutschland-sicherheitsdienstleistungen-2023-weiter-sehr-stark-nachgefragt\\\/\"},\"author\":{\"name\":\"stefanie Zeng\",\"@id\":\"https:\\\/\\\/news.save.ch\\\/de\\\/#\\\/schema\\\/person\\\/10917387362b3961e882740f6cf6f2a2\"},\"headline\":\"Deutschland: Sicherheitsdienstleistungen 2023 weiter sehr stark nachgefragt\",\"datePublished\":\"2024-05-16T15:19:26+00:00\",\"mainEntityOfPage\":{\"@id\":\"https:\\\/\\\/news.save.ch\\\/deutschland-sicherheitsdienstleistungen-2023-weiter-sehr-stark-nachgefragt\\\/\"},\"wordCount\":407,\"publisher\":{\"@id\":\"https:\\\/\\\/news.save.ch\\\/de\\\/#organization\"},\"image\":{\"@id\":\"https:\\\/\\\/news.save.ch\\\/deutschland-sicherheitsdienstleistungen-2023-weiter-sehr-stark-nachgefragt\\\/#primaryimage\"},\"thumbnailUrl\":\"https:\\\/\\\/news.save.ch\\\/wp-content\\\/uploads\\\/2024\\\/05\\\/Depositphotos_51837893_S.jpg\",\"keywords\":[\"BDSW\",\"Deutschland\",\"Sicherheit\",\"Sicherheitswirtschaft\"],\"articleSection\":[\"ALLGEMEIN\"],\"inLanguage\":\"en-US\"},{\"@type\":\"WebPage\",\"@id\":\"https:\\\/\\\/news.save.ch\\\/deutschland-sicherheitsdienstleistungen-2023-weiter-sehr-stark-nachgefragt\\\/\",\"url\":\"https:\\\/\\\/news.save.ch\\\/deutschland-sicherheitsdienstleistungen-2023-weiter-sehr-stark-nachgefragt\\\/\",\"name\":\"Deutschland: Sicherheitsdienstleistungen 2023 weiter sehr stark nachgefragt - Save\",\"isPartOf\":{\"@id\":\"https:\\\/\\\/news.save.ch\\\/de\\\/#website\"},\"primaryImageOfPage\":{\"@id\":\"https:\\\/\\\/news.save.ch\\\/deutschland-sicherheitsdienstleistungen-2023-weiter-sehr-stark-nachgefragt\\\/#primaryimage\"},\"image\":{\"@id\":\"https:\\\/\\\/news.save.ch\\\/deutschland-sicherheitsdienstleistungen-2023-weiter-sehr-stark-nachgefragt\\\/#primaryimage\"},\"thumbnailUrl\":\"https:\\\/\\\/news.save.ch\\\/wp-content\\\/uploads\\\/2024\\\/05\\\/Depositphotos_51837893_S.jpg\",\"datePublished\":\"2024-05-16T15:19:26+00:00\",\"description\":\"Deutschland: Sicherheitsdienstleistungen 2023 weiter sehr stark nachgefragt. Branche rechnet mit Wachstum in 2023.\",\"breadcrumb\":{\"@id\":\"https:\\\/\\\/news.save.ch\\\/deutschland-sicherheitsdienstleistungen-2023-weiter-sehr-stark-nachgefragt\\\/#breadcrumb\"},\"inLanguage\":\"en-US\",\"potentialAction\":[{\"@type\":\"ReadAction\",\"target\":[\"https:\\\/\\\/news.save.ch\\\/deutschland-sicherheitsdienstleistungen-2023-weiter-sehr-stark-nachgefragt\\\/\"]}]},{\"@type\":\"ImageObject\",\"inLanguage\":\"en-US\",\"@id\":\"https:\\\/\\\/news.save.ch\\\/deutschland-sicherheitsdienstleistungen-2023-weiter-sehr-stark-nachgefragt\\\/#primaryimage\",\"url\":\"https:\\\/\\\/news.save.ch\\\/wp-content\\\/uploads\\\/2024\\\/05\\\/Depositphotos_51837893_S.jpg\",\"contentUrl\":\"https:\\\/\\\/news.save.ch\\\/wp-content\\\/uploads\\\/2024\\\/05\\\/Depositphotos_51837893_S.jpg\"},{\"@type\":\"BreadcrumbList\",\"@id\":\"https:\\\/\\\/news.save.ch\\\/deutschland-sicherheitsdienstleistungen-2023-weiter-sehr-stark-nachgefragt\\\/#breadcrumb\",\"itemListElement\":[{\"@type\":\"ListItem\",\"position\":1,\"name\":\"Home\",\"item\":\"https:\\\/\\\/news.save.ch\\\/de\\\/\"},{\"@type\":\"ListItem\",\"position\":2,\"name\":\"Deutschland: Sicherheitsdienstleistungen 2023 weiter sehr stark nachgefragt\"}]},{\"@type\":\"WebSite\",\"@id\":\"https:\\\/\\\/news.save.ch\\\/de\\\/#website\",\"url\":\"https:\\\/\\\/news.save.ch\\\/de\\\/\",\"name\":\"Save\",\"description\":\"Schweizer Fachzeitschrift f\u00fcr Sicherheit\",\"publisher\":{\"@id\":\"https:\\\/\\\/news.save.ch\\\/de\\\/#organization\"},\"potentialAction\":[{\"@type\":\"SearchAction\",\"target\":{\"@type\":\"EntryPoint\",\"urlTemplate\":\"https:\\\/\\\/news.save.ch\\\/de\\\/?s={search_term_string}\"},\"query-input\":{\"@type\":\"PropertyValueSpecification\",\"valueRequired\":true,\"valueName\":\"search_term_string\"}}],\"inLanguage\":\"en-US\"},{\"@type\":\"Organization\",\"@id\":\"https:\\\/\\\/news.save.ch\\\/de\\\/#organization\",\"name\":\"Sicherheitsforum\",\"url\":\"https:\\\/\\\/news.save.ch\\\/de\\\/\",\"logo\":{\"@type\":\"ImageObject\",\"inLanguage\":\"en-US\",\"@id\":\"https:\\\/\\\/news.save.ch\\\/de\\\/#\\\/schema\\\/logo\\\/image\\\/\",\"url\":\"https:\\\/\\\/news.save.ch\\\/wp-content\\\/uploads\\\/2022\\\/06\\\/Logo_SF_2012.png\",\"contentUrl\":\"https:\\\/\\\/news.save.ch\\\/wp-content\\\/uploads\\\/2022\\\/06\\\/Logo_SF_2012.png\",\"width\":1100,\"height\":91,\"caption\":\"Sicherheitsforum\"},\"image\":{\"@id\":\"https:\\\/\\\/news.save.ch\\\/de\\\/#\\\/schema\\\/logo\\\/image\\\/\"}},{\"@type\":\"Person\",\"@id\":\"https:\\\/\\\/news.save.ch\\\/de\\\/#\\\/schema\\\/person\\\/10917387362b3961e882740f6cf6f2a2\",\"name\":\"stefanie Zeng\",\"image\":{\"@type\":\"ImageObject\",\"inLanguage\":\"en-US\",\"@id\":\"https:\\\/\\\/secure.gravatar.com\\\/avatar\\\/eac43faa6e40bb2c41068c95c9d78bbd94c476d5efdff7abaab80bb3ea681e06?s=96&d=mm&r=g\",\"url\":\"https:\\\/\\\/secure.gravatar.com\\\/avatar\\\/eac43faa6e40bb2c41068c95c9d78bbd94c476d5efdff7abaab80bb3ea681e06?s=96&d=mm&r=g\",\"contentUrl\":\"https:\\\/\\\/secure.gravatar.com\\\/avatar\\\/eac43faa6e40bb2c41068c95c9d78bbd94c476d5efdff7abaab80bb3ea681e06?s=96&d=mm&r=g\",\"caption\":\"stefanie Zeng\"},\"url\":\"https:\\\/\\\/news.save.ch\\\/en\\\/author\\\/stefanie-zeng\\\/\"}]}<\/script>\n<!-- \/ Yoast SEO plugin. -->","yoast_head_json":{"title":"Germany: Demand for security services will remain very strong in 2023 - Save","description":"Germany: Demand for security services to remain very strong in 2023. Industry expects growth in 2023.","robots":{"index":"index","follow":"follow","max-snippet":"max-snippet:-1","max-image-preview":"max-image-preview:large","max-video-preview":"max-video-preview:-1"},"canonical":"https:\/\/news.save.ch\/en\/deutschland-sicherheitsdienstleistungen-2023-weiter-sehr-stark-nachgefragt\/","og_locale":"en_US","og_type":"article","og_title":"Deutschland: Sicherheitsdienstleistungen 2023 weiter sehr stark nachgefragt - Save","og_description":"Deutschland: Sicherheitsdienstleistungen 2023 weiter sehr stark nachgefragt. Branche rechnet mit Wachstum in 2023.","og_url":"https:\/\/news.save.ch\/en\/deutschland-sicherheitsdienstleistungen-2023-weiter-sehr-stark-nachgefragt\/","og_site_name":"Save","article_published_time":"2024-05-16T15:19:26+00:00","og_image":[{"url":"https:\/\/news.save.ch\/wp-content\/uploads\/2024\/05\/Depositphotos_51837893_S.jpg","type":"","width":"","height":""}],"author":"stefanie Zeng","twitter_card":"summary_large_image","twitter_misc":{"Written by":"stefanie Zeng","Est. reading time":"3 minutes"},"schema":{"@context":"https:\/\/schema.org","@graph":[{"@type":"Article","@id":"https:\/\/news.save.ch\/deutschland-sicherheitsdienstleistungen-2023-weiter-sehr-stark-nachgefragt\/#article","isPartOf":{"@id":"https:\/\/news.save.ch\/deutschland-sicherheitsdienstleistungen-2023-weiter-sehr-stark-nachgefragt\/"},"author":{"name":"stefanie Zeng","@id":"https:\/\/news.save.ch\/de\/#\/schema\/person\/10917387362b3961e882740f6cf6f2a2"},"headline":"Deutschland: Sicherheitsdienstleistungen 2023 weiter sehr stark nachgefragt","datePublished":"2024-05-16T15:19:26+00:00","mainEntityOfPage":{"@id":"https:\/\/news.save.ch\/deutschland-sicherheitsdienstleistungen-2023-weiter-sehr-stark-nachgefragt\/"},"wordCount":407,"publisher":{"@id":"https:\/\/news.save.ch\/de\/#organization"},"image":{"@id":"https:\/\/news.save.ch\/deutschland-sicherheitsdienstleistungen-2023-weiter-sehr-stark-nachgefragt\/#primaryimage"},"thumbnailUrl":"https:\/\/news.save.ch\/wp-content\/uploads\/2024\/05\/Depositphotos_51837893_S.jpg","keywords":["BDSW","Deutschland","Sicherheit","Sicherheitswirtschaft"],"articleSection":["ALLGEMEIN"],"inLanguage":"en-US"},{"@type":"WebPage","@id":"https:\/\/news.save.ch\/deutschland-sicherheitsdienstleistungen-2023-weiter-sehr-stark-nachgefragt\/","url":"https:\/\/news.save.ch\/deutschland-sicherheitsdienstleistungen-2023-weiter-sehr-stark-nachgefragt\/","name":"Germany: Demand for security services will remain very strong in 2023 - Save","isPartOf":{"@id":"https:\/\/news.save.ch\/de\/#website"},"primaryImageOfPage":{"@id":"https:\/\/news.save.ch\/deutschland-sicherheitsdienstleistungen-2023-weiter-sehr-stark-nachgefragt\/#primaryimage"},"image":{"@id":"https:\/\/news.save.ch\/deutschland-sicherheitsdienstleistungen-2023-weiter-sehr-stark-nachgefragt\/#primaryimage"},"thumbnailUrl":"https:\/\/news.save.ch\/wp-content\/uploads\/2024\/05\/Depositphotos_51837893_S.jpg","datePublished":"2024-05-16T15:19:26+00:00","description":"Germany: Demand for security services to remain very strong in 2023. Industry expects growth in 2023.","breadcrumb":{"@id":"https:\/\/news.save.ch\/deutschland-sicherheitsdienstleistungen-2023-weiter-sehr-stark-nachgefragt\/#breadcrumb"},"inLanguage":"en-US","potentialAction":[{"@type":"ReadAction","target":["https:\/\/news.save.ch\/deutschland-sicherheitsdienstleistungen-2023-weiter-sehr-stark-nachgefragt\/"]}]},{"@type":"ImageObject","inLanguage":"en-US","@id":"https:\/\/news.save.ch\/deutschland-sicherheitsdienstleistungen-2023-weiter-sehr-stark-nachgefragt\/#primaryimage","url":"https:\/\/news.save.ch\/wp-content\/uploads\/2024\/05\/Depositphotos_51837893_S.jpg","contentUrl":"https:\/\/news.save.ch\/wp-content\/uploads\/2024\/05\/Depositphotos_51837893_S.jpg"},{"@type":"BreadcrumbList","@id":"https:\/\/news.save.ch\/deutschland-sicherheitsdienstleistungen-2023-weiter-sehr-stark-nachgefragt\/#breadcrumb","itemListElement":[{"@type":"ListItem","position":1,"name":"Home","item":"https:\/\/news.save.ch\/de\/"},{"@type":"ListItem","position":2,"name":"Deutschland: Sicherheitsdienstleistungen 2023 weiter sehr stark nachgefragt"}]},{"@type":"WebSite","@id":"https:\/\/news.save.ch\/de\/#website","url":"https:\/\/news.save.ch\/de\/","name":"Save","description":"Swiss trade journal for safety","publisher":{"@id":"https:\/\/news.save.ch\/de\/#organization"},"potentialAction":[{"@type":"SearchAction","target":{"@type":"EntryPoint","urlTemplate":"https:\/\/news.save.ch\/de\/?s={search_term_string}"},"query-input":{"@type":"PropertyValueSpecification","valueRequired":true,"valueName":"search_term_string"}}],"inLanguage":"en-US"},{"@type":"Organization","@id":"https:\/\/news.save.ch\/de\/#organization","name":"Security Forum","url":"https:\/\/news.save.ch\/de\/","logo":{"@type":"ImageObject","inLanguage":"en-US","@id":"https:\/\/news.save.ch\/de\/#\/schema\/logo\/image\/","url":"https:\/\/news.save.ch\/wp-content\/uploads\/2022\/06\/Logo_SF_2012.png","contentUrl":"https:\/\/news.save.ch\/wp-content\/uploads\/2022\/06\/Logo_SF_2012.png","width":1100,"height":91,"caption":"Sicherheitsforum"},"image":{"@id":"https:\/\/news.save.ch\/de\/#\/schema\/logo\/image\/"}},{"@type":"Person","@id":"https:\/\/news.save.ch\/de\/#\/schema\/person\/10917387362b3961e882740f6cf6f2a2","name":"Stefanie Zeng","image":{"@type":"ImageObject","inLanguage":"en-US","@id":"https:\/\/secure.gravatar.com\/avatar\/eac43faa6e40bb2c41068c95c9d78bbd94c476d5efdff7abaab80bb3ea681e06?s=96&d=mm&r=g","url":"https:\/\/secure.gravatar.com\/avatar\/eac43faa6e40bb2c41068c95c9d78bbd94c476d5efdff7abaab80bb3ea681e06?s=96&d=mm&r=g","contentUrl":"https:\/\/secure.gravatar.com\/avatar\/eac43faa6e40bb2c41068c95c9d78bbd94c476d5efdff7abaab80bb3ea681e06?s=96&d=mm&r=g","caption":"stefanie Zeng"},"url":"https:\/\/news.save.ch\/en\/author\/stefanie-zeng\/"}]}},"_links":{"self":[{"href":"https:\/\/news.save.ch\/en\/wp-json\/wp\/v2\/posts\/23099","targetHints":{"allow":["GET"]}}],"collection":[{"href":"https:\/\/news.save.ch\/en\/wp-json\/wp\/v2\/posts"}],"about":[{"href":"https:\/\/news.save.ch\/en\/wp-json\/wp\/v2\/types\/post"}],"author":[{"embeddable":true,"href":"https:\/\/news.save.ch\/en\/wp-json\/wp\/v2\/users\/31"}],"replies":[{"embeddable":true,"href":"https:\/\/news.save.ch\/en\/wp-json\/wp\/v2\/comments?post=23099"}],"version-history":[{"count":3,"href":"https:\/\/news.save.ch\/en\/wp-json\/wp\/v2\/posts\/23099\/revisions"}],"predecessor-version":[{"id":23104,"href":"https:\/\/news.save.ch\/en\/wp-json\/wp\/v2\/posts\/23099\/revisions\/23104"}],"wp:attachment":[{"href":"https:\/\/news.save.ch\/en\/wp-json\/wp\/v2\/media?parent=23099"}],"wp:term":[{"taxonomy":"category","embeddable":true,"href":"https:\/\/news.save.ch\/en\/wp-json\/wp\/v2\/categories?post=23099"},{"taxonomy":"post_tag","embeddable":true,"href":"https:\/\/news.save.ch\/en\/wp-json\/wp\/v2\/tags?post=23099"}],"curies":[{"name":"wp","href":"https:\/\/api.w.org\/{rel}","templated":true}]}}