{"id":23114,"date":"2024-05-20T13:53:36","date_gmt":"2024-05-20T11:53:36","guid":{"rendered":"https:\/\/news.save.ch\/?p=23114"},"modified":"2024-05-22T11:11:25","modified_gmt":"2024-05-22T09:11:25","slug":"schweizer-data-literacy-charta-als-grundlage-fuer-datenkompetenz","status":null,"type":"post","link":"https:\/\/news.save.ch\/en\/schweizer-data-literacy-charta-als-grundlage-fuer-datenkompetenz\/","title":{"rendered":"Swiss Data Literacy Charter as the basis for data literacy\u00a0"},"content":{"rendered":"<figure id=\"attachment_23115\" aria-describedby=\"caption-attachment-23115\" style=\"width: 1000px\" class=\"wp-caption alignnone\"><img loading=\"lazy\" decoding=\"async\" class=\"size-full wp-image-23115\" src=\"https:\/\/news.save.ch\/wp-content\/uploads\/2024\/05\/Depositphotos_43443031_S.jpg\" alt=\"\" width=\"1000\" height=\"667\" srcset=\"https:\/\/news.save.ch\/wp-content\/uploads\/2024\/05\/Depositphotos_43443031_S.jpg 1000w, https:\/\/news.save.ch\/wp-content\/uploads\/2024\/05\/Depositphotos_43443031_S-680x454.jpg 680w, https:\/\/news.save.ch\/wp-content\/uploads\/2024\/05\/Depositphotos_43443031_S-768x512.jpg 768w, https:\/\/news.save.ch\/wp-content\/uploads\/2024\/05\/Depositphotos_43443031_S-18x12.jpg 18w, https:\/\/news.save.ch\/wp-content\/uploads\/2024\/05\/Depositphotos_43443031_S-375x250.jpg 375w, https:\/\/news.save.ch\/wp-content\/uploads\/2024\/05\/Depositphotos_43443031_S-525x350.jpg 525w\" sizes=\"auto, (max-width: 1000px) 100vw, 1000px\" \/><figcaption id=\"caption-attachment-23115\" class=\"wp-caption-text\">Picture: Depositphotos\/beawolf<\/figcaption><\/figure>\n<p>In our networked world, a flood of data and information must be appropriately assessed and evaluated. This requires solid data literacy. The further development of artificial intelligence (AI) also makes it necessary for everyone to have sufficient knowledge about the use of data in all areas of life. The \"Data Literacy Charter Switzerland\" was developed to create a data culture that includes the self-determined handling of data and a secure evaluation of data and statements.<\/p>\n<p><strong>What is data literacy?\u00a0<\/strong><\/p>\n<p>Data literacy encompasses the ability to collect, manage, evaluate and use data in a well-considered manner. Data protection and data ethics principles must be taken into account. Because framework conditions can change, ongoing interaction between data producers, such as website operators, and data consumers, such as website users, is essential. Due to the complexity of the topic and the rapidly advancing developments in this area, a lifelong learning process is required. This will ensure that data is handled, exchanged and interpreted sensibly.<\/p>\n<p><strong>Who should ensure data literacy?\u00a0<\/strong><\/p>\n<p>Coordinated interaction between all stakeholders involved is urgent: only if everyone is empowered to exchange and use data in all areas in an ethical and data protection-compliant manner can this data contribute to a participatory society. The media, education and politics play an important role in ensuring that data literacy is promoted at all levels and in all areas. International developments should be taken into account. The Swiss Academies of Arts and Sciences and the \"Data Literacy - Switzerland\" organization are therefore calling on the general public, all relevant disciplines, the media and politics to engage with data literacy and apply it in their respective contexts. The charter is intended to help initiate, anchor and implement a cultural change in accordance with the principles of the Data Literacy Charter Switzerland.<\/p>\n<div><a href=\"https:\/\/akademien-schweiz.ch\/de\/themen\/wissenschaftskultur\/data-literacy-charta\/\" target=\"_blank\" rel=\"noopener noreferrer\">You can find the Data Literacy Charter Switzerland here<\/a><\/div>\n<div><\/div>\n<div>\n<p>The\u00a0<strong>Swiss Academies of Arts and Sciences (a+)<\/strong>\u00a0are an association of Switzerland's four scientific academies: the Swiss Academy of Sciences SCNAT, the Swiss Academy of Humanities and Social Sciences SAGW, the Swiss Academy of Medical Sciences SAMS and the Swiss Academy of Engineering Sciences SATW. In addition to the four academies, they include the TA-SWISS and Science et Cit\u00e9 competence centers as well as other scientific networks. Young scientists network in the Young Swiss Academy. The Swiss Academies of Arts and Sciences network the sciences regionally, nationally and internationally. They represent the scientific communities in a disciplinary and interdisciplinary manner and independently of institutions and subjects. Their network is long-term oriented and committed to scientific excellence. They advise politics and society on knowledge-based and socially relevant issues.<\/p>\n<p><strong>\"Data Literacy - Switzerland\"<\/strong>\u00a0is an interprofessional, independent movement launched in 2020 on the initiative of Prof. Dr. \u00e8s sc. Diego Kuonen and Dr. med. Monique Lehky Hagen, which is committed to the regionally, nationally and internationally networked promotion and implementation of the foundations of a broadly supported social change in data literacy and its political anchoring.\u00a0<a href=\"http:\/\/www.data-literacy.ch\/\" target=\"_blank\" rel=\"noopener noreferrer\">www.data-literacy.ch<br \/>\n<\/a><\/p>\n<\/div>","protected":false},"excerpt":{"rendered":"<p>In unserer vernetzten Welt muss eine Flut von Daten und Informationen angemessen eingesch\u00e4tzt und bewertet werden. Das bedingt eine solide Datenkompetenz (Data Literacy). Auch die Weiterentwicklung k\u00fcnstlicher Intelligenz (KI) macht es n\u00f6tig, dass jede und jeder \u00fcber ausreichendes Wissen \u00fcber Datennutzung in allen Bereichen des Lebens verf\u00fcgt. Die \u00abData-Literacy-Charta Schweiz\u00bb wurde erarbeitet, um eine Datenkultur [&hellip;]<\/p>\n","protected":false},"author":31,"featured_media":23115,"comment_status":"closed","ping_status":"closed","sticky":false,"template":"","format":"standard","meta":{"_acf_changed":false,"pgc_sgb_lightbox_settings":"","footnotes":""},"categories":[3313],"tags":[6417,6418,118],"class_list":["post-23114","post","type-post","status-publish","format-standard","has-post-thumbnail","hentry","category-digitalisierung","tag-data-literacy","tag-datenkompetenz","tag-datenschutz"],"acf":[],"hkrextid":null,"publication":null,"issue":null,"workflow":null,"startPage":null,"spitzmarke":null,"_posts_by_tag_page_fields":null,"_at_widget":null,"_yoast_wpseo_primary_category":"3313","_yoast_wpseo_focuskw_text_input":null,"_yoast_wpseo_opengraph-image":null,"_yoast_wpseo_opengraph-description":null,"_yoast_wpseo_opengraph-title":null,"enclosure":null,"_yoast_wpseo_twitter-title":null,"_yoast_wpseo_twitter-description":null,"_yoast_wpseo_twitter-image":null,"_wp_old_slug":null,"_yoast_wpseo_title":null,"_yoast_wpseo_canonical":null,"yoast_head":"<!-- This site is optimized with the Yoast SEO plugin v27.4 - https:\/\/yoast.com\/product\/yoast-seo-wordpress\/ -->\n<title>Schweizer Data-Literacy-Charta als Grundlage f\u00fcr Datenkompetenz\u00a0 - Save<\/title>\n<meta name=\"description\" content=\"Die Akademien der Wissenschaften Schweiz ver\u00f6ffentlichen eine Data-Literacy-Charta f\u00fcr die Schweiz.\" \/>\n<meta name=\"robots\" content=\"index, follow, max-snippet:-1, max-image-preview:large, max-video-preview:-1\" \/>\n<link rel=\"canonical\" href=\"https:\/\/news.save.ch\/en\/schweizer-data-literacy-charta-als-grundlage-fuer-datenkompetenz\/\" \/>\n<meta property=\"og:locale\" content=\"en_US\" \/>\n<meta property=\"og:type\" content=\"article\" \/>\n<meta property=\"og:title\" content=\"Schweizer Data-Literacy-Charta als Grundlage f\u00fcr Datenkompetenz\u00a0 - Save\" \/>\n<meta property=\"og:description\" content=\"Die Akademien der Wissenschaften Schweiz ver\u00f6ffentlichen eine Data-Literacy-Charta f\u00fcr die Schweiz.\" \/>\n<meta property=\"og:url\" content=\"https:\/\/news.save.ch\/en\/schweizer-data-literacy-charta-als-grundlage-fuer-datenkompetenz\/\" \/>\n<meta property=\"og:site_name\" content=\"Save\" \/>\n<meta property=\"article:published_time\" content=\"2024-05-20T11:53:36+00:00\" \/>\n<meta property=\"article:modified_time\" content=\"2024-05-22T09:11:25+00:00\" \/>\n<meta property=\"og:image\" content=\"https:\/\/news.save.ch\/wp-content\/uploads\/2024\/05\/Depositphotos_43443031_S.jpg\" \/>\n\t<meta property=\"og:image:width\" content=\"1000\" \/>\n\t<meta property=\"og:image:height\" content=\"667\" \/>\n\t<meta property=\"og:image:type\" content=\"image\/jpeg\" \/>\n<meta name=\"author\" content=\"stefanie Zeng\" \/>\n<meta name=\"twitter:card\" content=\"summary_large_image\" \/>\n<meta name=\"twitter:label1\" content=\"Written by\" \/>\n\t<meta name=\"twitter:data1\" content=\"stefanie Zeng\" \/>\n\t<meta name=\"twitter:label2\" content=\"Est. reading time\" \/>\n\t<meta name=\"twitter:data2\" content=\"3 minutes\" \/>\n<script type=\"application\/ld+json\" class=\"yoast-schema-graph\">{\"@context\":\"https:\\\/\\\/schema.org\",\"@graph\":[{\"@type\":\"Article\",\"@id\":\"https:\\\/\\\/news.save.ch\\\/schweizer-data-literacy-charta-als-grundlage-fuer-datenkompetenz\\\/#article\",\"isPartOf\":{\"@id\":\"https:\\\/\\\/news.save.ch\\\/schweizer-data-literacy-charta-als-grundlage-fuer-datenkompetenz\\\/\"},\"author\":{\"name\":\"stefanie Zeng\",\"@id\":\"https:\\\/\\\/news.save.ch\\\/de\\\/#\\\/schema\\\/person\\\/10917387362b3961e882740f6cf6f2a2\"},\"headline\":\"Schweizer Data-Literacy-Charta als Grundlage f\u00fcr Datenkompetenz\u00a0\",\"datePublished\":\"2024-05-20T11:53:36+00:00\",\"dateModified\":\"2024-05-22T09:11:25+00:00\",\"mainEntityOfPage\":{\"@id\":\"https:\\\/\\\/news.save.ch\\\/schweizer-data-literacy-charta-als-grundlage-fuer-datenkompetenz\\\/\"},\"wordCount\":489,\"publisher\":{\"@id\":\"https:\\\/\\\/news.save.ch\\\/de\\\/#organization\"},\"image\":{\"@id\":\"https:\\\/\\\/news.save.ch\\\/schweizer-data-literacy-charta-als-grundlage-fuer-datenkompetenz\\\/#primaryimage\"},\"thumbnailUrl\":\"https:\\\/\\\/news.save.ch\\\/wp-content\\\/uploads\\\/2024\\\/05\\\/Depositphotos_43443031_S.jpg\",\"keywords\":[\"Data Literacy\",\"Datenkompetenz\",\"Datenschutz\"],\"articleSection\":[\"DIGITALISIERUNG\"],\"inLanguage\":\"en-US\"},{\"@type\":\"WebPage\",\"@id\":\"https:\\\/\\\/news.save.ch\\\/schweizer-data-literacy-charta-als-grundlage-fuer-datenkompetenz\\\/\",\"url\":\"https:\\\/\\\/news.save.ch\\\/schweizer-data-literacy-charta-als-grundlage-fuer-datenkompetenz\\\/\",\"name\":\"Schweizer Data-Literacy-Charta als Grundlage f\u00fcr Datenkompetenz\u00a0 - Save\",\"isPartOf\":{\"@id\":\"https:\\\/\\\/news.save.ch\\\/de\\\/#website\"},\"primaryImageOfPage\":{\"@id\":\"https:\\\/\\\/news.save.ch\\\/schweizer-data-literacy-charta-als-grundlage-fuer-datenkompetenz\\\/#primaryimage\"},\"image\":{\"@id\":\"https:\\\/\\\/news.save.ch\\\/schweizer-data-literacy-charta-als-grundlage-fuer-datenkompetenz\\\/#primaryimage\"},\"thumbnailUrl\":\"https:\\\/\\\/news.save.ch\\\/wp-content\\\/uploads\\\/2024\\\/05\\\/Depositphotos_43443031_S.jpg\",\"datePublished\":\"2024-05-20T11:53:36+00:00\",\"dateModified\":\"2024-05-22T09:11:25+00:00\",\"description\":\"Die Akademien der Wissenschaften Schweiz ver\u00f6ffentlichen eine Data-Literacy-Charta f\u00fcr die Schweiz.\",\"breadcrumb\":{\"@id\":\"https:\\\/\\\/news.save.ch\\\/schweizer-data-literacy-charta-als-grundlage-fuer-datenkompetenz\\\/#breadcrumb\"},\"inLanguage\":\"en-US\",\"potentialAction\":[{\"@type\":\"ReadAction\",\"target\":[\"https:\\\/\\\/news.save.ch\\\/schweizer-data-literacy-charta-als-grundlage-fuer-datenkompetenz\\\/\"]}]},{\"@type\":\"ImageObject\",\"inLanguage\":\"en-US\",\"@id\":\"https:\\\/\\\/news.save.ch\\\/schweizer-data-literacy-charta-als-grundlage-fuer-datenkompetenz\\\/#primaryimage\",\"url\":\"https:\\\/\\\/news.save.ch\\\/wp-content\\\/uploads\\\/2024\\\/05\\\/Depositphotos_43443031_S.jpg\",\"contentUrl\":\"https:\\\/\\\/news.save.ch\\\/wp-content\\\/uploads\\\/2024\\\/05\\\/Depositphotos_43443031_S.jpg\",\"width\":1000,\"height\":667,\"caption\":\"Bild: Depositphotos\\\/beawolf\"},{\"@type\":\"BreadcrumbList\",\"@id\":\"https:\\\/\\\/news.save.ch\\\/schweizer-data-literacy-charta-als-grundlage-fuer-datenkompetenz\\\/#breadcrumb\",\"itemListElement\":[{\"@type\":\"ListItem\",\"position\":1,\"name\":\"Home\",\"item\":\"https:\\\/\\\/news.save.ch\\\/de\\\/\"},{\"@type\":\"ListItem\",\"position\":2,\"name\":\"Schweizer Data-Literacy-Charta als Grundlage f\u00fcr Datenkompetenz\u00a0\"}]},{\"@type\":\"WebSite\",\"@id\":\"https:\\\/\\\/news.save.ch\\\/de\\\/#website\",\"url\":\"https:\\\/\\\/news.save.ch\\\/de\\\/\",\"name\":\"Save\",\"description\":\"Schweizer Fachzeitschrift f\u00fcr Sicherheit\",\"publisher\":{\"@id\":\"https:\\\/\\\/news.save.ch\\\/de\\\/#organization\"},\"potentialAction\":[{\"@type\":\"SearchAction\",\"target\":{\"@type\":\"EntryPoint\",\"urlTemplate\":\"https:\\\/\\\/news.save.ch\\\/de\\\/?s={search_term_string}\"},\"query-input\":{\"@type\":\"PropertyValueSpecification\",\"valueRequired\":true,\"valueName\":\"search_term_string\"}}],\"inLanguage\":\"en-US\"},{\"@type\":\"Organization\",\"@id\":\"https:\\\/\\\/news.save.ch\\\/de\\\/#organization\",\"name\":\"Sicherheitsforum\",\"url\":\"https:\\\/\\\/news.save.ch\\\/de\\\/\",\"logo\":{\"@type\":\"ImageObject\",\"inLanguage\":\"en-US\",\"@id\":\"https:\\\/\\\/news.save.ch\\\/de\\\/#\\\/schema\\\/logo\\\/image\\\/\",\"url\":\"https:\\\/\\\/news.save.ch\\\/wp-content\\\/uploads\\\/2022\\\/06\\\/Logo_SF_2012.png\",\"contentUrl\":\"https:\\\/\\\/news.save.ch\\\/wp-content\\\/uploads\\\/2022\\\/06\\\/Logo_SF_2012.png\",\"width\":1100,\"height\":91,\"caption\":\"Sicherheitsforum\"},\"image\":{\"@id\":\"https:\\\/\\\/news.save.ch\\\/de\\\/#\\\/schema\\\/logo\\\/image\\\/\"}},{\"@type\":\"Person\",\"@id\":\"https:\\\/\\\/news.save.ch\\\/de\\\/#\\\/schema\\\/person\\\/10917387362b3961e882740f6cf6f2a2\",\"name\":\"stefanie Zeng\",\"image\":{\"@type\":\"ImageObject\",\"inLanguage\":\"en-US\",\"@id\":\"https:\\\/\\\/secure.gravatar.com\\\/avatar\\\/eac43faa6e40bb2c41068c95c9d78bbd94c476d5efdff7abaab80bb3ea681e06?s=96&d=mm&r=g\",\"url\":\"https:\\\/\\\/secure.gravatar.com\\\/avatar\\\/eac43faa6e40bb2c41068c95c9d78bbd94c476d5efdff7abaab80bb3ea681e06?s=96&d=mm&r=g\",\"contentUrl\":\"https:\\\/\\\/secure.gravatar.com\\\/avatar\\\/eac43faa6e40bb2c41068c95c9d78bbd94c476d5efdff7abaab80bb3ea681e06?s=96&d=mm&r=g\",\"caption\":\"stefanie Zeng\"},\"url\":\"https:\\\/\\\/news.save.ch\\\/en\\\/author\\\/stefanie-zeng\\\/\"}]}<\/script>\n<!-- \/ Yoast SEO plugin. -->","yoast_head_json":{"title":"Swiss Data Literacy Charter as a basis for data literacy - Save","description":"The Swiss Academies of Arts and Sciences publish a Data Literacy Charter for Switzerland.","robots":{"index":"index","follow":"follow","max-snippet":"max-snippet:-1","max-image-preview":"max-image-preview:large","max-video-preview":"max-video-preview:-1"},"canonical":"https:\/\/news.save.ch\/en\/schweizer-data-literacy-charta-als-grundlage-fuer-datenkompetenz\/","og_locale":"en_US","og_type":"article","og_title":"Schweizer Data-Literacy-Charta als Grundlage f\u00fcr Datenkompetenz\u00a0 - Save","og_description":"Die Akademien der Wissenschaften Schweiz ver\u00f6ffentlichen eine Data-Literacy-Charta f\u00fcr die Schweiz.","og_url":"https:\/\/news.save.ch\/en\/schweizer-data-literacy-charta-als-grundlage-fuer-datenkompetenz\/","og_site_name":"Save","article_published_time":"2024-05-20T11:53:36+00:00","article_modified_time":"2024-05-22T09:11:25+00:00","og_image":[{"width":1000,"height":667,"url":"https:\/\/news.save.ch\/wp-content\/uploads\/2024\/05\/Depositphotos_43443031_S.jpg","type":"image\/jpeg"}],"author":"stefanie Zeng","twitter_card":"summary_large_image","twitter_misc":{"Written by":"stefanie Zeng","Est. reading time":"3 minutes"},"schema":{"@context":"https:\/\/schema.org","@graph":[{"@type":"Article","@id":"https:\/\/news.save.ch\/schweizer-data-literacy-charta-als-grundlage-fuer-datenkompetenz\/#article","isPartOf":{"@id":"https:\/\/news.save.ch\/schweizer-data-literacy-charta-als-grundlage-fuer-datenkompetenz\/"},"author":{"name":"stefanie Zeng","@id":"https:\/\/news.save.ch\/de\/#\/schema\/person\/10917387362b3961e882740f6cf6f2a2"},"headline":"Schweizer Data-Literacy-Charta als Grundlage f\u00fcr Datenkompetenz\u00a0","datePublished":"2024-05-20T11:53:36+00:00","dateModified":"2024-05-22T09:11:25+00:00","mainEntityOfPage":{"@id":"https:\/\/news.save.ch\/schweizer-data-literacy-charta-als-grundlage-fuer-datenkompetenz\/"},"wordCount":489,"publisher":{"@id":"https:\/\/news.save.ch\/de\/#organization"},"image":{"@id":"https:\/\/news.save.ch\/schweizer-data-literacy-charta-als-grundlage-fuer-datenkompetenz\/#primaryimage"},"thumbnailUrl":"https:\/\/news.save.ch\/wp-content\/uploads\/2024\/05\/Depositphotos_43443031_S.jpg","keywords":["Data Literacy","Datenkompetenz","Datenschutz"],"articleSection":["DIGITALISIERUNG"],"inLanguage":"en-US"},{"@type":"WebPage","@id":"https:\/\/news.save.ch\/schweizer-data-literacy-charta-als-grundlage-fuer-datenkompetenz\/","url":"https:\/\/news.save.ch\/schweizer-data-literacy-charta-als-grundlage-fuer-datenkompetenz\/","name":"Swiss Data Literacy Charter as a basis for data literacy - Save","isPartOf":{"@id":"https:\/\/news.save.ch\/de\/#website"},"primaryImageOfPage":{"@id":"https:\/\/news.save.ch\/schweizer-data-literacy-charta-als-grundlage-fuer-datenkompetenz\/#primaryimage"},"image":{"@id":"https:\/\/news.save.ch\/schweizer-data-literacy-charta-als-grundlage-fuer-datenkompetenz\/#primaryimage"},"thumbnailUrl":"https:\/\/news.save.ch\/wp-content\/uploads\/2024\/05\/Depositphotos_43443031_S.jpg","datePublished":"2024-05-20T11:53:36+00:00","dateModified":"2024-05-22T09:11:25+00:00","description":"The Swiss Academies of Arts and Sciences publish a Data Literacy Charter for Switzerland.","breadcrumb":{"@id":"https:\/\/news.save.ch\/schweizer-data-literacy-charta-als-grundlage-fuer-datenkompetenz\/#breadcrumb"},"inLanguage":"en-US","potentialAction":[{"@type":"ReadAction","target":["https:\/\/news.save.ch\/schweizer-data-literacy-charta-als-grundlage-fuer-datenkompetenz\/"]}]},{"@type":"ImageObject","inLanguage":"en-US","@id":"https:\/\/news.save.ch\/schweizer-data-literacy-charta-als-grundlage-fuer-datenkompetenz\/#primaryimage","url":"https:\/\/news.save.ch\/wp-content\/uploads\/2024\/05\/Depositphotos_43443031_S.jpg","contentUrl":"https:\/\/news.save.ch\/wp-content\/uploads\/2024\/05\/Depositphotos_43443031_S.jpg","width":1000,"height":667,"caption":"Bild: Depositphotos\/beawolf"},{"@type":"BreadcrumbList","@id":"https:\/\/news.save.ch\/schweizer-data-literacy-charta-als-grundlage-fuer-datenkompetenz\/#breadcrumb","itemListElement":[{"@type":"ListItem","position":1,"name":"Home","item":"https:\/\/news.save.ch\/de\/"},{"@type":"ListItem","position":2,"name":"Schweizer Data-Literacy-Charta als Grundlage f\u00fcr Datenkompetenz\u00a0"}]},{"@type":"WebSite","@id":"https:\/\/news.save.ch\/de\/#website","url":"https:\/\/news.save.ch\/de\/","name":"Save","description":"Swiss trade journal for safety","publisher":{"@id":"https:\/\/news.save.ch\/de\/#organization"},"potentialAction":[{"@type":"SearchAction","target":{"@type":"EntryPoint","urlTemplate":"https:\/\/news.save.ch\/de\/?s={search_term_string}"},"query-input":{"@type":"PropertyValueSpecification","valueRequired":true,"valueName":"search_term_string"}}],"inLanguage":"en-US"},{"@type":"Organization","@id":"https:\/\/news.save.ch\/de\/#organization","name":"Security Forum","url":"https:\/\/news.save.ch\/de\/","logo":{"@type":"ImageObject","inLanguage":"en-US","@id":"https:\/\/news.save.ch\/de\/#\/schema\/logo\/image\/","url":"https:\/\/news.save.ch\/wp-content\/uploads\/2022\/06\/Logo_SF_2012.png","contentUrl":"https:\/\/news.save.ch\/wp-content\/uploads\/2022\/06\/Logo_SF_2012.png","width":1100,"height":91,"caption":"Sicherheitsforum"},"image":{"@id":"https:\/\/news.save.ch\/de\/#\/schema\/logo\/image\/"}},{"@type":"Person","@id":"https:\/\/news.save.ch\/de\/#\/schema\/person\/10917387362b3961e882740f6cf6f2a2","name":"Stefanie Zeng","image":{"@type":"ImageObject","inLanguage":"en-US","@id":"https:\/\/secure.gravatar.com\/avatar\/eac43faa6e40bb2c41068c95c9d78bbd94c476d5efdff7abaab80bb3ea681e06?s=96&d=mm&r=g","url":"https:\/\/secure.gravatar.com\/avatar\/eac43faa6e40bb2c41068c95c9d78bbd94c476d5efdff7abaab80bb3ea681e06?s=96&d=mm&r=g","contentUrl":"https:\/\/secure.gravatar.com\/avatar\/eac43faa6e40bb2c41068c95c9d78bbd94c476d5efdff7abaab80bb3ea681e06?s=96&d=mm&r=g","caption":"stefanie Zeng"},"url":"https:\/\/news.save.ch\/en\/author\/stefanie-zeng\/"}]}},"_links":{"self":[{"href":"https:\/\/news.save.ch\/en\/wp-json\/wp\/v2\/posts\/23114","targetHints":{"allow":["GET"]}}],"collection":[{"href":"https:\/\/news.save.ch\/en\/wp-json\/wp\/v2\/posts"}],"about":[{"href":"https:\/\/news.save.ch\/en\/wp-json\/wp\/v2\/types\/post"}],"author":[{"embeddable":true,"href":"https:\/\/news.save.ch\/en\/wp-json\/wp\/v2\/users\/31"}],"replies":[{"embeddable":true,"href":"https:\/\/news.save.ch\/en\/wp-json\/wp\/v2\/comments?post=23114"}],"version-history":[{"count":2,"href":"https:\/\/news.save.ch\/en\/wp-json\/wp\/v2\/posts\/23114\/revisions"}],"predecessor-version":[{"id":23148,"href":"https:\/\/news.save.ch\/en\/wp-json\/wp\/v2\/posts\/23114\/revisions\/23148"}],"wp:featuredmedia":[{"embeddable":true,"href":"https:\/\/news.save.ch\/en\/wp-json\/wp\/v2\/media\/23115"}],"wp:attachment":[{"href":"https:\/\/news.save.ch\/en\/wp-json\/wp\/v2\/media?parent=23114"}],"wp:term":[{"taxonomy":"category","embeddable":true,"href":"https:\/\/news.save.ch\/en\/wp-json\/wp\/v2\/categories?post=23114"},{"taxonomy":"post_tag","embeddable":true,"href":"https:\/\/news.save.ch\/en\/wp-json\/wp\/v2\/tags?post=23114"}],"curies":[{"name":"wp","href":"https:\/\/api.w.org\/{rel}","templated":true}]}}