{"id":23269,"date":"2024-06-20T10:30:04","date_gmt":"2024-06-20T08:30:04","guid":{"rendered":"https:\/\/news.save.ch\/?p=23269"},"modified":"2024-06-20T10:30:06","modified_gmt":"2024-06-20T08:30:06","slug":"bundesrat-veroeffentlicht-bericht-zur-bekaempfung-der-cyberkriminalitaet-in-der-schweiz","status":null,"type":"post","link":"https:\/\/news.save.ch\/en\/bundesrat-veroeffentlicht-bericht-zur-bekaempfung-der-cyberkriminalitaet-in-der-schweiz\/","title":{"rendered":"Federal Council publishes report on combating cybercrime in Switzerland"},"content":{"rendered":"<figure id=\"attachment_23270\" aria-describedby=\"caption-attachment-23270\" style=\"width: 999px\" class=\"wp-caption alignnone\"><a href=\"https:\/\/news.save.ch\/en\/bundesrat-veroeffentlicht-bericht-zur-bekaempfung-der-cyberkriminalitaet-in-der-schweiz\/hooded-computer-hacker-hacking-network\/\" rel=\"attachment wp-att-23270\"><img loading=\"lazy\" decoding=\"async\" class=\"size-full wp-image-23270\" src=\"https:\/\/news.save.ch\/wp-content\/uploads\/2024\/06\/Depositphotos_169153604_S.jpg\" alt=\"\" width=\"999\" height=\"396\" srcset=\"https:\/\/news.save.ch\/wp-content\/uploads\/2024\/06\/Depositphotos_169153604_S.jpg 999w, https:\/\/news.save.ch\/wp-content\/uploads\/2024\/06\/Depositphotos_169153604_S-680x270.jpg 680w, https:\/\/news.save.ch\/wp-content\/uploads\/2024\/06\/Depositphotos_169153604_S-768x304.jpg 768w, https:\/\/news.save.ch\/wp-content\/uploads\/2024\/06\/Depositphotos_169153604_S-18x7.jpg 18w, https:\/\/news.save.ch\/wp-content\/uploads\/2024\/06\/Depositphotos_169153604_S-375x149.jpg 375w, https:\/\/news.save.ch\/wp-content\/uploads\/2024\/06\/Depositphotos_169153604_S-760x301.jpg 760w\" sizes=\"auto, (max-width: 999px) 100vw, 999px\" \/><\/a><figcaption id=\"caption-attachment-23270\" class=\"wp-caption-text\">Picture: Depositphotos\/stevanovicigor<\/figcaption><\/figure>\n<p>The report fulfills the postulates 22.3145 Silberschmidt and 22.3017 of the National Council's Security Policy Committee and takes a detailed look at the developments and gaps in national cybercrime prosecution. Both postulates relate primarily to the responsibilities and activities of the cantons. For this reason, the Federal Office of Police (fedpol), which is responsible for the report, worked together with the Swiss Security Network (SVS), which is made up of equal numbers of federal and cantonal representatives. In addition, a strategic support group and a specialist group accompanied the drafting of the report. Surveys were conducted among the authorities concerned to ascertain the situation in the cantons.<\/p>\n<p>The report shows that cybercrime is steadily increasing both in terms of the number of offenses and their severity and extent of damage. The cantons and the Office of the Attorney General of Switzerland have therefore created specialized networks and working groups to promote coordination and cooperation in this area. The vast majority of cantons have also made organizational and personnel adjustments in order to combat cybercrime more effectively. They have expanded their capacities by establishing specialized units and creating new positions for IT forensic experts and analysts. The majority of cantonal public prosecutors' offices and the Office of the Attorney General of Switzerland also have public prosecutors who specialize in combating cybercrime.<\/p>\n<p>Despite these efforts, the report identifies challenges:<\/p>\n<ul>\n<li>the lack of human and technical resources;<\/li>\n<li>the lack of a legal basis that would allow the automatic exchange of police information between the cantons;<\/li>\n<li>the lack of a national database that would provide an overview of ongoing cybercrime cases;<\/li>\n<li>the difficulties of international mutual legal assistance in criminal matters, which is relatively slow and not tailored to electronic evidence;<\/li>\n<li>the rapidly advancing technological developments (artificial intelligence, cryptocurrencies, metaverse, anonymization techniques) used by criminals;<\/li>\n<li>the few reports that lead to many crimes not being prosecuted and series of crimes not being uncovered;<\/li>\n<li>the still inadequate prevention efforts in Switzerland.<\/li>\n<\/ul>\n<p>The report underlines the need to coordinate prevention and repression at both national and international level. It emphasizes that even stronger cooperation and even more intensive prevention work are important for the protection of the population and companies.<\/p>\n<p>A survey of experts conducted for the report shows that although organizational progress has been made, the available human and technical resources are still considered inadequate to meet the increasing demands and rapid development of cybercrime. The report suggests that each canton carry out a self-evaluation to ensure that the available resources are appropriate to the challenges.<\/p>\n<p>Various optimization measures are already included in the National Cyber Strategy (NCS) adopted by the Federal Council in April 2023 and approved by the cantonal justice and police directors. The Federal Council reaffirms its commitment to continuously intensify measures to combat cybercrime. This includes, in particular, support for projects such as the National Police Interrogation Platform (POLAP), which considerably facilitates the exchange of information between police authorities and increases the efficiency of police work. The cantons and the Confederation are also working on a nationwide information platform that will provide an overview of cybercrime, among other things. These existing cooperation measures are to be strengthened and prevention efforts increased in order to reach the entire population and all companies. Fedpol is also intensifying its cooperation with Europol, Interpol and Eurojust.<\/p>\n<p><em>Source: Federal Department of Justice and Police<\/em><\/p>","protected":false},"excerpt":{"rendered":"<p>Der Bericht erf\u00fcllt die Postulate 22.3145 Silberschmidt und 22.3017 der Sicherheitspolitischen Kommission des Nationalrats und setzt sich detailliert mit den Entwicklungen und L\u00fccken in der nationalen Cyber-Strafverfolgung auseinander. Beide Postulate beziehen sich prim\u00e4r auf Zust\u00e4ndigkeiten und Aktivit\u00e4ten der Kantone. Deshalb hat das federf\u00fchrende Bundesamt f\u00fcr Polizei (fedpol) zur Erarbeitung des Berichts mit dem Sicherheitsverbund Schweiz [&hellip;]<\/p>\n","protected":false},"author":31,"featured_media":23270,"comment_status":"closed","ping_status":"closed","sticky":false,"template":"","format":"standard","meta":{"_acf_changed":false,"pgc_sgb_lightbox_settings":"","footnotes":""},"categories":[3313],"tags":[625,640],"class_list":["post-23269","post","type-post","status-publish","format-standard","has-post-thumbnail","hentry","category-digitalisierung","tag-cyberkriminalitaet","tag-ejpd"],"acf":[],"hkrextid":null,"publication":null,"issue":null,"workflow":null,"startPage":null,"spitzmarke":null,"_posts_by_tag_page_fields":null,"_at_widget":null,"_yoast_wpseo_primary_category":"3313","_yoast_wpseo_focuskw_text_input":null,"_yoast_wpseo_opengraph-image":null,"_yoast_wpseo_opengraph-description":null,"_yoast_wpseo_opengraph-title":null,"enclosure":null,"_yoast_wpseo_twitter-title":null,"_yoast_wpseo_twitter-description":null,"_yoast_wpseo_twitter-image":null,"_wp_old_slug":null,"_yoast_wpseo_title":null,"_yoast_wpseo_canonical":null,"yoast_head":"<!-- This site is optimized with the Yoast SEO plugin v27.4 - https:\/\/yoast.com\/product\/yoast-seo-wordpress\/ -->\n<title>Bundesrat ver\u00f6ffentlicht Bericht zur Bek\u00e4mpfung der Cyberkriminalit\u00e4t in der Schweiz - Save<\/title>\n<meta name=\"description\" content=\"Bundesrat ver\u00f6ffentlicht Bericht zur Bek\u00e4mpfung der Cyberkriminalit\u00e4t in der Schweiz.\" \/>\n<meta name=\"robots\" content=\"index, follow, max-snippet:-1, max-image-preview:large, max-video-preview:-1\" \/>\n<link rel=\"canonical\" href=\"https:\/\/news.save.ch\/en\/bundesrat-veroeffentlicht-bericht-zur-bekaempfung-der-cyberkriminalitaet-in-der-schweiz\/\" \/>\n<meta property=\"og:locale\" content=\"en_US\" \/>\n<meta property=\"og:type\" content=\"article\" \/>\n<meta property=\"og:title\" content=\"Bundesrat ver\u00f6ffentlicht Bericht zur Bek\u00e4mpfung der Cyberkriminalit\u00e4t in der Schweiz - Save\" \/>\n<meta property=\"og:description\" content=\"Bundesrat ver\u00f6ffentlicht Bericht zur Bek\u00e4mpfung der Cyberkriminalit\u00e4t in der Schweiz.\" \/>\n<meta property=\"og:url\" content=\"https:\/\/news.save.ch\/en\/bundesrat-veroeffentlicht-bericht-zur-bekaempfung-der-cyberkriminalitaet-in-der-schweiz\/\" \/>\n<meta property=\"og:site_name\" content=\"Save\" \/>\n<meta property=\"article:published_time\" content=\"2024-06-20T08:30:04+00:00\" \/>\n<meta property=\"article:modified_time\" content=\"2024-06-20T08:30:06+00:00\" \/>\n<meta property=\"og:image\" content=\"https:\/\/news.save.ch\/wp-content\/uploads\/2024\/06\/Depositphotos_169153604_S.jpg\" \/>\n\t<meta property=\"og:image:width\" content=\"999\" \/>\n\t<meta property=\"og:image:height\" content=\"396\" \/>\n\t<meta property=\"og:image:type\" content=\"image\/jpeg\" \/>\n<meta name=\"author\" content=\"stefanie Zeng\" \/>\n<meta name=\"twitter:card\" content=\"summary_large_image\" \/>\n<meta name=\"twitter:label1\" content=\"Written by\" \/>\n\t<meta name=\"twitter:data1\" content=\"stefanie Zeng\" \/>\n\t<meta name=\"twitter:label2\" content=\"Est. reading time\" \/>\n\t<meta name=\"twitter:data2\" content=\"4 minutes\" \/>\n<script type=\"application\/ld+json\" class=\"yoast-schema-graph\">{\"@context\":\"https:\\\/\\\/schema.org\",\"@graph\":[{\"@type\":\"Article\",\"@id\":\"https:\\\/\\\/news.save.ch\\\/bundesrat-veroeffentlicht-bericht-zur-bekaempfung-der-cyberkriminalitaet-in-der-schweiz\\\/#article\",\"isPartOf\":{\"@id\":\"https:\\\/\\\/news.save.ch\\\/bundesrat-veroeffentlicht-bericht-zur-bekaempfung-der-cyberkriminalitaet-in-der-schweiz\\\/\"},\"author\":{\"name\":\"stefanie Zeng\",\"@id\":\"https:\\\/\\\/news.save.ch\\\/de\\\/#\\\/schema\\\/person\\\/10917387362b3961e882740f6cf6f2a2\"},\"headline\":\"Bundesrat ver\u00f6ffentlicht Bericht zur Bek\u00e4mpfung der Cyberkriminalit\u00e4t in der Schweiz\",\"datePublished\":\"2024-06-20T08:30:04+00:00\",\"dateModified\":\"2024-06-20T08:30:06+00:00\",\"mainEntityOfPage\":{\"@id\":\"https:\\\/\\\/news.save.ch\\\/bundesrat-veroeffentlicht-bericht-zur-bekaempfung-der-cyberkriminalitaet-in-der-schweiz\\\/\"},\"wordCount\":592,\"publisher\":{\"@id\":\"https:\\\/\\\/news.save.ch\\\/de\\\/#organization\"},\"image\":{\"@id\":\"https:\\\/\\\/news.save.ch\\\/bundesrat-veroeffentlicht-bericht-zur-bekaempfung-der-cyberkriminalitaet-in-der-schweiz\\\/#primaryimage\"},\"thumbnailUrl\":\"https:\\\/\\\/news.save.ch\\\/wp-content\\\/uploads\\\/2024\\\/06\\\/Depositphotos_169153604_S.jpg\",\"keywords\":[\"Cyberkriminalit\u00e4t\",\"EJPD\"],\"articleSection\":[\"DIGITALISIERUNG\"],\"inLanguage\":\"en-US\"},{\"@type\":\"WebPage\",\"@id\":\"https:\\\/\\\/news.save.ch\\\/bundesrat-veroeffentlicht-bericht-zur-bekaempfung-der-cyberkriminalitaet-in-der-schweiz\\\/\",\"url\":\"https:\\\/\\\/news.save.ch\\\/bundesrat-veroeffentlicht-bericht-zur-bekaempfung-der-cyberkriminalitaet-in-der-schweiz\\\/\",\"name\":\"Bundesrat ver\u00f6ffentlicht Bericht zur Bek\u00e4mpfung der Cyberkriminalit\u00e4t in der Schweiz - Save\",\"isPartOf\":{\"@id\":\"https:\\\/\\\/news.save.ch\\\/de\\\/#website\"},\"primaryImageOfPage\":{\"@id\":\"https:\\\/\\\/news.save.ch\\\/bundesrat-veroeffentlicht-bericht-zur-bekaempfung-der-cyberkriminalitaet-in-der-schweiz\\\/#primaryimage\"},\"image\":{\"@id\":\"https:\\\/\\\/news.save.ch\\\/bundesrat-veroeffentlicht-bericht-zur-bekaempfung-der-cyberkriminalitaet-in-der-schweiz\\\/#primaryimage\"},\"thumbnailUrl\":\"https:\\\/\\\/news.save.ch\\\/wp-content\\\/uploads\\\/2024\\\/06\\\/Depositphotos_169153604_S.jpg\",\"datePublished\":\"2024-06-20T08:30:04+00:00\",\"dateModified\":\"2024-06-20T08:30:06+00:00\",\"description\":\"Bundesrat ver\u00f6ffentlicht Bericht zur Bek\u00e4mpfung der Cyberkriminalit\u00e4t in der Schweiz.\",\"breadcrumb\":{\"@id\":\"https:\\\/\\\/news.save.ch\\\/bundesrat-veroeffentlicht-bericht-zur-bekaempfung-der-cyberkriminalitaet-in-der-schweiz\\\/#breadcrumb\"},\"inLanguage\":\"en-US\",\"potentialAction\":[{\"@type\":\"ReadAction\",\"target\":[\"https:\\\/\\\/news.save.ch\\\/bundesrat-veroeffentlicht-bericht-zur-bekaempfung-der-cyberkriminalitaet-in-der-schweiz\\\/\"]}]},{\"@type\":\"ImageObject\",\"inLanguage\":\"en-US\",\"@id\":\"https:\\\/\\\/news.save.ch\\\/bundesrat-veroeffentlicht-bericht-zur-bekaempfung-der-cyberkriminalitaet-in-der-schweiz\\\/#primaryimage\",\"url\":\"https:\\\/\\\/news.save.ch\\\/wp-content\\\/uploads\\\/2024\\\/06\\\/Depositphotos_169153604_S.jpg\",\"contentUrl\":\"https:\\\/\\\/news.save.ch\\\/wp-content\\\/uploads\\\/2024\\\/06\\\/Depositphotos_169153604_S.jpg\",\"width\":999,\"height\":396,\"caption\":\"Bild: Depositphotos\\\/stevanovicigor\"},{\"@type\":\"BreadcrumbList\",\"@id\":\"https:\\\/\\\/news.save.ch\\\/bundesrat-veroeffentlicht-bericht-zur-bekaempfung-der-cyberkriminalitaet-in-der-schweiz\\\/#breadcrumb\",\"itemListElement\":[{\"@type\":\"ListItem\",\"position\":1,\"name\":\"Home\",\"item\":\"https:\\\/\\\/news.save.ch\\\/de\\\/\"},{\"@type\":\"ListItem\",\"position\":2,\"name\":\"Bundesrat ver\u00f6ffentlicht Bericht zur Bek\u00e4mpfung der Cyberkriminalit\u00e4t in der Schweiz\"}]},{\"@type\":\"WebSite\",\"@id\":\"https:\\\/\\\/news.save.ch\\\/de\\\/#website\",\"url\":\"https:\\\/\\\/news.save.ch\\\/de\\\/\",\"name\":\"Save\",\"description\":\"Schweizer Fachzeitschrift f\u00fcr Sicherheit\",\"publisher\":{\"@id\":\"https:\\\/\\\/news.save.ch\\\/de\\\/#organization\"},\"potentialAction\":[{\"@type\":\"SearchAction\",\"target\":{\"@type\":\"EntryPoint\",\"urlTemplate\":\"https:\\\/\\\/news.save.ch\\\/de\\\/?s={search_term_string}\"},\"query-input\":{\"@type\":\"PropertyValueSpecification\",\"valueRequired\":true,\"valueName\":\"search_term_string\"}}],\"inLanguage\":\"en-US\"},{\"@type\":\"Organization\",\"@id\":\"https:\\\/\\\/news.save.ch\\\/de\\\/#organization\",\"name\":\"Sicherheitsforum\",\"url\":\"https:\\\/\\\/news.save.ch\\\/de\\\/\",\"logo\":{\"@type\":\"ImageObject\",\"inLanguage\":\"en-US\",\"@id\":\"https:\\\/\\\/news.save.ch\\\/de\\\/#\\\/schema\\\/logo\\\/image\\\/\",\"url\":\"https:\\\/\\\/news.save.ch\\\/wp-content\\\/uploads\\\/2022\\\/06\\\/Logo_SF_2012.png\",\"contentUrl\":\"https:\\\/\\\/news.save.ch\\\/wp-content\\\/uploads\\\/2022\\\/06\\\/Logo_SF_2012.png\",\"width\":1100,\"height\":91,\"caption\":\"Sicherheitsforum\"},\"image\":{\"@id\":\"https:\\\/\\\/news.save.ch\\\/de\\\/#\\\/schema\\\/logo\\\/image\\\/\"}},{\"@type\":\"Person\",\"@id\":\"https:\\\/\\\/news.save.ch\\\/de\\\/#\\\/schema\\\/person\\\/10917387362b3961e882740f6cf6f2a2\",\"name\":\"stefanie Zeng\",\"image\":{\"@type\":\"ImageObject\",\"inLanguage\":\"en-US\",\"@id\":\"https:\\\/\\\/secure.gravatar.com\\\/avatar\\\/eac43faa6e40bb2c41068c95c9d78bbd94c476d5efdff7abaab80bb3ea681e06?s=96&d=mm&r=g\",\"url\":\"https:\\\/\\\/secure.gravatar.com\\\/avatar\\\/eac43faa6e40bb2c41068c95c9d78bbd94c476d5efdff7abaab80bb3ea681e06?s=96&d=mm&r=g\",\"contentUrl\":\"https:\\\/\\\/secure.gravatar.com\\\/avatar\\\/eac43faa6e40bb2c41068c95c9d78bbd94c476d5efdff7abaab80bb3ea681e06?s=96&d=mm&r=g\",\"caption\":\"stefanie Zeng\"},\"url\":\"https:\\\/\\\/news.save.ch\\\/en\\\/author\\\/stefanie-zeng\\\/\"}]}<\/script>\n<!-- \/ Yoast SEO plugin. -->","yoast_head_json":{"title":"Federal Council publishes report on combating cybercrime in Switzerland - Save","description":"Federal Council publishes report on combating cybercrime in Switzerland.","robots":{"index":"index","follow":"follow","max-snippet":"max-snippet:-1","max-image-preview":"max-image-preview:large","max-video-preview":"max-video-preview:-1"},"canonical":"https:\/\/news.save.ch\/en\/bundesrat-veroeffentlicht-bericht-zur-bekaempfung-der-cyberkriminalitaet-in-der-schweiz\/","og_locale":"en_US","og_type":"article","og_title":"Bundesrat ver\u00f6ffentlicht Bericht zur Bek\u00e4mpfung der Cyberkriminalit\u00e4t in der Schweiz - Save","og_description":"Bundesrat ver\u00f6ffentlicht Bericht zur Bek\u00e4mpfung der Cyberkriminalit\u00e4t in der Schweiz.","og_url":"https:\/\/news.save.ch\/en\/bundesrat-veroeffentlicht-bericht-zur-bekaempfung-der-cyberkriminalitaet-in-der-schweiz\/","og_site_name":"Save","article_published_time":"2024-06-20T08:30:04+00:00","article_modified_time":"2024-06-20T08:30:06+00:00","og_image":[{"width":999,"height":396,"url":"https:\/\/news.save.ch\/wp-content\/uploads\/2024\/06\/Depositphotos_169153604_S.jpg","type":"image\/jpeg"}],"author":"stefanie Zeng","twitter_card":"summary_large_image","twitter_misc":{"Written by":"stefanie Zeng","Est. reading time":"4 minutes"},"schema":{"@context":"https:\/\/schema.org","@graph":[{"@type":"Article","@id":"https:\/\/news.save.ch\/bundesrat-veroeffentlicht-bericht-zur-bekaempfung-der-cyberkriminalitaet-in-der-schweiz\/#article","isPartOf":{"@id":"https:\/\/news.save.ch\/bundesrat-veroeffentlicht-bericht-zur-bekaempfung-der-cyberkriminalitaet-in-der-schweiz\/"},"author":{"name":"stefanie Zeng","@id":"https:\/\/news.save.ch\/de\/#\/schema\/person\/10917387362b3961e882740f6cf6f2a2"},"headline":"Bundesrat ver\u00f6ffentlicht Bericht zur Bek\u00e4mpfung der Cyberkriminalit\u00e4t in der Schweiz","datePublished":"2024-06-20T08:30:04+00:00","dateModified":"2024-06-20T08:30:06+00:00","mainEntityOfPage":{"@id":"https:\/\/news.save.ch\/bundesrat-veroeffentlicht-bericht-zur-bekaempfung-der-cyberkriminalitaet-in-der-schweiz\/"},"wordCount":592,"publisher":{"@id":"https:\/\/news.save.ch\/de\/#organization"},"image":{"@id":"https:\/\/news.save.ch\/bundesrat-veroeffentlicht-bericht-zur-bekaempfung-der-cyberkriminalitaet-in-der-schweiz\/#primaryimage"},"thumbnailUrl":"https:\/\/news.save.ch\/wp-content\/uploads\/2024\/06\/Depositphotos_169153604_S.jpg","keywords":["Cyberkriminalit\u00e4t","EJPD"],"articleSection":["DIGITALISIERUNG"],"inLanguage":"en-US"},{"@type":"WebPage","@id":"https:\/\/news.save.ch\/bundesrat-veroeffentlicht-bericht-zur-bekaempfung-der-cyberkriminalitaet-in-der-schweiz\/","url":"https:\/\/news.save.ch\/bundesrat-veroeffentlicht-bericht-zur-bekaempfung-der-cyberkriminalitaet-in-der-schweiz\/","name":"Federal Council publishes report on combating cybercrime in Switzerland - Save","isPartOf":{"@id":"https:\/\/news.save.ch\/de\/#website"},"primaryImageOfPage":{"@id":"https:\/\/news.save.ch\/bundesrat-veroeffentlicht-bericht-zur-bekaempfung-der-cyberkriminalitaet-in-der-schweiz\/#primaryimage"},"image":{"@id":"https:\/\/news.save.ch\/bundesrat-veroeffentlicht-bericht-zur-bekaempfung-der-cyberkriminalitaet-in-der-schweiz\/#primaryimage"},"thumbnailUrl":"https:\/\/news.save.ch\/wp-content\/uploads\/2024\/06\/Depositphotos_169153604_S.jpg","datePublished":"2024-06-20T08:30:04+00:00","dateModified":"2024-06-20T08:30:06+00:00","description":"Federal Council publishes report on combating cybercrime in Switzerland.","breadcrumb":{"@id":"https:\/\/news.save.ch\/bundesrat-veroeffentlicht-bericht-zur-bekaempfung-der-cyberkriminalitaet-in-der-schweiz\/#breadcrumb"},"inLanguage":"en-US","potentialAction":[{"@type":"ReadAction","target":["https:\/\/news.save.ch\/bundesrat-veroeffentlicht-bericht-zur-bekaempfung-der-cyberkriminalitaet-in-der-schweiz\/"]}]},{"@type":"ImageObject","inLanguage":"en-US","@id":"https:\/\/news.save.ch\/bundesrat-veroeffentlicht-bericht-zur-bekaempfung-der-cyberkriminalitaet-in-der-schweiz\/#primaryimage","url":"https:\/\/news.save.ch\/wp-content\/uploads\/2024\/06\/Depositphotos_169153604_S.jpg","contentUrl":"https:\/\/news.save.ch\/wp-content\/uploads\/2024\/06\/Depositphotos_169153604_S.jpg","width":999,"height":396,"caption":"Bild: Depositphotos\/stevanovicigor"},{"@type":"BreadcrumbList","@id":"https:\/\/news.save.ch\/bundesrat-veroeffentlicht-bericht-zur-bekaempfung-der-cyberkriminalitaet-in-der-schweiz\/#breadcrumb","itemListElement":[{"@type":"ListItem","position":1,"name":"Home","item":"https:\/\/news.save.ch\/de\/"},{"@type":"ListItem","position":2,"name":"Bundesrat ver\u00f6ffentlicht Bericht zur Bek\u00e4mpfung der Cyberkriminalit\u00e4t in der Schweiz"}]},{"@type":"WebSite","@id":"https:\/\/news.save.ch\/de\/#website","url":"https:\/\/news.save.ch\/de\/","name":"Save","description":"Swiss trade journal for safety","publisher":{"@id":"https:\/\/news.save.ch\/de\/#organization"},"potentialAction":[{"@type":"SearchAction","target":{"@type":"EntryPoint","urlTemplate":"https:\/\/news.save.ch\/de\/?s={search_term_string}"},"query-input":{"@type":"PropertyValueSpecification","valueRequired":true,"valueName":"search_term_string"}}],"inLanguage":"en-US"},{"@type":"Organization","@id":"https:\/\/news.save.ch\/de\/#organization","name":"Security Forum","url":"https:\/\/news.save.ch\/de\/","logo":{"@type":"ImageObject","inLanguage":"en-US","@id":"https:\/\/news.save.ch\/de\/#\/schema\/logo\/image\/","url":"https:\/\/news.save.ch\/wp-content\/uploads\/2022\/06\/Logo_SF_2012.png","contentUrl":"https:\/\/news.save.ch\/wp-content\/uploads\/2022\/06\/Logo_SF_2012.png","width":1100,"height":91,"caption":"Sicherheitsforum"},"image":{"@id":"https:\/\/news.save.ch\/de\/#\/schema\/logo\/image\/"}},{"@type":"Person","@id":"https:\/\/news.save.ch\/de\/#\/schema\/person\/10917387362b3961e882740f6cf6f2a2","name":"Stefanie Zeng","image":{"@type":"ImageObject","inLanguage":"en-US","@id":"https:\/\/secure.gravatar.com\/avatar\/eac43faa6e40bb2c41068c95c9d78bbd94c476d5efdff7abaab80bb3ea681e06?s=96&d=mm&r=g","url":"https:\/\/secure.gravatar.com\/avatar\/eac43faa6e40bb2c41068c95c9d78bbd94c476d5efdff7abaab80bb3ea681e06?s=96&d=mm&r=g","contentUrl":"https:\/\/secure.gravatar.com\/avatar\/eac43faa6e40bb2c41068c95c9d78bbd94c476d5efdff7abaab80bb3ea681e06?s=96&d=mm&r=g","caption":"stefanie Zeng"},"url":"https:\/\/news.save.ch\/en\/author\/stefanie-zeng\/"}]}},"_links":{"self":[{"href":"https:\/\/news.save.ch\/en\/wp-json\/wp\/v2\/posts\/23269","targetHints":{"allow":["GET"]}}],"collection":[{"href":"https:\/\/news.save.ch\/en\/wp-json\/wp\/v2\/posts"}],"about":[{"href":"https:\/\/news.save.ch\/en\/wp-json\/wp\/v2\/types\/post"}],"author":[{"embeddable":true,"href":"https:\/\/news.save.ch\/en\/wp-json\/wp\/v2\/users\/31"}],"replies":[{"embeddable":true,"href":"https:\/\/news.save.ch\/en\/wp-json\/wp\/v2\/comments?post=23269"}],"version-history":[{"count":2,"href":"https:\/\/news.save.ch\/en\/wp-json\/wp\/v2\/posts\/23269\/revisions"}],"predecessor-version":[{"id":23272,"href":"https:\/\/news.save.ch\/en\/wp-json\/wp\/v2\/posts\/23269\/revisions\/23272"}],"wp:featuredmedia":[{"embeddable":true,"href":"https:\/\/news.save.ch\/en\/wp-json\/wp\/v2\/media\/23270"}],"wp:attachment":[{"href":"https:\/\/news.save.ch\/en\/wp-json\/wp\/v2\/media?parent=23269"}],"wp:term":[{"taxonomy":"category","embeddable":true,"href":"https:\/\/news.save.ch\/en\/wp-json\/wp\/v2\/categories?post=23269"},{"taxonomy":"post_tag","embeddable":true,"href":"https:\/\/news.save.ch\/en\/wp-json\/wp\/v2\/tags?post=23269"}],"curies":[{"name":"wp","href":"https:\/\/api.w.org\/{rel}","templated":true}]}}