{"id":23305,"date":"2024-07-10T06:43:35","date_gmt":"2024-07-10T04:43:35","guid":{"rendered":"https:\/\/news.save.ch\/?p=23305"},"modified":"2024-11-11T17:04:49","modified_gmt":"2024-11-11T16:04:49","slug":"kein-hitzefrei-fuer-arbeitnehmer","status":null,"type":"post","link":"https:\/\/news.save.ch\/en\/kein-hitzefrei-fuer-arbeitnehmer\/","title":{"rendered":"No heat holiday for employees"},"content":{"rendered":"<figure id=\"attachment_23318\" aria-describedby=\"caption-attachment-23318\" style=\"width: 1000px\" class=\"wp-caption alignnone\"><a href=\"https:\/\/news.save.ch\/en\/kein-hitzefrei-fuer-arbeitnehmer\/railway-engineers-overworked-in-extremely-hot-climates\/\" rel=\"attachment wp-att-23318\"><img loading=\"lazy\" decoding=\"async\" class=\"size-full wp-image-23318\" src=\"https:\/\/news.save.ch\/wp-content\/uploads\/2024\/07\/Depositphotos_463020442_S.jpg\" alt=\"\" width=\"1000\" height=\"667\" srcset=\"https:\/\/news.save.ch\/wp-content\/uploads\/2024\/07\/Depositphotos_463020442_S.jpg 1000w, https:\/\/news.save.ch\/wp-content\/uploads\/2024\/07\/Depositphotos_463020442_S-680x454.jpg 680w, https:\/\/news.save.ch\/wp-content\/uploads\/2024\/07\/Depositphotos_463020442_S-768x512.jpg 768w, https:\/\/news.save.ch\/wp-content\/uploads\/2024\/07\/Depositphotos_463020442_S-18x12.jpg 18w, https:\/\/news.save.ch\/wp-content\/uploads\/2024\/07\/Depositphotos_463020442_S-375x250.jpg 375w, https:\/\/news.save.ch\/wp-content\/uploads\/2024\/07\/Depositphotos_463020442_S-525x350.jpg 525w\" sizes=\"auto, (max-width: 1000px) 100vw, 1000px\" \/><\/a><figcaption id=\"caption-attachment-23318\" class=\"wp-caption-text\">Photo: Depositphotos\/Juphotostocker<\/figcaption><\/figure>\n<p>&nbsp;<\/p>\n<section class=\"focus\">Days with temperatures above 30 degrees are becoming more and more frequent. While this is also exhausting for office workers, people who work outdoors are sometimes literally at the mercy of the heat and those who do not protect themselves can suffer considerable damage. \"In the short term, it can lead to skin ageing and sunburn if you are exposed to UV radiation for too long without protection. However, UV radiation is particularly dangerous because it damages the skin cells and thus their genetic material,\" explains Adrian Vonlanthen, Suva media spokesperson. \"Suva assumes that 1000 people who work outside in the sun develop skin cancer every year.\" The risk increases with the frequency and duration of UV exposure, he says, adding that intense heat increases the risk of accidents and anyone who is exposed to heat at work without protection can be affected by heat-related illnesses that can lead to life-threatening situations if left untreated. A distinction is made between three levels of physical impairment due to heat: heat cramps, heat exhaustion (sunstroke) and heat stroke. Heat illnesses occur because the body can no longer release enough heat into the environment.<\/p>\n<h3>Employer obligations<\/h3>\n<p>For this reason, protection against heat and UV radiation is relevant for everyone who works in the sun. \"Employers are obliged to ensure the health protection of their employees in high temperatures. The employer's obligations are regulated in particular in Art. 82 UVG,\" explains Vonlanthen. This includes the employer planning and implementing protective measures. For example, they must provide employees with sufficient water, sun cream, shade workstations where possible and provide headgear with a visor and neck protection.<\/p>\n<p>The employer should also provide shade. It is also important to check whether the work can be moved forward. \"Suva explicitly recommends moving work forward, especially physically demanding work, to the cooler morning hours,\" says Vonlanthen. However, when work can begin - also because of the noise emissions - depends on the work in question and the location.<\/p>\n<p>Of course, employees can also contribute to their own protection through their behavior. For example, they should regularly apply sun cream to all exposed areas of skin and ensure that they use enough sun cream.<\/p>\n<h3>Rights of employees<\/h3>\n<p>If employers do not implement the protective measures, employees can report this to Suva. \"It is important to us to protect the person making the report. Contact details are therefore treated confidentially and not passed on to third parties,\" emphasizes Vonlanthen.<\/p>\n<h3>Conclusion<\/h3>\n<p>Effective heat protection in the workplace requires a combination of correct behavior, adequate sun protection, an adapted work rhythm and regular breaks. Compliance with these measures can prevent health problems and heatstroke. Employers have a duty to protect their employees and should take comprehensive preventive measures.<img decoding=\"async\" class=\"editor-icon\" title=\"inlineimage\" src=\"data:image\/gif;base64,R0lGODlhAQABAAAAACH5BAEKAAEALAAAAAABAAEAAAICTAEAOw==\" data-cke-saved-src=\"data:image\/gif;base64,R0lGODlhAQABAAAAACH5BAEKAAEALAAAAAABAAEAAAICTAEAOw==\" \/><\/p>\n<p>Suva offers a checklist for working outdoors in the heat and sun. You can <a href=\"https:\/\/www.suva.ch\/de-ch\/praevention\/nach-gefahren\/gefaehrliche-materialien-strahlungen-und-situationen\/schutz-bei-sonne-hitze-ozon\/hitze-ozon\/hitze-bei-der-arbeit#state=%5Banchor-FFEE45E2-A29B-4597-99D5-4B9CD009A81F%5D\">here<\/a> download<\/p>\n<\/section>\n<section>\n<h3>Measures against sun and heat<\/h3>\n<p><strong>21 to 27 degrees<\/strong><\/p>\n<ul>\n<li>Provide or drink sufficient quantities of fresh water or lightly sweetened tea.<\/li>\n<li>Set up shaded areas for breaks and shade exposed workplaces where possible, for example with awnings or tent roofs, because UV radiation is always harmful.<\/li>\n<li>If possible, carry out very heavy work early in the morning.<\/li>\n<li>Wear light clothing that allows perspiration to evaporate.<\/li>\n<\/ul>\n<p>&nbsp;<\/p>\n<p><strong>28 to 32 degrees<\/strong><\/p>\n<ul>\n<li>Pay attention to the well-being of employees.<\/li>\n<li>Adapt the working rhythm to the conditions.<\/li>\n<li>Adapt working hours to the specific conditions: for example, adjust the start of work and move heavy work to the early hours of the morning.<\/li>\n<li>Keep cool drinks, drinking water and other refreshment options (e.g. water to dip your arms in, cold towels) near the workstations.<\/li>\n<li>Allow enough time to drink and refresh.<\/li>\n<\/ul>\n<p>&nbsp;<\/p>\n<p><strong>From 33 degrees<\/strong><\/p>\n<ul>\n<li>Watch each other for signs of heat-related illnesses (for example: weakness, exhaustion, dizziness, nausea, muscle cramps, concentration problems).<\/li>\n<li>Reduce very heavy work to the absolute minimum necessary. If necessary, rotate employees at workplaces in the heat with those at cooler locations.<\/li>\n<li>Take additional breaks in a cool and shady place (hourly breaks of 15 minutes).<\/li>\n<li>Prefer cool isotonic drinks to compensate for the loss of salt.<\/li>\n<li>If necessary, check other cooling methods (for example: cooling vests).<\/li>\n<\/ul>\n<\/section>","protected":false},"excerpt":{"rendered":"<p>&nbsp; Tage mit Temperaturen \u00fcber 30 Grad werden immer h\u00e4ufiger. W\u00e4hrend das auch f\u00fcr B\u00fcrogummis anstrengend ist, sind Menschen, die im Freien arbeiten, der Glut manchmal regelrecht ausgeliefert.Wer sich hier nicht sch\u00fctzt, kann erhebliche Sch\u00e4den erleiden. \u00abKurzfristig kann es zu Hautalterung und einem Sonnenbrand f\u00fchren, wenn man zu lange und ungesch\u00fctzt UV-Strahlung ausgesetzt ist. Gef\u00e4hrlich [&hellip;]<\/p>\n","protected":false},"author":31,"featured_media":0,"comment_status":"closed","ping_status":"closed","sticky":false,"template":"","format":"standard","meta":{"_acf_changed":false,"pgc_sgb_lightbox_settings":"","footnotes":""},"categories":[1,3314],"tags":[6511,1662,149,6395,3158],"class_list":["post-23305","post","type-post","status-publish","format-standard","hentry","category-allgemein","category-health-safety","tag-arbeitgeberpflichten","tag-arbeitsplatz","tag-gesundheitsschutz","tag-hitzeschutz","tag-uv-strahlung"],"acf":[],"hkrextid":null,"publication":null,"issue":null,"workflow":null,"startPage":null,"spitzmarke":null,"_posts_by_tag_page_fields":null,"_at_widget":null,"_yoast_wpseo_primary_category":"1","_yoast_wpseo_focuskw_text_input":null,"_yoast_wpseo_opengraph-image":null,"_yoast_wpseo_opengraph-description":null,"_yoast_wpseo_opengraph-title":null,"enclosure":null,"_yoast_wpseo_twitter-title":null,"_yoast_wpseo_twitter-description":null,"_yoast_wpseo_twitter-image":null,"_wp_old_slug":null,"_yoast_wpseo_title":null,"_yoast_wpseo_canonical":null,"yoast_head":"<!-- This site is optimized with the Yoast SEO plugin v27.5 - https:\/\/yoast.com\/product\/yoast-seo-wordpress\/ -->\n<title>Kein Hitzefrei f\u00fcr \u00adArbeitnehmer - Save<\/title>\n<meta name=\"description\" content=\"F\u00fcr Arbeitnehmer gibt es kein hitzefrei. Arbeitgeber haben allerdings die Pflicht, ihre Angestellten umfassend vor grosser Hitze zu sch\u00fctzen\" \/>\n<meta name=\"robots\" content=\"index, follow, max-snippet:-1, max-image-preview:large, max-video-preview:-1\" \/>\n<link rel=\"canonical\" href=\"https:\/\/news.save.ch\/en\/kein-hitzefrei-fuer-arbeitnehmer\/\" \/>\n<meta property=\"og:locale\" content=\"en_US\" \/>\n<meta property=\"og:type\" content=\"article\" \/>\n<meta property=\"og:title\" content=\"Kein Hitzefrei f\u00fcr \u00adArbeitnehmer - Save\" \/>\n<meta property=\"og:description\" content=\"F\u00fcr Arbeitnehmer gibt es kein hitzefrei. Arbeitgeber haben allerdings die Pflicht, ihre Angestellten umfassend vor grosser Hitze zu sch\u00fctzen\" \/>\n<meta property=\"og:url\" content=\"https:\/\/news.save.ch\/en\/kein-hitzefrei-fuer-arbeitnehmer\/\" \/>\n<meta property=\"og:site_name\" content=\"Save\" \/>\n<meta property=\"article:published_time\" content=\"2024-07-10T04:43:35+00:00\" \/>\n<meta property=\"article:modified_time\" content=\"2024-11-11T16:04:49+00:00\" \/>\n<meta property=\"og:image\" content=\"https:\/\/news.save.ch\/wp-content\/uploads\/2024\/07\/Depositphotos_463020442_S.jpg\" \/>\n\t<meta property=\"og:image:width\" content=\"1000\" \/>\n\t<meta property=\"og:image:height\" content=\"667\" \/>\n\t<meta property=\"og:image:type\" content=\"image\/jpeg\" \/>\n<meta name=\"author\" content=\"stefanie Zeng\" \/>\n<meta name=\"twitter:card\" content=\"summary_large_image\" \/>\n<meta name=\"twitter:label1\" content=\"Written by\" \/>\n\t<meta name=\"twitter:data1\" content=\"stefanie Zeng\" \/>\n\t<meta name=\"twitter:label2\" content=\"Est. reading time\" \/>\n\t<meta name=\"twitter:data2\" content=\"4 minutes\" \/>\n<script type=\"application\/ld+json\" class=\"yoast-schema-graph\">{\"@context\":\"https:\\\/\\\/schema.org\",\"@graph\":[{\"@type\":\"Article\",\"@id\":\"https:\\\/\\\/news.save.ch\\\/kein-hitzefrei-fuer-arbeitnehmer\\\/#article\",\"isPartOf\":{\"@id\":\"https:\\\/\\\/news.save.ch\\\/kein-hitzefrei-fuer-arbeitnehmer\\\/\"},\"author\":{\"name\":\"stefanie Zeng\",\"@id\":\"https:\\\/\\\/news.save.ch\\\/de\\\/#\\\/schema\\\/person\\\/10917387362b3961e882740f6cf6f2a2\"},\"headline\":\"Kein Hitzefrei f\u00fcr \u00adArbeitnehmer\",\"datePublished\":\"2024-07-10T04:43:35+00:00\",\"dateModified\":\"2024-11-11T16:04:49+00:00\",\"mainEntityOfPage\":{\"@id\":\"https:\\\/\\\/news.save.ch\\\/kein-hitzefrei-fuer-arbeitnehmer\\\/\"},\"wordCount\":712,\"publisher\":{\"@id\":\"https:\\\/\\\/news.save.ch\\\/de\\\/#organization\"},\"image\":{\"@id\":\"https:\\\/\\\/news.save.ch\\\/kein-hitzefrei-fuer-arbeitnehmer\\\/#primaryimage\"},\"thumbnailUrl\":\"https:\\\/\\\/news.save.ch\\\/wp-content\\\/uploads\\\/2024\\\/07\\\/Depositphotos_463020442_S.jpg\",\"keywords\":[\"Arbeitgeberpflichten\",\"Arbeitsplatz\",\"Gesundheitsschutz\",\"Hitzeschutz\",\"UV-Strahlung\"],\"articleSection\":[\"ALLGEMEIN\",\"HEALTH &amp; SAFETY\"],\"inLanguage\":\"en-US\"},{\"@type\":\"WebPage\",\"@id\":\"https:\\\/\\\/news.save.ch\\\/kein-hitzefrei-fuer-arbeitnehmer\\\/\",\"url\":\"https:\\\/\\\/news.save.ch\\\/kein-hitzefrei-fuer-arbeitnehmer\\\/\",\"name\":\"Kein Hitzefrei f\u00fcr \u00adArbeitnehmer - Save\",\"isPartOf\":{\"@id\":\"https:\\\/\\\/news.save.ch\\\/de\\\/#website\"},\"primaryImageOfPage\":{\"@id\":\"https:\\\/\\\/news.save.ch\\\/kein-hitzefrei-fuer-arbeitnehmer\\\/#primaryimage\"},\"image\":{\"@id\":\"https:\\\/\\\/news.save.ch\\\/kein-hitzefrei-fuer-arbeitnehmer\\\/#primaryimage\"},\"thumbnailUrl\":\"https:\\\/\\\/news.save.ch\\\/wp-content\\\/uploads\\\/2024\\\/07\\\/Depositphotos_463020442_S.jpg\",\"datePublished\":\"2024-07-10T04:43:35+00:00\",\"dateModified\":\"2024-11-11T16:04:49+00:00\",\"description\":\"F\u00fcr Arbeitnehmer gibt es kein hitzefrei. Arbeitgeber haben allerdings die Pflicht, ihre Angestellten umfassend vor grosser Hitze zu sch\u00fctzen\",\"breadcrumb\":{\"@id\":\"https:\\\/\\\/news.save.ch\\\/kein-hitzefrei-fuer-arbeitnehmer\\\/#breadcrumb\"},\"inLanguage\":\"en-US\",\"potentialAction\":[{\"@type\":\"ReadAction\",\"target\":[\"https:\\\/\\\/news.save.ch\\\/kein-hitzefrei-fuer-arbeitnehmer\\\/\"]}]},{\"@type\":\"ImageObject\",\"inLanguage\":\"en-US\",\"@id\":\"https:\\\/\\\/news.save.ch\\\/kein-hitzefrei-fuer-arbeitnehmer\\\/#primaryimage\",\"url\":\"https:\\\/\\\/news.save.ch\\\/wp-content\\\/uploads\\\/2024\\\/07\\\/Depositphotos_463020442_S.jpg\",\"contentUrl\":\"https:\\\/\\\/news.save.ch\\\/wp-content\\\/uploads\\\/2024\\\/07\\\/Depositphotos_463020442_S.jpg\"},{\"@type\":\"BreadcrumbList\",\"@id\":\"https:\\\/\\\/news.save.ch\\\/kein-hitzefrei-fuer-arbeitnehmer\\\/#breadcrumb\",\"itemListElement\":[{\"@type\":\"ListItem\",\"position\":1,\"name\":\"Home\",\"item\":\"https:\\\/\\\/news.save.ch\\\/de\\\/\"},{\"@type\":\"ListItem\",\"position\":2,\"name\":\"Kein Hitzefrei f\u00fcr \u00adArbeitnehmer\"}]},{\"@type\":\"WebSite\",\"@id\":\"https:\\\/\\\/news.save.ch\\\/de\\\/#website\",\"url\":\"https:\\\/\\\/news.save.ch\\\/de\\\/\",\"name\":\"Save\",\"description\":\"Schweizer Fachzeitschrift f\u00fcr Sicherheit\",\"publisher\":{\"@id\":\"https:\\\/\\\/news.save.ch\\\/de\\\/#organization\"},\"potentialAction\":[{\"@type\":\"SearchAction\",\"target\":{\"@type\":\"EntryPoint\",\"urlTemplate\":\"https:\\\/\\\/news.save.ch\\\/de\\\/?s={search_term_string}\"},\"query-input\":{\"@type\":\"PropertyValueSpecification\",\"valueRequired\":true,\"valueName\":\"search_term_string\"}}],\"inLanguage\":\"en-US\"},{\"@type\":\"Organization\",\"@id\":\"https:\\\/\\\/news.save.ch\\\/de\\\/#organization\",\"name\":\"Sicherheitsforum\",\"url\":\"https:\\\/\\\/news.save.ch\\\/de\\\/\",\"logo\":{\"@type\":\"ImageObject\",\"inLanguage\":\"en-US\",\"@id\":\"https:\\\/\\\/news.save.ch\\\/de\\\/#\\\/schema\\\/logo\\\/image\\\/\",\"url\":\"https:\\\/\\\/news.save.ch\\\/wp-content\\\/uploads\\\/2022\\\/06\\\/Logo_SF_2012.png\",\"contentUrl\":\"https:\\\/\\\/news.save.ch\\\/wp-content\\\/uploads\\\/2022\\\/06\\\/Logo_SF_2012.png\",\"width\":1100,\"height\":91,\"caption\":\"Sicherheitsforum\"},\"image\":{\"@id\":\"https:\\\/\\\/news.save.ch\\\/de\\\/#\\\/schema\\\/logo\\\/image\\\/\"}},{\"@type\":\"Person\",\"@id\":\"https:\\\/\\\/news.save.ch\\\/de\\\/#\\\/schema\\\/person\\\/10917387362b3961e882740f6cf6f2a2\",\"name\":\"stefanie Zeng\",\"image\":{\"@type\":\"ImageObject\",\"inLanguage\":\"en-US\",\"@id\":\"https:\\\/\\\/secure.gravatar.com\\\/avatar\\\/eac43faa6e40bb2c41068c95c9d78bbd94c476d5efdff7abaab80bb3ea681e06?s=96&d=mm&r=g\",\"url\":\"https:\\\/\\\/secure.gravatar.com\\\/avatar\\\/eac43faa6e40bb2c41068c95c9d78bbd94c476d5efdff7abaab80bb3ea681e06?s=96&d=mm&r=g\",\"contentUrl\":\"https:\\\/\\\/secure.gravatar.com\\\/avatar\\\/eac43faa6e40bb2c41068c95c9d78bbd94c476d5efdff7abaab80bb3ea681e06?s=96&d=mm&r=g\",\"caption\":\"stefanie Zeng\"},\"url\":\"https:\\\/\\\/news.save.ch\\\/en\\\/author\\\/stefanie-zeng\\\/\"}]}<\/script>\n<!-- \/ Yoast SEO plugin. -->","yoast_head_json":{"title":"No heat holiday for employees - Save","description":"There is no heat-free period for employees. However, employers have a duty to provide their employees with comprehensive protection from extreme heat","robots":{"index":"index","follow":"follow","max-snippet":"max-snippet:-1","max-image-preview":"max-image-preview:large","max-video-preview":"max-video-preview:-1"},"canonical":"https:\/\/news.save.ch\/en\/kein-hitzefrei-fuer-arbeitnehmer\/","og_locale":"en_US","og_type":"article","og_title":"Kein Hitzefrei f\u00fcr \u00adArbeitnehmer - Save","og_description":"F\u00fcr Arbeitnehmer gibt es kein hitzefrei. Arbeitgeber haben allerdings die Pflicht, ihre Angestellten umfassend vor grosser Hitze zu sch\u00fctzen","og_url":"https:\/\/news.save.ch\/en\/kein-hitzefrei-fuer-arbeitnehmer\/","og_site_name":"Save","article_published_time":"2024-07-10T04:43:35+00:00","article_modified_time":"2024-11-11T16:04:49+00:00","og_image":[{"width":1000,"height":667,"url":"https:\/\/news.save.ch\/wp-content\/uploads\/2024\/07\/Depositphotos_463020442_S.jpg","type":"image\/jpeg"}],"author":"stefanie Zeng","twitter_card":"summary_large_image","twitter_misc":{"Written by":"stefanie Zeng","Est. reading time":"4 minutes"},"schema":{"@context":"https:\/\/schema.org","@graph":[{"@type":"Article","@id":"https:\/\/news.save.ch\/kein-hitzefrei-fuer-arbeitnehmer\/#article","isPartOf":{"@id":"https:\/\/news.save.ch\/kein-hitzefrei-fuer-arbeitnehmer\/"},"author":{"name":"stefanie Zeng","@id":"https:\/\/news.save.ch\/de\/#\/schema\/person\/10917387362b3961e882740f6cf6f2a2"},"headline":"Kein Hitzefrei f\u00fcr \u00adArbeitnehmer","datePublished":"2024-07-10T04:43:35+00:00","dateModified":"2024-11-11T16:04:49+00:00","mainEntityOfPage":{"@id":"https:\/\/news.save.ch\/kein-hitzefrei-fuer-arbeitnehmer\/"},"wordCount":712,"publisher":{"@id":"https:\/\/news.save.ch\/de\/#organization"},"image":{"@id":"https:\/\/news.save.ch\/kein-hitzefrei-fuer-arbeitnehmer\/#primaryimage"},"thumbnailUrl":"https:\/\/news.save.ch\/wp-content\/uploads\/2024\/07\/Depositphotos_463020442_S.jpg","keywords":["Arbeitgeberpflichten","Arbeitsplatz","Gesundheitsschutz","Hitzeschutz","UV-Strahlung"],"articleSection":["ALLGEMEIN","HEALTH &amp; SAFETY"],"inLanguage":"en-US"},{"@type":"WebPage","@id":"https:\/\/news.save.ch\/kein-hitzefrei-fuer-arbeitnehmer\/","url":"https:\/\/news.save.ch\/kein-hitzefrei-fuer-arbeitnehmer\/","name":"No heat holiday for employees - Save","isPartOf":{"@id":"https:\/\/news.save.ch\/de\/#website"},"primaryImageOfPage":{"@id":"https:\/\/news.save.ch\/kein-hitzefrei-fuer-arbeitnehmer\/#primaryimage"},"image":{"@id":"https:\/\/news.save.ch\/kein-hitzefrei-fuer-arbeitnehmer\/#primaryimage"},"thumbnailUrl":"https:\/\/news.save.ch\/wp-content\/uploads\/2024\/07\/Depositphotos_463020442_S.jpg","datePublished":"2024-07-10T04:43:35+00:00","dateModified":"2024-11-11T16:04:49+00:00","description":"There is no heat-free period for employees. However, employers have a duty to provide their employees with comprehensive protection from extreme heat","breadcrumb":{"@id":"https:\/\/news.save.ch\/kein-hitzefrei-fuer-arbeitnehmer\/#breadcrumb"},"inLanguage":"en-US","potentialAction":[{"@type":"ReadAction","target":["https:\/\/news.save.ch\/kein-hitzefrei-fuer-arbeitnehmer\/"]}]},{"@type":"ImageObject","inLanguage":"en-US","@id":"https:\/\/news.save.ch\/kein-hitzefrei-fuer-arbeitnehmer\/#primaryimage","url":"https:\/\/news.save.ch\/wp-content\/uploads\/2024\/07\/Depositphotos_463020442_S.jpg","contentUrl":"https:\/\/news.save.ch\/wp-content\/uploads\/2024\/07\/Depositphotos_463020442_S.jpg"},{"@type":"BreadcrumbList","@id":"https:\/\/news.save.ch\/kein-hitzefrei-fuer-arbeitnehmer\/#breadcrumb","itemListElement":[{"@type":"ListItem","position":1,"name":"Home","item":"https:\/\/news.save.ch\/de\/"},{"@type":"ListItem","position":2,"name":"Kein Hitzefrei f\u00fcr \u00adArbeitnehmer"}]},{"@type":"WebSite","@id":"https:\/\/news.save.ch\/de\/#website","url":"https:\/\/news.save.ch\/de\/","name":"Save","description":"Swiss trade journal for safety","publisher":{"@id":"https:\/\/news.save.ch\/de\/#organization"},"potentialAction":[{"@type":"SearchAction","target":{"@type":"EntryPoint","urlTemplate":"https:\/\/news.save.ch\/de\/?s={search_term_string}"},"query-input":{"@type":"PropertyValueSpecification","valueRequired":true,"valueName":"search_term_string"}}],"inLanguage":"en-US"},{"@type":"Organization","@id":"https:\/\/news.save.ch\/de\/#organization","name":"Security Forum","url":"https:\/\/news.save.ch\/de\/","logo":{"@type":"ImageObject","inLanguage":"en-US","@id":"https:\/\/news.save.ch\/de\/#\/schema\/logo\/image\/","url":"https:\/\/news.save.ch\/wp-content\/uploads\/2022\/06\/Logo_SF_2012.png","contentUrl":"https:\/\/news.save.ch\/wp-content\/uploads\/2022\/06\/Logo_SF_2012.png","width":1100,"height":91,"caption":"Sicherheitsforum"},"image":{"@id":"https:\/\/news.save.ch\/de\/#\/schema\/logo\/image\/"}},{"@type":"Person","@id":"https:\/\/news.save.ch\/de\/#\/schema\/person\/10917387362b3961e882740f6cf6f2a2","name":"Stefanie Zeng","image":{"@type":"ImageObject","inLanguage":"en-US","@id":"https:\/\/secure.gravatar.com\/avatar\/eac43faa6e40bb2c41068c95c9d78bbd94c476d5efdff7abaab80bb3ea681e06?s=96&d=mm&r=g","url":"https:\/\/secure.gravatar.com\/avatar\/eac43faa6e40bb2c41068c95c9d78bbd94c476d5efdff7abaab80bb3ea681e06?s=96&d=mm&r=g","contentUrl":"https:\/\/secure.gravatar.com\/avatar\/eac43faa6e40bb2c41068c95c9d78bbd94c476d5efdff7abaab80bb3ea681e06?s=96&d=mm&r=g","caption":"stefanie Zeng"},"url":"https:\/\/news.save.ch\/en\/author\/stefanie-zeng\/"}]}},"_links":{"self":[{"href":"https:\/\/news.save.ch\/en\/wp-json\/wp\/v2\/posts\/23305","targetHints":{"allow":["GET"]}}],"collection":[{"href":"https:\/\/news.save.ch\/en\/wp-json\/wp\/v2\/posts"}],"about":[{"href":"https:\/\/news.save.ch\/en\/wp-json\/wp\/v2\/types\/post"}],"author":[{"embeddable":true,"href":"https:\/\/news.save.ch\/en\/wp-json\/wp\/v2\/users\/31"}],"replies":[{"embeddable":true,"href":"https:\/\/news.save.ch\/en\/wp-json\/wp\/v2\/comments?post=23305"}],"version-history":[{"count":5,"href":"https:\/\/news.save.ch\/en\/wp-json\/wp\/v2\/posts\/23305\/revisions"}],"predecessor-version":[{"id":23698,"href":"https:\/\/news.save.ch\/en\/wp-json\/wp\/v2\/posts\/23305\/revisions\/23698"}],"wp:attachment":[{"href":"https:\/\/news.save.ch\/en\/wp-json\/wp\/v2\/media?parent=23305"}],"wp:term":[{"taxonomy":"category","embeddable":true,"href":"https:\/\/news.save.ch\/en\/wp-json\/wp\/v2\/categories?post=23305"},{"taxonomy":"post_tag","embeddable":true,"href":"https:\/\/news.save.ch\/en\/wp-json\/wp\/v2\/tags?post=23305"}],"curies":[{"name":"wp","href":"https:\/\/api.w.org\/{rel}","templated":true}]}}