{"id":23373,"date":"2024-07-25T16:31:34","date_gmt":"2024-07-25T14:31:34","guid":{"rendered":"https:\/\/news.save.ch\/?p=23373"},"modified":"2024-07-25T16:31:37","modified_gmt":"2024-07-25T14:31:37","slug":"drohnesicherfliegen-das-bazl-klaert-auf","status":null,"type":"post","link":"https:\/\/news.save.ch\/en\/drohnesicherfliegen-das-bazl-klaert-auf\/","title":{"rendered":"#DroneSafeFlying: The FOCA clarifies"},"content":{"rendered":"<figure id=\"attachment_23374\" aria-describedby=\"caption-attachment-23374\" style=\"width: 1000px\" class=\"wp-caption alignnone\"><a href=\"https:\/\/news.save.ch\/en\/drohnesicherfliegen-das-bazl-klaert-auf\/the-drone-copter-flying-with-digital-camera\/\" rel=\"attachment wp-att-23374\"><img loading=\"lazy\" decoding=\"async\" class=\"size-full wp-image-23374\" src=\"https:\/\/news.save.ch\/wp-content\/uploads\/2024\/07\/Depositphotos_244558032_s-2019.jpg\" alt=\"\" width=\"1000\" height=\"641\" srcset=\"https:\/\/news.save.ch\/wp-content\/uploads\/2024\/07\/Depositphotos_244558032_s-2019.jpg 1000w, https:\/\/news.save.ch\/wp-content\/uploads\/2024\/07\/Depositphotos_244558032_s-2019-680x436.jpg 680w, https:\/\/news.save.ch\/wp-content\/uploads\/2024\/07\/Depositphotos_244558032_s-2019-768x492.jpg 768w, https:\/\/news.save.ch\/wp-content\/uploads\/2024\/07\/Depositphotos_244558032_s-2019-18x12.jpg 18w, https:\/\/news.save.ch\/wp-content\/uploads\/2024\/07\/Depositphotos_244558032_s-2019-375x240.jpg 375w, https:\/\/news.save.ch\/wp-content\/uploads\/2024\/07\/Depositphotos_244558032_s-2019-546x350.jpg 546w\" sizes=\"auto, (max-width: 1000px) 100vw, 1000px\" \/><\/a><figcaption id=\"caption-attachment-23374\" class=\"wp-caption-text\">Depositphotos\/Pakhnyushchyy<\/figcaption><\/figure>\n<p>Rescuing people, transporting medicines, protecting lettuce from fungal diseases, spotting fawns, taking wedding photos and, and, and - the number of drone operations has risen sharply in recent years. At the same time, the number of unauthorized drone flights is increasing. The FOCA is receiving more and more reports from the police and heliports.<\/p>\n<p><strong>Unauthorized flying with drones endangers safety on the ground and in the air.<\/strong><\/p>\n<p>#DroneSafeFlying is the name of the FOCA's information campaign. It is starting now. With catchy slogans such as \"I came, I saw, I flew elsewhere\", the FOCA refers to the applicable drone regulations. In order to specifically improve the level of safety, the campaign focuses on recurring scenarios such as flying over crowds of people, flying near a heliport, over nature reserves, sporting events and festivals.<\/p>\n<p>The FOCA distributes the information on its website, in social media and on posters. And it relies on cooperation: cantons, municipalities, clubs, organizers of sporting events, the hospitality and tourism industry all help to spread the message.<\/p>\n<p>More information: <a href=\"http:\/\/bazl.admin.ch\/drohnenkampagne\">bazl.admin.ch\/drone-campaign<\/a><\/p>\n<p><em>Source: FOCA<\/em><\/p>\n<p>&nbsp;<\/p>","protected":false},"excerpt":{"rendered":"<p>Menschen retten, Medikamente transportieren, Salat vor Pilzkrankheiten sch\u00fctzen, Rehkitze sichten, Hochzeitsfotos schiessen und, und, und \u2013 die Zahl der Drohnenoperationen nahm in den letzten Jahren stark zu. Gleichzeitig steigt die Anzahl unerlaubter Drohnenfl\u00fcge. Das BAZL verzeichnet immer mehr Meldungen der Polizei und Heliports. Nicht erlaubtes Fliegen mit Drohnen gef\u00e4hrdet die Sicherheit am Boden und in [&hellip;]<\/p>\n","protected":false},"author":31,"featured_media":23374,"comment_status":"closed","ping_status":"closed","sticky":false,"template":"","format":"standard","meta":{"_acf_changed":false,"pgc_sgb_lightbox_settings":"","footnotes":""},"categories":[3312],"tags":[515,162,5417],"class_list":["post-23373","post","type-post","status-publish","format-standard","has-post-thumbnail","hentry","category-sicherheit","tag-bazl","tag-drohnen","tag-flugsicherheit"],"acf":[],"hkrextid":null,"publication":null,"issue":null,"workflow":null,"startPage":null,"spitzmarke":null,"_posts_by_tag_page_fields":null,"_at_widget":null,"_yoast_wpseo_primary_category":"3312","_yoast_wpseo_focuskw_text_input":null,"_yoast_wpseo_opengraph-image":null,"_yoast_wpseo_opengraph-description":null,"_yoast_wpseo_opengraph-title":null,"enclosure":null,"_yoast_wpseo_twitter-title":null,"_yoast_wpseo_twitter-description":null,"_yoast_wpseo_twitter-image":null,"_wp_old_slug":null,"_yoast_wpseo_title":null,"_yoast_wpseo_canonical":null,"yoast_head":"<!-- This site is optimized with the Yoast SEO plugin v27.4 - https:\/\/yoast.com\/product\/yoast-seo-wordpress\/ -->\n<title>#DrohneSicherFliegen: Das BAZL kl\u00e4rt auf - Save<\/title>\n<meta name=\"description\" content=\"\u00dcber 80 000 registrierte Drohnen z\u00e4hlt die Schweiz; Tendenz steigend. Das BAZL lanciert die Kampagne #DrohneSicherFliegen f\u00fcr mehr Sicherheit.\" \/>\n<meta name=\"robots\" content=\"index, follow, max-snippet:-1, max-image-preview:large, max-video-preview:-1\" \/>\n<link rel=\"canonical\" href=\"https:\/\/news.save.ch\/en\/drohnesicherfliegen-das-bazl-klaert-auf\/\" \/>\n<meta property=\"og:locale\" content=\"en_US\" \/>\n<meta property=\"og:type\" content=\"article\" \/>\n<meta property=\"og:title\" content=\"#DrohneSicherFliegen: Das BAZL kl\u00e4rt auf - Save\" \/>\n<meta property=\"og:description\" content=\"\u00dcber 80 000 registrierte Drohnen z\u00e4hlt die Schweiz; Tendenz steigend. Das BAZL lanciert die Kampagne #DrohneSicherFliegen f\u00fcr mehr Sicherheit.\" \/>\n<meta property=\"og:url\" content=\"https:\/\/news.save.ch\/en\/drohnesicherfliegen-das-bazl-klaert-auf\/\" \/>\n<meta property=\"og:site_name\" content=\"Save\" \/>\n<meta property=\"article:published_time\" content=\"2024-07-25T14:31:34+00:00\" \/>\n<meta property=\"article:modified_time\" content=\"2024-07-25T14:31:37+00:00\" \/>\n<meta property=\"og:image\" content=\"https:\/\/news.save.ch\/wp-content\/uploads\/2024\/07\/Depositphotos_244558032_s-2019.jpg\" \/>\n\t<meta property=\"og:image:width\" content=\"1000\" \/>\n\t<meta property=\"og:image:height\" content=\"641\" \/>\n\t<meta property=\"og:image:type\" content=\"image\/jpeg\" \/>\n<meta name=\"author\" content=\"stefanie Zeng\" \/>\n<meta name=\"twitter:card\" content=\"summary_large_image\" \/>\n<meta name=\"twitter:label1\" content=\"Written by\" \/>\n\t<meta name=\"twitter:data1\" content=\"stefanie Zeng\" \/>\n\t<meta name=\"twitter:label2\" content=\"Est. reading time\" \/>\n\t<meta name=\"twitter:data2\" content=\"2 minutes\" \/>\n<script type=\"application\/ld+json\" class=\"yoast-schema-graph\">{\"@context\":\"https:\\\/\\\/schema.org\",\"@graph\":[{\"@type\":\"Article\",\"@id\":\"https:\\\/\\\/news.save.ch\\\/drohnesicherfliegen-das-bazl-klaert-auf\\\/#article\",\"isPartOf\":{\"@id\":\"https:\\\/\\\/news.save.ch\\\/drohnesicherfliegen-das-bazl-klaert-auf\\\/\"},\"author\":{\"name\":\"stefanie Zeng\",\"@id\":\"https:\\\/\\\/news.save.ch\\\/de\\\/#\\\/schema\\\/person\\\/10917387362b3961e882740f6cf6f2a2\"},\"headline\":\"#DrohneSicherFliegen: Das BAZL kl\u00e4rt auf\",\"datePublished\":\"2024-07-25T14:31:34+00:00\",\"dateModified\":\"2024-07-25T14:31:37+00:00\",\"mainEntityOfPage\":{\"@id\":\"https:\\\/\\\/news.save.ch\\\/drohnesicherfliegen-das-bazl-klaert-auf\\\/\"},\"wordCount\":173,\"publisher\":{\"@id\":\"https:\\\/\\\/news.save.ch\\\/de\\\/#organization\"},\"image\":{\"@id\":\"https:\\\/\\\/news.save.ch\\\/drohnesicherfliegen-das-bazl-klaert-auf\\\/#primaryimage\"},\"thumbnailUrl\":\"https:\\\/\\\/news.save.ch\\\/wp-content\\\/uploads\\\/2024\\\/07\\\/Depositphotos_244558032_s-2019.jpg\",\"keywords\":[\"BAZL\",\"Drohnen\",\"Flugsicherheit\"],\"articleSection\":[\"SICHERHEIT\"],\"inLanguage\":\"en-US\"},{\"@type\":\"WebPage\",\"@id\":\"https:\\\/\\\/news.save.ch\\\/drohnesicherfliegen-das-bazl-klaert-auf\\\/\",\"url\":\"https:\\\/\\\/news.save.ch\\\/drohnesicherfliegen-das-bazl-klaert-auf\\\/\",\"name\":\"#DrohneSicherFliegen: Das BAZL kl\u00e4rt auf - Save\",\"isPartOf\":{\"@id\":\"https:\\\/\\\/news.save.ch\\\/de\\\/#website\"},\"primaryImageOfPage\":{\"@id\":\"https:\\\/\\\/news.save.ch\\\/drohnesicherfliegen-das-bazl-klaert-auf\\\/#primaryimage\"},\"image\":{\"@id\":\"https:\\\/\\\/news.save.ch\\\/drohnesicherfliegen-das-bazl-klaert-auf\\\/#primaryimage\"},\"thumbnailUrl\":\"https:\\\/\\\/news.save.ch\\\/wp-content\\\/uploads\\\/2024\\\/07\\\/Depositphotos_244558032_s-2019.jpg\",\"datePublished\":\"2024-07-25T14:31:34+00:00\",\"dateModified\":\"2024-07-25T14:31:37+00:00\",\"description\":\"\u00dcber 80 000 registrierte Drohnen z\u00e4hlt die Schweiz; Tendenz steigend. Das BAZL lanciert die Kampagne #DrohneSicherFliegen f\u00fcr mehr Sicherheit.\",\"breadcrumb\":{\"@id\":\"https:\\\/\\\/news.save.ch\\\/drohnesicherfliegen-das-bazl-klaert-auf\\\/#breadcrumb\"},\"inLanguage\":\"en-US\",\"potentialAction\":[{\"@type\":\"ReadAction\",\"target\":[\"https:\\\/\\\/news.save.ch\\\/drohnesicherfliegen-das-bazl-klaert-auf\\\/\"]}]},{\"@type\":\"ImageObject\",\"inLanguage\":\"en-US\",\"@id\":\"https:\\\/\\\/news.save.ch\\\/drohnesicherfliegen-das-bazl-klaert-auf\\\/#primaryimage\",\"url\":\"https:\\\/\\\/news.save.ch\\\/wp-content\\\/uploads\\\/2024\\\/07\\\/Depositphotos_244558032_s-2019.jpg\",\"contentUrl\":\"https:\\\/\\\/news.save.ch\\\/wp-content\\\/uploads\\\/2024\\\/07\\\/Depositphotos_244558032_s-2019.jpg\",\"width\":1000,\"height\":641,\"caption\":\"Depositphotos\\\/Pakhnyushchyy\"},{\"@type\":\"BreadcrumbList\",\"@id\":\"https:\\\/\\\/news.save.ch\\\/drohnesicherfliegen-das-bazl-klaert-auf\\\/#breadcrumb\",\"itemListElement\":[{\"@type\":\"ListItem\",\"position\":1,\"name\":\"Home\",\"item\":\"https:\\\/\\\/news.save.ch\\\/de\\\/\"},{\"@type\":\"ListItem\",\"position\":2,\"name\":\"#DrohneSicherFliegen: Das BAZL kl\u00e4rt auf\"}]},{\"@type\":\"WebSite\",\"@id\":\"https:\\\/\\\/news.save.ch\\\/de\\\/#website\",\"url\":\"https:\\\/\\\/news.save.ch\\\/de\\\/\",\"name\":\"Save\",\"description\":\"Schweizer Fachzeitschrift f\u00fcr Sicherheit\",\"publisher\":{\"@id\":\"https:\\\/\\\/news.save.ch\\\/de\\\/#organization\"},\"potentialAction\":[{\"@type\":\"SearchAction\",\"target\":{\"@type\":\"EntryPoint\",\"urlTemplate\":\"https:\\\/\\\/news.save.ch\\\/de\\\/?s={search_term_string}\"},\"query-input\":{\"@type\":\"PropertyValueSpecification\",\"valueRequired\":true,\"valueName\":\"search_term_string\"}}],\"inLanguage\":\"en-US\"},{\"@type\":\"Organization\",\"@id\":\"https:\\\/\\\/news.save.ch\\\/de\\\/#organization\",\"name\":\"Sicherheitsforum\",\"url\":\"https:\\\/\\\/news.save.ch\\\/de\\\/\",\"logo\":{\"@type\":\"ImageObject\",\"inLanguage\":\"en-US\",\"@id\":\"https:\\\/\\\/news.save.ch\\\/de\\\/#\\\/schema\\\/logo\\\/image\\\/\",\"url\":\"https:\\\/\\\/news.save.ch\\\/wp-content\\\/uploads\\\/2022\\\/06\\\/Logo_SF_2012.png\",\"contentUrl\":\"https:\\\/\\\/news.save.ch\\\/wp-content\\\/uploads\\\/2022\\\/06\\\/Logo_SF_2012.png\",\"width\":1100,\"height\":91,\"caption\":\"Sicherheitsforum\"},\"image\":{\"@id\":\"https:\\\/\\\/news.save.ch\\\/de\\\/#\\\/schema\\\/logo\\\/image\\\/\"}},{\"@type\":\"Person\",\"@id\":\"https:\\\/\\\/news.save.ch\\\/de\\\/#\\\/schema\\\/person\\\/10917387362b3961e882740f6cf6f2a2\",\"name\":\"stefanie Zeng\",\"image\":{\"@type\":\"ImageObject\",\"inLanguage\":\"en-US\",\"@id\":\"https:\\\/\\\/secure.gravatar.com\\\/avatar\\\/eac43faa6e40bb2c41068c95c9d78bbd94c476d5efdff7abaab80bb3ea681e06?s=96&d=mm&r=g\",\"url\":\"https:\\\/\\\/secure.gravatar.com\\\/avatar\\\/eac43faa6e40bb2c41068c95c9d78bbd94c476d5efdff7abaab80bb3ea681e06?s=96&d=mm&r=g\",\"contentUrl\":\"https:\\\/\\\/secure.gravatar.com\\\/avatar\\\/eac43faa6e40bb2c41068c95c9d78bbd94c476d5efdff7abaab80bb3ea681e06?s=96&d=mm&r=g\",\"caption\":\"stefanie Zeng\"},\"url\":\"https:\\\/\\\/news.save.ch\\\/en\\\/author\\\/stefanie-zeng\\\/\"}]}<\/script>\n<!-- \/ Yoast SEO plugin. -->","yoast_head_json":{"title":"#DroneSafeFlying: The FOCA clarifies - Save","description":"Switzerland has over 80,000 registered drones, and the trend is rising. The FOCA is launching the #DroneSafeFlying campaign for greater safety.","robots":{"index":"index","follow":"follow","max-snippet":"max-snippet:-1","max-image-preview":"max-image-preview:large","max-video-preview":"max-video-preview:-1"},"canonical":"https:\/\/news.save.ch\/en\/drohnesicherfliegen-das-bazl-klaert-auf\/","og_locale":"en_US","og_type":"article","og_title":"#DrohneSicherFliegen: Das BAZL kl\u00e4rt auf - Save","og_description":"\u00dcber 80 000 registrierte Drohnen z\u00e4hlt die Schweiz; Tendenz steigend. Das BAZL lanciert die Kampagne #DrohneSicherFliegen f\u00fcr mehr Sicherheit.","og_url":"https:\/\/news.save.ch\/en\/drohnesicherfliegen-das-bazl-klaert-auf\/","og_site_name":"Save","article_published_time":"2024-07-25T14:31:34+00:00","article_modified_time":"2024-07-25T14:31:37+00:00","og_image":[{"width":1000,"height":641,"url":"https:\/\/news.save.ch\/wp-content\/uploads\/2024\/07\/Depositphotos_244558032_s-2019.jpg","type":"image\/jpeg"}],"author":"stefanie Zeng","twitter_card":"summary_large_image","twitter_misc":{"Written by":"stefanie Zeng","Est. reading time":"2 minutes"},"schema":{"@context":"https:\/\/schema.org","@graph":[{"@type":"Article","@id":"https:\/\/news.save.ch\/drohnesicherfliegen-das-bazl-klaert-auf\/#article","isPartOf":{"@id":"https:\/\/news.save.ch\/drohnesicherfliegen-das-bazl-klaert-auf\/"},"author":{"name":"stefanie Zeng","@id":"https:\/\/news.save.ch\/de\/#\/schema\/person\/10917387362b3961e882740f6cf6f2a2"},"headline":"#DrohneSicherFliegen: Das BAZL kl\u00e4rt auf","datePublished":"2024-07-25T14:31:34+00:00","dateModified":"2024-07-25T14:31:37+00:00","mainEntityOfPage":{"@id":"https:\/\/news.save.ch\/drohnesicherfliegen-das-bazl-klaert-auf\/"},"wordCount":173,"publisher":{"@id":"https:\/\/news.save.ch\/de\/#organization"},"image":{"@id":"https:\/\/news.save.ch\/drohnesicherfliegen-das-bazl-klaert-auf\/#primaryimage"},"thumbnailUrl":"https:\/\/news.save.ch\/wp-content\/uploads\/2024\/07\/Depositphotos_244558032_s-2019.jpg","keywords":["BAZL","Drohnen","Flugsicherheit"],"articleSection":["SICHERHEIT"],"inLanguage":"en-US"},{"@type":"WebPage","@id":"https:\/\/news.save.ch\/drohnesicherfliegen-das-bazl-klaert-auf\/","url":"https:\/\/news.save.ch\/drohnesicherfliegen-das-bazl-klaert-auf\/","name":"#DroneSafeFlying: The FOCA clarifies - Save","isPartOf":{"@id":"https:\/\/news.save.ch\/de\/#website"},"primaryImageOfPage":{"@id":"https:\/\/news.save.ch\/drohnesicherfliegen-das-bazl-klaert-auf\/#primaryimage"},"image":{"@id":"https:\/\/news.save.ch\/drohnesicherfliegen-das-bazl-klaert-auf\/#primaryimage"},"thumbnailUrl":"https:\/\/news.save.ch\/wp-content\/uploads\/2024\/07\/Depositphotos_244558032_s-2019.jpg","datePublished":"2024-07-25T14:31:34+00:00","dateModified":"2024-07-25T14:31:37+00:00","description":"Switzerland has over 80,000 registered drones, and the trend is rising. The FOCA is launching the #DroneSafeFlying campaign for greater safety.","breadcrumb":{"@id":"https:\/\/news.save.ch\/drohnesicherfliegen-das-bazl-klaert-auf\/#breadcrumb"},"inLanguage":"en-US","potentialAction":[{"@type":"ReadAction","target":["https:\/\/news.save.ch\/drohnesicherfliegen-das-bazl-klaert-auf\/"]}]},{"@type":"ImageObject","inLanguage":"en-US","@id":"https:\/\/news.save.ch\/drohnesicherfliegen-das-bazl-klaert-auf\/#primaryimage","url":"https:\/\/news.save.ch\/wp-content\/uploads\/2024\/07\/Depositphotos_244558032_s-2019.jpg","contentUrl":"https:\/\/news.save.ch\/wp-content\/uploads\/2024\/07\/Depositphotos_244558032_s-2019.jpg","width":1000,"height":641,"caption":"Depositphotos\/Pakhnyushchyy"},{"@type":"BreadcrumbList","@id":"https:\/\/news.save.ch\/drohnesicherfliegen-das-bazl-klaert-auf\/#breadcrumb","itemListElement":[{"@type":"ListItem","position":1,"name":"Home","item":"https:\/\/news.save.ch\/de\/"},{"@type":"ListItem","position":2,"name":"#DrohneSicherFliegen: Das BAZL kl\u00e4rt auf"}]},{"@type":"WebSite","@id":"https:\/\/news.save.ch\/de\/#website","url":"https:\/\/news.save.ch\/de\/","name":"Save","description":"Swiss trade journal for safety","publisher":{"@id":"https:\/\/news.save.ch\/de\/#organization"},"potentialAction":[{"@type":"SearchAction","target":{"@type":"EntryPoint","urlTemplate":"https:\/\/news.save.ch\/de\/?s={search_term_string}"},"query-input":{"@type":"PropertyValueSpecification","valueRequired":true,"valueName":"search_term_string"}}],"inLanguage":"en-US"},{"@type":"Organization","@id":"https:\/\/news.save.ch\/de\/#organization","name":"Security Forum","url":"https:\/\/news.save.ch\/de\/","logo":{"@type":"ImageObject","inLanguage":"en-US","@id":"https:\/\/news.save.ch\/de\/#\/schema\/logo\/image\/","url":"https:\/\/news.save.ch\/wp-content\/uploads\/2022\/06\/Logo_SF_2012.png","contentUrl":"https:\/\/news.save.ch\/wp-content\/uploads\/2022\/06\/Logo_SF_2012.png","width":1100,"height":91,"caption":"Sicherheitsforum"},"image":{"@id":"https:\/\/news.save.ch\/de\/#\/schema\/logo\/image\/"}},{"@type":"Person","@id":"https:\/\/news.save.ch\/de\/#\/schema\/person\/10917387362b3961e882740f6cf6f2a2","name":"Stefanie Zeng","image":{"@type":"ImageObject","inLanguage":"en-US","@id":"https:\/\/secure.gravatar.com\/avatar\/eac43faa6e40bb2c41068c95c9d78bbd94c476d5efdff7abaab80bb3ea681e06?s=96&d=mm&r=g","url":"https:\/\/secure.gravatar.com\/avatar\/eac43faa6e40bb2c41068c95c9d78bbd94c476d5efdff7abaab80bb3ea681e06?s=96&d=mm&r=g","contentUrl":"https:\/\/secure.gravatar.com\/avatar\/eac43faa6e40bb2c41068c95c9d78bbd94c476d5efdff7abaab80bb3ea681e06?s=96&d=mm&r=g","caption":"stefanie Zeng"},"url":"https:\/\/news.save.ch\/en\/author\/stefanie-zeng\/"}]}},"_links":{"self":[{"href":"https:\/\/news.save.ch\/en\/wp-json\/wp\/v2\/posts\/23373","targetHints":{"allow":["GET"]}}],"collection":[{"href":"https:\/\/news.save.ch\/en\/wp-json\/wp\/v2\/posts"}],"about":[{"href":"https:\/\/news.save.ch\/en\/wp-json\/wp\/v2\/types\/post"}],"author":[{"embeddable":true,"href":"https:\/\/news.save.ch\/en\/wp-json\/wp\/v2\/users\/31"}],"replies":[{"embeddable":true,"href":"https:\/\/news.save.ch\/en\/wp-json\/wp\/v2\/comments?post=23373"}],"version-history":[{"count":2,"href":"https:\/\/news.save.ch\/en\/wp-json\/wp\/v2\/posts\/23373\/revisions"}],"predecessor-version":[{"id":23376,"href":"https:\/\/news.save.ch\/en\/wp-json\/wp\/v2\/posts\/23373\/revisions\/23376"}],"wp:featuredmedia":[{"embeddable":true,"href":"https:\/\/news.save.ch\/en\/wp-json\/wp\/v2\/media\/23374"}],"wp:attachment":[{"href":"https:\/\/news.save.ch\/en\/wp-json\/wp\/v2\/media?parent=23373"}],"wp:term":[{"taxonomy":"category","embeddable":true,"href":"https:\/\/news.save.ch\/en\/wp-json\/wp\/v2\/categories?post=23373"},{"taxonomy":"post_tag","embeddable":true,"href":"https:\/\/news.save.ch\/en\/wp-json\/wp\/v2\/tags?post=23373"}],"curies":[{"name":"wp","href":"https:\/\/api.w.org\/{rel}","templated":true}]}}