{"id":23397,"date":"2024-07-29T12:56:26","date_gmt":"2024-07-29T10:56:26","guid":{"rendered":"https:\/\/news.save.ch\/?p=23397"},"modified":"2024-11-11T17:04:32","modified_gmt":"2024-11-11T16:04:32","slug":"new-voice-business-partner-tele-com-bergen-in-norwegen-erhaelt-den-premium-status","status":null,"type":"post","link":"https:\/\/news.save.ch\/en\/new-voice-business-partner-tele-com-bergen-in-norwegen-erhaelt-den-premium-status\/","title":{"rendered":"New Voice business partner Tele-Com Bergen in Norway receives premium status!"},"content":{"rendered":"<figure id=\"attachment_23399\" aria-describedby=\"caption-attachment-23399\" style=\"width: 1050px\" class=\"wp-caption alignnone\"><a href=\"https:\/\/news.save.ch\/en\/new-voice-business-partner-tele-com-bergen-in-norwegen-erhaelt-den-premium-status\/gruppenbild_u%cc%88bergabe_6\/\" rel=\"attachment wp-att-23399\"><img loading=\"lazy\" decoding=\"async\" class=\"wp-image-23399 size-full\" src=\"https:\/\/news.save.ch\/wp-content\/uploads\/2024\/07\/Gruppenbild_Uebergabe_6-scaled.jpg\" alt=\"\" width=\"1050\" height=\"1400\" srcset=\"https:\/\/news.save.ch\/wp-content\/uploads\/2024\/07\/Gruppenbild_Uebergabe_6-scaled.jpg 900w, https:\/\/news.save.ch\/wp-content\/uploads\/2024\/07\/Gruppenbild_Uebergabe_6-680x907.jpg 680w, https:\/\/news.save.ch\/wp-content\/uploads\/2024\/07\/Gruppenbild_Uebergabe_6-768x1024.jpg 768w, https:\/\/news.save.ch\/wp-content\/uploads\/2024\/07\/Gruppenbild_Uebergabe_6-1152x1536.jpg 1152w, https:\/\/news.save.ch\/wp-content\/uploads\/2024\/07\/Gruppenbild_Uebergabe_6-9x12.jpg 9w, https:\/\/news.save.ch\/wp-content\/uploads\/2024\/07\/Gruppenbild_Uebergabe_6-225x300.jpg 225w, https:\/\/news.save.ch\/wp-content\/uploads\/2024\/07\/Gruppenbild_Uebergabe_6-263x350.jpg 263w, https:\/\/news.save.ch\/wp-content\/uploads\/2024\/07\/Gruppenbild_Uebergabe_6-600x800.jpg 600w\" sizes=\"auto, (max-width: 1050px) 100vw, 1050px\" \/><\/a><figcaption id=\"caption-attachment-23399\" class=\"wp-caption-text\">Photo: New Voice<\/figcaption><\/figure>\n<p>On the occasion of the sales and technician training in Bergen, Thomas Wartensteiner (right), responsible for international strategic projects and in future also responsible for partner support in Norway, presents the \"Premium Partner\" certificate to Simen Almestad, Head of Projects and Technology.<\/p>\n<p>Tele-Com Bergen has been selling, planning, installing and supporting the MobiCall alarm application for over 10 years, mainly for administrations, schools, hospitals, retirement homes and emergency control centers. The partner has also implemented the first hybrid cloud projects based on the MobiCall \"Unified Alarm Event Communication\" platform.<\/p>\n<p>At this point, we would like to mention the \"Trigger\" project in Bergen as a lighthouse project. An emergency call center based on a redundantly designed MobiCall application for around 5,000 private households, apartments with care and people in need of care who live alone. For security reasons, specially monitored devices are used to trigger emergency calls. In the event of a call for help, the staff in the 24\/7 control center are able to immediately initiate the necessary steps based on detailed information (location, customer information, action plan, etc.). And thus possibly save lives!<\/p>\n<p>The hands-free system is also activated in order to speak directly to the person seeking help, if this is still possible.<\/p>\n<p>Our partner also meets the high customer requirements in terms of operational support and service quality thanks to its trained MobiCall system specialists.<\/p>\n<p>New Voice would like to congratulate and thank you for the cooperative partnership over the past years and we are already looking forward to further interesting projects!<\/p>\n<p><em>Source: New Voice<\/em><\/p>","protected":false},"excerpt":{"rendered":"<p>Anl\u00e4sslich der Verkaufs- und Technikerschulung in Bergen \u00fcberreicht Thomas Wartensteiner (Bild rechts), zust\u00e4ndig f\u00fcr internationale strategische Projekte und in Zukunft auch verantwortlich f\u00fcr die Partnerbetreuung in Norwegen, dem Leiter Projekte und Technik Simen Almestad das Zertifikat \u00abPremium Partner\u00bb. Tele-Com Bergen verkauft, projektiert, installiert und unterst\u00fctzt seit \u00fcber 10 Jahren die MobiCall-Alarmierungsapplikation haupts\u00e4chlich f\u00fcr Verwaltungen, Schulen, [&hellip;]<\/p>\n","protected":false},"author":31,"featured_media":23399,"comment_status":"closed","ping_status":"closed","sticky":false,"template":"","format":"standard","meta":{"_acf_changed":false,"pgc_sgb_lightbox_settings":"","footnotes":""},"categories":[1],"tags":[6508,6509,6495,6494,6510],"class_list":["post-23397","post","type-post","status-publish","format-standard","has-post-thumbnail","hentry","category-allgemein","tag-alarmierungsapplikation","tag-bergen","tag-mobicall","tag-premium-partner","tag-tele-com"],"acf":[],"hkrextid":null,"publication":null,"issue":null,"workflow":null,"startPage":null,"spitzmarke":null,"_posts_by_tag_page_fields":null,"_at_widget":null,"_yoast_wpseo_primary_category":"","_yoast_wpseo_focuskw_text_input":null,"_yoast_wpseo_opengraph-image":null,"_yoast_wpseo_opengraph-description":null,"_yoast_wpseo_opengraph-title":null,"enclosure":null,"_yoast_wpseo_twitter-title":null,"_yoast_wpseo_twitter-description":null,"_yoast_wpseo_twitter-image":null,"_wp_old_slug":null,"_yoast_wpseo_title":null,"_yoast_wpseo_canonical":null,"yoast_head":"<!-- This site is optimized with the Yoast SEO plugin v27.5 - https:\/\/yoast.com\/product\/yoast-seo-wordpress\/ -->\n<title>New Voice Business-Partner Tele-Com Bergen in Norwegen erh\u00e4lt den Premium-Status! - Save<\/title>\n<meta name=\"description\" content=\"Tele-Com Bergen hat im Rahmen einer Schulung in Bergen das begehrte Zertifikat \u00abPremium Partner\u00bb von New Voice erhalten.\" \/>\n<meta name=\"robots\" content=\"index, follow, max-snippet:-1, max-image-preview:large, max-video-preview:-1\" \/>\n<link rel=\"canonical\" href=\"https:\/\/news.save.ch\/en\/new-voice-business-partner-tele-com-bergen-in-norwegen-erhaelt-den-premium-status\/\" \/>\n<meta property=\"og:locale\" content=\"en_US\" \/>\n<meta property=\"og:type\" content=\"article\" \/>\n<meta property=\"og:title\" content=\"New Voice Business-Partner Tele-Com Bergen in Norwegen erh\u00e4lt den Premium-Status! - Save\" \/>\n<meta property=\"og:description\" content=\"Tele-Com Bergen hat im Rahmen einer Schulung in Bergen das begehrte Zertifikat \u00abPremium Partner\u00bb von New Voice erhalten.\" \/>\n<meta property=\"og:url\" content=\"https:\/\/news.save.ch\/en\/new-voice-business-partner-tele-com-bergen-in-norwegen-erhaelt-den-premium-status\/\" \/>\n<meta property=\"og:site_name\" content=\"Save\" \/>\n<meta property=\"article:published_time\" content=\"2024-07-29T10:56:26+00:00\" \/>\n<meta property=\"article:modified_time\" content=\"2024-11-11T16:04:32+00:00\" \/>\n<meta property=\"og:image\" content=\"https:\/\/news.save.ch\/wp-content\/uploads\/2024\/07\/Gruppenbild_Uebergabe_6-scaled.jpg\" \/>\n\t<meta property=\"og:image:width\" content=\"900\" \/>\n\t<meta property=\"og:image:height\" content=\"1200\" \/>\n\t<meta property=\"og:image:type\" content=\"image\/jpeg\" \/>\n<meta name=\"author\" content=\"stefanie Zeng\" \/>\n<meta name=\"twitter:card\" content=\"summary_large_image\" \/>\n<meta name=\"twitter:label1\" content=\"Written by\" \/>\n\t<meta name=\"twitter:data1\" content=\"stefanie Zeng\" \/>\n\t<meta name=\"twitter:label2\" content=\"Est. reading time\" \/>\n\t<meta name=\"twitter:data2\" content=\"2 minutes\" \/>\n<script type=\"application\/ld+json\" class=\"yoast-schema-graph\">{\"@context\":\"https:\\\/\\\/schema.org\",\"@graph\":[{\"@type\":\"Article\",\"@id\":\"https:\\\/\\\/news.save.ch\\\/new-voice-business-partner-tele-com-bergen-in-norwegen-erhaelt-den-premium-status\\\/#article\",\"isPartOf\":{\"@id\":\"https:\\\/\\\/news.save.ch\\\/new-voice-business-partner-tele-com-bergen-in-norwegen-erhaelt-den-premium-status\\\/\"},\"author\":{\"name\":\"stefanie Zeng\",\"@id\":\"https:\\\/\\\/news.save.ch\\\/de\\\/#\\\/schema\\\/person\\\/10917387362b3961e882740f6cf6f2a2\"},\"headline\":\"New Voice Business-Partner Tele-Com Bergen in Norwegen erh\u00e4lt den Premium-Status!\",\"datePublished\":\"2024-07-29T10:56:26+00:00\",\"dateModified\":\"2024-11-11T16:04:32+00:00\",\"mainEntityOfPage\":{\"@id\":\"https:\\\/\\\/news.save.ch\\\/new-voice-business-partner-tele-com-bergen-in-norwegen-erhaelt-den-premium-status\\\/\"},\"wordCount\":255,\"publisher\":{\"@id\":\"https:\\\/\\\/news.save.ch\\\/de\\\/#organization\"},\"image\":{\"@id\":\"https:\\\/\\\/news.save.ch\\\/new-voice-business-partner-tele-com-bergen-in-norwegen-erhaelt-den-premium-status\\\/#primaryimage\"},\"thumbnailUrl\":\"https:\\\/\\\/news.save.ch\\\/wp-content\\\/uploads\\\/2024\\\/07\\\/Gruppenbild_Uebergabe_6-scaled.jpg\",\"keywords\":[\"Alarmierungsapplikation\",\"Bergen\",\"MobiCall\",\"Premium Partner\",\"Tele-Com\"],\"articleSection\":[\"ALLGEMEIN\"],\"inLanguage\":\"en-US\"},{\"@type\":\"WebPage\",\"@id\":\"https:\\\/\\\/news.save.ch\\\/new-voice-business-partner-tele-com-bergen-in-norwegen-erhaelt-den-premium-status\\\/\",\"url\":\"https:\\\/\\\/news.save.ch\\\/new-voice-business-partner-tele-com-bergen-in-norwegen-erhaelt-den-premium-status\\\/\",\"name\":\"New Voice Business-Partner Tele-Com Bergen in Norwegen erh\u00e4lt den Premium-Status! - Save\",\"isPartOf\":{\"@id\":\"https:\\\/\\\/news.save.ch\\\/de\\\/#website\"},\"primaryImageOfPage\":{\"@id\":\"https:\\\/\\\/news.save.ch\\\/new-voice-business-partner-tele-com-bergen-in-norwegen-erhaelt-den-premium-status\\\/#primaryimage\"},\"image\":{\"@id\":\"https:\\\/\\\/news.save.ch\\\/new-voice-business-partner-tele-com-bergen-in-norwegen-erhaelt-den-premium-status\\\/#primaryimage\"},\"thumbnailUrl\":\"https:\\\/\\\/news.save.ch\\\/wp-content\\\/uploads\\\/2024\\\/07\\\/Gruppenbild_Uebergabe_6-scaled.jpg\",\"datePublished\":\"2024-07-29T10:56:26+00:00\",\"dateModified\":\"2024-11-11T16:04:32+00:00\",\"description\":\"Tele-Com Bergen hat im Rahmen einer Schulung in Bergen das begehrte Zertifikat \u00abPremium Partner\u00bb von New Voice erhalten.\",\"breadcrumb\":{\"@id\":\"https:\\\/\\\/news.save.ch\\\/new-voice-business-partner-tele-com-bergen-in-norwegen-erhaelt-den-premium-status\\\/#breadcrumb\"},\"inLanguage\":\"en-US\",\"potentialAction\":[{\"@type\":\"ReadAction\",\"target\":[\"https:\\\/\\\/news.save.ch\\\/new-voice-business-partner-tele-com-bergen-in-norwegen-erhaelt-den-premium-status\\\/\"]}]},{\"@type\":\"ImageObject\",\"inLanguage\":\"en-US\",\"@id\":\"https:\\\/\\\/news.save.ch\\\/new-voice-business-partner-tele-com-bergen-in-norwegen-erhaelt-den-premium-status\\\/#primaryimage\",\"url\":\"https:\\\/\\\/news.save.ch\\\/wp-content\\\/uploads\\\/2024\\\/07\\\/Gruppenbild_Uebergabe_6-scaled.jpg\",\"contentUrl\":\"https:\\\/\\\/news.save.ch\\\/wp-content\\\/uploads\\\/2024\\\/07\\\/Gruppenbild_Uebergabe_6-scaled.jpg\",\"width\":900,\"height\":1200},{\"@type\":\"BreadcrumbList\",\"@id\":\"https:\\\/\\\/news.save.ch\\\/new-voice-business-partner-tele-com-bergen-in-norwegen-erhaelt-den-premium-status\\\/#breadcrumb\",\"itemListElement\":[{\"@type\":\"ListItem\",\"position\":1,\"name\":\"Home\",\"item\":\"https:\\\/\\\/news.save.ch\\\/de\\\/\"},{\"@type\":\"ListItem\",\"position\":2,\"name\":\"New Voice Business-Partner Tele-Com Bergen in Norwegen erh\u00e4lt den Premium-Status!\"}]},{\"@type\":\"WebSite\",\"@id\":\"https:\\\/\\\/news.save.ch\\\/de\\\/#website\",\"url\":\"https:\\\/\\\/news.save.ch\\\/de\\\/\",\"name\":\"Save\",\"description\":\"Schweizer Fachzeitschrift f\u00fcr Sicherheit\",\"publisher\":{\"@id\":\"https:\\\/\\\/news.save.ch\\\/de\\\/#organization\"},\"potentialAction\":[{\"@type\":\"SearchAction\",\"target\":{\"@type\":\"EntryPoint\",\"urlTemplate\":\"https:\\\/\\\/news.save.ch\\\/de\\\/?s={search_term_string}\"},\"query-input\":{\"@type\":\"PropertyValueSpecification\",\"valueRequired\":true,\"valueName\":\"search_term_string\"}}],\"inLanguage\":\"en-US\"},{\"@type\":\"Organization\",\"@id\":\"https:\\\/\\\/news.save.ch\\\/de\\\/#organization\",\"name\":\"Sicherheitsforum\",\"url\":\"https:\\\/\\\/news.save.ch\\\/de\\\/\",\"logo\":{\"@type\":\"ImageObject\",\"inLanguage\":\"en-US\",\"@id\":\"https:\\\/\\\/news.save.ch\\\/de\\\/#\\\/schema\\\/logo\\\/image\\\/\",\"url\":\"https:\\\/\\\/news.save.ch\\\/wp-content\\\/uploads\\\/2022\\\/06\\\/Logo_SF_2012.png\",\"contentUrl\":\"https:\\\/\\\/news.save.ch\\\/wp-content\\\/uploads\\\/2022\\\/06\\\/Logo_SF_2012.png\",\"width\":1100,\"height\":91,\"caption\":\"Sicherheitsforum\"},\"image\":{\"@id\":\"https:\\\/\\\/news.save.ch\\\/de\\\/#\\\/schema\\\/logo\\\/image\\\/\"}},{\"@type\":\"Person\",\"@id\":\"https:\\\/\\\/news.save.ch\\\/de\\\/#\\\/schema\\\/person\\\/10917387362b3961e882740f6cf6f2a2\",\"name\":\"stefanie Zeng\",\"image\":{\"@type\":\"ImageObject\",\"inLanguage\":\"en-US\",\"@id\":\"https:\\\/\\\/secure.gravatar.com\\\/avatar\\\/eac43faa6e40bb2c41068c95c9d78bbd94c476d5efdff7abaab80bb3ea681e06?s=96&d=mm&r=g\",\"url\":\"https:\\\/\\\/secure.gravatar.com\\\/avatar\\\/eac43faa6e40bb2c41068c95c9d78bbd94c476d5efdff7abaab80bb3ea681e06?s=96&d=mm&r=g\",\"contentUrl\":\"https:\\\/\\\/secure.gravatar.com\\\/avatar\\\/eac43faa6e40bb2c41068c95c9d78bbd94c476d5efdff7abaab80bb3ea681e06?s=96&d=mm&r=g\",\"caption\":\"stefanie Zeng\"},\"url\":\"https:\\\/\\\/news.save.ch\\\/en\\\/author\\\/stefanie-zeng\\\/\"}]}<\/script>\n<!-- \/ Yoast SEO plugin. -->","yoast_head_json":{"title":"New Voice business partner Tele-Com Bergen in Norway receives premium status! - Save","description":"Tele-Com Bergen received the coveted \"Premium Partner\" certificate from New Voice during a training course in Bergen.","robots":{"index":"index","follow":"follow","max-snippet":"max-snippet:-1","max-image-preview":"max-image-preview:large","max-video-preview":"max-video-preview:-1"},"canonical":"https:\/\/news.save.ch\/en\/new-voice-business-partner-tele-com-bergen-in-norwegen-erhaelt-den-premium-status\/","og_locale":"en_US","og_type":"article","og_title":"New Voice Business-Partner Tele-Com Bergen in Norwegen erh\u00e4lt den Premium-Status! - Save","og_description":"Tele-Com Bergen hat im Rahmen einer Schulung in Bergen das begehrte Zertifikat \u00abPremium Partner\u00bb von New Voice erhalten.","og_url":"https:\/\/news.save.ch\/en\/new-voice-business-partner-tele-com-bergen-in-norwegen-erhaelt-den-premium-status\/","og_site_name":"Save","article_published_time":"2024-07-29T10:56:26+00:00","article_modified_time":"2024-11-11T16:04:32+00:00","og_image":[{"width":900,"height":1200,"url":"https:\/\/news.save.ch\/wp-content\/uploads\/2024\/07\/Gruppenbild_Uebergabe_6-scaled.jpg","type":"image\/jpeg"}],"author":"stefanie Zeng","twitter_card":"summary_large_image","twitter_misc":{"Written by":"stefanie Zeng","Est. reading time":"2 minutes"},"schema":{"@context":"https:\/\/schema.org","@graph":[{"@type":"Article","@id":"https:\/\/news.save.ch\/new-voice-business-partner-tele-com-bergen-in-norwegen-erhaelt-den-premium-status\/#article","isPartOf":{"@id":"https:\/\/news.save.ch\/new-voice-business-partner-tele-com-bergen-in-norwegen-erhaelt-den-premium-status\/"},"author":{"name":"stefanie Zeng","@id":"https:\/\/news.save.ch\/de\/#\/schema\/person\/10917387362b3961e882740f6cf6f2a2"},"headline":"New Voice Business-Partner Tele-Com Bergen in Norwegen erh\u00e4lt den Premium-Status!","datePublished":"2024-07-29T10:56:26+00:00","dateModified":"2024-11-11T16:04:32+00:00","mainEntityOfPage":{"@id":"https:\/\/news.save.ch\/new-voice-business-partner-tele-com-bergen-in-norwegen-erhaelt-den-premium-status\/"},"wordCount":255,"publisher":{"@id":"https:\/\/news.save.ch\/de\/#organization"},"image":{"@id":"https:\/\/news.save.ch\/new-voice-business-partner-tele-com-bergen-in-norwegen-erhaelt-den-premium-status\/#primaryimage"},"thumbnailUrl":"https:\/\/news.save.ch\/wp-content\/uploads\/2024\/07\/Gruppenbild_Uebergabe_6-scaled.jpg","keywords":["Alarmierungsapplikation","Bergen","MobiCall","Premium Partner","Tele-Com"],"articleSection":["ALLGEMEIN"],"inLanguage":"en-US"},{"@type":"WebPage","@id":"https:\/\/news.save.ch\/new-voice-business-partner-tele-com-bergen-in-norwegen-erhaelt-den-premium-status\/","url":"https:\/\/news.save.ch\/new-voice-business-partner-tele-com-bergen-in-norwegen-erhaelt-den-premium-status\/","name":"New Voice business partner Tele-Com Bergen in Norway receives premium status! - Save","isPartOf":{"@id":"https:\/\/news.save.ch\/de\/#website"},"primaryImageOfPage":{"@id":"https:\/\/news.save.ch\/new-voice-business-partner-tele-com-bergen-in-norwegen-erhaelt-den-premium-status\/#primaryimage"},"image":{"@id":"https:\/\/news.save.ch\/new-voice-business-partner-tele-com-bergen-in-norwegen-erhaelt-den-premium-status\/#primaryimage"},"thumbnailUrl":"https:\/\/news.save.ch\/wp-content\/uploads\/2024\/07\/Gruppenbild_Uebergabe_6-scaled.jpg","datePublished":"2024-07-29T10:56:26+00:00","dateModified":"2024-11-11T16:04:32+00:00","description":"Tele-Com Bergen received the coveted \"Premium Partner\" certificate from New Voice during a training course in Bergen.","breadcrumb":{"@id":"https:\/\/news.save.ch\/new-voice-business-partner-tele-com-bergen-in-norwegen-erhaelt-den-premium-status\/#breadcrumb"},"inLanguage":"en-US","potentialAction":[{"@type":"ReadAction","target":["https:\/\/news.save.ch\/new-voice-business-partner-tele-com-bergen-in-norwegen-erhaelt-den-premium-status\/"]}]},{"@type":"ImageObject","inLanguage":"en-US","@id":"https:\/\/news.save.ch\/new-voice-business-partner-tele-com-bergen-in-norwegen-erhaelt-den-premium-status\/#primaryimage","url":"https:\/\/news.save.ch\/wp-content\/uploads\/2024\/07\/Gruppenbild_Uebergabe_6-scaled.jpg","contentUrl":"https:\/\/news.save.ch\/wp-content\/uploads\/2024\/07\/Gruppenbild_Uebergabe_6-scaled.jpg","width":900,"height":1200},{"@type":"BreadcrumbList","@id":"https:\/\/news.save.ch\/new-voice-business-partner-tele-com-bergen-in-norwegen-erhaelt-den-premium-status\/#breadcrumb","itemListElement":[{"@type":"ListItem","position":1,"name":"Home","item":"https:\/\/news.save.ch\/de\/"},{"@type":"ListItem","position":2,"name":"New Voice Business-Partner Tele-Com Bergen in Norwegen erh\u00e4lt den Premium-Status!"}]},{"@type":"WebSite","@id":"https:\/\/news.save.ch\/de\/#website","url":"https:\/\/news.save.ch\/de\/","name":"Save","description":"Swiss trade journal for safety","publisher":{"@id":"https:\/\/news.save.ch\/de\/#organization"},"potentialAction":[{"@type":"SearchAction","target":{"@type":"EntryPoint","urlTemplate":"https:\/\/news.save.ch\/de\/?s={search_term_string}"},"query-input":{"@type":"PropertyValueSpecification","valueRequired":true,"valueName":"search_term_string"}}],"inLanguage":"en-US"},{"@type":"Organization","@id":"https:\/\/news.save.ch\/de\/#organization","name":"Security Forum","url":"https:\/\/news.save.ch\/de\/","logo":{"@type":"ImageObject","inLanguage":"en-US","@id":"https:\/\/news.save.ch\/de\/#\/schema\/logo\/image\/","url":"https:\/\/news.save.ch\/wp-content\/uploads\/2022\/06\/Logo_SF_2012.png","contentUrl":"https:\/\/news.save.ch\/wp-content\/uploads\/2022\/06\/Logo_SF_2012.png","width":1100,"height":91,"caption":"Sicherheitsforum"},"image":{"@id":"https:\/\/news.save.ch\/de\/#\/schema\/logo\/image\/"}},{"@type":"Person","@id":"https:\/\/news.save.ch\/de\/#\/schema\/person\/10917387362b3961e882740f6cf6f2a2","name":"Stefanie Zeng","image":{"@type":"ImageObject","inLanguage":"en-US","@id":"https:\/\/secure.gravatar.com\/avatar\/eac43faa6e40bb2c41068c95c9d78bbd94c476d5efdff7abaab80bb3ea681e06?s=96&d=mm&r=g","url":"https:\/\/secure.gravatar.com\/avatar\/eac43faa6e40bb2c41068c95c9d78bbd94c476d5efdff7abaab80bb3ea681e06?s=96&d=mm&r=g","contentUrl":"https:\/\/secure.gravatar.com\/avatar\/eac43faa6e40bb2c41068c95c9d78bbd94c476d5efdff7abaab80bb3ea681e06?s=96&d=mm&r=g","caption":"stefanie Zeng"},"url":"https:\/\/news.save.ch\/en\/author\/stefanie-zeng\/"}]}},"_links":{"self":[{"href":"https:\/\/news.save.ch\/en\/wp-json\/wp\/v2\/posts\/23397","targetHints":{"allow":["GET"]}}],"collection":[{"href":"https:\/\/news.save.ch\/en\/wp-json\/wp\/v2\/posts"}],"about":[{"href":"https:\/\/news.save.ch\/en\/wp-json\/wp\/v2\/types\/post"}],"author":[{"embeddable":true,"href":"https:\/\/news.save.ch\/en\/wp-json\/wp\/v2\/users\/31"}],"replies":[{"embeddable":true,"href":"https:\/\/news.save.ch\/en\/wp-json\/wp\/v2\/comments?post=23397"}],"version-history":[{"count":3,"href":"https:\/\/news.save.ch\/en\/wp-json\/wp\/v2\/posts\/23397\/revisions"}],"predecessor-version":[{"id":23401,"href":"https:\/\/news.save.ch\/en\/wp-json\/wp\/v2\/posts\/23397\/revisions\/23401"}],"wp:featuredmedia":[{"embeddable":true,"href":"https:\/\/news.save.ch\/en\/wp-json\/wp\/v2\/media\/23399"}],"wp:attachment":[{"href":"https:\/\/news.save.ch\/en\/wp-json\/wp\/v2\/media?parent=23397"}],"wp:term":[{"taxonomy":"category","embeddable":true,"href":"https:\/\/news.save.ch\/en\/wp-json\/wp\/v2\/categories?post=23397"},{"taxonomy":"post_tag","embeddable":true,"href":"https:\/\/news.save.ch\/en\/wp-json\/wp\/v2\/tags?post=23397"}],"curies":[{"name":"wp","href":"https:\/\/api.w.org\/{rel}","templated":true}]}}