{"id":2340,"date":"2016-09-01T08:57:09","date_gmt":"2016-09-01T06:57:09","guid":{"rendered":"https:\/\/dev.sicherheitsforum.ch\/?p=2340"},"modified":"2016-09-01T08:57:09","modified_gmt":"2016-09-01T06:57:09","slug":"fuehrungswechsel-bei-exhibit-more","status":null,"type":"post","link":"https:\/\/news.save.ch\/en\/fuehrungswechsel-bei-exhibit-more\/","title":{"rendered":"Change of management at Exhibit &amp; More"},"content":{"rendered":"<figure id=\"attachment_2343\" aria-describedby=\"caption-attachment-2343\" style=\"width: 667px\" class=\"wp-caption alignnone\"><img loading=\"lazy\" decoding=\"async\" class=\"size-medium wp-image-2343\" src=\"https:\/\/news.save.ch\/wp-content\/uploads\/2016\/12\/Fuehrungswechsel-bei-Exhibit-More_sicherheitsforum-scaled-1.jpg\" alt=\"\" width=\"667\" height=\"1000\" \/><figcaption id=\"caption-attachment-2343\" class=\"wp-caption-text\">Iris Sorgalla<\/figcaption><\/figure>\n<p>Iris Sorgalla has been a member of the Executive Board of Exhibit &amp; More AG since 2009 and has led the subsidiary, which belongs to the MCH Group, as Managing Director since 2011, the organizer of specialist exhibitions writes. In addition to the strategic management of the company, Sorgalla is responsible for the expansion of the exhibition portfolio and the direct management of the trade fairs. <a href=\"https:\/\/www.exhibitandmore.ch\/de\/swisstech\" target=\"_blank\" rel=\"noreferrer noopener\" data-cke-saved-href=\"https:\/\/www.exhibitandmore.ch\/de\/swisstech\">Swisstech<\/a> and <a href=\"https:\/\/www.prodex.ch\/htm\/willkommen.htm\" target=\"_blank\" rel=\"noreferrer noopener\" data-cke-saved-href=\"https:\/\/www.prodex.ch\/htm\/willkommen.htm\">Prodex<\/a>. According to the organizer, it has succeeded in consistently developing and successfully positioning the company and the trade show products despite substantial market and industry-related challenges.<\/p>\n<p>Iris Sorgalla has already been working in the trade show industry for 25 years. \"I love the trade show business, but after all the exciting and intense professional years, I am looking forward to a career break,\" says Sorgalla.<\/p>\n<p>She will continue to support and complete all ongoing projects and exhibitions in 2016. The position of managing director will be filled as of 2017, Exhibit &amp; More AG writes in its statement. The organizer organizes, among others, the trade fairs <a href=\"https:\/\/www.sicherheit-messe.ch\" target=\"_blank\" rel=\"noreferrer noopener\" data-cke-saved-href=\"https:\/\/www.sicherheit-messe.ch\">Security<\/a> in Zurich and the <a href=\"https:\/\/www.securite-expo.ch\" target=\"_blank\" rel=\"noreferrer noopener\" data-cke-saved-href=\"https:\/\/www.securite-expo.ch\">S\u00e9curit\u00e9<\/a> at the Expo Beaulieu Lausanne. There is a media partnership for the \"SicherheitsForum\" and the \"Forum S\u00e9curit\u00e9\" with each of the two specialist events mentioned.<\/p>","protected":false},"excerpt":{"rendered":"<p>Iris Sorgalla ist seit 2009 Mitglied der Gesch\u00e4ftsleitung der Exhibit &amp; More AG und f\u00fchrt die zur MCH Group geh\u00f6rende Tochtergesellschaft seit 2011 als Managing Director, wie die Veranstalterin von Fachmessen schreibt. Neben der strategischen F\u00fchrung der Unternehmung sei Sorgalla verantwortlich f\u00fcr den Ausbau des Messeportfolios und die direkte Leitung der Fachmessen Swisstech und Prodex. [&hellip;]<\/p>\n","protected":false},"author":1,"featured_media":2343,"comment_status":"open","ping_status":"open","sticky":false,"template":"","format":"standard","meta":{"_acf_changed":false,"pgc_sgb_lightbox_settings":"","footnotes":""},"categories":[1],"tags":[84,65],"class_list":["post-2340","post","type-post","status-publish","format-standard","has-post-thumbnail","hentry","category-allgemein","tag-fachkongressfachmesse","tag-unternehmen"],"acf":[],"hkrextid":null,"publication":null,"issue":null,"workflow":null,"startPage":null,"spitzmarke":null,"_posts_by_tag_page_fields":{"widget_title":"","widget_tags":""},"_at_widget":"1","_yoast_wpseo_primary_category":"","_yoast_wpseo_focuskw_text_input":"Exhibit & More","_yoast_wpseo_opengraph-image":"https:\/\/news.save.ch\/wp-content\/uploads\/2016\/12\/F\u00fchrungswechsel-bei-Exhibit-More_sicherheitsforum.jpg","_yoast_wpseo_opengraph-description":"Nach f\u00fcnfj\u00e4hriger T\u00e4tigkeit an der Spitze des Messeveranstalters Exhibit & More hat sich Iris Sorgalla entschieden, das Unternehmen per Ende November 2016 zu verlassen.","_yoast_wpseo_opengraph-title":"F\u00fchrungswechsel bei Exhibit & More","enclosure":null,"_yoast_wpseo_twitter-title":null,"_yoast_wpseo_twitter-description":null,"_yoast_wpseo_twitter-image":null,"_wp_old_slug":null,"_yoast_wpseo_title":null,"_yoast_wpseo_canonical":null,"yoast_head":"<!-- This site is optimized with the Yoast SEO plugin v27.5 - https:\/\/yoast.com\/product\/yoast-seo-wordpress\/ -->\n<title>F\u00fchrungswechsel bei Exhibit &amp; More - Save<\/title>\n<meta name=\"description\" content=\"Nach f\u00fcnf Jahren an der Spitze des Messeveranstalters Exhibit &amp; More hat sich Iris Sorgalla entschieden, das Unternehmen Ende November 2016 zu verlassen.\" \/>\n<meta name=\"robots\" content=\"index, follow, max-snippet:-1, max-image-preview:large, max-video-preview:-1\" \/>\n<link rel=\"canonical\" href=\"https:\/\/news.save.ch\/en\/fuehrungswechsel-bei-exhibit-more\/\" \/>\n<meta property=\"og:locale\" content=\"en_US\" \/>\n<meta property=\"og:type\" content=\"article\" \/>\n<meta property=\"og:title\" content=\"F\u00fchrungswechsel bei Exhibit &amp; More\" \/>\n<meta property=\"og:description\" content=\"Nach f\u00fcnfj\u00e4hriger T\u00e4tigkeit an der Spitze des Messeveranstalters Exhibit &amp; More hat sich Iris Sorgalla entschieden, das Unternehmen per Ende November 2016 zu verlassen.\" \/>\n<meta property=\"og:url\" content=\"https:\/\/news.save.ch\/en\/fuehrungswechsel-bei-exhibit-more\/\" \/>\n<meta property=\"og:site_name\" content=\"Save\" \/>\n<meta property=\"article:published_time\" content=\"2016-09-01T06:57:09+00:00\" \/>\n<meta property=\"og:image\" content=\"https:\/\/news.save.ch\/wp-content\/uploads\/2016\/12\/F\u00fchrungswechsel-bei-Exhibit-More_sicherheitsforum.jpg\" \/>\n<meta name=\"author\" content=\"admin\" \/>\n<meta name=\"twitter:card\" content=\"summary_large_image\" \/>\n<meta name=\"twitter:label1\" content=\"Written by\" \/>\n\t<meta name=\"twitter:data1\" content=\"admin\" \/>\n\t<meta name=\"twitter:label2\" content=\"Est. reading time\" \/>\n\t<meta name=\"twitter:data2\" content=\"1 minute\" \/>\n<script type=\"application\/ld+json\" class=\"yoast-schema-graph\">{\"@context\":\"https:\\\/\\\/schema.org\",\"@graph\":[{\"@type\":\"Article\",\"@id\":\"https:\\\/\\\/news.save.ch\\\/fuehrungswechsel-bei-exhibit-more\\\/#article\",\"isPartOf\":{\"@id\":\"https:\\\/\\\/news.save.ch\\\/fuehrungswechsel-bei-exhibit-more\\\/\"},\"author\":{\"name\":\"admin\",\"@id\":\"https:\\\/\\\/news.save.ch\\\/de\\\/#\\\/schema\\\/person\\\/d49e199490bad7c70d64b9ab51142f2b\"},\"headline\":\"F\u00fchrungswechsel bei Exhibit &#038; More\",\"datePublished\":\"2016-09-01T06:57:09+00:00\",\"mainEntityOfPage\":{\"@id\":\"https:\\\/\\\/news.save.ch\\\/fuehrungswechsel-bei-exhibit-more\\\/\"},\"wordCount\":195,\"commentCount\":0,\"publisher\":{\"@id\":\"https:\\\/\\\/news.save.ch\\\/de\\\/#organization\"},\"image\":{\"@id\":\"https:\\\/\\\/news.save.ch\\\/fuehrungswechsel-bei-exhibit-more\\\/#primaryimage\"},\"thumbnailUrl\":\"https:\\\/\\\/news.save.ch\\\/wp-content\\\/uploads\\\/2016\\\/12\\\/Fuehrungswechsel-bei-Exhibit-More_sicherheitsforum-scaled-1-scaled.jpg\",\"keywords\":[\"Fachkongress\\\/Fachmesse\",\"Unternehmen\"],\"articleSection\":[\"ALLGEMEIN\"],\"inLanguage\":\"en-US\"},{\"@type\":\"WebPage\",\"@id\":\"https:\\\/\\\/news.save.ch\\\/fuehrungswechsel-bei-exhibit-more\\\/\",\"url\":\"https:\\\/\\\/news.save.ch\\\/fuehrungswechsel-bei-exhibit-more\\\/\",\"name\":\"F\u00fchrungswechsel bei Exhibit & More - Save\",\"isPartOf\":{\"@id\":\"https:\\\/\\\/news.save.ch\\\/de\\\/#website\"},\"primaryImageOfPage\":{\"@id\":\"https:\\\/\\\/news.save.ch\\\/fuehrungswechsel-bei-exhibit-more\\\/#primaryimage\"},\"image\":{\"@id\":\"https:\\\/\\\/news.save.ch\\\/fuehrungswechsel-bei-exhibit-more\\\/#primaryimage\"},\"thumbnailUrl\":\"https:\\\/\\\/news.save.ch\\\/wp-content\\\/uploads\\\/2016\\\/12\\\/Fuehrungswechsel-bei-Exhibit-More_sicherheitsforum-scaled-1-scaled.jpg\",\"datePublished\":\"2016-09-01T06:57:09+00:00\",\"description\":\"Nach f\u00fcnf Jahren an der Spitze des Messeveranstalters Exhibit & More hat sich Iris Sorgalla entschieden, das Unternehmen Ende November 2016 zu verlassen.\",\"breadcrumb\":{\"@id\":\"https:\\\/\\\/news.save.ch\\\/fuehrungswechsel-bei-exhibit-more\\\/#breadcrumb\"},\"inLanguage\":\"en-US\",\"potentialAction\":[{\"@type\":\"ReadAction\",\"target\":[\"https:\\\/\\\/news.save.ch\\\/fuehrungswechsel-bei-exhibit-more\\\/\"]}]},{\"@type\":\"ImageObject\",\"inLanguage\":\"en-US\",\"@id\":\"https:\\\/\\\/news.save.ch\\\/fuehrungswechsel-bei-exhibit-more\\\/#primaryimage\",\"url\":\"https:\\\/\\\/news.save.ch\\\/wp-content\\\/uploads\\\/2016\\\/12\\\/Fuehrungswechsel-bei-Exhibit-More_sicherheitsforum-scaled-1-scaled.jpg\",\"contentUrl\":\"https:\\\/\\\/news.save.ch\\\/wp-content\\\/uploads\\\/2016\\\/12\\\/Fuehrungswechsel-bei-Exhibit-More_sicherheitsforum-scaled-1-scaled.jpg\",\"width\":934,\"height\":1400,\"caption\":\"Iris Sorgalla\"},{\"@type\":\"BreadcrumbList\",\"@id\":\"https:\\\/\\\/news.save.ch\\\/fuehrungswechsel-bei-exhibit-more\\\/#breadcrumb\",\"itemListElement\":[{\"@type\":\"ListItem\",\"position\":1,\"name\":\"Home\",\"item\":\"https:\\\/\\\/news.save.ch\\\/de\\\/\"},{\"@type\":\"ListItem\",\"position\":2,\"name\":\"F\u00fchrungswechsel bei Exhibit &#038; More\"}]},{\"@type\":\"WebSite\",\"@id\":\"https:\\\/\\\/news.save.ch\\\/de\\\/#website\",\"url\":\"https:\\\/\\\/news.save.ch\\\/de\\\/\",\"name\":\"Save\",\"description\":\"Schweizer Fachzeitschrift f\u00fcr Sicherheit\",\"publisher\":{\"@id\":\"https:\\\/\\\/news.save.ch\\\/de\\\/#organization\"},\"potentialAction\":[{\"@type\":\"SearchAction\",\"target\":{\"@type\":\"EntryPoint\",\"urlTemplate\":\"https:\\\/\\\/news.save.ch\\\/de\\\/?s={search_term_string}\"},\"query-input\":{\"@type\":\"PropertyValueSpecification\",\"valueRequired\":true,\"valueName\":\"search_term_string\"}}],\"inLanguage\":\"en-US\"},{\"@type\":\"Organization\",\"@id\":\"https:\\\/\\\/news.save.ch\\\/de\\\/#organization\",\"name\":\"Sicherheitsforum\",\"url\":\"https:\\\/\\\/news.save.ch\\\/de\\\/\",\"logo\":{\"@type\":\"ImageObject\",\"inLanguage\":\"en-US\",\"@id\":\"https:\\\/\\\/news.save.ch\\\/de\\\/#\\\/schema\\\/logo\\\/image\\\/\",\"url\":\"https:\\\/\\\/news.save.ch\\\/wp-content\\\/uploads\\\/2022\\\/06\\\/Logo_SF_2012.png\",\"contentUrl\":\"https:\\\/\\\/news.save.ch\\\/wp-content\\\/uploads\\\/2022\\\/06\\\/Logo_SF_2012.png\",\"width\":1100,\"height\":91,\"caption\":\"Sicherheitsforum\"},\"image\":{\"@id\":\"https:\\\/\\\/news.save.ch\\\/de\\\/#\\\/schema\\\/logo\\\/image\\\/\"}},{\"@type\":\"Person\",\"@id\":\"https:\\\/\\\/news.save.ch\\\/de\\\/#\\\/schema\\\/person\\\/d49e199490bad7c70d64b9ab51142f2b\",\"name\":\"admin\",\"image\":{\"@type\":\"ImageObject\",\"inLanguage\":\"en-US\",\"@id\":\"https:\\\/\\\/secure.gravatar.com\\\/avatar\\\/ae2f4d718e6c49043e314ce431e7e645d646302a24a5ef5a8bc8e3f5a032e319?s=96&d=mm&r=g\",\"url\":\"https:\\\/\\\/secure.gravatar.com\\\/avatar\\\/ae2f4d718e6c49043e314ce431e7e645d646302a24a5ef5a8bc8e3f5a032e319?s=96&d=mm&r=g\",\"contentUrl\":\"https:\\\/\\\/secure.gravatar.com\\\/avatar\\\/ae2f4d718e6c49043e314ce431e7e645d646302a24a5ef5a8bc8e3f5a032e319?s=96&d=mm&r=g\",\"caption\":\"admin\"},\"sameAs\":[\"https:\\\/\\\/develop.organisator.galledia.ch\"],\"url\":\"https:\\\/\\\/news.save.ch\\\/en\\\/author\\\/admin\\\/\"}]}<\/script>\n<!-- \/ Yoast SEO plugin. -->","yoast_head_json":{"title":"Change of leadership at Exhibit &amp; More - Save","description":"After five years at the helm of trade show organizer Exhibit &amp; More, Iris Sorgalla has decided to leave the company at the end of November 2016.","robots":{"index":"index","follow":"follow","max-snippet":"max-snippet:-1","max-image-preview":"max-image-preview:large","max-video-preview":"max-video-preview:-1"},"canonical":"https:\/\/news.save.ch\/en\/fuehrungswechsel-bei-exhibit-more\/","og_locale":"en_US","og_type":"article","og_title":"F\u00fchrungswechsel bei Exhibit & More","og_description":"Nach f\u00fcnfj\u00e4hriger T\u00e4tigkeit an der Spitze des Messeveranstalters Exhibit & More hat sich Iris Sorgalla entschieden, das Unternehmen per Ende November 2016 zu verlassen.","og_url":"https:\/\/news.save.ch\/en\/fuehrungswechsel-bei-exhibit-more\/","og_site_name":"Save","article_published_time":"2016-09-01T06:57:09+00:00","og_image":[{"url":"https:\/\/news.save.ch\/wp-content\/uploads\/2016\/12\/F\u00fchrungswechsel-bei-Exhibit-More_sicherheitsforum.jpg","type":"","width":"","height":""}],"author":"admin","twitter_card":"summary_large_image","twitter_misc":{"Written by":"admin","Est. reading time":"1 minute"},"schema":{"@context":"https:\/\/schema.org","@graph":[{"@type":"Article","@id":"https:\/\/news.save.ch\/fuehrungswechsel-bei-exhibit-more\/#article","isPartOf":{"@id":"https:\/\/news.save.ch\/fuehrungswechsel-bei-exhibit-more\/"},"author":{"name":"admin","@id":"https:\/\/news.save.ch\/de\/#\/schema\/person\/d49e199490bad7c70d64b9ab51142f2b"},"headline":"F\u00fchrungswechsel bei Exhibit &#038; More","datePublished":"2016-09-01T06:57:09+00:00","mainEntityOfPage":{"@id":"https:\/\/news.save.ch\/fuehrungswechsel-bei-exhibit-more\/"},"wordCount":195,"commentCount":0,"publisher":{"@id":"https:\/\/news.save.ch\/de\/#organization"},"image":{"@id":"https:\/\/news.save.ch\/fuehrungswechsel-bei-exhibit-more\/#primaryimage"},"thumbnailUrl":"https:\/\/news.save.ch\/wp-content\/uploads\/2016\/12\/Fuehrungswechsel-bei-Exhibit-More_sicherheitsforum-scaled-1-scaled.jpg","keywords":["Fachkongress\/Fachmesse","Unternehmen"],"articleSection":["ALLGEMEIN"],"inLanguage":"en-US"},{"@type":"WebPage","@id":"https:\/\/news.save.ch\/fuehrungswechsel-bei-exhibit-more\/","url":"https:\/\/news.save.ch\/fuehrungswechsel-bei-exhibit-more\/","name":"Change of leadership at Exhibit &amp; More - Save","isPartOf":{"@id":"https:\/\/news.save.ch\/de\/#website"},"primaryImageOfPage":{"@id":"https:\/\/news.save.ch\/fuehrungswechsel-bei-exhibit-more\/#primaryimage"},"image":{"@id":"https:\/\/news.save.ch\/fuehrungswechsel-bei-exhibit-more\/#primaryimage"},"thumbnailUrl":"https:\/\/news.save.ch\/wp-content\/uploads\/2016\/12\/Fuehrungswechsel-bei-Exhibit-More_sicherheitsforum-scaled-1-scaled.jpg","datePublished":"2016-09-01T06:57:09+00:00","description":"After five years at the helm of trade show organizer Exhibit &amp; More, Iris Sorgalla has decided to leave the company at the end of November 2016.","breadcrumb":{"@id":"https:\/\/news.save.ch\/fuehrungswechsel-bei-exhibit-more\/#breadcrumb"},"inLanguage":"en-US","potentialAction":[{"@type":"ReadAction","target":["https:\/\/news.save.ch\/fuehrungswechsel-bei-exhibit-more\/"]}]},{"@type":"ImageObject","inLanguage":"en-US","@id":"https:\/\/news.save.ch\/fuehrungswechsel-bei-exhibit-more\/#primaryimage","url":"https:\/\/news.save.ch\/wp-content\/uploads\/2016\/12\/Fuehrungswechsel-bei-Exhibit-More_sicherheitsforum-scaled-1-scaled.jpg","contentUrl":"https:\/\/news.save.ch\/wp-content\/uploads\/2016\/12\/Fuehrungswechsel-bei-Exhibit-More_sicherheitsforum-scaled-1-scaled.jpg","width":934,"height":1400,"caption":"Iris Sorgalla"},{"@type":"BreadcrumbList","@id":"https:\/\/news.save.ch\/fuehrungswechsel-bei-exhibit-more\/#breadcrumb","itemListElement":[{"@type":"ListItem","position":1,"name":"Home","item":"https:\/\/news.save.ch\/de\/"},{"@type":"ListItem","position":2,"name":"F\u00fchrungswechsel bei Exhibit &#038; More"}]},{"@type":"WebSite","@id":"https:\/\/news.save.ch\/de\/#website","url":"https:\/\/news.save.ch\/de\/","name":"Save","description":"Swiss trade journal for safety","publisher":{"@id":"https:\/\/news.save.ch\/de\/#organization"},"potentialAction":[{"@type":"SearchAction","target":{"@type":"EntryPoint","urlTemplate":"https:\/\/news.save.ch\/de\/?s={search_term_string}"},"query-input":{"@type":"PropertyValueSpecification","valueRequired":true,"valueName":"search_term_string"}}],"inLanguage":"en-US"},{"@type":"Organization","@id":"https:\/\/news.save.ch\/de\/#organization","name":"Security Forum","url":"https:\/\/news.save.ch\/de\/","logo":{"@type":"ImageObject","inLanguage":"en-US","@id":"https:\/\/news.save.ch\/de\/#\/schema\/logo\/image\/","url":"https:\/\/news.save.ch\/wp-content\/uploads\/2022\/06\/Logo_SF_2012.png","contentUrl":"https:\/\/news.save.ch\/wp-content\/uploads\/2022\/06\/Logo_SF_2012.png","width":1100,"height":91,"caption":"Sicherheitsforum"},"image":{"@id":"https:\/\/news.save.ch\/de\/#\/schema\/logo\/image\/"}},{"@type":"Person","@id":"https:\/\/news.save.ch\/de\/#\/schema\/person\/d49e199490bad7c70d64b9ab51142f2b","name":"admin","image":{"@type":"ImageObject","inLanguage":"en-US","@id":"https:\/\/secure.gravatar.com\/avatar\/ae2f4d718e6c49043e314ce431e7e645d646302a24a5ef5a8bc8e3f5a032e319?s=96&d=mm&r=g","url":"https:\/\/secure.gravatar.com\/avatar\/ae2f4d718e6c49043e314ce431e7e645d646302a24a5ef5a8bc8e3f5a032e319?s=96&d=mm&r=g","contentUrl":"https:\/\/secure.gravatar.com\/avatar\/ae2f4d718e6c49043e314ce431e7e645d646302a24a5ef5a8bc8e3f5a032e319?s=96&d=mm&r=g","caption":"admin"},"sameAs":["https:\/\/develop.organisator.galledia.ch"],"url":"https:\/\/news.save.ch\/en\/author\/admin\/"}]}},"_links":{"self":[{"href":"https:\/\/news.save.ch\/en\/wp-json\/wp\/v2\/posts\/2340","targetHints":{"allow":["GET"]}}],"collection":[{"href":"https:\/\/news.save.ch\/en\/wp-json\/wp\/v2\/posts"}],"about":[{"href":"https:\/\/news.save.ch\/en\/wp-json\/wp\/v2\/types\/post"}],"author":[{"embeddable":true,"href":"https:\/\/news.save.ch\/en\/wp-json\/wp\/v2\/users\/1"}],"replies":[{"embeddable":true,"href":"https:\/\/news.save.ch\/en\/wp-json\/wp\/v2\/comments?post=2340"}],"version-history":[{"count":0,"href":"https:\/\/news.save.ch\/en\/wp-json\/wp\/v2\/posts\/2340\/revisions"}],"wp:featuredmedia":[{"embeddable":true,"href":"https:\/\/news.save.ch\/en\/wp-json\/wp\/v2\/media\/2343"}],"wp:attachment":[{"href":"https:\/\/news.save.ch\/en\/wp-json\/wp\/v2\/media?parent=2340"}],"wp:term":[{"taxonomy":"category","embeddable":true,"href":"https:\/\/news.save.ch\/en\/wp-json\/wp\/v2\/categories?post=2340"},{"taxonomy":"post_tag","embeddable":true,"href":"https:\/\/news.save.ch\/en\/wp-json\/wp\/v2\/tags?post=2340"}],"curies":[{"name":"wp","href":"https:\/\/api.w.org\/{rel}","templated":true}]}}