{"id":2342,"date":"2016-02-09T08:58:01","date_gmt":"2016-02-09T07:58:01","guid":{"rendered":"https:\/\/dev.sicherheitsforum.ch\/?p=2342"},"modified":"2016-02-09T08:58:01","modified_gmt":"2016-02-09T07:58:01","slug":"aufseherin-brennt-mit-haeftling-durch","status":null,"type":"post","link":"https:\/\/news.save.ch\/en\/aufseherin-brennt-mit-haeftling-durch\/","title":{"rendered":"Warden elopes with inmate"},"content":{"rendered":"<figure id=\"attachment_2346\" aria-describedby=\"caption-attachment-2346\" style=\"width: 680px\" class=\"wp-caption alignnone\"><img loading=\"lazy\" decoding=\"async\" class=\"wp-image-2346 size-medium\" src=\"https:\/\/news.save.ch\/wp-content\/uploads\/2016\/12\/Aufseherin-brennt-mit-H\u00e4ftling-durch-sicherheitsforum.jpg\" width=\"680\" height=\"957\" \/><figcaption id=\"caption-attachment-2346\" class=\"wp-caption-text\">Supervisor Angela Magdici<\/figcaption><\/figure>\n<figure id=\"attachment_2347\" aria-describedby=\"caption-attachment-2347\" style=\"width: 243px\" class=\"wp-caption alignnone\"><img loading=\"lazy\" decoding=\"async\" class=\"wp-image-2347 size-full\" src=\"https:\/\/news.save.ch\/wp-content\/uploads\/2016\/12\/Aufseherin-brennt-mit-Haeftling-durch1-sicherheitsforum.jpg\" width=\"243\" height=\"272\" \/><figcaption id=\"caption-attachment-2347\" class=\"wp-caption-text\">Hassan Kiko<\/figcaption><\/figure>\n<p>Based on initial investigations, the two fugitives could have gone to Italy in a black passenger car BMW X1, ZH 528 411, as the Zurich Cantonal Police writes. The pair have been put on the international wanted list. The two are 27-year-old Hassan Kiko and 32-year-old Angela Magdici.<\/p>\n<p>The prisoner was reportedly sentenced to several years in prison for a sex offense. According to the Kapo, the exact circumstances of the escape are the subject of ongoing investigations, which are being conducted by the Limmattal\/Albis public prosecutor's office and the Zurich cantonal police.<\/p>\n<p><strong>APB<\/strong><\/p>\n<p>Persons who can provide information about the whereabouts of Hassan Kiko or Angela Magdici are asked to contact the Zurich Cantonal Police, Tel. 044 247 22 11.<\/p>\n<p>&nbsp;<\/p>","protected":false},"excerpt":{"rendered":"<p>Aufgrund erster Ermittlungen k\u00f6nnten sich die beiden Fl\u00fcchtigen mit einem schwarzen Personenwagen BMW X1, ZH 528 411 nach Italien begeben haben, wie die Kantonspolizei Z\u00fcrich schreibt. Das Paar wurden international zur Fahndung ausgeschrieben. Bei den beiden handelt es sich um den 27-j\u00e4hrigen Hassan Kiko sowie die 32-j\u00e4hrige Angela Magdici. Der Gefangene wurde gem\u00e4ss Angaben wegen [&hellip;]<\/p>\n","protected":false},"author":1,"featured_media":2346,"comment_status":"open","ping_status":"open","sticky":false,"template":"","format":"standard","meta":{"_acf_changed":false,"pgc_sgb_lightbox_settings":"","footnotes":""},"categories":[1],"tags":[113,144],"class_list":["post-2342","post","type-post","status-publish","format-standard","has-post-thumbnail","hentry","category-allgemein","tag-kriminalitaet","tag-personalien"],"acf":[],"hkrextid":null,"publication":null,"issue":null,"workflow":null,"startPage":null,"spitzmarke":null,"_posts_by_tag_page_fields":{"widget_title":"","widget_tags":""},"_at_widget":"1","_yoast_wpseo_primary_category":"1","_yoast_wpseo_focuskw_text_input":"Aufseherin brennt mit H\u00e4ftling durch","_yoast_wpseo_opengraph-image":"https:\/\/news.save.ch\/wp-content\/uploads\/2016\/12\/Aufseherin-brennt-mit-H\u00e4ftling-durch-sicherheitsforum.jpg","_yoast_wpseo_opengraph-description":"In der Nacht vom 8. auf den 9. Februar 2016 ist es im Bezirksgef\u00e4ngnis Dietikon ZH zu einer Flucht eines Insassen zusammen mit einer Aufseherin gekommen.","_yoast_wpseo_opengraph-title":"Aufseherin brennt mit H\u00e4ftling durch","enclosure":null,"_yoast_wpseo_twitter-title":null,"_yoast_wpseo_twitter-description":null,"_yoast_wpseo_twitter-image":null,"_wp_old_slug":null,"_yoast_wpseo_title":null,"_yoast_wpseo_canonical":null,"yoast_head":"<!-- This site is optimized with the Yoast SEO plugin v27.5 - https:\/\/yoast.com\/product\/yoast-seo-wordpress\/ -->\n<title>Aufseherin brennt mit H\u00e4ftling durch - Save<\/title>\n<meta name=\"description\" content=\"In der Nacht vom 8. auf den 9. Februar 2016 ist es im Bezirksgef\u00e4ngnis Dietikon ZH zu einer Flucht eines Insassen zusammen mit einer Aufseherin gekommen.\" \/>\n<meta name=\"robots\" content=\"index, follow, max-snippet:-1, max-image-preview:large, max-video-preview:-1\" \/>\n<link rel=\"canonical\" href=\"https:\/\/news.save.ch\/en\/aufseherin-brennt-mit-haeftling-durch\/\" \/>\n<meta property=\"og:locale\" content=\"en_US\" \/>\n<meta property=\"og:type\" content=\"article\" \/>\n<meta property=\"og:title\" content=\"Aufseherin brennt mit H\u00e4ftling durch\" \/>\n<meta property=\"og:description\" content=\"In der Nacht vom 8. auf den 9. Februar 2016 ist es im Bezirksgef\u00e4ngnis Dietikon ZH zu einer Flucht eines Insassen zusammen mit einer Aufseherin gekommen.\" \/>\n<meta property=\"og:url\" content=\"https:\/\/news.save.ch\/en\/aufseherin-brennt-mit-haeftling-durch\/\" \/>\n<meta property=\"og:site_name\" content=\"Save\" \/>\n<meta property=\"article:published_time\" content=\"2016-02-09T07:58:01+00:00\" \/>\n<meta property=\"og:image\" content=\"https:\/\/news.save.ch\/wp-content\/uploads\/2016\/12\/Aufseherin-brennt-mit-H\u00e4ftling-durch-sicherheitsforum.jpg\" \/>\n<meta name=\"author\" content=\"admin\" \/>\n<meta name=\"twitter:card\" content=\"summary_large_image\" \/>\n<meta name=\"twitter:label1\" content=\"Written by\" \/>\n\t<meta name=\"twitter:data1\" content=\"admin\" \/>\n\t<meta name=\"twitter:label2\" content=\"Est. reading time\" \/>\n\t<meta name=\"twitter:data2\" content=\"1 minute\" \/>\n<script type=\"application\/ld+json\" class=\"yoast-schema-graph\">{\"@context\":\"https:\\\/\\\/schema.org\",\"@graph\":[{\"@type\":\"Article\",\"@id\":\"https:\\\/\\\/news.save.ch\\\/aufseherin-brennt-mit-haeftling-durch\\\/#article\",\"isPartOf\":{\"@id\":\"https:\\\/\\\/news.save.ch\\\/aufseherin-brennt-mit-haeftling-durch\\\/\"},\"author\":{\"name\":\"admin\",\"@id\":\"https:\\\/\\\/news.save.ch\\\/de\\\/#\\\/schema\\\/person\\\/d49e199490bad7c70d64b9ab51142f2b\"},\"headline\":\"Aufseherin brennt mit H\u00e4ftling durch\",\"datePublished\":\"2016-02-09T07:58:01+00:00\",\"mainEntityOfPage\":{\"@id\":\"https:\\\/\\\/news.save.ch\\\/aufseherin-brennt-mit-haeftling-durch\\\/\"},\"wordCount\":149,\"commentCount\":0,\"publisher\":{\"@id\":\"https:\\\/\\\/news.save.ch\\\/de\\\/#organization\"},\"image\":{\"@id\":\"https:\\\/\\\/news.save.ch\\\/aufseherin-brennt-mit-haeftling-durch\\\/#primaryimage\"},\"thumbnailUrl\":\"https:\\\/\\\/news.save.ch\\\/wp-content\\\/uploads\\\/2016\\\/12\\\/Aufseherin-brennt-mit-Haeftling-durch-sicherheitsforum-scaled-1-scaled.jpg\",\"keywords\":[\"Kriminalit\u00e4t\",\"Personalien\"],\"articleSection\":[\"ALLGEMEIN\"],\"inLanguage\":\"en-US\"},{\"@type\":\"WebPage\",\"@id\":\"https:\\\/\\\/news.save.ch\\\/aufseherin-brennt-mit-haeftling-durch\\\/\",\"url\":\"https:\\\/\\\/news.save.ch\\\/aufseherin-brennt-mit-haeftling-durch\\\/\",\"name\":\"Aufseherin brennt mit H\u00e4ftling durch - Save\",\"isPartOf\":{\"@id\":\"https:\\\/\\\/news.save.ch\\\/de\\\/#website\"},\"primaryImageOfPage\":{\"@id\":\"https:\\\/\\\/news.save.ch\\\/aufseherin-brennt-mit-haeftling-durch\\\/#primaryimage\"},\"image\":{\"@id\":\"https:\\\/\\\/news.save.ch\\\/aufseherin-brennt-mit-haeftling-durch\\\/#primaryimage\"},\"thumbnailUrl\":\"https:\\\/\\\/news.save.ch\\\/wp-content\\\/uploads\\\/2016\\\/12\\\/Aufseherin-brennt-mit-Haeftling-durch-sicherheitsforum-scaled-1-scaled.jpg\",\"datePublished\":\"2016-02-09T07:58:01+00:00\",\"description\":\"In der Nacht vom 8. auf den 9. Februar 2016 ist es im Bezirksgef\u00e4ngnis Dietikon ZH zu einer Flucht eines Insassen zusammen mit einer Aufseherin gekommen.\",\"breadcrumb\":{\"@id\":\"https:\\\/\\\/news.save.ch\\\/aufseherin-brennt-mit-haeftling-durch\\\/#breadcrumb\"},\"inLanguage\":\"en-US\",\"potentialAction\":[{\"@type\":\"ReadAction\",\"target\":[\"https:\\\/\\\/news.save.ch\\\/aufseherin-brennt-mit-haeftling-durch\\\/\"]}]},{\"@type\":\"ImageObject\",\"inLanguage\":\"en-US\",\"@id\":\"https:\\\/\\\/news.save.ch\\\/aufseherin-brennt-mit-haeftling-durch\\\/#primaryimage\",\"url\":\"https:\\\/\\\/news.save.ch\\\/wp-content\\\/uploads\\\/2016\\\/12\\\/Aufseherin-brennt-mit-Haeftling-durch-sicherheitsforum-scaled-1-scaled.jpg\",\"contentUrl\":\"https:\\\/\\\/news.save.ch\\\/wp-content\\\/uploads\\\/2016\\\/12\\\/Aufseherin-brennt-mit-Haeftling-durch-sicherheitsforum-scaled-1-scaled.jpg\",\"width\":995,\"height\":1400,\"caption\":\"Aufseherin Angela Magdici\"},{\"@type\":\"BreadcrumbList\",\"@id\":\"https:\\\/\\\/news.save.ch\\\/aufseherin-brennt-mit-haeftling-durch\\\/#breadcrumb\",\"itemListElement\":[{\"@type\":\"ListItem\",\"position\":1,\"name\":\"Home\",\"item\":\"https:\\\/\\\/news.save.ch\\\/de\\\/\"},{\"@type\":\"ListItem\",\"position\":2,\"name\":\"Aufseherin brennt mit H\u00e4ftling durch\"}]},{\"@type\":\"WebSite\",\"@id\":\"https:\\\/\\\/news.save.ch\\\/de\\\/#website\",\"url\":\"https:\\\/\\\/news.save.ch\\\/de\\\/\",\"name\":\"Save\",\"description\":\"Schweizer Fachzeitschrift f\u00fcr Sicherheit\",\"publisher\":{\"@id\":\"https:\\\/\\\/news.save.ch\\\/de\\\/#organization\"},\"potentialAction\":[{\"@type\":\"SearchAction\",\"target\":{\"@type\":\"EntryPoint\",\"urlTemplate\":\"https:\\\/\\\/news.save.ch\\\/de\\\/?s={search_term_string}\"},\"query-input\":{\"@type\":\"PropertyValueSpecification\",\"valueRequired\":true,\"valueName\":\"search_term_string\"}}],\"inLanguage\":\"en-US\"},{\"@type\":\"Organization\",\"@id\":\"https:\\\/\\\/news.save.ch\\\/de\\\/#organization\",\"name\":\"Sicherheitsforum\",\"url\":\"https:\\\/\\\/news.save.ch\\\/de\\\/\",\"logo\":{\"@type\":\"ImageObject\",\"inLanguage\":\"en-US\",\"@id\":\"https:\\\/\\\/news.save.ch\\\/de\\\/#\\\/schema\\\/logo\\\/image\\\/\",\"url\":\"https:\\\/\\\/news.save.ch\\\/wp-content\\\/uploads\\\/2022\\\/06\\\/Logo_SF_2012.png\",\"contentUrl\":\"https:\\\/\\\/news.save.ch\\\/wp-content\\\/uploads\\\/2022\\\/06\\\/Logo_SF_2012.png\",\"width\":1100,\"height\":91,\"caption\":\"Sicherheitsforum\"},\"image\":{\"@id\":\"https:\\\/\\\/news.save.ch\\\/de\\\/#\\\/schema\\\/logo\\\/image\\\/\"}},{\"@type\":\"Person\",\"@id\":\"https:\\\/\\\/news.save.ch\\\/de\\\/#\\\/schema\\\/person\\\/d49e199490bad7c70d64b9ab51142f2b\",\"name\":\"admin\",\"image\":{\"@type\":\"ImageObject\",\"inLanguage\":\"en-US\",\"@id\":\"https:\\\/\\\/secure.gravatar.com\\\/avatar\\\/ae2f4d718e6c49043e314ce431e7e645d646302a24a5ef5a8bc8e3f5a032e319?s=96&d=mm&r=g\",\"url\":\"https:\\\/\\\/secure.gravatar.com\\\/avatar\\\/ae2f4d718e6c49043e314ce431e7e645d646302a24a5ef5a8bc8e3f5a032e319?s=96&d=mm&r=g\",\"contentUrl\":\"https:\\\/\\\/secure.gravatar.com\\\/avatar\\\/ae2f4d718e6c49043e314ce431e7e645d646302a24a5ef5a8bc8e3f5a032e319?s=96&d=mm&r=g\",\"caption\":\"admin\"},\"sameAs\":[\"https:\\\/\\\/develop.organisator.galledia.ch\"],\"url\":\"https:\\\/\\\/news.save.ch\\\/en\\\/author\\\/admin\\\/\"}]}<\/script>\n<!-- \/ Yoast SEO plugin. -->","yoast_head_json":{"title":"Warden elopes with inmate - Save","description":"In the night of February 8 to 9, 2016, an escape of an inmate together with a female guard occurred in the district prison Dietikon ZH.","robots":{"index":"index","follow":"follow","max-snippet":"max-snippet:-1","max-image-preview":"max-image-preview:large","max-video-preview":"max-video-preview:-1"},"canonical":"https:\/\/news.save.ch\/en\/aufseherin-brennt-mit-haeftling-durch\/","og_locale":"en_US","og_type":"article","og_title":"Aufseherin brennt mit H\u00e4ftling durch","og_description":"In der Nacht vom 8. auf den 9. Februar 2016 ist es im Bezirksgef\u00e4ngnis Dietikon ZH zu einer Flucht eines Insassen zusammen mit einer Aufseherin gekommen.","og_url":"https:\/\/news.save.ch\/en\/aufseherin-brennt-mit-haeftling-durch\/","og_site_name":"Save","article_published_time":"2016-02-09T07:58:01+00:00","og_image":[{"url":"https:\/\/news.save.ch\/wp-content\/uploads\/2016\/12\/Aufseherin-brennt-mit-H\u00e4ftling-durch-sicherheitsforum.jpg","type":"","width":"","height":""}],"author":"admin","twitter_card":"summary_large_image","twitter_misc":{"Written by":"admin","Est. reading time":"1 minute"},"schema":{"@context":"https:\/\/schema.org","@graph":[{"@type":"Article","@id":"https:\/\/news.save.ch\/aufseherin-brennt-mit-haeftling-durch\/#article","isPartOf":{"@id":"https:\/\/news.save.ch\/aufseherin-brennt-mit-haeftling-durch\/"},"author":{"name":"admin","@id":"https:\/\/news.save.ch\/de\/#\/schema\/person\/d49e199490bad7c70d64b9ab51142f2b"},"headline":"Aufseherin brennt mit H\u00e4ftling durch","datePublished":"2016-02-09T07:58:01+00:00","mainEntityOfPage":{"@id":"https:\/\/news.save.ch\/aufseherin-brennt-mit-haeftling-durch\/"},"wordCount":149,"commentCount":0,"publisher":{"@id":"https:\/\/news.save.ch\/de\/#organization"},"image":{"@id":"https:\/\/news.save.ch\/aufseherin-brennt-mit-haeftling-durch\/#primaryimage"},"thumbnailUrl":"https:\/\/news.save.ch\/wp-content\/uploads\/2016\/12\/Aufseherin-brennt-mit-Haeftling-durch-sicherheitsforum-scaled-1-scaled.jpg","keywords":["Kriminalit\u00e4t","Personalien"],"articleSection":["ALLGEMEIN"],"inLanguage":"en-US"},{"@type":"WebPage","@id":"https:\/\/news.save.ch\/aufseherin-brennt-mit-haeftling-durch\/","url":"https:\/\/news.save.ch\/aufseherin-brennt-mit-haeftling-durch\/","name":"Warden elopes with inmate - Save","isPartOf":{"@id":"https:\/\/news.save.ch\/de\/#website"},"primaryImageOfPage":{"@id":"https:\/\/news.save.ch\/aufseherin-brennt-mit-haeftling-durch\/#primaryimage"},"image":{"@id":"https:\/\/news.save.ch\/aufseherin-brennt-mit-haeftling-durch\/#primaryimage"},"thumbnailUrl":"https:\/\/news.save.ch\/wp-content\/uploads\/2016\/12\/Aufseherin-brennt-mit-Haeftling-durch-sicherheitsforum-scaled-1-scaled.jpg","datePublished":"2016-02-09T07:58:01+00:00","description":"In the night of February 8 to 9, 2016, an escape of an inmate together with a female guard occurred in the district prison Dietikon ZH.","breadcrumb":{"@id":"https:\/\/news.save.ch\/aufseherin-brennt-mit-haeftling-durch\/#breadcrumb"},"inLanguage":"en-US","potentialAction":[{"@type":"ReadAction","target":["https:\/\/news.save.ch\/aufseherin-brennt-mit-haeftling-durch\/"]}]},{"@type":"ImageObject","inLanguage":"en-US","@id":"https:\/\/news.save.ch\/aufseherin-brennt-mit-haeftling-durch\/#primaryimage","url":"https:\/\/news.save.ch\/wp-content\/uploads\/2016\/12\/Aufseherin-brennt-mit-Haeftling-durch-sicherheitsforum-scaled-1-scaled.jpg","contentUrl":"https:\/\/news.save.ch\/wp-content\/uploads\/2016\/12\/Aufseherin-brennt-mit-Haeftling-durch-sicherheitsforum-scaled-1-scaled.jpg","width":995,"height":1400,"caption":"Aufseherin Angela Magdici"},{"@type":"BreadcrumbList","@id":"https:\/\/news.save.ch\/aufseherin-brennt-mit-haeftling-durch\/#breadcrumb","itemListElement":[{"@type":"ListItem","position":1,"name":"Home","item":"https:\/\/news.save.ch\/de\/"},{"@type":"ListItem","position":2,"name":"Aufseherin brennt mit H\u00e4ftling durch"}]},{"@type":"WebSite","@id":"https:\/\/news.save.ch\/de\/#website","url":"https:\/\/news.save.ch\/de\/","name":"Save","description":"Swiss trade journal for safety","publisher":{"@id":"https:\/\/news.save.ch\/de\/#organization"},"potentialAction":[{"@type":"SearchAction","target":{"@type":"EntryPoint","urlTemplate":"https:\/\/news.save.ch\/de\/?s={search_term_string}"},"query-input":{"@type":"PropertyValueSpecification","valueRequired":true,"valueName":"search_term_string"}}],"inLanguage":"en-US"},{"@type":"Organization","@id":"https:\/\/news.save.ch\/de\/#organization","name":"Security Forum","url":"https:\/\/news.save.ch\/de\/","logo":{"@type":"ImageObject","inLanguage":"en-US","@id":"https:\/\/news.save.ch\/de\/#\/schema\/logo\/image\/","url":"https:\/\/news.save.ch\/wp-content\/uploads\/2022\/06\/Logo_SF_2012.png","contentUrl":"https:\/\/news.save.ch\/wp-content\/uploads\/2022\/06\/Logo_SF_2012.png","width":1100,"height":91,"caption":"Sicherheitsforum"},"image":{"@id":"https:\/\/news.save.ch\/de\/#\/schema\/logo\/image\/"}},{"@type":"Person","@id":"https:\/\/news.save.ch\/de\/#\/schema\/person\/d49e199490bad7c70d64b9ab51142f2b","name":"admin","image":{"@type":"ImageObject","inLanguage":"en-US","@id":"https:\/\/secure.gravatar.com\/avatar\/ae2f4d718e6c49043e314ce431e7e645d646302a24a5ef5a8bc8e3f5a032e319?s=96&d=mm&r=g","url":"https:\/\/secure.gravatar.com\/avatar\/ae2f4d718e6c49043e314ce431e7e645d646302a24a5ef5a8bc8e3f5a032e319?s=96&d=mm&r=g","contentUrl":"https:\/\/secure.gravatar.com\/avatar\/ae2f4d718e6c49043e314ce431e7e645d646302a24a5ef5a8bc8e3f5a032e319?s=96&d=mm&r=g","caption":"admin"},"sameAs":["https:\/\/develop.organisator.galledia.ch"],"url":"https:\/\/news.save.ch\/en\/author\/admin\/"}]}},"_links":{"self":[{"href":"https:\/\/news.save.ch\/en\/wp-json\/wp\/v2\/posts\/2342","targetHints":{"allow":["GET"]}}],"collection":[{"href":"https:\/\/news.save.ch\/en\/wp-json\/wp\/v2\/posts"}],"about":[{"href":"https:\/\/news.save.ch\/en\/wp-json\/wp\/v2\/types\/post"}],"author":[{"embeddable":true,"href":"https:\/\/news.save.ch\/en\/wp-json\/wp\/v2\/users\/1"}],"replies":[{"embeddable":true,"href":"https:\/\/news.save.ch\/en\/wp-json\/wp\/v2\/comments?post=2342"}],"version-history":[{"count":0,"href":"https:\/\/news.save.ch\/en\/wp-json\/wp\/v2\/posts\/2342\/revisions"}],"wp:featuredmedia":[{"embeddable":true,"href":"https:\/\/news.save.ch\/en\/wp-json\/wp\/v2\/media\/2346"}],"wp:attachment":[{"href":"https:\/\/news.save.ch\/en\/wp-json\/wp\/v2\/media?parent=2342"}],"wp:term":[{"taxonomy":"category","embeddable":true,"href":"https:\/\/news.save.ch\/en\/wp-json\/wp\/v2\/categories?post=2342"},{"taxonomy":"post_tag","embeddable":true,"href":"https:\/\/news.save.ch\/en\/wp-json\/wp\/v2\/tags?post=2342"}],"curies":[{"name":"wp","href":"https:\/\/api.w.org\/{rel}","templated":true}]}}