{"id":23500,"date":"2024-09-08T11:38:31","date_gmt":"2024-09-08T09:38:31","guid":{"rendered":"https:\/\/news.save.ch\/?p=23500"},"modified":"2024-09-08T11:38:36","modified_gmt":"2024-09-08T09:38:36","slug":"esti-ecoran-spricht-sicherheitswarnung-fuer-einige-pv-module-der-marke-schott-solar-aus","status":null,"type":"post","link":"https:\/\/news.save.ch\/en\/esti-ecoran-spricht-sicherheitswarnung-fuer-einige-pv-module-der-marke-schott-solar-aus\/","title":{"rendered":"ESTI - ECORAN issues safety warning for some SCHOTT SOLAR brand PV modules"},"content":{"rendered":"<figure id=\"attachment_23501\" aria-describedby=\"caption-attachment-23501\" style=\"width: 1050px\" class=\"wp-caption alignnone\"><a href=\"https:\/\/news.save.ch\/en\/esti-ecoran-spricht-sicherheitswarnung-fuer-einige-pv-module-der-marke-schott-solar-aus\/attachment\/89491\/\" rel=\"attachment wp-att-23501\"><img loading=\"lazy\" decoding=\"async\" class=\"wp-image-23501\" src=\"https:\/\/news.save.ch\/wp-content\/uploads\/2024\/09\/89491-scaled.jpg\" alt=\"\" width=\"1050\" height=\"1400\" srcset=\"https:\/\/news.save.ch\/wp-content\/uploads\/2024\/09\/89491-scaled.jpg 900w, https:\/\/news.save.ch\/wp-content\/uploads\/2024\/09\/89491-680x907.jpg 680w, https:\/\/news.save.ch\/wp-content\/uploads\/2024\/09\/89491-768x1024.jpg 768w, https:\/\/news.save.ch\/wp-content\/uploads\/2024\/09\/89491-1152x1536.jpg 1152w, https:\/\/news.save.ch\/wp-content\/uploads\/2024\/09\/89491-9x12.jpg 9w, https:\/\/news.save.ch\/wp-content\/uploads\/2024\/09\/89491-225x300.jpg 225w, https:\/\/news.save.ch\/wp-content\/uploads\/2024\/09\/89491-263x350.jpg 263w, https:\/\/news.save.ch\/wp-content\/uploads\/2024\/09\/89491-600x800.jpg 600w\" sizes=\"auto, (max-width: 1050px) 100vw, 1050px\" \/><\/a><figcaption id=\"caption-attachment-23501\" class=\"wp-caption-text\">Photo: zVg<\/figcaption><\/figure>\n<p><b>What is the danger posed by the affected products?<\/b><\/p>\n<p>The backsheets of the photovoltaic modules are subject to embrittlement (so-called chalking). This can lead to cracks along the module's internal connectors. These cracks in turn can lead to voltage transfer from the module to the frame. There is a risk of electric shock.<\/p>\n<p><b>Which products are affected?<\/b><\/p>\n<p>These are photovoltaic modules of the SCHOTT SOLAR brand. The following models are affected: SCHOTT Perform POLY TM 210-245; SCHOTT Perform MONO TM 180-195; SCHOTT Power POLY TM 210-250; SCHOTT MONO TM 180-190; SCHOTT POLY TM 155-240<\/p>\n<p><b>What should affected consumers do?<\/b><\/p>\n<p>Parts of the solar system that may be defective due to the fault pattern in the backsheets described above must not be touched under any circumstances without protective measures against electric shock.<\/p>\n<p>Under no circumstances should consumers check the solar energy system themselves. They should consult specialists for this purpose.<\/p>\n<p>The specialist personnel should check the system and then submit a complaint to ECORAN. From there, the further processing of the process takes place.<\/p>\n<p>Source: <a href=\"https:\/\/www.admin.ch\/gov\/de\/start\/dokumentation\/medienmitteilungen.msg-id-102367.html\"><em>konsum.admin.ch<\/em><\/a><\/p>","protected":false},"excerpt":{"rendered":"<p>Welche Gefahr geht von den betroffenen Produkten aus? An den R\u00fcckseitenfolien der Photovoltaikmodule bestehen Verspr\u00f6dungen (so genanntes Chalking). Diese k\u00f6nnen zu Rissen entlang der modulinternen Verbinder f\u00fchren. Diese Risse wiederum k\u00f6nnen zu einem Spannungs\u00fcbertrag vom Modul auf den Rahmen f\u00fchren. Es besteht ein Stromschlagrisiko. Welche Produkte sind betroffen? Es handelt sich um Photovoltaikmodule der Marke [&hellip;]<\/p>\n","protected":false},"author":31,"featured_media":23501,"comment_status":"closed","ping_status":"closed","sticky":false,"template":"","format":"standard","meta":{"_acf_changed":false,"pgc_sgb_lightbox_settings":"","footnotes":""},"categories":[67,3314],"tags":[4188,837,4926],"class_list":["post-23500","post","type-post","status-publish","format-standard","has-post-thumbnail","hentry","category-brandschutz","category-health-safety","tag-eidgenoessisches-starkstrominspektorat-esti","tag-esti","tag-oeffentliche-warnungen"],"acf":[],"hkrextid":null,"publication":null,"issue":null,"workflow":null,"startPage":null,"spitzmarke":null,"_posts_by_tag_page_fields":null,"_at_widget":null,"_yoast_wpseo_primary_category":"67","_yoast_wpseo_focuskw_text_input":null,"_yoast_wpseo_opengraph-image":null,"_yoast_wpseo_opengraph-description":null,"_yoast_wpseo_opengraph-title":null,"enclosure":null,"_yoast_wpseo_twitter-title":null,"_yoast_wpseo_twitter-description":null,"_yoast_wpseo_twitter-image":null,"_wp_old_slug":null,"_yoast_wpseo_title":null,"_yoast_wpseo_canonical":null,"yoast_head":"<!-- This site is optimized with the Yoast SEO plugin v27.5 - https:\/\/yoast.com\/product\/yoast-seo-wordpress\/ -->\n<title>ESTI \u2013 ECORAN spricht Sicherheitswarnung f\u00fcr einige PV-Module der Marke SCHOTT SOLAR aus - Save<\/title>\n<meta name=\"description\" content=\"Stromschlaggefahr: In Zusammenarbeit ESTI spricht die Firma ECORAN eine Sicherheitswarnung f\u00fcr bestimmte Photovoltaikmodule aus.\" \/>\n<meta name=\"robots\" content=\"index, follow, max-snippet:-1, max-image-preview:large, max-video-preview:-1\" \/>\n<link rel=\"canonical\" href=\"https:\/\/news.save.ch\/en\/esti-ecoran-spricht-sicherheitswarnung-fuer-einige-pv-module-der-marke-schott-solar-aus\/\" \/>\n<meta property=\"og:locale\" content=\"en_US\" \/>\n<meta property=\"og:type\" content=\"article\" \/>\n<meta property=\"og:title\" content=\"ESTI \u2013 ECORAN spricht Sicherheitswarnung f\u00fcr einige PV-Module der Marke SCHOTT SOLAR aus - Save\" \/>\n<meta property=\"og:description\" content=\"Stromschlaggefahr: In Zusammenarbeit ESTI spricht die Firma ECORAN eine Sicherheitswarnung f\u00fcr bestimmte Photovoltaikmodule aus.\" \/>\n<meta property=\"og:url\" content=\"https:\/\/news.save.ch\/en\/esti-ecoran-spricht-sicherheitswarnung-fuer-einige-pv-module-der-marke-schott-solar-aus\/\" \/>\n<meta property=\"og:site_name\" content=\"Save\" \/>\n<meta property=\"article:published_time\" content=\"2024-09-08T09:38:31+00:00\" \/>\n<meta property=\"article:modified_time\" content=\"2024-09-08T09:38:36+00:00\" \/>\n<meta property=\"og:image\" content=\"https:\/\/news.save.ch\/wp-content\/uploads\/2024\/09\/89491-scaled.jpg\" \/>\n\t<meta property=\"og:image:width\" content=\"900\" \/>\n\t<meta property=\"og:image:height\" content=\"1200\" \/>\n\t<meta property=\"og:image:type\" content=\"image\/jpeg\" \/>\n<meta name=\"author\" content=\"stefanie Zeng\" \/>\n<meta name=\"twitter:card\" content=\"summary_large_image\" \/>\n<meta name=\"twitter:label1\" content=\"Written by\" \/>\n\t<meta name=\"twitter:data1\" content=\"stefanie Zeng\" \/>\n\t<meta name=\"twitter:label2\" content=\"Est. reading time\" \/>\n\t<meta name=\"twitter:data2\" content=\"2 minutes\" \/>\n<script type=\"application\/ld+json\" class=\"yoast-schema-graph\">{\"@context\":\"https:\\\/\\\/schema.org\",\"@graph\":[{\"@type\":\"Article\",\"@id\":\"https:\\\/\\\/news.save.ch\\\/esti-ecoran-spricht-sicherheitswarnung-fuer-einige-pv-module-der-marke-schott-solar-aus\\\/#article\",\"isPartOf\":{\"@id\":\"https:\\\/\\\/news.save.ch\\\/esti-ecoran-spricht-sicherheitswarnung-fuer-einige-pv-module-der-marke-schott-solar-aus\\\/\"},\"author\":{\"name\":\"stefanie Zeng\",\"@id\":\"https:\\\/\\\/news.save.ch\\\/de\\\/#\\\/schema\\\/person\\\/10917387362b3961e882740f6cf6f2a2\"},\"headline\":\"ESTI \u2013 ECORAN spricht Sicherheitswarnung f\u00fcr einige PV-Module der Marke SCHOTT SOLAR aus\",\"datePublished\":\"2024-09-08T09:38:31+00:00\",\"dateModified\":\"2024-09-08T09:38:36+00:00\",\"mainEntityOfPage\":{\"@id\":\"https:\\\/\\\/news.save.ch\\\/esti-ecoran-spricht-sicherheitswarnung-fuer-einige-pv-module-der-marke-schott-solar-aus\\\/\"},\"wordCount\":199,\"publisher\":{\"@id\":\"https:\\\/\\\/news.save.ch\\\/de\\\/#organization\"},\"image\":{\"@id\":\"https:\\\/\\\/news.save.ch\\\/esti-ecoran-spricht-sicherheitswarnung-fuer-einige-pv-module-der-marke-schott-solar-aus\\\/#primaryimage\"},\"thumbnailUrl\":\"https:\\\/\\\/news.save.ch\\\/wp-content\\\/uploads\\\/2024\\\/09\\\/89491-scaled.jpg\",\"keywords\":[\"Eidgen\u00f6ssisches Starkstrominspektorat (Esti)\",\"ESTI\",\"\u00f6ffentliche Warnungen\"],\"articleSection\":[\"BRANDSCHUTZ\",\"HEALTH &amp; SAFETY\"],\"inLanguage\":\"en-US\"},{\"@type\":\"WebPage\",\"@id\":\"https:\\\/\\\/news.save.ch\\\/esti-ecoran-spricht-sicherheitswarnung-fuer-einige-pv-module-der-marke-schott-solar-aus\\\/\",\"url\":\"https:\\\/\\\/news.save.ch\\\/esti-ecoran-spricht-sicherheitswarnung-fuer-einige-pv-module-der-marke-schott-solar-aus\\\/\",\"name\":\"ESTI \u2013 ECORAN spricht Sicherheitswarnung f\u00fcr einige PV-Module der Marke SCHOTT SOLAR aus - Save\",\"isPartOf\":{\"@id\":\"https:\\\/\\\/news.save.ch\\\/de\\\/#website\"},\"primaryImageOfPage\":{\"@id\":\"https:\\\/\\\/news.save.ch\\\/esti-ecoran-spricht-sicherheitswarnung-fuer-einige-pv-module-der-marke-schott-solar-aus\\\/#primaryimage\"},\"image\":{\"@id\":\"https:\\\/\\\/news.save.ch\\\/esti-ecoran-spricht-sicherheitswarnung-fuer-einige-pv-module-der-marke-schott-solar-aus\\\/#primaryimage\"},\"thumbnailUrl\":\"https:\\\/\\\/news.save.ch\\\/wp-content\\\/uploads\\\/2024\\\/09\\\/89491-scaled.jpg\",\"datePublished\":\"2024-09-08T09:38:31+00:00\",\"dateModified\":\"2024-09-08T09:38:36+00:00\",\"description\":\"Stromschlaggefahr: In Zusammenarbeit ESTI spricht die Firma ECORAN eine Sicherheitswarnung f\u00fcr bestimmte Photovoltaikmodule aus.\",\"breadcrumb\":{\"@id\":\"https:\\\/\\\/news.save.ch\\\/esti-ecoran-spricht-sicherheitswarnung-fuer-einige-pv-module-der-marke-schott-solar-aus\\\/#breadcrumb\"},\"inLanguage\":\"en-US\",\"potentialAction\":[{\"@type\":\"ReadAction\",\"target\":[\"https:\\\/\\\/news.save.ch\\\/esti-ecoran-spricht-sicherheitswarnung-fuer-einige-pv-module-der-marke-schott-solar-aus\\\/\"]}]},{\"@type\":\"ImageObject\",\"inLanguage\":\"en-US\",\"@id\":\"https:\\\/\\\/news.save.ch\\\/esti-ecoran-spricht-sicherheitswarnung-fuer-einige-pv-module-der-marke-schott-solar-aus\\\/#primaryimage\",\"url\":\"https:\\\/\\\/news.save.ch\\\/wp-content\\\/uploads\\\/2024\\\/09\\\/89491-scaled.jpg\",\"contentUrl\":\"https:\\\/\\\/news.save.ch\\\/wp-content\\\/uploads\\\/2024\\\/09\\\/89491-scaled.jpg\",\"width\":900,\"height\":1200,\"caption\":\"Foto: zVg\"},{\"@type\":\"BreadcrumbList\",\"@id\":\"https:\\\/\\\/news.save.ch\\\/esti-ecoran-spricht-sicherheitswarnung-fuer-einige-pv-module-der-marke-schott-solar-aus\\\/#breadcrumb\",\"itemListElement\":[{\"@type\":\"ListItem\",\"position\":1,\"name\":\"Home\",\"item\":\"https:\\\/\\\/news.save.ch\\\/de\\\/\"},{\"@type\":\"ListItem\",\"position\":2,\"name\":\"ESTI \u2013 ECORAN spricht Sicherheitswarnung f\u00fcr einige PV-Module der Marke SCHOTT SOLAR aus\"}]},{\"@type\":\"WebSite\",\"@id\":\"https:\\\/\\\/news.save.ch\\\/de\\\/#website\",\"url\":\"https:\\\/\\\/news.save.ch\\\/de\\\/\",\"name\":\"Save\",\"description\":\"Schweizer Fachzeitschrift f\u00fcr Sicherheit\",\"publisher\":{\"@id\":\"https:\\\/\\\/news.save.ch\\\/de\\\/#organization\"},\"potentialAction\":[{\"@type\":\"SearchAction\",\"target\":{\"@type\":\"EntryPoint\",\"urlTemplate\":\"https:\\\/\\\/news.save.ch\\\/de\\\/?s={search_term_string}\"},\"query-input\":{\"@type\":\"PropertyValueSpecification\",\"valueRequired\":true,\"valueName\":\"search_term_string\"}}],\"inLanguage\":\"en-US\"},{\"@type\":\"Organization\",\"@id\":\"https:\\\/\\\/news.save.ch\\\/de\\\/#organization\",\"name\":\"Sicherheitsforum\",\"url\":\"https:\\\/\\\/news.save.ch\\\/de\\\/\",\"logo\":{\"@type\":\"ImageObject\",\"inLanguage\":\"en-US\",\"@id\":\"https:\\\/\\\/news.save.ch\\\/de\\\/#\\\/schema\\\/logo\\\/image\\\/\",\"url\":\"https:\\\/\\\/news.save.ch\\\/wp-content\\\/uploads\\\/2022\\\/06\\\/Logo_SF_2012.png\",\"contentUrl\":\"https:\\\/\\\/news.save.ch\\\/wp-content\\\/uploads\\\/2022\\\/06\\\/Logo_SF_2012.png\",\"width\":1100,\"height\":91,\"caption\":\"Sicherheitsforum\"},\"image\":{\"@id\":\"https:\\\/\\\/news.save.ch\\\/de\\\/#\\\/schema\\\/logo\\\/image\\\/\"}},{\"@type\":\"Person\",\"@id\":\"https:\\\/\\\/news.save.ch\\\/de\\\/#\\\/schema\\\/person\\\/10917387362b3961e882740f6cf6f2a2\",\"name\":\"stefanie Zeng\",\"image\":{\"@type\":\"ImageObject\",\"inLanguage\":\"en-US\",\"@id\":\"https:\\\/\\\/secure.gravatar.com\\\/avatar\\\/eac43faa6e40bb2c41068c95c9d78bbd94c476d5efdff7abaab80bb3ea681e06?s=96&d=mm&r=g\",\"url\":\"https:\\\/\\\/secure.gravatar.com\\\/avatar\\\/eac43faa6e40bb2c41068c95c9d78bbd94c476d5efdff7abaab80bb3ea681e06?s=96&d=mm&r=g\",\"contentUrl\":\"https:\\\/\\\/secure.gravatar.com\\\/avatar\\\/eac43faa6e40bb2c41068c95c9d78bbd94c476d5efdff7abaab80bb3ea681e06?s=96&d=mm&r=g\",\"caption\":\"stefanie Zeng\"},\"url\":\"https:\\\/\\\/news.save.ch\\\/en\\\/author\\\/stefanie-zeng\\\/\"}]}<\/script>\n<!-- \/ Yoast SEO plugin. -->","yoast_head_json":{"title":"ESTI - ECORAN issues safety warning for some SCHOTT SOLAR brand PV modules - Save","description":"Risk of electric shock: In cooperation with ESTI, the company ECORAN issues a safety warning for certain photovoltaic modules.","robots":{"index":"index","follow":"follow","max-snippet":"max-snippet:-1","max-image-preview":"max-image-preview:large","max-video-preview":"max-video-preview:-1"},"canonical":"https:\/\/news.save.ch\/en\/esti-ecoran-spricht-sicherheitswarnung-fuer-einige-pv-module-der-marke-schott-solar-aus\/","og_locale":"en_US","og_type":"article","og_title":"ESTI \u2013 ECORAN spricht Sicherheitswarnung f\u00fcr einige PV-Module der Marke SCHOTT SOLAR aus - Save","og_description":"Stromschlaggefahr: In Zusammenarbeit ESTI spricht die Firma ECORAN eine Sicherheitswarnung f\u00fcr bestimmte Photovoltaikmodule aus.","og_url":"https:\/\/news.save.ch\/en\/esti-ecoran-spricht-sicherheitswarnung-fuer-einige-pv-module-der-marke-schott-solar-aus\/","og_site_name":"Save","article_published_time":"2024-09-08T09:38:31+00:00","article_modified_time":"2024-09-08T09:38:36+00:00","og_image":[{"width":900,"height":1200,"url":"https:\/\/news.save.ch\/wp-content\/uploads\/2024\/09\/89491-scaled.jpg","type":"image\/jpeg"}],"author":"stefanie Zeng","twitter_card":"summary_large_image","twitter_misc":{"Written by":"stefanie Zeng","Est. reading time":"2 minutes"},"schema":{"@context":"https:\/\/schema.org","@graph":[{"@type":"Article","@id":"https:\/\/news.save.ch\/esti-ecoran-spricht-sicherheitswarnung-fuer-einige-pv-module-der-marke-schott-solar-aus\/#article","isPartOf":{"@id":"https:\/\/news.save.ch\/esti-ecoran-spricht-sicherheitswarnung-fuer-einige-pv-module-der-marke-schott-solar-aus\/"},"author":{"name":"stefanie Zeng","@id":"https:\/\/news.save.ch\/de\/#\/schema\/person\/10917387362b3961e882740f6cf6f2a2"},"headline":"ESTI \u2013 ECORAN spricht Sicherheitswarnung f\u00fcr einige PV-Module der Marke SCHOTT SOLAR aus","datePublished":"2024-09-08T09:38:31+00:00","dateModified":"2024-09-08T09:38:36+00:00","mainEntityOfPage":{"@id":"https:\/\/news.save.ch\/esti-ecoran-spricht-sicherheitswarnung-fuer-einige-pv-module-der-marke-schott-solar-aus\/"},"wordCount":199,"publisher":{"@id":"https:\/\/news.save.ch\/de\/#organization"},"image":{"@id":"https:\/\/news.save.ch\/esti-ecoran-spricht-sicherheitswarnung-fuer-einige-pv-module-der-marke-schott-solar-aus\/#primaryimage"},"thumbnailUrl":"https:\/\/news.save.ch\/wp-content\/uploads\/2024\/09\/89491-scaled.jpg","keywords":["Eidgen\u00f6ssisches Starkstrominspektorat (Esti)","ESTI","\u00f6ffentliche Warnungen"],"articleSection":["BRANDSCHUTZ","HEALTH &amp; SAFETY"],"inLanguage":"en-US"},{"@type":"WebPage","@id":"https:\/\/news.save.ch\/esti-ecoran-spricht-sicherheitswarnung-fuer-einige-pv-module-der-marke-schott-solar-aus\/","url":"https:\/\/news.save.ch\/esti-ecoran-spricht-sicherheitswarnung-fuer-einige-pv-module-der-marke-schott-solar-aus\/","name":"ESTI - ECORAN issues safety warning for some SCHOTT SOLAR brand PV modules - Save","isPartOf":{"@id":"https:\/\/news.save.ch\/de\/#website"},"primaryImageOfPage":{"@id":"https:\/\/news.save.ch\/esti-ecoran-spricht-sicherheitswarnung-fuer-einige-pv-module-der-marke-schott-solar-aus\/#primaryimage"},"image":{"@id":"https:\/\/news.save.ch\/esti-ecoran-spricht-sicherheitswarnung-fuer-einige-pv-module-der-marke-schott-solar-aus\/#primaryimage"},"thumbnailUrl":"https:\/\/news.save.ch\/wp-content\/uploads\/2024\/09\/89491-scaled.jpg","datePublished":"2024-09-08T09:38:31+00:00","dateModified":"2024-09-08T09:38:36+00:00","description":"Risk of electric shock: In cooperation with ESTI, the company ECORAN issues a safety warning for certain photovoltaic modules.","breadcrumb":{"@id":"https:\/\/news.save.ch\/esti-ecoran-spricht-sicherheitswarnung-fuer-einige-pv-module-der-marke-schott-solar-aus\/#breadcrumb"},"inLanguage":"en-US","potentialAction":[{"@type":"ReadAction","target":["https:\/\/news.save.ch\/esti-ecoran-spricht-sicherheitswarnung-fuer-einige-pv-module-der-marke-schott-solar-aus\/"]}]},{"@type":"ImageObject","inLanguage":"en-US","@id":"https:\/\/news.save.ch\/esti-ecoran-spricht-sicherheitswarnung-fuer-einige-pv-module-der-marke-schott-solar-aus\/#primaryimage","url":"https:\/\/news.save.ch\/wp-content\/uploads\/2024\/09\/89491-scaled.jpg","contentUrl":"https:\/\/news.save.ch\/wp-content\/uploads\/2024\/09\/89491-scaled.jpg","width":900,"height":1200,"caption":"Foto: zVg"},{"@type":"BreadcrumbList","@id":"https:\/\/news.save.ch\/esti-ecoran-spricht-sicherheitswarnung-fuer-einige-pv-module-der-marke-schott-solar-aus\/#breadcrumb","itemListElement":[{"@type":"ListItem","position":1,"name":"Home","item":"https:\/\/news.save.ch\/de\/"},{"@type":"ListItem","position":2,"name":"ESTI \u2013 ECORAN spricht Sicherheitswarnung f\u00fcr einige PV-Module der Marke SCHOTT SOLAR aus"}]},{"@type":"WebSite","@id":"https:\/\/news.save.ch\/de\/#website","url":"https:\/\/news.save.ch\/de\/","name":"Save","description":"Swiss trade journal for safety","publisher":{"@id":"https:\/\/news.save.ch\/de\/#organization"},"potentialAction":[{"@type":"SearchAction","target":{"@type":"EntryPoint","urlTemplate":"https:\/\/news.save.ch\/de\/?s={search_term_string}"},"query-input":{"@type":"PropertyValueSpecification","valueRequired":true,"valueName":"search_term_string"}}],"inLanguage":"en-US"},{"@type":"Organization","@id":"https:\/\/news.save.ch\/de\/#organization","name":"Security Forum","url":"https:\/\/news.save.ch\/de\/","logo":{"@type":"ImageObject","inLanguage":"en-US","@id":"https:\/\/news.save.ch\/de\/#\/schema\/logo\/image\/","url":"https:\/\/news.save.ch\/wp-content\/uploads\/2022\/06\/Logo_SF_2012.png","contentUrl":"https:\/\/news.save.ch\/wp-content\/uploads\/2022\/06\/Logo_SF_2012.png","width":1100,"height":91,"caption":"Sicherheitsforum"},"image":{"@id":"https:\/\/news.save.ch\/de\/#\/schema\/logo\/image\/"}},{"@type":"Person","@id":"https:\/\/news.save.ch\/de\/#\/schema\/person\/10917387362b3961e882740f6cf6f2a2","name":"Stefanie Zeng","image":{"@type":"ImageObject","inLanguage":"en-US","@id":"https:\/\/secure.gravatar.com\/avatar\/eac43faa6e40bb2c41068c95c9d78bbd94c476d5efdff7abaab80bb3ea681e06?s=96&d=mm&r=g","url":"https:\/\/secure.gravatar.com\/avatar\/eac43faa6e40bb2c41068c95c9d78bbd94c476d5efdff7abaab80bb3ea681e06?s=96&d=mm&r=g","contentUrl":"https:\/\/secure.gravatar.com\/avatar\/eac43faa6e40bb2c41068c95c9d78bbd94c476d5efdff7abaab80bb3ea681e06?s=96&d=mm&r=g","caption":"stefanie Zeng"},"url":"https:\/\/news.save.ch\/en\/author\/stefanie-zeng\/"}]}},"_links":{"self":[{"href":"https:\/\/news.save.ch\/en\/wp-json\/wp\/v2\/posts\/23500","targetHints":{"allow":["GET"]}}],"collection":[{"href":"https:\/\/news.save.ch\/en\/wp-json\/wp\/v2\/posts"}],"about":[{"href":"https:\/\/news.save.ch\/en\/wp-json\/wp\/v2\/types\/post"}],"author":[{"embeddable":true,"href":"https:\/\/news.save.ch\/en\/wp-json\/wp\/v2\/users\/31"}],"replies":[{"embeddable":true,"href":"https:\/\/news.save.ch\/en\/wp-json\/wp\/v2\/comments?post=23500"}],"version-history":[{"count":2,"href":"https:\/\/news.save.ch\/en\/wp-json\/wp\/v2\/posts\/23500\/revisions"}],"predecessor-version":[{"id":23503,"href":"https:\/\/news.save.ch\/en\/wp-json\/wp\/v2\/posts\/23500\/revisions\/23503"}],"wp:featuredmedia":[{"embeddable":true,"href":"https:\/\/news.save.ch\/en\/wp-json\/wp\/v2\/media\/23501"}],"wp:attachment":[{"href":"https:\/\/news.save.ch\/en\/wp-json\/wp\/v2\/media?parent=23500"}],"wp:term":[{"taxonomy":"category","embeddable":true,"href":"https:\/\/news.save.ch\/en\/wp-json\/wp\/v2\/categories?post=23500"},{"taxonomy":"post_tag","embeddable":true,"href":"https:\/\/news.save.ch\/en\/wp-json\/wp\/v2\/tags?post=23500"}],"curies":[{"name":"wp","href":"https:\/\/api.w.org\/{rel}","templated":true}]}}