{"id":23547,"date":"2024-09-17T09:54:47","date_gmt":"2024-09-17T07:54:47","guid":{"rendered":"https:\/\/news.save.ch\/?p=23547"},"modified":"2024-09-19T09:55:41","modified_gmt":"2024-09-19T07:55:41","slug":"die-neulancierte-ineltec-uebertraf-alle-erwartungen","status":null,"type":"post","link":"https:\/\/news.save.ch\/en\/die-neulancierte-ineltec-uebertraf-alle-erwartungen\/","title":{"rendered":"The newly launched ineltec exceeded all expectations"},"content":{"rendered":"<figure id=\"attachment_23548\" aria-describedby=\"caption-attachment-23548\" style=\"width: 850px\" class=\"wp-caption alignnone\"><a href=\"https:\/\/news.save.ch\/en\/die-neulancierte-ineltec-uebertraf-alle-erwartungen\/ineltec-2024\/\" rel=\"attachment wp-att-23548\"><img loading=\"lazy\" decoding=\"async\" class=\"size-full wp-image-23548\" src=\"https:\/\/news.save.ch\/wp-content\/uploads\/2024\/09\/Web-approx-30-x-20-cm-Ineltec24_SBU_02_071.jpg\" alt=\"\" width=\"850\" height=\"567\" srcset=\"https:\/\/news.save.ch\/wp-content\/uploads\/2024\/09\/Web-approx-30-x-20-cm-Ineltec24_SBU_02_071.jpg 850w, https:\/\/news.save.ch\/wp-content\/uploads\/2024\/09\/Web-approx-30-x-20-cm-Ineltec24_SBU_02_071-680x454.jpg 680w, https:\/\/news.save.ch\/wp-content\/uploads\/2024\/09\/Web-approx-30-x-20-cm-Ineltec24_SBU_02_071-768x512.jpg 768w, https:\/\/news.save.ch\/wp-content\/uploads\/2024\/09\/Web-approx-30-x-20-cm-Ineltec24_SBU_02_071-18x12.jpg 18w, https:\/\/news.save.ch\/wp-content\/uploads\/2024\/09\/Web-approx-30-x-20-cm-Ineltec24_SBU_02_071-375x250.jpg 375w, https:\/\/news.save.ch\/wp-content\/uploads\/2024\/09\/Web-approx-30-x-20-cm-Ineltec24_SBU_02_071-525x350.jpg 525w\" sizes=\"auto, (max-width: 850px) 100vw, 850px\" \/><\/a><figcaption id=\"caption-attachment-23548\" class=\"wp-caption-text\">Photo: MCH Group<\/figcaption><\/figure>\n<p>After a seven-year hiatus, ineltec opened its doors for the first time at a new location and compressed into two days. For many, Zurich meant shorter distances and met the current need for efficiency as well as the overall concept of the trade fair organizers. Focused stand presentations, people and products in the foreground was the motto of the national meeting place for the electrical industry. A striking number of visitors emphasized the clarity of the trade fair as a major advantage and perceived the personal presentations as added value in the fast-paced everyday life.<\/p>\n<h3><strong>Enormous visitor interest<\/strong><\/h3>\n<p>Shortly after ineltec opened on Wednesday morning, the halls were already filling up by the minute. At times, it was almost impossible to get through and trade visitors crowded around the new products from all the suppliers. Exhibition Director No\u00eblle Marti was delighted with the huge interest: \"As the person responsible for the exhibition, it's overwhelming when you can surprise your customers in such a positive way. The enormous rush exceeded everyone's expectations. Exuberant feedback and beaming faces are the reward for the intensive and dedicated preparatory work of the whole team.\"<\/p>\n<h3><strong>Range with breadth and depth<\/strong><\/h3>\n<p>The focused presentations did not detract from the trade fair's offering. Quite the opposite: those who obtained specific information in advance via the website or found their way around on site found a broad and in-depth range of products, specialized exhibitors or program items to suit their interests. 162 suppliers presented their latest developments on the key themes of smart building, energy and the circular economy, electromobility, digitalization and collaboration to the dynamic specialist audience from the electrical trade and planning sector.<\/p>\n<h3><strong>Know-how in the Speakers Corner<\/strong><\/h3>\n<p>The program was expanded upon with talks and innovation pitches in the Speakers Corner on one of the two marketplaces and in a separate conference room. At the events, experts from industry associations and exhibitors provided information on new planning tools, special electrical systems, artificial intelligence, opportunities for electromobility and much more. The pitches were moderated by Electrosuisse and the products presented were tested for their practical suitability with specific detailed questions. A start-up pitch with three innovative founders provided an insight into new, pioneering technologies.<\/p>\n<h3><strong>Young talent on the move<\/strong><\/h3>\n<p>The proportion of young visitors at this year's ineltec was strikingly high. The promotion of young talent is a declared need of the trade fair team and was also reflected in the program. 16 school classes spent their school day at ineltec and took part in guided tours to find out about the range of products on show, innovations from leading manufacturers and career opportunities. EIT.swiss took over the patronage for the youngest students<i>\u00a0<\/i>and surprised the winners of the accompanying competition with high-quality measuring devices.<\/p>\n<h3><strong>The right trade fair mix<\/strong><\/h3>\n<p>Both career starters and experienced professionals benefited from the numerous opportunities for exchange and networking in addition to product knowledge and further training. The second marketplace was more playful. Interactions, virtual reality, surveying robotics and practical skill tests provided entertainment.<\/p>\n<h3><strong>Supporting partner<\/strong><\/h3>\n<p>EIT.swiss, the professional organization for around 2000 companies in the electrical industry, provided idealistic support for this year's new ineltec launch. Director Simon H\u00e4mmerli emphasizes: \"We are impressed by the large number of visitors. It shows that the industry is actively interested in technological development. A trade fair is the ideal place to maintain and expand contacts between the players in the electrical industry. This was confirmed at this ineltec.\"<\/p>\n<p>The next ineltec will take place on<strong>\u00a0<\/strong>September 9 and 10, 2026 at Messe Z\u00fcrich.<\/p>\n<p><em>Source: www.ineltec.ch<\/em><\/p>","protected":false},"excerpt":{"rendered":"<p>Nach sieben Jahren Unterbruch \u00f6ffnete die ineltec erstmalig an einem neuen Standort und komprimiert auf zwei Tage ihre Tore. Z\u00fcrich bedeutete f\u00fcr viele k\u00fcrzere Wege und traf das aktuelle Bed\u00fcrfnis nach Effizienz genauso wie das gesamte Konzept der Messeverantwortlichen. Fokussierte Standauftritte, Mensch und Produkt im Vordergrund war die Devise des nationalen Treffpunkts der Elektrobranche. Auffallend [&hellip;]<\/p>\n","protected":false},"author":31,"featured_media":23548,"comment_status":"closed","ping_status":"closed","sticky":false,"template":"","format":"standard","meta":{"_acf_changed":false,"pgc_sgb_lightbox_settings":"","footnotes":""},"categories":[1],"tags":[6429,782],"class_list":["post-23547","post","type-post","status-publish","format-standard","has-post-thumbnail","hentry","category-allgemein","tag-ineltec","tag-mch-messe-schweiz"],"acf":[],"hkrextid":null,"publication":null,"issue":null,"workflow":null,"startPage":null,"spitzmarke":null,"_posts_by_tag_page_fields":null,"_at_widget":null,"_yoast_wpseo_primary_category":"1","_yoast_wpseo_focuskw_text_input":null,"_yoast_wpseo_opengraph-image":null,"_yoast_wpseo_opengraph-description":null,"_yoast_wpseo_opengraph-title":null,"enclosure":null,"_yoast_wpseo_twitter-title":null,"_yoast_wpseo_twitter-description":null,"_yoast_wpseo_twitter-image":null,"_wp_old_slug":null,"_yoast_wpseo_title":null,"_yoast_wpseo_canonical":null,"yoast_head":"<!-- This site is optimized with the Yoast SEO plugin v27.5 - https:\/\/yoast.com\/product\/yoast-seo-wordpress\/ -->\n<title>Die neulancierte ineltec \u00fcbertraf alle Erwartungen - Save<\/title>\n<meta name=\"description\" content=\"Mit 162 Anbietern und 6803 Fachbesuchern aus der ganzen Schweiz verzeichnete die neulancierte ineltec einen grossen Erfolg.\" \/>\n<meta name=\"robots\" content=\"index, follow, max-snippet:-1, max-image-preview:large, max-video-preview:-1\" \/>\n<link rel=\"canonical\" href=\"https:\/\/news.save.ch\/en\/die-neulancierte-ineltec-uebertraf-alle-erwartungen\/\" \/>\n<meta property=\"og:locale\" content=\"en_US\" \/>\n<meta property=\"og:type\" content=\"article\" \/>\n<meta property=\"og:title\" content=\"Die neulancierte ineltec \u00fcbertraf alle Erwartungen - Save\" \/>\n<meta property=\"og:description\" content=\"Mit 162 Anbietern und 6803 Fachbesuchern aus der ganzen Schweiz verzeichnete die neulancierte ineltec einen grossen Erfolg.\" \/>\n<meta property=\"og:url\" content=\"https:\/\/news.save.ch\/en\/die-neulancierte-ineltec-uebertraf-alle-erwartungen\/\" \/>\n<meta property=\"og:site_name\" content=\"Save\" \/>\n<meta property=\"article:published_time\" content=\"2024-09-17T07:54:47+00:00\" \/>\n<meta property=\"article:modified_time\" content=\"2024-09-19T07:55:41+00:00\" \/>\n<meta property=\"og:image\" content=\"https:\/\/news.save.ch\/wp-content\/uploads\/2024\/09\/Web-approx-30-x-20-cm-Ineltec24_SBU_02_071.jpg\" \/>\n\t<meta property=\"og:image:width\" content=\"850\" \/>\n\t<meta property=\"og:image:height\" content=\"567\" \/>\n\t<meta property=\"og:image:type\" content=\"image\/jpeg\" \/>\n<meta name=\"author\" content=\"stefanie Zeng\" \/>\n<meta name=\"twitter:card\" content=\"summary_large_image\" \/>\n<meta name=\"twitter:label1\" content=\"Written by\" \/>\n\t<meta name=\"twitter:data1\" content=\"stefanie Zeng\" \/>\n\t<meta name=\"twitter:label2\" content=\"Est. reading time\" \/>\n\t<meta name=\"twitter:data2\" content=\"4 minutes\" \/>\n<script type=\"application\/ld+json\" class=\"yoast-schema-graph\">{\"@context\":\"https:\\\/\\\/schema.org\",\"@graph\":[{\"@type\":\"Article\",\"@id\":\"https:\\\/\\\/news.save.ch\\\/die-neulancierte-ineltec-uebertraf-alle-erwartungen\\\/#article\",\"isPartOf\":{\"@id\":\"https:\\\/\\\/news.save.ch\\\/die-neulancierte-ineltec-uebertraf-alle-erwartungen\\\/\"},\"author\":{\"name\":\"stefanie Zeng\",\"@id\":\"https:\\\/\\\/news.save.ch\\\/de\\\/#\\\/schema\\\/person\\\/10917387362b3961e882740f6cf6f2a2\"},\"headline\":\"Die neulancierte ineltec \u00fcbertraf alle Erwartungen\",\"datePublished\":\"2024-09-17T07:54:47+00:00\",\"dateModified\":\"2024-09-19T07:55:41+00:00\",\"mainEntityOfPage\":{\"@id\":\"https:\\\/\\\/news.save.ch\\\/die-neulancierte-ineltec-uebertraf-alle-erwartungen\\\/\"},\"wordCount\":562,\"publisher\":{\"@id\":\"https:\\\/\\\/news.save.ch\\\/de\\\/#organization\"},\"image\":{\"@id\":\"https:\\\/\\\/news.save.ch\\\/die-neulancierte-ineltec-uebertraf-alle-erwartungen\\\/#primaryimage\"},\"thumbnailUrl\":\"https:\\\/\\\/news.save.ch\\\/wp-content\\\/uploads\\\/2024\\\/09\\\/Web-approx-30-x-20-cm-Ineltec24_SBU_02_071.jpg\",\"keywords\":[\"ineltec\",\"MCH Messe Schweiz\"],\"articleSection\":[\"ALLGEMEIN\"],\"inLanguage\":\"en-US\"},{\"@type\":\"WebPage\",\"@id\":\"https:\\\/\\\/news.save.ch\\\/die-neulancierte-ineltec-uebertraf-alle-erwartungen\\\/\",\"url\":\"https:\\\/\\\/news.save.ch\\\/die-neulancierte-ineltec-uebertraf-alle-erwartungen\\\/\",\"name\":\"Die neulancierte ineltec \u00fcbertraf alle Erwartungen - Save\",\"isPartOf\":{\"@id\":\"https:\\\/\\\/news.save.ch\\\/de\\\/#website\"},\"primaryImageOfPage\":{\"@id\":\"https:\\\/\\\/news.save.ch\\\/die-neulancierte-ineltec-uebertraf-alle-erwartungen\\\/#primaryimage\"},\"image\":{\"@id\":\"https:\\\/\\\/news.save.ch\\\/die-neulancierte-ineltec-uebertraf-alle-erwartungen\\\/#primaryimage\"},\"thumbnailUrl\":\"https:\\\/\\\/news.save.ch\\\/wp-content\\\/uploads\\\/2024\\\/09\\\/Web-approx-30-x-20-cm-Ineltec24_SBU_02_071.jpg\",\"datePublished\":\"2024-09-17T07:54:47+00:00\",\"dateModified\":\"2024-09-19T07:55:41+00:00\",\"description\":\"Mit 162 Anbietern und 6803 Fachbesuchern aus der ganzen Schweiz verzeichnete die neulancierte ineltec einen grossen Erfolg.\",\"breadcrumb\":{\"@id\":\"https:\\\/\\\/news.save.ch\\\/die-neulancierte-ineltec-uebertraf-alle-erwartungen\\\/#breadcrumb\"},\"inLanguage\":\"en-US\",\"potentialAction\":[{\"@type\":\"ReadAction\",\"target\":[\"https:\\\/\\\/news.save.ch\\\/die-neulancierte-ineltec-uebertraf-alle-erwartungen\\\/\"]}]},{\"@type\":\"ImageObject\",\"inLanguage\":\"en-US\",\"@id\":\"https:\\\/\\\/news.save.ch\\\/die-neulancierte-ineltec-uebertraf-alle-erwartungen\\\/#primaryimage\",\"url\":\"https:\\\/\\\/news.save.ch\\\/wp-content\\\/uploads\\\/2024\\\/09\\\/Web-approx-30-x-20-cm-Ineltec24_SBU_02_071.jpg\",\"contentUrl\":\"https:\\\/\\\/news.save.ch\\\/wp-content\\\/uploads\\\/2024\\\/09\\\/Web-approx-30-x-20-cm-Ineltec24_SBU_02_071.jpg\",\"width\":850,\"height\":567,\"caption\":\"Foto: MCH Group\"},{\"@type\":\"BreadcrumbList\",\"@id\":\"https:\\\/\\\/news.save.ch\\\/die-neulancierte-ineltec-uebertraf-alle-erwartungen\\\/#breadcrumb\",\"itemListElement\":[{\"@type\":\"ListItem\",\"position\":1,\"name\":\"Home\",\"item\":\"https:\\\/\\\/news.save.ch\\\/de\\\/\"},{\"@type\":\"ListItem\",\"position\":2,\"name\":\"Die neulancierte ineltec \u00fcbertraf alle Erwartungen\"}]},{\"@type\":\"WebSite\",\"@id\":\"https:\\\/\\\/news.save.ch\\\/de\\\/#website\",\"url\":\"https:\\\/\\\/news.save.ch\\\/de\\\/\",\"name\":\"Save\",\"description\":\"Schweizer Fachzeitschrift f\u00fcr Sicherheit\",\"publisher\":{\"@id\":\"https:\\\/\\\/news.save.ch\\\/de\\\/#organization\"},\"potentialAction\":[{\"@type\":\"SearchAction\",\"target\":{\"@type\":\"EntryPoint\",\"urlTemplate\":\"https:\\\/\\\/news.save.ch\\\/de\\\/?s={search_term_string}\"},\"query-input\":{\"@type\":\"PropertyValueSpecification\",\"valueRequired\":true,\"valueName\":\"search_term_string\"}}],\"inLanguage\":\"en-US\"},{\"@type\":\"Organization\",\"@id\":\"https:\\\/\\\/news.save.ch\\\/de\\\/#organization\",\"name\":\"Sicherheitsforum\",\"url\":\"https:\\\/\\\/news.save.ch\\\/de\\\/\",\"logo\":{\"@type\":\"ImageObject\",\"inLanguage\":\"en-US\",\"@id\":\"https:\\\/\\\/news.save.ch\\\/de\\\/#\\\/schema\\\/logo\\\/image\\\/\",\"url\":\"https:\\\/\\\/news.save.ch\\\/wp-content\\\/uploads\\\/2022\\\/06\\\/Logo_SF_2012.png\",\"contentUrl\":\"https:\\\/\\\/news.save.ch\\\/wp-content\\\/uploads\\\/2022\\\/06\\\/Logo_SF_2012.png\",\"width\":1100,\"height\":91,\"caption\":\"Sicherheitsforum\"},\"image\":{\"@id\":\"https:\\\/\\\/news.save.ch\\\/de\\\/#\\\/schema\\\/logo\\\/image\\\/\"}},{\"@type\":\"Person\",\"@id\":\"https:\\\/\\\/news.save.ch\\\/de\\\/#\\\/schema\\\/person\\\/10917387362b3961e882740f6cf6f2a2\",\"name\":\"stefanie Zeng\",\"image\":{\"@type\":\"ImageObject\",\"inLanguage\":\"en-US\",\"@id\":\"https:\\\/\\\/secure.gravatar.com\\\/avatar\\\/eac43faa6e40bb2c41068c95c9d78bbd94c476d5efdff7abaab80bb3ea681e06?s=96&d=mm&r=g\",\"url\":\"https:\\\/\\\/secure.gravatar.com\\\/avatar\\\/eac43faa6e40bb2c41068c95c9d78bbd94c476d5efdff7abaab80bb3ea681e06?s=96&d=mm&r=g\",\"contentUrl\":\"https:\\\/\\\/secure.gravatar.com\\\/avatar\\\/eac43faa6e40bb2c41068c95c9d78bbd94c476d5efdff7abaab80bb3ea681e06?s=96&d=mm&r=g\",\"caption\":\"stefanie Zeng\"},\"url\":\"https:\\\/\\\/news.save.ch\\\/en\\\/author\\\/stefanie-zeng\\\/\"}]}<\/script>\n<!-- \/ Yoast SEO plugin. -->","yoast_head_json":{"title":"The newly launched ineltec exceeded all expectations - Save","description":"With 162 suppliers and 6803 trade visitors from all over Switzerland, the newly launched ineltec was a great success.","robots":{"index":"index","follow":"follow","max-snippet":"max-snippet:-1","max-image-preview":"max-image-preview:large","max-video-preview":"max-video-preview:-1"},"canonical":"https:\/\/news.save.ch\/en\/die-neulancierte-ineltec-uebertraf-alle-erwartungen\/","og_locale":"en_US","og_type":"article","og_title":"Die neulancierte ineltec \u00fcbertraf alle Erwartungen - Save","og_description":"Mit 162 Anbietern und 6803 Fachbesuchern aus der ganzen Schweiz verzeichnete die neulancierte ineltec einen grossen Erfolg.","og_url":"https:\/\/news.save.ch\/en\/die-neulancierte-ineltec-uebertraf-alle-erwartungen\/","og_site_name":"Save","article_published_time":"2024-09-17T07:54:47+00:00","article_modified_time":"2024-09-19T07:55:41+00:00","og_image":[{"width":850,"height":567,"url":"https:\/\/news.save.ch\/wp-content\/uploads\/2024\/09\/Web-approx-30-x-20-cm-Ineltec24_SBU_02_071.jpg","type":"image\/jpeg"}],"author":"stefanie Zeng","twitter_card":"summary_large_image","twitter_misc":{"Written by":"stefanie Zeng","Est. reading time":"4 minutes"},"schema":{"@context":"https:\/\/schema.org","@graph":[{"@type":"Article","@id":"https:\/\/news.save.ch\/die-neulancierte-ineltec-uebertraf-alle-erwartungen\/#article","isPartOf":{"@id":"https:\/\/news.save.ch\/die-neulancierte-ineltec-uebertraf-alle-erwartungen\/"},"author":{"name":"stefanie Zeng","@id":"https:\/\/news.save.ch\/de\/#\/schema\/person\/10917387362b3961e882740f6cf6f2a2"},"headline":"Die neulancierte ineltec \u00fcbertraf alle Erwartungen","datePublished":"2024-09-17T07:54:47+00:00","dateModified":"2024-09-19T07:55:41+00:00","mainEntityOfPage":{"@id":"https:\/\/news.save.ch\/die-neulancierte-ineltec-uebertraf-alle-erwartungen\/"},"wordCount":562,"publisher":{"@id":"https:\/\/news.save.ch\/de\/#organization"},"image":{"@id":"https:\/\/news.save.ch\/die-neulancierte-ineltec-uebertraf-alle-erwartungen\/#primaryimage"},"thumbnailUrl":"https:\/\/news.save.ch\/wp-content\/uploads\/2024\/09\/Web-approx-30-x-20-cm-Ineltec24_SBU_02_071.jpg","keywords":["ineltec","MCH Messe Schweiz"],"articleSection":["ALLGEMEIN"],"inLanguage":"en-US"},{"@type":"WebPage","@id":"https:\/\/news.save.ch\/die-neulancierte-ineltec-uebertraf-alle-erwartungen\/","url":"https:\/\/news.save.ch\/die-neulancierte-ineltec-uebertraf-alle-erwartungen\/","name":"The newly launched ineltec exceeded all expectations - Save","isPartOf":{"@id":"https:\/\/news.save.ch\/de\/#website"},"primaryImageOfPage":{"@id":"https:\/\/news.save.ch\/die-neulancierte-ineltec-uebertraf-alle-erwartungen\/#primaryimage"},"image":{"@id":"https:\/\/news.save.ch\/die-neulancierte-ineltec-uebertraf-alle-erwartungen\/#primaryimage"},"thumbnailUrl":"https:\/\/news.save.ch\/wp-content\/uploads\/2024\/09\/Web-approx-30-x-20-cm-Ineltec24_SBU_02_071.jpg","datePublished":"2024-09-17T07:54:47+00:00","dateModified":"2024-09-19T07:55:41+00:00","description":"With 162 suppliers and 6803 trade visitors from all over Switzerland, the newly launched ineltec was a great success.","breadcrumb":{"@id":"https:\/\/news.save.ch\/die-neulancierte-ineltec-uebertraf-alle-erwartungen\/#breadcrumb"},"inLanguage":"en-US","potentialAction":[{"@type":"ReadAction","target":["https:\/\/news.save.ch\/die-neulancierte-ineltec-uebertraf-alle-erwartungen\/"]}]},{"@type":"ImageObject","inLanguage":"en-US","@id":"https:\/\/news.save.ch\/die-neulancierte-ineltec-uebertraf-alle-erwartungen\/#primaryimage","url":"https:\/\/news.save.ch\/wp-content\/uploads\/2024\/09\/Web-approx-30-x-20-cm-Ineltec24_SBU_02_071.jpg","contentUrl":"https:\/\/news.save.ch\/wp-content\/uploads\/2024\/09\/Web-approx-30-x-20-cm-Ineltec24_SBU_02_071.jpg","width":850,"height":567,"caption":"Foto: MCH Group"},{"@type":"BreadcrumbList","@id":"https:\/\/news.save.ch\/die-neulancierte-ineltec-uebertraf-alle-erwartungen\/#breadcrumb","itemListElement":[{"@type":"ListItem","position":1,"name":"Home","item":"https:\/\/news.save.ch\/de\/"},{"@type":"ListItem","position":2,"name":"Die neulancierte ineltec \u00fcbertraf alle Erwartungen"}]},{"@type":"WebSite","@id":"https:\/\/news.save.ch\/de\/#website","url":"https:\/\/news.save.ch\/de\/","name":"Save","description":"Swiss trade journal for safety","publisher":{"@id":"https:\/\/news.save.ch\/de\/#organization"},"potentialAction":[{"@type":"SearchAction","target":{"@type":"EntryPoint","urlTemplate":"https:\/\/news.save.ch\/de\/?s={search_term_string}"},"query-input":{"@type":"PropertyValueSpecification","valueRequired":true,"valueName":"search_term_string"}}],"inLanguage":"en-US"},{"@type":"Organization","@id":"https:\/\/news.save.ch\/de\/#organization","name":"Security Forum","url":"https:\/\/news.save.ch\/de\/","logo":{"@type":"ImageObject","inLanguage":"en-US","@id":"https:\/\/news.save.ch\/de\/#\/schema\/logo\/image\/","url":"https:\/\/news.save.ch\/wp-content\/uploads\/2022\/06\/Logo_SF_2012.png","contentUrl":"https:\/\/news.save.ch\/wp-content\/uploads\/2022\/06\/Logo_SF_2012.png","width":1100,"height":91,"caption":"Sicherheitsforum"},"image":{"@id":"https:\/\/news.save.ch\/de\/#\/schema\/logo\/image\/"}},{"@type":"Person","@id":"https:\/\/news.save.ch\/de\/#\/schema\/person\/10917387362b3961e882740f6cf6f2a2","name":"Stefanie Zeng","image":{"@type":"ImageObject","inLanguage":"en-US","@id":"https:\/\/secure.gravatar.com\/avatar\/eac43faa6e40bb2c41068c95c9d78bbd94c476d5efdff7abaab80bb3ea681e06?s=96&d=mm&r=g","url":"https:\/\/secure.gravatar.com\/avatar\/eac43faa6e40bb2c41068c95c9d78bbd94c476d5efdff7abaab80bb3ea681e06?s=96&d=mm&r=g","contentUrl":"https:\/\/secure.gravatar.com\/avatar\/eac43faa6e40bb2c41068c95c9d78bbd94c476d5efdff7abaab80bb3ea681e06?s=96&d=mm&r=g","caption":"stefanie Zeng"},"url":"https:\/\/news.save.ch\/en\/author\/stefanie-zeng\/"}]}},"_links":{"self":[{"href":"https:\/\/news.save.ch\/en\/wp-json\/wp\/v2\/posts\/23547","targetHints":{"allow":["GET"]}}],"collection":[{"href":"https:\/\/news.save.ch\/en\/wp-json\/wp\/v2\/posts"}],"about":[{"href":"https:\/\/news.save.ch\/en\/wp-json\/wp\/v2\/types\/post"}],"author":[{"embeddable":true,"href":"https:\/\/news.save.ch\/en\/wp-json\/wp\/v2\/users\/31"}],"replies":[{"embeddable":true,"href":"https:\/\/news.save.ch\/en\/wp-json\/wp\/v2\/comments?post=23547"}],"version-history":[{"count":2,"href":"https:\/\/news.save.ch\/en\/wp-json\/wp\/v2\/posts\/23547\/revisions"}],"predecessor-version":[{"id":23550,"href":"https:\/\/news.save.ch\/en\/wp-json\/wp\/v2\/posts\/23547\/revisions\/23550"}],"wp:featuredmedia":[{"embeddable":true,"href":"https:\/\/news.save.ch\/en\/wp-json\/wp\/v2\/media\/23548"}],"wp:attachment":[{"href":"https:\/\/news.save.ch\/en\/wp-json\/wp\/v2\/media?parent=23547"}],"wp:term":[{"taxonomy":"category","embeddable":true,"href":"https:\/\/news.save.ch\/en\/wp-json\/wp\/v2\/categories?post=23547"},{"taxonomy":"post_tag","embeddable":true,"href":"https:\/\/news.save.ch\/en\/wp-json\/wp\/v2\/tags?post=23547"}],"curies":[{"name":"wp","href":"https:\/\/api.w.org\/{rel}","templated":true}]}}