{"id":2355,"date":"2016-08-30T09:02:51","date_gmt":"2016-08-30T07:02:51","guid":{"rendered":"https:\/\/dev.sicherheitsforum.ch\/?p=2355"},"modified":"2016-08-30T09:02:51","modified_gmt":"2016-08-30T07:02:51","slug":"asylzentrum-bericht-entlastet-sicherheitsfirma","status":null,"type":"post","link":"https:\/\/news.save.ch\/en\/asylzentrum-bericht-entlastet-sicherheitsfirma\/","title":{"rendered":"Asylum center: report exonerates security company"},"content":{"rendered":"<figure id=\"attachment_2359\" aria-describedby=\"caption-attachment-2359\" style=\"width: 680px\" class=\"wp-caption alignnone\"><img loading=\"lazy\" decoding=\"async\" class=\"size-medium wp-image-2359\" src=\"https:\/\/news.save.ch\/wp-content\/uploads\/2016\/12\/Asylzentrum-Bericht-entlastet-Sicherheitsfirma_sicherheitsforum.jpg\" alt=\"\" width=\"680\" height=\"453\" srcset=\"https:\/\/news.save.ch\/wp-content\/uploads\/2016\/12\/Asylzentrum-Bericht-entlastet-Sicherheitsfirma_sicherheitsforum.jpg 1000w, https:\/\/news.save.ch\/wp-content\/uploads\/2016\/12\/Asylzentrum-Bericht-entlastet-Sicherheitsfirma_sicherheitsforum-375x250.jpg 375w\" sizes=\"auto, (max-width: 680px) 100vw, 680px\" \/><figcaption id=\"caption-attachment-2359\" class=\"wp-caption-text\">Have refugees been treated badly? \u00a9depositphotos<\/figcaption><\/figure>\n<p>On January 17, 2016, the \"SonntagsZeitung\" from TA-Media published an undercover report from the Kreuzlingen Reception and Procedure Center that contained serious allegations, particularly against the security staff at the center. State Secretary Mario Gattiker therefore had the allegations investigated externally. Former federal judge Michel F\u00e9raud was entrusted with this task and has now made his <a href=\"https:\/\/www.sem.admin.ch\/dam\/data\/sem\/publiservice\/berichte\/ber-feraud-evzk-d.pdf\" target=\"_blank\" rel=\"noreferrer noopener\" data-cke-saved-href=\"https:\/\/www.sem.admin.ch\/dam\/data\/sem\/publiservice\/berichte\/ber-feraud-evzk-d.pdf\">Report <\/a>submitted.<\/p>\n<p><strong>No evidence of systematic violence<\/strong><\/p>\n<p>According to F\u00e9raud, there are no concrete indications that asylum seekers have been beaten or otherwise physically abused at the Kreuzlingen reception and processing center (EVZ), as the SEM writes. A room in which asylum seekers were beaten up, as reported in the report, does not exist.<\/p>\n<p>The author of the newspaper article claims that terrorists, smugglers and drug traffickers sneak into the federal asylum centers undetected. These allegations have all proven to be unfounded and baseless, the statement further said.<\/p>\n<p>Former federal judge F\u00e9raud had investigated eight specific incidents. They concern allegations that security personnel had used physical force in an inadmissible manner. In three cases, aggressive behavior by asylum seekers had created a dangerous situation, which is why the staff had to intervene physically - also to protect themselves and third parties. In one of these cases, proceedings are still pending. In five cases, the suspicion of violence was not substantiated. On the other hand, the report documents a verbal lapse in one case and a disproportionate measure in another. The case concerned an asylum seeker who had to stand outside for 20 minutes in low temperatures. The SEM takes these criticisms seriously. State Secretary Mario Gattiker had insisted to the management of the security service provider that the treatment of asylum seekers must in any case be fair, respectful and proportionate.<\/p>\n<p><strong>Recommendations in relation to further training<\/strong><\/p>\n<p>In connection with the security personnel deployed at the Kreuzlingen ECC, former federal judge F\u00e9raud said there were no indications that the security company was not complying with the framework agreement or had not been able to fulfill the mandate it had assumed. The accusations raised by the journalist in this context, according to which Securitas employees would show deficits in dealing with Muslims, were unfounded, according to the SEM media release.<\/p>\n<p>However, former federal judge F\u00e9raud also makes recommendations in his report. With regard to dealing with severely traumatized or recalcitrant asylum seekers and with regard to dealing with confrontations between asylum seekers, special attention should be paid to further training, as required by the framework agreement between the SEM and Securitas AG.<\/p>\n<p>The SEM's quality assurance and controlling concept stipulates that security service providers report once a year on the training and continuing education they have conducted. Michel F\u00e9raud recommends that special attention be paid to the corresponding reports on further training and that, in addition, a high quality of the further training measures be ensured. These recommendations have already been incorporated into the processes, according to the report. In addition, in a pilot project planned in 2015, support staff were also to be present at the center during nighttime hours to support the security service. This project was suspended while former federal judge F\u00e9raud investigated the allegations. Now it will be relaunched in Kreuzlingen, as the SEM writes in conclusion.<\/p>","protected":false},"excerpt":{"rendered":"<p>Die \u201eSonntagsZeitung\u201c aus dem Hause TA-Media publizierte am 17. Januar 2016 eine Undercover-Reportage aus dem Empfangs- und Verfahrenszentrum Kreuzlingen, die gravierende Anschuldigungen insbesondere gegen\u00fcber dem Sicherheitspersonal im Zentrum enthielt. Staatssekret\u00e4r Mario Gattiker liess deshalb die Vorw\u00fcrfe extern untersuchen. Alt-Bundesrichter Michel F\u00e9raud wurde mit dieser Aufgabe betraut und hat nun seinen Bericht vorgelegt. Keine Hinweise auf [&hellip;]<\/p>\n","protected":false},"author":1,"featured_media":2359,"comment_status":"open","ping_status":"open","sticky":false,"template":"","format":"standard","meta":{"_acf_changed":false,"pgc_sgb_lightbox_settings":"","footnotes":""},"categories":[1],"tags":[69,65],"class_list":["post-2355","post","type-post","status-publish","format-standard","has-post-thumbnail","hentry","category-allgemein","tag-justiz-polizei","tag-unternehmen"],"acf":[],"hkrextid":null,"publication":null,"issue":null,"workflow":null,"startPage":null,"spitzmarke":null,"_posts_by_tag_page_fields":{"widget_title":"","widget_tags":""},"_at_widget":"1","_yoast_wpseo_primary_category":"","_yoast_wpseo_focuskw_text_input":"Asylzentrum","_yoast_wpseo_opengraph-image":"https:\/\/news.save.ch\/wp-content\/uploads\/2016\/12\/Asylzentrum-Bericht-entlastet-Sicherheitsfirma_sicherheitsforum.jpg","_yoast_wpseo_opengraph-description":"Im Januar 2016 erhob ein Journalist in der \u201eSonntagsZeitung\u201c schwerwiegende Vorw\u00fcrfe gegen das Sicherheitspersonal im Empfangs- und Verfahrenszentrum Kreuzlingen. Das Staatssekretariat f\u00fcr Migration, kurz SEM, liess diese Vorw\u00fcrfe von Alt-Bundesrichter Michel F\u00e9raud untersuchen. Der nun vorliegende Bericht entlaste die Sicherheitsfirma sowie das SEM, enth\u00e4lt aber Empfehlungen, wie gewisse interne Abl\u00e4ufe optimiert werden k\u00f6nnen, schreibt das SEM.","_yoast_wpseo_opengraph-title":"Asylzentrum: Bericht entlastet Sicherheitsfirma","enclosure":null,"_yoast_wpseo_twitter-title":null,"_yoast_wpseo_twitter-description":null,"_yoast_wpseo_twitter-image":null,"_wp_old_slug":null,"_yoast_wpseo_title":null,"_yoast_wpseo_canonical":null,"yoast_head":"<!-- This site is optimized with the Yoast SEO plugin v27.5 - https:\/\/yoast.com\/product\/yoast-seo-wordpress\/ -->\n<title>Asylzentrum: Bericht entlastet Sicherheitsfirma - Save<\/title>\n<meta name=\"description\" content=\"Im Januar 2016 erhob ein Journalist in der \u201eSonntagsZeitung\u201c schwerwiegende Vorw\u00fcrfe gegen das Sicherheitspersonal im Asylzentrum Kreuzlingen.\" \/>\n<meta name=\"robots\" content=\"index, follow, max-snippet:-1, max-image-preview:large, max-video-preview:-1\" \/>\n<link rel=\"canonical\" href=\"https:\/\/news.save.ch\/en\/asylzentrum-bericht-entlastet-sicherheitsfirma\/\" \/>\n<meta property=\"og:locale\" content=\"en_US\" \/>\n<meta property=\"og:type\" content=\"article\" \/>\n<meta property=\"og:title\" content=\"Asylzentrum: Bericht entlastet Sicherheitsfirma\" \/>\n<meta property=\"og:description\" content=\"Im Januar 2016 erhob ein Journalist in der \u201eSonntagsZeitung\u201c schwerwiegende Vorw\u00fcrfe gegen das Sicherheitspersonal im Empfangs- und Verfahrenszentrum Kreuzlingen. Das Staatssekretariat f\u00fcr Migration, kurz SEM, liess diese Vorw\u00fcrfe von Alt-Bundesrichter Michel F\u00e9raud untersuchen. Der nun vorliegende Bericht entlaste die Sicherheitsfirma sowie das SEM, enth\u00e4lt aber Empfehlungen, wie gewisse interne Abl\u00e4ufe optimiert werden k\u00f6nnen, schreibt das SEM.\" \/>\n<meta property=\"og:url\" content=\"https:\/\/news.save.ch\/en\/asylzentrum-bericht-entlastet-sicherheitsfirma\/\" \/>\n<meta property=\"og:site_name\" content=\"Save\" \/>\n<meta property=\"article:published_time\" content=\"2016-08-30T07:02:51+00:00\" \/>\n<meta property=\"og:image\" content=\"https:\/\/news.save.ch\/wp-content\/uploads\/2016\/12\/Asylzentrum-Bericht-entlastet-Sicherheitsfirma_sicherheitsforum.jpg\" \/>\n<meta name=\"author\" content=\"admin\" \/>\n<meta name=\"twitter:card\" content=\"summary_large_image\" \/>\n<meta name=\"twitter:label1\" content=\"Written by\" \/>\n\t<meta name=\"twitter:data1\" content=\"admin\" \/>\n\t<meta name=\"twitter:label2\" content=\"Est. reading time\" \/>\n\t<meta name=\"twitter:data2\" content=\"3 minutes\" \/>\n<script type=\"application\/ld+json\" class=\"yoast-schema-graph\">{\"@context\":\"https:\\\/\\\/schema.org\",\"@graph\":[{\"@type\":\"Article\",\"@id\":\"https:\\\/\\\/news.save.ch\\\/asylzentrum-bericht-entlastet-sicherheitsfirma\\\/#article\",\"isPartOf\":{\"@id\":\"https:\\\/\\\/news.save.ch\\\/asylzentrum-bericht-entlastet-sicherheitsfirma\\\/\"},\"author\":{\"name\":\"admin\",\"@id\":\"https:\\\/\\\/news.save.ch\\\/de\\\/#\\\/schema\\\/person\\\/d49e199490bad7c70d64b9ab51142f2b\"},\"headline\":\"Asylzentrum: Bericht entlastet Sicherheitsfirma\",\"datePublished\":\"2016-08-30T07:02:51+00:00\",\"mainEntityOfPage\":{\"@id\":\"https:\\\/\\\/news.save.ch\\\/asylzentrum-bericht-entlastet-sicherheitsfirma\\\/\"},\"wordCount\":532,\"commentCount\":0,\"publisher\":{\"@id\":\"https:\\\/\\\/news.save.ch\\\/de\\\/#organization\"},\"image\":{\"@id\":\"https:\\\/\\\/news.save.ch\\\/asylzentrum-bericht-entlastet-sicherheitsfirma\\\/#primaryimage\"},\"thumbnailUrl\":\"https:\\\/\\\/news.save.ch\\\/wp-content\\\/uploads\\\/2016\\\/12\\\/Asylzentrum-Bericht-entlastet-Sicherheitsfirma_sicherheitsforum.jpg\",\"keywords\":[\"Justiz &amp; Polizei\",\"Unternehmen\"],\"articleSection\":[\"ALLGEMEIN\"],\"inLanguage\":\"en-US\"},{\"@type\":\"WebPage\",\"@id\":\"https:\\\/\\\/news.save.ch\\\/asylzentrum-bericht-entlastet-sicherheitsfirma\\\/\",\"url\":\"https:\\\/\\\/news.save.ch\\\/asylzentrum-bericht-entlastet-sicherheitsfirma\\\/\",\"name\":\"Asylzentrum: Bericht entlastet Sicherheitsfirma - Save\",\"isPartOf\":{\"@id\":\"https:\\\/\\\/news.save.ch\\\/de\\\/#website\"},\"primaryImageOfPage\":{\"@id\":\"https:\\\/\\\/news.save.ch\\\/asylzentrum-bericht-entlastet-sicherheitsfirma\\\/#primaryimage\"},\"image\":{\"@id\":\"https:\\\/\\\/news.save.ch\\\/asylzentrum-bericht-entlastet-sicherheitsfirma\\\/#primaryimage\"},\"thumbnailUrl\":\"https:\\\/\\\/news.save.ch\\\/wp-content\\\/uploads\\\/2016\\\/12\\\/Asylzentrum-Bericht-entlastet-Sicherheitsfirma_sicherheitsforum.jpg\",\"datePublished\":\"2016-08-30T07:02:51+00:00\",\"description\":\"Im Januar 2016 erhob ein Journalist in der \u201eSonntagsZeitung\u201c schwerwiegende Vorw\u00fcrfe gegen das Sicherheitspersonal im Asylzentrum Kreuzlingen.\",\"breadcrumb\":{\"@id\":\"https:\\\/\\\/news.save.ch\\\/asylzentrum-bericht-entlastet-sicherheitsfirma\\\/#breadcrumb\"},\"inLanguage\":\"en-US\",\"potentialAction\":[{\"@type\":\"ReadAction\",\"target\":[\"https:\\\/\\\/news.save.ch\\\/asylzentrum-bericht-entlastet-sicherheitsfirma\\\/\"]}]},{\"@type\":\"ImageObject\",\"inLanguage\":\"en-US\",\"@id\":\"https:\\\/\\\/news.save.ch\\\/asylzentrum-bericht-entlastet-sicherheitsfirma\\\/#primaryimage\",\"url\":\"https:\\\/\\\/news.save.ch\\\/wp-content\\\/uploads\\\/2016\\\/12\\\/Asylzentrum-Bericht-entlastet-Sicherheitsfirma_sicherheitsforum.jpg\",\"contentUrl\":\"https:\\\/\\\/news.save.ch\\\/wp-content\\\/uploads\\\/2016\\\/12\\\/Asylzentrum-Bericht-entlastet-Sicherheitsfirma_sicherheitsforum.jpg\",\"width\":1000,\"height\":666,\"caption\":\"Wurden Fl\u00fcchtlinge schlecht behandelt? \u00a9depositphotos\"},{\"@type\":\"BreadcrumbList\",\"@id\":\"https:\\\/\\\/news.save.ch\\\/asylzentrum-bericht-entlastet-sicherheitsfirma\\\/#breadcrumb\",\"itemListElement\":[{\"@type\":\"ListItem\",\"position\":1,\"name\":\"Home\",\"item\":\"https:\\\/\\\/news.save.ch\\\/de\\\/\"},{\"@type\":\"ListItem\",\"position\":2,\"name\":\"Asylzentrum: Bericht entlastet Sicherheitsfirma\"}]},{\"@type\":\"WebSite\",\"@id\":\"https:\\\/\\\/news.save.ch\\\/de\\\/#website\",\"url\":\"https:\\\/\\\/news.save.ch\\\/de\\\/\",\"name\":\"Save\",\"description\":\"Schweizer Fachzeitschrift f\u00fcr Sicherheit\",\"publisher\":{\"@id\":\"https:\\\/\\\/news.save.ch\\\/de\\\/#organization\"},\"potentialAction\":[{\"@type\":\"SearchAction\",\"target\":{\"@type\":\"EntryPoint\",\"urlTemplate\":\"https:\\\/\\\/news.save.ch\\\/de\\\/?s={search_term_string}\"},\"query-input\":{\"@type\":\"PropertyValueSpecification\",\"valueRequired\":true,\"valueName\":\"search_term_string\"}}],\"inLanguage\":\"en-US\"},{\"@type\":\"Organization\",\"@id\":\"https:\\\/\\\/news.save.ch\\\/de\\\/#organization\",\"name\":\"Sicherheitsforum\",\"url\":\"https:\\\/\\\/news.save.ch\\\/de\\\/\",\"logo\":{\"@type\":\"ImageObject\",\"inLanguage\":\"en-US\",\"@id\":\"https:\\\/\\\/news.save.ch\\\/de\\\/#\\\/schema\\\/logo\\\/image\\\/\",\"url\":\"https:\\\/\\\/news.save.ch\\\/wp-content\\\/uploads\\\/2022\\\/06\\\/Logo_SF_2012.png\",\"contentUrl\":\"https:\\\/\\\/news.save.ch\\\/wp-content\\\/uploads\\\/2022\\\/06\\\/Logo_SF_2012.png\",\"width\":1100,\"height\":91,\"caption\":\"Sicherheitsforum\"},\"image\":{\"@id\":\"https:\\\/\\\/news.save.ch\\\/de\\\/#\\\/schema\\\/logo\\\/image\\\/\"}},{\"@type\":\"Person\",\"@id\":\"https:\\\/\\\/news.save.ch\\\/de\\\/#\\\/schema\\\/person\\\/d49e199490bad7c70d64b9ab51142f2b\",\"name\":\"admin\",\"image\":{\"@type\":\"ImageObject\",\"inLanguage\":\"en-US\",\"@id\":\"https:\\\/\\\/secure.gravatar.com\\\/avatar\\\/ae2f4d718e6c49043e314ce431e7e645d646302a24a5ef5a8bc8e3f5a032e319?s=96&d=mm&r=g\",\"url\":\"https:\\\/\\\/secure.gravatar.com\\\/avatar\\\/ae2f4d718e6c49043e314ce431e7e645d646302a24a5ef5a8bc8e3f5a032e319?s=96&d=mm&r=g\",\"contentUrl\":\"https:\\\/\\\/secure.gravatar.com\\\/avatar\\\/ae2f4d718e6c49043e314ce431e7e645d646302a24a5ef5a8bc8e3f5a032e319?s=96&d=mm&r=g\",\"caption\":\"admin\"},\"sameAs\":[\"https:\\\/\\\/develop.organisator.galledia.ch\"],\"url\":\"https:\\\/\\\/news.save.ch\\\/en\\\/author\\\/admin\\\/\"}]}<\/script>\n<!-- \/ Yoast SEO plugin. -->","yoast_head_json":{"title":"Asylum center: report exonerates security company - Save","description":"In January 2016, a journalist in the \"SonntagsZeitung\" made serious accusations against the security staff at the Kreuzlingen asylum center.","robots":{"index":"index","follow":"follow","max-snippet":"max-snippet:-1","max-image-preview":"max-image-preview:large","max-video-preview":"max-video-preview:-1"},"canonical":"https:\/\/news.save.ch\/en\/asylzentrum-bericht-entlastet-sicherheitsfirma\/","og_locale":"en_US","og_type":"article","og_title":"Asylzentrum: Bericht entlastet Sicherheitsfirma","og_description":"Im Januar 2016 erhob ein Journalist in der \u201eSonntagsZeitung\u201c schwerwiegende Vorw\u00fcrfe gegen das Sicherheitspersonal im Empfangs- und Verfahrenszentrum Kreuzlingen. Das Staatssekretariat f\u00fcr Migration, kurz SEM, liess diese Vorw\u00fcrfe von Alt-Bundesrichter Michel F\u00e9raud untersuchen. Der nun vorliegende Bericht entlaste die Sicherheitsfirma sowie das SEM, enth\u00e4lt aber Empfehlungen, wie gewisse interne Abl\u00e4ufe optimiert werden k\u00f6nnen, schreibt das SEM.","og_url":"https:\/\/news.save.ch\/en\/asylzentrum-bericht-entlastet-sicherheitsfirma\/","og_site_name":"Save","article_published_time":"2016-08-30T07:02:51+00:00","og_image":[{"url":"https:\/\/news.save.ch\/wp-content\/uploads\/2016\/12\/Asylzentrum-Bericht-entlastet-Sicherheitsfirma_sicherheitsforum.jpg","type":"","width":"","height":""}],"author":"admin","twitter_card":"summary_large_image","twitter_misc":{"Written by":"admin","Est. reading time":"3 minutes"},"schema":{"@context":"https:\/\/schema.org","@graph":[{"@type":"Article","@id":"https:\/\/news.save.ch\/asylzentrum-bericht-entlastet-sicherheitsfirma\/#article","isPartOf":{"@id":"https:\/\/news.save.ch\/asylzentrum-bericht-entlastet-sicherheitsfirma\/"},"author":{"name":"admin","@id":"https:\/\/news.save.ch\/de\/#\/schema\/person\/d49e199490bad7c70d64b9ab51142f2b"},"headline":"Asylzentrum: Bericht entlastet Sicherheitsfirma","datePublished":"2016-08-30T07:02:51+00:00","mainEntityOfPage":{"@id":"https:\/\/news.save.ch\/asylzentrum-bericht-entlastet-sicherheitsfirma\/"},"wordCount":532,"commentCount":0,"publisher":{"@id":"https:\/\/news.save.ch\/de\/#organization"},"image":{"@id":"https:\/\/news.save.ch\/asylzentrum-bericht-entlastet-sicherheitsfirma\/#primaryimage"},"thumbnailUrl":"https:\/\/news.save.ch\/wp-content\/uploads\/2016\/12\/Asylzentrum-Bericht-entlastet-Sicherheitsfirma_sicherheitsforum.jpg","keywords":["Justiz &amp; Polizei","Unternehmen"],"articleSection":["ALLGEMEIN"],"inLanguage":"en-US"},{"@type":"WebPage","@id":"https:\/\/news.save.ch\/asylzentrum-bericht-entlastet-sicherheitsfirma\/","url":"https:\/\/news.save.ch\/asylzentrum-bericht-entlastet-sicherheitsfirma\/","name":"Asylum center: report exonerates security company - Save","isPartOf":{"@id":"https:\/\/news.save.ch\/de\/#website"},"primaryImageOfPage":{"@id":"https:\/\/news.save.ch\/asylzentrum-bericht-entlastet-sicherheitsfirma\/#primaryimage"},"image":{"@id":"https:\/\/news.save.ch\/asylzentrum-bericht-entlastet-sicherheitsfirma\/#primaryimage"},"thumbnailUrl":"https:\/\/news.save.ch\/wp-content\/uploads\/2016\/12\/Asylzentrum-Bericht-entlastet-Sicherheitsfirma_sicherheitsforum.jpg","datePublished":"2016-08-30T07:02:51+00:00","description":"In January 2016, a journalist in the \"SonntagsZeitung\" made serious accusations against the security staff at the Kreuzlingen asylum center.","breadcrumb":{"@id":"https:\/\/news.save.ch\/asylzentrum-bericht-entlastet-sicherheitsfirma\/#breadcrumb"},"inLanguage":"en-US","potentialAction":[{"@type":"ReadAction","target":["https:\/\/news.save.ch\/asylzentrum-bericht-entlastet-sicherheitsfirma\/"]}]},{"@type":"ImageObject","inLanguage":"en-US","@id":"https:\/\/news.save.ch\/asylzentrum-bericht-entlastet-sicherheitsfirma\/#primaryimage","url":"https:\/\/news.save.ch\/wp-content\/uploads\/2016\/12\/Asylzentrum-Bericht-entlastet-Sicherheitsfirma_sicherheitsforum.jpg","contentUrl":"https:\/\/news.save.ch\/wp-content\/uploads\/2016\/12\/Asylzentrum-Bericht-entlastet-Sicherheitsfirma_sicherheitsforum.jpg","width":1000,"height":666,"caption":"Wurden Fl\u00fcchtlinge schlecht behandelt? \u00a9depositphotos"},{"@type":"BreadcrumbList","@id":"https:\/\/news.save.ch\/asylzentrum-bericht-entlastet-sicherheitsfirma\/#breadcrumb","itemListElement":[{"@type":"ListItem","position":1,"name":"Home","item":"https:\/\/news.save.ch\/de\/"},{"@type":"ListItem","position":2,"name":"Asylzentrum: Bericht entlastet Sicherheitsfirma"}]},{"@type":"WebSite","@id":"https:\/\/news.save.ch\/de\/#website","url":"https:\/\/news.save.ch\/de\/","name":"Save","description":"Swiss trade journal for safety","publisher":{"@id":"https:\/\/news.save.ch\/de\/#organization"},"potentialAction":[{"@type":"SearchAction","target":{"@type":"EntryPoint","urlTemplate":"https:\/\/news.save.ch\/de\/?s={search_term_string}"},"query-input":{"@type":"PropertyValueSpecification","valueRequired":true,"valueName":"search_term_string"}}],"inLanguage":"en-US"},{"@type":"Organization","@id":"https:\/\/news.save.ch\/de\/#organization","name":"Security Forum","url":"https:\/\/news.save.ch\/de\/","logo":{"@type":"ImageObject","inLanguage":"en-US","@id":"https:\/\/news.save.ch\/de\/#\/schema\/logo\/image\/","url":"https:\/\/news.save.ch\/wp-content\/uploads\/2022\/06\/Logo_SF_2012.png","contentUrl":"https:\/\/news.save.ch\/wp-content\/uploads\/2022\/06\/Logo_SF_2012.png","width":1100,"height":91,"caption":"Sicherheitsforum"},"image":{"@id":"https:\/\/news.save.ch\/de\/#\/schema\/logo\/image\/"}},{"@type":"Person","@id":"https:\/\/news.save.ch\/de\/#\/schema\/person\/d49e199490bad7c70d64b9ab51142f2b","name":"admin","image":{"@type":"ImageObject","inLanguage":"en-US","@id":"https:\/\/secure.gravatar.com\/avatar\/ae2f4d718e6c49043e314ce431e7e645d646302a24a5ef5a8bc8e3f5a032e319?s=96&d=mm&r=g","url":"https:\/\/secure.gravatar.com\/avatar\/ae2f4d718e6c49043e314ce431e7e645d646302a24a5ef5a8bc8e3f5a032e319?s=96&d=mm&r=g","contentUrl":"https:\/\/secure.gravatar.com\/avatar\/ae2f4d718e6c49043e314ce431e7e645d646302a24a5ef5a8bc8e3f5a032e319?s=96&d=mm&r=g","caption":"admin"},"sameAs":["https:\/\/develop.organisator.galledia.ch"],"url":"https:\/\/news.save.ch\/en\/author\/admin\/"}]}},"_links":{"self":[{"href":"https:\/\/news.save.ch\/en\/wp-json\/wp\/v2\/posts\/2355","targetHints":{"allow":["GET"]}}],"collection":[{"href":"https:\/\/news.save.ch\/en\/wp-json\/wp\/v2\/posts"}],"about":[{"href":"https:\/\/news.save.ch\/en\/wp-json\/wp\/v2\/types\/post"}],"author":[{"embeddable":true,"href":"https:\/\/news.save.ch\/en\/wp-json\/wp\/v2\/users\/1"}],"replies":[{"embeddable":true,"href":"https:\/\/news.save.ch\/en\/wp-json\/wp\/v2\/comments?post=2355"}],"version-history":[{"count":0,"href":"https:\/\/news.save.ch\/en\/wp-json\/wp\/v2\/posts\/2355\/revisions"}],"wp:featuredmedia":[{"embeddable":true,"href":"https:\/\/news.save.ch\/en\/wp-json\/wp\/v2\/media\/2359"}],"wp:attachment":[{"href":"https:\/\/news.save.ch\/en\/wp-json\/wp\/v2\/media?parent=2355"}],"wp:term":[{"taxonomy":"category","embeddable":true,"href":"https:\/\/news.save.ch\/en\/wp-json\/wp\/v2\/categories?post=2355"},{"taxonomy":"post_tag","embeddable":true,"href":"https:\/\/news.save.ch\/en\/wp-json\/wp\/v2\/tags?post=2355"}],"curies":[{"name":"wp","href":"https:\/\/api.w.org\/{rel}","templated":true}]}}