{"id":23570,"date":"2024-09-25T08:29:51","date_gmt":"2024-09-25T06:29:51","guid":{"rendered":"https:\/\/news.save.ch\/?p=23570"},"modified":"2024-09-25T08:29:57","modified_gmt":"2024-09-25T06:29:57","slug":"ueber-900-000-unfaelle-in-der-schweiz-berufsunfaelle-und-berufskrankheiten-nehmen-ab","status":null,"type":"post","link":"https:\/\/news.save.ch\/en\/ueber-900-000-unfaelle-in-der-schweiz-berufsunfaelle-und-berufskrankheiten-nehmen-ab\/","title":{"rendered":"Over 900,000 accidents in Switzerland: occupational accidents and illnesses on the decline"},"content":{"rendered":"<figure id=\"attachment_23571\" aria-describedby=\"caption-attachment-23571\" style=\"width: 1000px\" class=\"wp-caption alignnone\"><a href=\"https:\/\/news.save.ch\/en\/ueber-900-000-unfaelle-in-der-schweiz-berufsunfaelle-und-berufskrankheiten-nehmen-ab\/depositphotos_299714150_s\/\" rel=\"attachment wp-att-23571\"><img loading=\"lazy\" decoding=\"async\" class=\"size-full wp-image-23571\" src=\"https:\/\/news.save.ch\/wp-content\/uploads\/2024\/09\/Depositphotos_299714150_S.jpg\" alt=\"\" width=\"1000\" height=\"667\" srcset=\"https:\/\/news.save.ch\/wp-content\/uploads\/2024\/09\/Depositphotos_299714150_S.jpg 1000w, https:\/\/news.save.ch\/wp-content\/uploads\/2024\/09\/Depositphotos_299714150_S-680x454.jpg 680w, https:\/\/news.save.ch\/wp-content\/uploads\/2024\/09\/Depositphotos_299714150_S-768x512.jpg 768w, https:\/\/news.save.ch\/wp-content\/uploads\/2024\/09\/Depositphotos_299714150_S-18x12.jpg 18w, https:\/\/news.save.ch\/wp-content\/uploads\/2024\/09\/Depositphotos_299714150_S-375x250.jpg 375w, https:\/\/news.save.ch\/wp-content\/uploads\/2024\/09\/Depositphotos_299714150_S-525x350.jpg 525w\" sizes=\"auto, (max-width: 1000px) 100vw, 1000px\" \/><\/a><figcaption id=\"caption-attachment-23571\" class=\"wp-caption-text\">Photo: Depositphotos\/AndreyPopov<\/figcaption><\/figure>\n<p>All employees working in Switzerland are compulsorily insured against occupational accidents and illnesses in accordance with the Accident Insurance Act (UVG). Anyone who works at least eight hours a week is also insured against leisure accidents. Jobseekers and people on IV measures are also compulsorily insured against occupational and leisure accidents.<\/p>\n<p>The 22 UVG insurers in Switzerland registered around 908,000 accidents and occupational illnesses in 2023 (see table). Although this corresponds roughly to the previous year's level (- 0.3%), occupational and non-occupational accident insurance developed differently: While the number of occupational accidents and occupational illnesses fell by 2.4 percent compared to the previous year (to 286,000 claims), leisure accidents increased slightly (by 1.0 percent to 607,000 claims). The number of accidents involving jobseekers fell again (- 14.2% to around 14,000 claims), as there were once again fewer registered jobseekers than in the previous year. Around 1,600 accidents were reported among people undergoing IV measures.<\/p>\n<p>All UVG insurers together spent around CHF 6.9 billion on insurance benefits in 2022, primarily for medical costs (medical and therapeutic benefits), daily allowances and provisions for disability and survivors' pensions. At 63.3%, recreational accidents accounted for the largest share of costs, while 33.5% was paid out for occupational accidents and illnesses.<\/p>\n<figure id=\"attachment_23574\" aria-describedby=\"caption-attachment-23574\" style=\"width: 1242px\" class=\"wp-caption alignnone\"><a href=\"https:\/\/news.save.ch\/en\/ueber-900-000-unfaelle-in-der-schweiz-berufsunfaelle-und-berufskrankheiten-nehmen-ab\/bildschirmfoto-2024-09-25-um-08-26-38\/\" rel=\"attachment wp-att-23574\"><img loading=\"lazy\" decoding=\"async\" class=\"size-full wp-image-23574\" src=\"https:\/\/news.save.ch\/wp-content\/uploads\/2024\/09\/Bildschirmfoto-2024-09-25-um-08.26.38.png\" alt=\"\" width=\"1242\" height=\"1088\" srcset=\"https:\/\/news.save.ch\/wp-content\/uploads\/2024\/09\/Bildschirmfoto-2024-09-25-um-08.26.38.png 1200w, https:\/\/news.save.ch\/wp-content\/uploads\/2024\/09\/Bildschirmfoto-2024-09-25-um-08.26.38-680x596.png 680w, https:\/\/news.save.ch\/wp-content\/uploads\/2024\/09\/Bildschirmfoto-2024-09-25-um-08.26.38-1024x897.png 1024w, https:\/\/news.save.ch\/wp-content\/uploads\/2024\/09\/Bildschirmfoto-2024-09-25-um-08.26.38-768x673.png 768w, https:\/\/news.save.ch\/wp-content\/uploads\/2024\/09\/Bildschirmfoto-2024-09-25-um-08.26.38-14x12.png 14w, https:\/\/news.save.ch\/wp-content\/uploads\/2024\/09\/Bildschirmfoto-2024-09-25-um-08.26.38-342x300.png 342w, https:\/\/news.save.ch\/wp-content\/uploads\/2024\/09\/Bildschirmfoto-2024-09-25-um-08.26.38-400x350.png 400w, https:\/\/news.save.ch\/wp-content\/uploads\/2024\/09\/Bildschirmfoto-2024-09-25-um-08.26.38-913x800.png 913w\" sizes=\"auto, (max-width: 1242px) 100vw, 1242px\" \/><\/a><figcaption id=\"caption-attachment-23574\" class=\"wp-caption-text\">Source: SVV<\/figcaption><\/figure>\n<div class=\"field field--name-field-motive-title field--type-string field--label-hidden\">\n<div id=\"zusammensetzung-des-versicherungsbestands-beeinflusst-das-unfallgeschehen\" class=\"field__item\">\n<h4>Composition of the insurance portfolio influences the accident rate<\/h4>\n<\/div>\n<\/div>\n<div class=\"clearfix text-formatted field field--name-field-paragraph field--type-text-long field--label-hidden field__item\" data-once=\"svv-tables\">\n<p>This year's accident statistics are devoted to the differences between Suva and the other insurers. The focus chapter illustrates the effects that the different legal structure of the insured groups has on the occurrence of accidents and consequently on case costs and premiums.<\/p>\n<p>Major differences can be seen above all in occupational accident insurance. As Suva insures almost the entire commercial and industrial sector, as required by law, its policyholder base includes many companies with a high accident risk. With around 83 annual occupational accidents per 1000 full-time employees, the accident risk is around twice as high as that of other accident insurers, which mainly insure companies in the service sector. This is also reflected in the premiums. While Suva collected premiums of CHF 1.6 billion in occupational accident insurance in 2022, which corresponds to around 0.9% of the insured payroll, the net premiums of the other accident insurers were significantly lower at CHF 0.4 billion, corresponding to 0.2% of the payroll.<\/p>\n<p>With regard to leisure accidents, the differences between the Suva and other insurers' portfolios are smaller. Here, the accident risk is roughly the same, with an average of 128 (Suva) and 127 (other insurers) cases per 1000 full-time positions. However, as insured persons with mainly physical work are less able to return to work quickly, Suva's portfolio of insured persons has on average longer absences from work and correspondingly higher costs: the average costs per accident at Suva amount to CHF 5700, compared with CHF 4000 for the other insurers.<\/p>\n<p>The coronavirus pandemic caused a shift in the distribution of occupational diseases. While it was originally mainly manufacturing companies that had a higher risk of occupational illnesses, which are almost entirely covered by Suva, Covid-19 led to a significant increase in recognized occupational illnesses in hospitals, care homes and laboratories, the majority of which are insured by other accident insurers.<\/p>\n<p><em>Source: SVV<\/em><\/p>\n<\/div>","protected":false},"excerpt":{"rendered":"<p>Alle in der Schweiz besch\u00e4ftigten Arbeitnehmenden sind gem\u00e4ss Unfallversicherungsgesetz (UVG) obligatorisch gegen Berufsunf\u00e4lle und Berufskrankheiten versichert. Wer mindestens acht Stunden pro Woche arbeitet, ist auch gegen Freizeitunf\u00e4lle versichert. Ebenfalls obligatorisch gegen Berufs- und Freizeitunf\u00e4lle versichert sind stellensuchende Personen und Personen in IV-Massnahmen. Die insgesamt 22 UVG-Versicherer in der Schweiz registrierten im Jahr 2023 rund 908 [&hellip;]<\/p>\n","protected":false},"author":31,"featured_media":23571,"comment_status":"closed","ping_status":"closed","sticky":false,"template":"","format":"standard","meta":{"_acf_changed":false,"pgc_sgb_lightbox_settings":"","footnotes":""},"categories":[3314],"tags":[3941,1768,6412],"class_list":["post-23570","post","type-post","status-publish","format-standard","has-post-thumbnail","hentry","category-health-safety","tag-berufskrankheiten","tag-berufsunfaelle","tag-svv"],"acf":[],"hkrextid":null,"publication":null,"issue":null,"workflow":null,"startPage":null,"spitzmarke":null,"_posts_by_tag_page_fields":null,"_at_widget":null,"_yoast_wpseo_primary_category":"3314","_yoast_wpseo_focuskw_text_input":null,"_yoast_wpseo_opengraph-image":null,"_yoast_wpseo_opengraph-description":null,"_yoast_wpseo_opengraph-title":null,"enclosure":null,"_yoast_wpseo_twitter-title":null,"_yoast_wpseo_twitter-description":null,"_yoast_wpseo_twitter-image":null,"_wp_old_slug":null,"_yoast_wpseo_title":null,"_yoast_wpseo_canonical":null,"yoast_head":"<!-- This site is optimized with the Yoast SEO plugin v27.5 - https:\/\/yoast.com\/product\/yoast-seo-wordpress\/ -->\n<title>\u00dcber 900 000 Un\u00adf\u00e4l\u00adle in der Schweiz: Be\u00adrufs\u00adun\u00adf\u00e4l\u00adle und Be\u00adrufs\u00adkrank\u00adhei\u00adten neh\u00admen ab - Save<\/title>\n<meta name=\"description\" content=\"Berufsunf\u00e4lle gingen 2023 gegen\u00fcber dem Vorjahr leicht zur\u00fcck, die Freizeitunf\u00e4lle nahmen leicht zu.\" \/>\n<meta name=\"robots\" content=\"index, follow, max-snippet:-1, max-image-preview:large, max-video-preview:-1\" \/>\n<link rel=\"canonical\" href=\"https:\/\/news.save.ch\/en\/ueber-900-000-unfaelle-in-der-schweiz-berufsunfaelle-und-berufskrankheiten-nehmen-ab\/\" \/>\n<meta property=\"og:locale\" content=\"en_US\" \/>\n<meta property=\"og:type\" content=\"article\" \/>\n<meta property=\"og:title\" content=\"\u00dcber 900 000 Un\u00adf\u00e4l\u00adle in der Schweiz: Be\u00adrufs\u00adun\u00adf\u00e4l\u00adle und Be\u00adrufs\u00adkrank\u00adhei\u00adten neh\u00admen ab - Save\" \/>\n<meta property=\"og:description\" content=\"Berufsunf\u00e4lle gingen 2023 gegen\u00fcber dem Vorjahr leicht zur\u00fcck, die Freizeitunf\u00e4lle nahmen leicht zu.\" \/>\n<meta property=\"og:url\" content=\"https:\/\/news.save.ch\/en\/ueber-900-000-unfaelle-in-der-schweiz-berufsunfaelle-und-berufskrankheiten-nehmen-ab\/\" \/>\n<meta property=\"og:site_name\" content=\"Save\" \/>\n<meta property=\"article:published_time\" content=\"2024-09-25T06:29:51+00:00\" \/>\n<meta property=\"article:modified_time\" content=\"2024-09-25T06:29:57+00:00\" \/>\n<meta property=\"og:image\" content=\"https:\/\/news.save.ch\/wp-content\/uploads\/2024\/09\/Depositphotos_299714150_S.jpg\" \/>\n\t<meta property=\"og:image:width\" content=\"1000\" \/>\n\t<meta property=\"og:image:height\" content=\"667\" \/>\n\t<meta property=\"og:image:type\" content=\"image\/jpeg\" \/>\n<meta name=\"author\" content=\"stefanie Zeng\" \/>\n<meta name=\"twitter:card\" content=\"summary_large_image\" \/>\n<meta name=\"twitter:label1\" content=\"Written by\" \/>\n\t<meta name=\"twitter:data1\" content=\"stefanie Zeng\" \/>\n\t<meta name=\"twitter:label2\" content=\"Est. reading time\" \/>\n\t<meta name=\"twitter:data2\" content=\"4 minutes\" \/>\n<script type=\"application\/ld+json\" class=\"yoast-schema-graph\">{\"@context\":\"https:\\\/\\\/schema.org\",\"@graph\":[{\"@type\":\"Article\",\"@id\":\"https:\\\/\\\/news.save.ch\\\/ueber-900-000-unfaelle-in-der-schweiz-berufsunfaelle-und-berufskrankheiten-nehmen-ab\\\/#article\",\"isPartOf\":{\"@id\":\"https:\\\/\\\/news.save.ch\\\/ueber-900-000-unfaelle-in-der-schweiz-berufsunfaelle-und-berufskrankheiten-nehmen-ab\\\/\"},\"author\":{\"name\":\"stefanie Zeng\",\"@id\":\"https:\\\/\\\/news.save.ch\\\/de\\\/#\\\/schema\\\/person\\\/10917387362b3961e882740f6cf6f2a2\"},\"headline\":\"\u00dcber 900 000 Un\u00adf\u00e4l\u00adle in der Schweiz: Be\u00adrufs\u00adun\u00adf\u00e4l\u00adle und Be\u00adrufs\u00adkrank\u00adhei\u00adten neh\u00admen ab\",\"datePublished\":\"2024-09-25T06:29:51+00:00\",\"dateModified\":\"2024-09-25T06:29:57+00:00\",\"mainEntityOfPage\":{\"@id\":\"https:\\\/\\\/news.save.ch\\\/ueber-900-000-unfaelle-in-der-schweiz-berufsunfaelle-und-berufskrankheiten-nehmen-ab\\\/\"},\"wordCount\":559,\"publisher\":{\"@id\":\"https:\\\/\\\/news.save.ch\\\/de\\\/#organization\"},\"image\":{\"@id\":\"https:\\\/\\\/news.save.ch\\\/ueber-900-000-unfaelle-in-der-schweiz-berufsunfaelle-und-berufskrankheiten-nehmen-ab\\\/#primaryimage\"},\"thumbnailUrl\":\"https:\\\/\\\/news.save.ch\\\/wp-content\\\/uploads\\\/2024\\\/09\\\/Depositphotos_299714150_S.jpg\",\"keywords\":[\"Berufskrankheiten\",\"Berufsunf\u00e4lle\",\"SVV\"],\"articleSection\":[\"HEALTH &amp; SAFETY\"],\"inLanguage\":\"en-US\"},{\"@type\":\"WebPage\",\"@id\":\"https:\\\/\\\/news.save.ch\\\/ueber-900-000-unfaelle-in-der-schweiz-berufsunfaelle-und-berufskrankheiten-nehmen-ab\\\/\",\"url\":\"https:\\\/\\\/news.save.ch\\\/ueber-900-000-unfaelle-in-der-schweiz-berufsunfaelle-und-berufskrankheiten-nehmen-ab\\\/\",\"name\":\"\u00dcber 900 000 Un\u00adf\u00e4l\u00adle in der Schweiz: Be\u00adrufs\u00adun\u00adf\u00e4l\u00adle und Be\u00adrufs\u00adkrank\u00adhei\u00adten neh\u00admen ab - Save\",\"isPartOf\":{\"@id\":\"https:\\\/\\\/news.save.ch\\\/de\\\/#website\"},\"primaryImageOfPage\":{\"@id\":\"https:\\\/\\\/news.save.ch\\\/ueber-900-000-unfaelle-in-der-schweiz-berufsunfaelle-und-berufskrankheiten-nehmen-ab\\\/#primaryimage\"},\"image\":{\"@id\":\"https:\\\/\\\/news.save.ch\\\/ueber-900-000-unfaelle-in-der-schweiz-berufsunfaelle-und-berufskrankheiten-nehmen-ab\\\/#primaryimage\"},\"thumbnailUrl\":\"https:\\\/\\\/news.save.ch\\\/wp-content\\\/uploads\\\/2024\\\/09\\\/Depositphotos_299714150_S.jpg\",\"datePublished\":\"2024-09-25T06:29:51+00:00\",\"dateModified\":\"2024-09-25T06:29:57+00:00\",\"description\":\"Berufsunf\u00e4lle gingen 2023 gegen\u00fcber dem Vorjahr leicht zur\u00fcck, die Freizeitunf\u00e4lle nahmen leicht zu.\",\"breadcrumb\":{\"@id\":\"https:\\\/\\\/news.save.ch\\\/ueber-900-000-unfaelle-in-der-schweiz-berufsunfaelle-und-berufskrankheiten-nehmen-ab\\\/#breadcrumb\"},\"inLanguage\":\"en-US\",\"potentialAction\":[{\"@type\":\"ReadAction\",\"target\":[\"https:\\\/\\\/news.save.ch\\\/ueber-900-000-unfaelle-in-der-schweiz-berufsunfaelle-und-berufskrankheiten-nehmen-ab\\\/\"]}]},{\"@type\":\"ImageObject\",\"inLanguage\":\"en-US\",\"@id\":\"https:\\\/\\\/news.save.ch\\\/ueber-900-000-unfaelle-in-der-schweiz-berufsunfaelle-und-berufskrankheiten-nehmen-ab\\\/#primaryimage\",\"url\":\"https:\\\/\\\/news.save.ch\\\/wp-content\\\/uploads\\\/2024\\\/09\\\/Depositphotos_299714150_S.jpg\",\"contentUrl\":\"https:\\\/\\\/news.save.ch\\\/wp-content\\\/uploads\\\/2024\\\/09\\\/Depositphotos_299714150_S.jpg\",\"width\":1000,\"height\":667,\"caption\":\"Foto: Depositphotos\\\/AndreyPopov\"},{\"@type\":\"BreadcrumbList\",\"@id\":\"https:\\\/\\\/news.save.ch\\\/ueber-900-000-unfaelle-in-der-schweiz-berufsunfaelle-und-berufskrankheiten-nehmen-ab\\\/#breadcrumb\",\"itemListElement\":[{\"@type\":\"ListItem\",\"position\":1,\"name\":\"Home\",\"item\":\"https:\\\/\\\/news.save.ch\\\/de\\\/\"},{\"@type\":\"ListItem\",\"position\":2,\"name\":\"\u00dcber 900 000 Un\u00adf\u00e4l\u00adle in der Schweiz: Be\u00adrufs\u00adun\u00adf\u00e4l\u00adle und Be\u00adrufs\u00adkrank\u00adhei\u00adten neh\u00admen ab\"}]},{\"@type\":\"WebSite\",\"@id\":\"https:\\\/\\\/news.save.ch\\\/de\\\/#website\",\"url\":\"https:\\\/\\\/news.save.ch\\\/de\\\/\",\"name\":\"Save\",\"description\":\"Schweizer Fachzeitschrift f\u00fcr Sicherheit\",\"publisher\":{\"@id\":\"https:\\\/\\\/news.save.ch\\\/de\\\/#organization\"},\"potentialAction\":[{\"@type\":\"SearchAction\",\"target\":{\"@type\":\"EntryPoint\",\"urlTemplate\":\"https:\\\/\\\/news.save.ch\\\/de\\\/?s={search_term_string}\"},\"query-input\":{\"@type\":\"PropertyValueSpecification\",\"valueRequired\":true,\"valueName\":\"search_term_string\"}}],\"inLanguage\":\"en-US\"},{\"@type\":\"Organization\",\"@id\":\"https:\\\/\\\/news.save.ch\\\/de\\\/#organization\",\"name\":\"Sicherheitsforum\",\"url\":\"https:\\\/\\\/news.save.ch\\\/de\\\/\",\"logo\":{\"@type\":\"ImageObject\",\"inLanguage\":\"en-US\",\"@id\":\"https:\\\/\\\/news.save.ch\\\/de\\\/#\\\/schema\\\/logo\\\/image\\\/\",\"url\":\"https:\\\/\\\/news.save.ch\\\/wp-content\\\/uploads\\\/2022\\\/06\\\/Logo_SF_2012.png\",\"contentUrl\":\"https:\\\/\\\/news.save.ch\\\/wp-content\\\/uploads\\\/2022\\\/06\\\/Logo_SF_2012.png\",\"width\":1100,\"height\":91,\"caption\":\"Sicherheitsforum\"},\"image\":{\"@id\":\"https:\\\/\\\/news.save.ch\\\/de\\\/#\\\/schema\\\/logo\\\/image\\\/\"}},{\"@type\":\"Person\",\"@id\":\"https:\\\/\\\/news.save.ch\\\/de\\\/#\\\/schema\\\/person\\\/10917387362b3961e882740f6cf6f2a2\",\"name\":\"stefanie Zeng\",\"image\":{\"@type\":\"ImageObject\",\"inLanguage\":\"en-US\",\"@id\":\"https:\\\/\\\/secure.gravatar.com\\\/avatar\\\/eac43faa6e40bb2c41068c95c9d78bbd94c476d5efdff7abaab80bb3ea681e06?s=96&d=mm&r=g\",\"url\":\"https:\\\/\\\/secure.gravatar.com\\\/avatar\\\/eac43faa6e40bb2c41068c95c9d78bbd94c476d5efdff7abaab80bb3ea681e06?s=96&d=mm&r=g\",\"contentUrl\":\"https:\\\/\\\/secure.gravatar.com\\\/avatar\\\/eac43faa6e40bb2c41068c95c9d78bbd94c476d5efdff7abaab80bb3ea681e06?s=96&d=mm&r=g\",\"caption\":\"stefanie Zeng\"},\"url\":\"https:\\\/\\\/news.save.ch\\\/en\\\/author\\\/stefanie-zeng\\\/\"}]}<\/script>\n<!-- \/ Yoast SEO plugin. -->","yoast_head_json":{"title":"Over 900,000 accidents in Switzerland: occupational accidents and illnesses on the decline - Save","description":"Occupational accidents fell slightly in 2023 compared to the previous year, while leisure accidents increased slightly.","robots":{"index":"index","follow":"follow","max-snippet":"max-snippet:-1","max-image-preview":"max-image-preview:large","max-video-preview":"max-video-preview:-1"},"canonical":"https:\/\/news.save.ch\/en\/ueber-900-000-unfaelle-in-der-schweiz-berufsunfaelle-und-berufskrankheiten-nehmen-ab\/","og_locale":"en_US","og_type":"article","og_title":"\u00dcber 900 000 Un\u00adf\u00e4l\u00adle in der Schweiz: Be\u00adrufs\u00adun\u00adf\u00e4l\u00adle und Be\u00adrufs\u00adkrank\u00adhei\u00adten neh\u00admen ab - Save","og_description":"Berufsunf\u00e4lle gingen 2023 gegen\u00fcber dem Vorjahr leicht zur\u00fcck, die Freizeitunf\u00e4lle nahmen leicht zu.","og_url":"https:\/\/news.save.ch\/en\/ueber-900-000-unfaelle-in-der-schweiz-berufsunfaelle-und-berufskrankheiten-nehmen-ab\/","og_site_name":"Save","article_published_time":"2024-09-25T06:29:51+00:00","article_modified_time":"2024-09-25T06:29:57+00:00","og_image":[{"width":1000,"height":667,"url":"https:\/\/news.save.ch\/wp-content\/uploads\/2024\/09\/Depositphotos_299714150_S.jpg","type":"image\/jpeg"}],"author":"stefanie Zeng","twitter_card":"summary_large_image","twitter_misc":{"Written by":"stefanie Zeng","Est. reading time":"4 minutes"},"schema":{"@context":"https:\/\/schema.org","@graph":[{"@type":"Article","@id":"https:\/\/news.save.ch\/ueber-900-000-unfaelle-in-der-schweiz-berufsunfaelle-und-berufskrankheiten-nehmen-ab\/#article","isPartOf":{"@id":"https:\/\/news.save.ch\/ueber-900-000-unfaelle-in-der-schweiz-berufsunfaelle-und-berufskrankheiten-nehmen-ab\/"},"author":{"name":"stefanie Zeng","@id":"https:\/\/news.save.ch\/de\/#\/schema\/person\/10917387362b3961e882740f6cf6f2a2"},"headline":"\u00dcber 900 000 Un\u00adf\u00e4l\u00adle in der Schweiz: Be\u00adrufs\u00adun\u00adf\u00e4l\u00adle und Be\u00adrufs\u00adkrank\u00adhei\u00adten neh\u00admen ab","datePublished":"2024-09-25T06:29:51+00:00","dateModified":"2024-09-25T06:29:57+00:00","mainEntityOfPage":{"@id":"https:\/\/news.save.ch\/ueber-900-000-unfaelle-in-der-schweiz-berufsunfaelle-und-berufskrankheiten-nehmen-ab\/"},"wordCount":559,"publisher":{"@id":"https:\/\/news.save.ch\/de\/#organization"},"image":{"@id":"https:\/\/news.save.ch\/ueber-900-000-unfaelle-in-der-schweiz-berufsunfaelle-und-berufskrankheiten-nehmen-ab\/#primaryimage"},"thumbnailUrl":"https:\/\/news.save.ch\/wp-content\/uploads\/2024\/09\/Depositphotos_299714150_S.jpg","keywords":["Berufskrankheiten","Berufsunf\u00e4lle","SVV"],"articleSection":["HEALTH &amp; SAFETY"],"inLanguage":"en-US"},{"@type":"WebPage","@id":"https:\/\/news.save.ch\/ueber-900-000-unfaelle-in-der-schweiz-berufsunfaelle-und-berufskrankheiten-nehmen-ab\/","url":"https:\/\/news.save.ch\/ueber-900-000-unfaelle-in-der-schweiz-berufsunfaelle-und-berufskrankheiten-nehmen-ab\/","name":"Over 900,000 accidents in Switzerland: occupational accidents and illnesses on the decline - Save","isPartOf":{"@id":"https:\/\/news.save.ch\/de\/#website"},"primaryImageOfPage":{"@id":"https:\/\/news.save.ch\/ueber-900-000-unfaelle-in-der-schweiz-berufsunfaelle-und-berufskrankheiten-nehmen-ab\/#primaryimage"},"image":{"@id":"https:\/\/news.save.ch\/ueber-900-000-unfaelle-in-der-schweiz-berufsunfaelle-und-berufskrankheiten-nehmen-ab\/#primaryimage"},"thumbnailUrl":"https:\/\/news.save.ch\/wp-content\/uploads\/2024\/09\/Depositphotos_299714150_S.jpg","datePublished":"2024-09-25T06:29:51+00:00","dateModified":"2024-09-25T06:29:57+00:00","description":"Occupational accidents fell slightly in 2023 compared to the previous year, while leisure accidents increased slightly.","breadcrumb":{"@id":"https:\/\/news.save.ch\/ueber-900-000-unfaelle-in-der-schweiz-berufsunfaelle-und-berufskrankheiten-nehmen-ab\/#breadcrumb"},"inLanguage":"en-US","potentialAction":[{"@type":"ReadAction","target":["https:\/\/news.save.ch\/ueber-900-000-unfaelle-in-der-schweiz-berufsunfaelle-und-berufskrankheiten-nehmen-ab\/"]}]},{"@type":"ImageObject","inLanguage":"en-US","@id":"https:\/\/news.save.ch\/ueber-900-000-unfaelle-in-der-schweiz-berufsunfaelle-und-berufskrankheiten-nehmen-ab\/#primaryimage","url":"https:\/\/news.save.ch\/wp-content\/uploads\/2024\/09\/Depositphotos_299714150_S.jpg","contentUrl":"https:\/\/news.save.ch\/wp-content\/uploads\/2024\/09\/Depositphotos_299714150_S.jpg","width":1000,"height":667,"caption":"Foto: Depositphotos\/AndreyPopov"},{"@type":"BreadcrumbList","@id":"https:\/\/news.save.ch\/ueber-900-000-unfaelle-in-der-schweiz-berufsunfaelle-und-berufskrankheiten-nehmen-ab\/#breadcrumb","itemListElement":[{"@type":"ListItem","position":1,"name":"Home","item":"https:\/\/news.save.ch\/de\/"},{"@type":"ListItem","position":2,"name":"\u00dcber 900 000 Un\u00adf\u00e4l\u00adle in der Schweiz: Be\u00adrufs\u00adun\u00adf\u00e4l\u00adle und Be\u00adrufs\u00adkrank\u00adhei\u00adten neh\u00admen ab"}]},{"@type":"WebSite","@id":"https:\/\/news.save.ch\/de\/#website","url":"https:\/\/news.save.ch\/de\/","name":"Save","description":"Swiss trade journal for safety","publisher":{"@id":"https:\/\/news.save.ch\/de\/#organization"},"potentialAction":[{"@type":"SearchAction","target":{"@type":"EntryPoint","urlTemplate":"https:\/\/news.save.ch\/de\/?s={search_term_string}"},"query-input":{"@type":"PropertyValueSpecification","valueRequired":true,"valueName":"search_term_string"}}],"inLanguage":"en-US"},{"@type":"Organization","@id":"https:\/\/news.save.ch\/de\/#organization","name":"Security Forum","url":"https:\/\/news.save.ch\/de\/","logo":{"@type":"ImageObject","inLanguage":"en-US","@id":"https:\/\/news.save.ch\/de\/#\/schema\/logo\/image\/","url":"https:\/\/news.save.ch\/wp-content\/uploads\/2022\/06\/Logo_SF_2012.png","contentUrl":"https:\/\/news.save.ch\/wp-content\/uploads\/2022\/06\/Logo_SF_2012.png","width":1100,"height":91,"caption":"Sicherheitsforum"},"image":{"@id":"https:\/\/news.save.ch\/de\/#\/schema\/logo\/image\/"}},{"@type":"Person","@id":"https:\/\/news.save.ch\/de\/#\/schema\/person\/10917387362b3961e882740f6cf6f2a2","name":"Stefanie Zeng","image":{"@type":"ImageObject","inLanguage":"en-US","@id":"https:\/\/secure.gravatar.com\/avatar\/eac43faa6e40bb2c41068c95c9d78bbd94c476d5efdff7abaab80bb3ea681e06?s=96&d=mm&r=g","url":"https:\/\/secure.gravatar.com\/avatar\/eac43faa6e40bb2c41068c95c9d78bbd94c476d5efdff7abaab80bb3ea681e06?s=96&d=mm&r=g","contentUrl":"https:\/\/secure.gravatar.com\/avatar\/eac43faa6e40bb2c41068c95c9d78bbd94c476d5efdff7abaab80bb3ea681e06?s=96&d=mm&r=g","caption":"stefanie Zeng"},"url":"https:\/\/news.save.ch\/en\/author\/stefanie-zeng\/"}]}},"_links":{"self":[{"href":"https:\/\/news.save.ch\/en\/wp-json\/wp\/v2\/posts\/23570","targetHints":{"allow":["GET"]}}],"collection":[{"href":"https:\/\/news.save.ch\/en\/wp-json\/wp\/v2\/posts"}],"about":[{"href":"https:\/\/news.save.ch\/en\/wp-json\/wp\/v2\/types\/post"}],"author":[{"embeddable":true,"href":"https:\/\/news.save.ch\/en\/wp-json\/wp\/v2\/users\/31"}],"replies":[{"embeddable":true,"href":"https:\/\/news.save.ch\/en\/wp-json\/wp\/v2\/comments?post=23570"}],"version-history":[{"count":2,"href":"https:\/\/news.save.ch\/en\/wp-json\/wp\/v2\/posts\/23570\/revisions"}],"predecessor-version":[{"id":23576,"href":"https:\/\/news.save.ch\/en\/wp-json\/wp\/v2\/posts\/23570\/revisions\/23576"}],"wp:featuredmedia":[{"embeddable":true,"href":"https:\/\/news.save.ch\/en\/wp-json\/wp\/v2\/media\/23571"}],"wp:attachment":[{"href":"https:\/\/news.save.ch\/en\/wp-json\/wp\/v2\/media?parent=23570"}],"wp:term":[{"taxonomy":"category","embeddable":true,"href":"https:\/\/news.save.ch\/en\/wp-json\/wp\/v2\/categories?post=23570"},{"taxonomy":"post_tag","embeddable":true,"href":"https:\/\/news.save.ch\/en\/wp-json\/wp\/v2\/tags?post=23570"}],"curies":[{"name":"wp","href":"https:\/\/api.w.org\/{rel}","templated":true}]}}