{"id":23588,"date":"2024-10-04T14:09:41","date_gmt":"2024-10-04T12:09:41","guid":{"rendered":"https:\/\/news.save.ch\/?p=23588"},"modified":"2024-10-04T14:09:44","modified_gmt":"2024-10-04T12:09:44","slug":"siemens-ernennt-susanne-seitz-zur-ceo-des-geschaeftsbereichs-buildings","status":null,"type":"post","link":"https:\/\/news.save.ch\/en\/siemens-ernennt-susanne-seitz-zur-ceo-des-geschaeftsbereichs-buildings\/","title":{"rendered":"Siemens appoints Susanne Seitz as CEO of the Buildings Division"},"content":{"rendered":"<section class=\"Intro Press Release container\" data-xml-tag=\"Intro\" data-xml-id=\"idm93822754282600\" data-partialxcmsid=\"\">\n<div class=\"row IntroText\">\n<div class=\"col col-xs-12 col-sm-12 col-md-8 hidden-xs\">\n<div>\n<figure id=\"attachment_23589\" aria-describedby=\"caption-attachment-23589\" style=\"width: 933px\" class=\"wp-caption alignnone\"><a href=\"https:\/\/news.save.ch\/en\/siemens-ernennt-susanne-seitz-zur-ceo-des-geschaeftsbereichs-buildings\/susanne-seitz\/\" rel=\"attachment wp-att-23589\"><img loading=\"lazy\" decoding=\"async\" class=\"wp-image-23589 size-full\" src=\"https:\/\/news.save.ch\/wp-content\/uploads\/2024\/10\/Susanne-Seitz-scaled-e1728043496305.jpg\" alt=\"\" width=\"933\" height=\"597\" srcset=\"https:\/\/news.save.ch\/wp-content\/uploads\/2024\/10\/Susanne-Seitz-scaled-e1728043496305.jpg 933w, https:\/\/news.save.ch\/wp-content\/uploads\/2024\/10\/Susanne-Seitz-scaled-e1728043496305-680x435.jpg 680w, https:\/\/news.save.ch\/wp-content\/uploads\/2024\/10\/Susanne-Seitz-scaled-e1728043496305-768x491.jpg 768w, https:\/\/news.save.ch\/wp-content\/uploads\/2024\/10\/Susanne-Seitz-scaled-e1728043496305-18x12.jpg 18w, https:\/\/news.save.ch\/wp-content\/uploads\/2024\/10\/Susanne-Seitz-scaled-e1728043496305-375x240.jpg 375w, https:\/\/news.save.ch\/wp-content\/uploads\/2024\/10\/Susanne-Seitz-scaled-e1728043496305-547x350.jpg 547w\" sizes=\"auto, (max-width: 933px) 100vw, 933px\" \/><\/a><figcaption id=\"caption-attachment-23589\" class=\"wp-caption-text\">Photo: Susanne Seitz, CEO of the Buildings Division at Siemens Smart Infrastructure (zVg)<\/figcaption><\/figure>\n<\/div>\n<div><\/div>\n<div class=\"IntroText\">With an integrated portfolio - consisting of products, software and services - the Buildings division is a technology partner for digital transformation, focusing on the reliable and cost-efficient operation of buildings, decarbonization and energy efficiency as well as successful operations for customers from a wide range of industries.<\/div>\n<\/div>\n<\/div>\n<\/section>\n<section class=\"container Row\" data-xml-tag=\"Row\" data-xml-id=\"idm93822755257352\" data-partialxcmsid=\"\">\n<div class=\"row withcols\">\n<div class=\"Box box col-xs-12 col-sm-12 col-md-12 leftBox\" data-xml-id=\"idm93822759656216\" data-image=\"1\" data-child=\"4\" data-interaction=\"false\" data-pos=\"1\" data-maxlength=\"2\" data-mod=\"1\">\n<div class=\"row\">\n<div class=\"col-xs-12 col-sm-4 col-md-4\">\n<div class=\"asset\">\n<div class=\"imgHolder withCaption img-left\">\n<div class=\"inner\" title=\"Siemens appoints Susanne Seitz CEO of SI Buildings to drive next stage of growth\"><\/div>\n<\/div>\n<\/div>\n<\/div>\n<div class=\"col-xs-12 col-sm-8 col-md-8 caption\">\n<div class=\"f-text\">\"It has never been more important to make existing and new buildings more sustainable. Buildings cause more than 40 percent of annual global CO2 emissions worldwide and we have a responsibility to drive their decarbonization,\" says Matthias Rebellius, Member of the Board and CEO of Smart Infrastructure. \"Smarter buildings create added value for owners, users, operators and the environment as a whole. I have full confidence in the new management team. Together with the combined expertise of almost 30,000 employees worldwide, we can further expand our leading position in the building market and pave the way for the smart buildings of the future.\"<\/div>\n<div class=\"f-text\"><\/div>\n<div class=\"f-text\">The Buildings division works with customers and a growing ecosystem of partners from over 60 countries across a range of industries. Industries include healthcare, data centers, higher education, commercial real estate, pharma and life sciences, and food and beverage. The division's portfolio includes products for building control, fire protection and security, automation and operations, data-based services, decarbonization programs and software - including Building X, Siemens' scalable digital building platform for digitizing, managing and optimizing operations.<\/div>\n<div><\/div>\n<div class=\"f-text\">\"I am excited about the opportunity to further expand this dynamic business. With innovative technology, we can accelerate the transformation towards smarter, more autonomous and self-sufficient buildings by taking advantage of artificial intelligence, IT\/OT convergence and digital services. This helps our customers to reduce emissions and costs while improving the user experience in buildings,\" says Seitz.<\/div>\n<div><\/div>\n<\/div>\n<\/div>\n<\/div>\n<div class=\"Box box col-xs-12 col-sm-12 col-md-12 noPic\" data-xml-id=\"idm93822751928008\" data-image=\"0\" data-child=\"1\" data-interaction=\"false\" data-pos=\"2\" data-maxlength=\"2\" data-mod=\"0\">\n<div class=\"row\">\n<div class=\"col-xs-12 col-sm-8 col-md-8 caption\">\n<div class=\"f-text\">Susanne Seitz, who is based in Zug, Switzerland, was previously Head of Sales and Marketing at Siemens Smart Infrastructure, where she led the digital transformation of global sales and marketing on a global level. Prior to that, she was Executive Vice President EMEA and a member of Group Executive Management at Landis+Gyr. Seitz also held various positions at Siemens for 16 years, including Head Strategy and M&amp;A, Head Security and Vice President for the global building systems and solutions business. Born in Switzerland, she holds a Master's degree in Environmental Engineering from ETH Zurich and an Executive MBA from the University of St. Gallen.<\/div>\n<\/div>\n<\/div>\n<\/div>\n<\/div>\n<\/section>\n<div><\/div>\n<div><em>Source: Siemens<\/em><\/div>","protected":false},"excerpt":{"rendered":"<p>Mit einem integrierten Portfolio \u2013 bestehend aus Produkten, Software und Services \u2013 ist der Gesch\u00e4ftsbereich Buildings ein Technologiepartner f\u00fcr die digitale Transformation, der sich auf den zuverl\u00e4ssigen und kosteneffizienten Betrieb von Geb\u00e4uden, Dekarbonisierung und Energieeffizienz sowie auf einen erfolgreichen Betrieb f\u00fcr Kunden aus unterschiedlichsten Branchen konzentriert. \u00abEs war noch nie so wichtig wie heute, Bestand- [&hellip;]<\/p>\n","protected":false},"author":31,"featured_media":23589,"comment_status":"closed","ping_status":"closed","sticky":false,"template":"","format":"standard","meta":{"_acf_changed":false,"pgc_sgb_lightbox_settings":"","footnotes":""},"categories":[3317],"tags":[275,3368],"class_list":["post-23588","post","type-post","status-publish","format-standard","has-post-thumbnail","hentry","category-friends","tag-siemens","tag-siemens-schweiz"],"acf":[],"hkrextid":null,"publication":null,"issue":null,"workflow":null,"startPage":null,"spitzmarke":null,"_posts_by_tag_page_fields":null,"_at_widget":null,"_yoast_wpseo_primary_category":"3317","_yoast_wpseo_focuskw_text_input":null,"_yoast_wpseo_opengraph-image":null,"_yoast_wpseo_opengraph-description":null,"_yoast_wpseo_opengraph-title":null,"enclosure":null,"_yoast_wpseo_twitter-title":null,"_yoast_wpseo_twitter-description":null,"_yoast_wpseo_twitter-image":null,"_wp_old_slug":null,"_yoast_wpseo_title":null,"_yoast_wpseo_canonical":null,"yoast_head":"<!-- This site is optimized with the Yoast SEO plugin v27.5 - https:\/\/yoast.com\/product\/yoast-seo-wordpress\/ -->\n<title>Siemens ernennt Susanne Seitz zur CEO des Gesch\u00e4ftsbereichs Buildings - Save<\/title>\n<meta name=\"description\" content=\"Siemens ernennt Susanne Seitz zur CEO des Gesch\u00e4ftsbereichs Buildings, der als Teil von Smart Infrastructure alle geb\u00e4uderelevanten Bereiche b\u00fcndelt.\" \/>\n<meta name=\"robots\" content=\"index, follow, max-snippet:-1, max-image-preview:large, max-video-preview:-1\" \/>\n<link rel=\"canonical\" href=\"https:\/\/news.save.ch\/en\/siemens-ernennt-susanne-seitz-zur-ceo-des-geschaeftsbereichs-buildings\/\" \/>\n<meta property=\"og:locale\" content=\"en_US\" \/>\n<meta property=\"og:type\" content=\"article\" \/>\n<meta property=\"og:title\" content=\"Siemens ernennt Susanne Seitz zur CEO des Gesch\u00e4ftsbereichs Buildings - Save\" \/>\n<meta property=\"og:description\" content=\"Siemens ernennt Susanne Seitz zur CEO des Gesch\u00e4ftsbereichs Buildings, der als Teil von Smart Infrastructure alle geb\u00e4uderelevanten Bereiche b\u00fcndelt.\" \/>\n<meta property=\"og:url\" content=\"https:\/\/news.save.ch\/en\/siemens-ernennt-susanne-seitz-zur-ceo-des-geschaeftsbereichs-buildings\/\" \/>\n<meta property=\"og:site_name\" content=\"Save\" \/>\n<meta property=\"article:published_time\" content=\"2024-10-04T12:09:41+00:00\" \/>\n<meta property=\"article:modified_time\" content=\"2024-10-04T12:09:44+00:00\" \/>\n<meta property=\"og:image\" content=\"https:\/\/news.save.ch\/wp-content\/uploads\/2024\/10\/Susanne-Seitz-scaled-e1728043496305.jpg\" \/>\n\t<meta property=\"og:image:width\" content=\"933\" \/>\n\t<meta property=\"og:image:height\" content=\"597\" \/>\n\t<meta property=\"og:image:type\" content=\"image\/jpeg\" \/>\n<meta name=\"author\" content=\"stefanie Zeng\" \/>\n<meta name=\"twitter:card\" content=\"summary_large_image\" \/>\n<meta name=\"twitter:label1\" content=\"Written by\" \/>\n\t<meta name=\"twitter:data1\" content=\"stefanie Zeng\" \/>\n\t<meta name=\"twitter:label2\" content=\"Est. reading time\" \/>\n\t<meta name=\"twitter:data2\" content=\"3 minutes\" \/>\n<script type=\"application\/ld+json\" class=\"yoast-schema-graph\">{\"@context\":\"https:\\\/\\\/schema.org\",\"@graph\":[{\"@type\":\"Article\",\"@id\":\"https:\\\/\\\/news.save.ch\\\/siemens-ernennt-susanne-seitz-zur-ceo-des-geschaeftsbereichs-buildings\\\/#article\",\"isPartOf\":{\"@id\":\"https:\\\/\\\/news.save.ch\\\/siemens-ernennt-susanne-seitz-zur-ceo-des-geschaeftsbereichs-buildings\\\/\"},\"author\":{\"name\":\"stefanie Zeng\",\"@id\":\"https:\\\/\\\/news.save.ch\\\/de\\\/#\\\/schema\\\/person\\\/10917387362b3961e882740f6cf6f2a2\"},\"headline\":\"Siemens ernennt Susanne Seitz zur CEO des Gesch\u00e4ftsbereichs Buildings\",\"datePublished\":\"2024-10-04T12:09:41+00:00\",\"dateModified\":\"2024-10-04T12:09:44+00:00\",\"mainEntityOfPage\":{\"@id\":\"https:\\\/\\\/news.save.ch\\\/siemens-ernennt-susanne-seitz-zur-ceo-des-geschaeftsbereichs-buildings\\\/\"},\"wordCount\":447,\"publisher\":{\"@id\":\"https:\\\/\\\/news.save.ch\\\/de\\\/#organization\"},\"image\":{\"@id\":\"https:\\\/\\\/news.save.ch\\\/siemens-ernennt-susanne-seitz-zur-ceo-des-geschaeftsbereichs-buildings\\\/#primaryimage\"},\"thumbnailUrl\":\"https:\\\/\\\/news.save.ch\\\/wp-content\\\/uploads\\\/2024\\\/10\\\/Susanne-Seitz-scaled-e1728043496305.jpg\",\"keywords\":[\"Siemens\",\"Siemens Schweiz\"],\"articleSection\":[\"FRIENDS\"],\"inLanguage\":\"en-US\"},{\"@type\":\"WebPage\",\"@id\":\"https:\\\/\\\/news.save.ch\\\/siemens-ernennt-susanne-seitz-zur-ceo-des-geschaeftsbereichs-buildings\\\/\",\"url\":\"https:\\\/\\\/news.save.ch\\\/siemens-ernennt-susanne-seitz-zur-ceo-des-geschaeftsbereichs-buildings\\\/\",\"name\":\"Siemens ernennt Susanne Seitz zur CEO des Gesch\u00e4ftsbereichs Buildings - Save\",\"isPartOf\":{\"@id\":\"https:\\\/\\\/news.save.ch\\\/de\\\/#website\"},\"primaryImageOfPage\":{\"@id\":\"https:\\\/\\\/news.save.ch\\\/siemens-ernennt-susanne-seitz-zur-ceo-des-geschaeftsbereichs-buildings\\\/#primaryimage\"},\"image\":{\"@id\":\"https:\\\/\\\/news.save.ch\\\/siemens-ernennt-susanne-seitz-zur-ceo-des-geschaeftsbereichs-buildings\\\/#primaryimage\"},\"thumbnailUrl\":\"https:\\\/\\\/news.save.ch\\\/wp-content\\\/uploads\\\/2024\\\/10\\\/Susanne-Seitz-scaled-e1728043496305.jpg\",\"datePublished\":\"2024-10-04T12:09:41+00:00\",\"dateModified\":\"2024-10-04T12:09:44+00:00\",\"description\":\"Siemens ernennt Susanne Seitz zur CEO des Gesch\u00e4ftsbereichs Buildings, der als Teil von Smart Infrastructure alle geb\u00e4uderelevanten Bereiche b\u00fcndelt.\",\"breadcrumb\":{\"@id\":\"https:\\\/\\\/news.save.ch\\\/siemens-ernennt-susanne-seitz-zur-ceo-des-geschaeftsbereichs-buildings\\\/#breadcrumb\"},\"inLanguage\":\"en-US\",\"potentialAction\":[{\"@type\":\"ReadAction\",\"target\":[\"https:\\\/\\\/news.save.ch\\\/siemens-ernennt-susanne-seitz-zur-ceo-des-geschaeftsbereichs-buildings\\\/\"]}]},{\"@type\":\"ImageObject\",\"inLanguage\":\"en-US\",\"@id\":\"https:\\\/\\\/news.save.ch\\\/siemens-ernennt-susanne-seitz-zur-ceo-des-geschaeftsbereichs-buildings\\\/#primaryimage\",\"url\":\"https:\\\/\\\/news.save.ch\\\/wp-content\\\/uploads\\\/2024\\\/10\\\/Susanne-Seitz-scaled-e1728043496305.jpg\",\"contentUrl\":\"https:\\\/\\\/news.save.ch\\\/wp-content\\\/uploads\\\/2024\\\/10\\\/Susanne-Seitz-scaled-e1728043496305.jpg\",\"width\":933,\"height\":597,\"caption\":\"Foto: Susanne Seitz, CEO des Gesch\u00e4ftsbereichs Buildings bei Siemens Smart Infrastructure (zVg)\"},{\"@type\":\"BreadcrumbList\",\"@id\":\"https:\\\/\\\/news.save.ch\\\/siemens-ernennt-susanne-seitz-zur-ceo-des-geschaeftsbereichs-buildings\\\/#breadcrumb\",\"itemListElement\":[{\"@type\":\"ListItem\",\"position\":1,\"name\":\"Home\",\"item\":\"https:\\\/\\\/news.save.ch\\\/de\\\/\"},{\"@type\":\"ListItem\",\"position\":2,\"name\":\"Siemens ernennt Susanne Seitz zur CEO des Gesch\u00e4ftsbereichs Buildings\"}]},{\"@type\":\"WebSite\",\"@id\":\"https:\\\/\\\/news.save.ch\\\/de\\\/#website\",\"url\":\"https:\\\/\\\/news.save.ch\\\/de\\\/\",\"name\":\"Save\",\"description\":\"Schweizer Fachzeitschrift f\u00fcr Sicherheit\",\"publisher\":{\"@id\":\"https:\\\/\\\/news.save.ch\\\/de\\\/#organization\"},\"potentialAction\":[{\"@type\":\"SearchAction\",\"target\":{\"@type\":\"EntryPoint\",\"urlTemplate\":\"https:\\\/\\\/news.save.ch\\\/de\\\/?s={search_term_string}\"},\"query-input\":{\"@type\":\"PropertyValueSpecification\",\"valueRequired\":true,\"valueName\":\"search_term_string\"}}],\"inLanguage\":\"en-US\"},{\"@type\":\"Organization\",\"@id\":\"https:\\\/\\\/news.save.ch\\\/de\\\/#organization\",\"name\":\"Sicherheitsforum\",\"url\":\"https:\\\/\\\/news.save.ch\\\/de\\\/\",\"logo\":{\"@type\":\"ImageObject\",\"inLanguage\":\"en-US\",\"@id\":\"https:\\\/\\\/news.save.ch\\\/de\\\/#\\\/schema\\\/logo\\\/image\\\/\",\"url\":\"https:\\\/\\\/news.save.ch\\\/wp-content\\\/uploads\\\/2022\\\/06\\\/Logo_SF_2012.png\",\"contentUrl\":\"https:\\\/\\\/news.save.ch\\\/wp-content\\\/uploads\\\/2022\\\/06\\\/Logo_SF_2012.png\",\"width\":1100,\"height\":91,\"caption\":\"Sicherheitsforum\"},\"image\":{\"@id\":\"https:\\\/\\\/news.save.ch\\\/de\\\/#\\\/schema\\\/logo\\\/image\\\/\"}},{\"@type\":\"Person\",\"@id\":\"https:\\\/\\\/news.save.ch\\\/de\\\/#\\\/schema\\\/person\\\/10917387362b3961e882740f6cf6f2a2\",\"name\":\"stefanie Zeng\",\"image\":{\"@type\":\"ImageObject\",\"inLanguage\":\"en-US\",\"@id\":\"https:\\\/\\\/secure.gravatar.com\\\/avatar\\\/eac43faa6e40bb2c41068c95c9d78bbd94c476d5efdff7abaab80bb3ea681e06?s=96&d=mm&r=g\",\"url\":\"https:\\\/\\\/secure.gravatar.com\\\/avatar\\\/eac43faa6e40bb2c41068c95c9d78bbd94c476d5efdff7abaab80bb3ea681e06?s=96&d=mm&r=g\",\"contentUrl\":\"https:\\\/\\\/secure.gravatar.com\\\/avatar\\\/eac43faa6e40bb2c41068c95c9d78bbd94c476d5efdff7abaab80bb3ea681e06?s=96&d=mm&r=g\",\"caption\":\"stefanie Zeng\"},\"url\":\"https:\\\/\\\/news.save.ch\\\/en\\\/author\\\/stefanie-zeng\\\/\"}]}<\/script>\n<!-- \/ Yoast SEO plugin. -->","yoast_head_json":{"title":"Siemens appoints Susanne Seitz as CEO of the Buildings Division - Save","description":"Siemens appoints Susanne Seitz as CEO of the Buildings Division, which bundles all building-related areas as part of Smart Infrastructure.","robots":{"index":"index","follow":"follow","max-snippet":"max-snippet:-1","max-image-preview":"max-image-preview:large","max-video-preview":"max-video-preview:-1"},"canonical":"https:\/\/news.save.ch\/en\/siemens-ernennt-susanne-seitz-zur-ceo-des-geschaeftsbereichs-buildings\/","og_locale":"en_US","og_type":"article","og_title":"Siemens ernennt Susanne Seitz zur CEO des Gesch\u00e4ftsbereichs Buildings - Save","og_description":"Siemens ernennt Susanne Seitz zur CEO des Gesch\u00e4ftsbereichs Buildings, der als Teil von Smart Infrastructure alle geb\u00e4uderelevanten Bereiche b\u00fcndelt.","og_url":"https:\/\/news.save.ch\/en\/siemens-ernennt-susanne-seitz-zur-ceo-des-geschaeftsbereichs-buildings\/","og_site_name":"Save","article_published_time":"2024-10-04T12:09:41+00:00","article_modified_time":"2024-10-04T12:09:44+00:00","og_image":[{"width":933,"height":597,"url":"https:\/\/news.save.ch\/wp-content\/uploads\/2024\/10\/Susanne-Seitz-scaled-e1728043496305.jpg","type":"image\/jpeg"}],"author":"stefanie Zeng","twitter_card":"summary_large_image","twitter_misc":{"Written by":"stefanie Zeng","Est. reading time":"3 minutes"},"schema":{"@context":"https:\/\/schema.org","@graph":[{"@type":"Article","@id":"https:\/\/news.save.ch\/siemens-ernennt-susanne-seitz-zur-ceo-des-geschaeftsbereichs-buildings\/#article","isPartOf":{"@id":"https:\/\/news.save.ch\/siemens-ernennt-susanne-seitz-zur-ceo-des-geschaeftsbereichs-buildings\/"},"author":{"name":"stefanie Zeng","@id":"https:\/\/news.save.ch\/de\/#\/schema\/person\/10917387362b3961e882740f6cf6f2a2"},"headline":"Siemens ernennt Susanne Seitz zur CEO des Gesch\u00e4ftsbereichs Buildings","datePublished":"2024-10-04T12:09:41+00:00","dateModified":"2024-10-04T12:09:44+00:00","mainEntityOfPage":{"@id":"https:\/\/news.save.ch\/siemens-ernennt-susanne-seitz-zur-ceo-des-geschaeftsbereichs-buildings\/"},"wordCount":447,"publisher":{"@id":"https:\/\/news.save.ch\/de\/#organization"},"image":{"@id":"https:\/\/news.save.ch\/siemens-ernennt-susanne-seitz-zur-ceo-des-geschaeftsbereichs-buildings\/#primaryimage"},"thumbnailUrl":"https:\/\/news.save.ch\/wp-content\/uploads\/2024\/10\/Susanne-Seitz-scaled-e1728043496305.jpg","keywords":["Siemens","Siemens Schweiz"],"articleSection":["FRIENDS"],"inLanguage":"en-US"},{"@type":"WebPage","@id":"https:\/\/news.save.ch\/siemens-ernennt-susanne-seitz-zur-ceo-des-geschaeftsbereichs-buildings\/","url":"https:\/\/news.save.ch\/siemens-ernennt-susanne-seitz-zur-ceo-des-geschaeftsbereichs-buildings\/","name":"Siemens appoints Susanne Seitz as CEO of the Buildings Division - Save","isPartOf":{"@id":"https:\/\/news.save.ch\/de\/#website"},"primaryImageOfPage":{"@id":"https:\/\/news.save.ch\/siemens-ernennt-susanne-seitz-zur-ceo-des-geschaeftsbereichs-buildings\/#primaryimage"},"image":{"@id":"https:\/\/news.save.ch\/siemens-ernennt-susanne-seitz-zur-ceo-des-geschaeftsbereichs-buildings\/#primaryimage"},"thumbnailUrl":"https:\/\/news.save.ch\/wp-content\/uploads\/2024\/10\/Susanne-Seitz-scaled-e1728043496305.jpg","datePublished":"2024-10-04T12:09:41+00:00","dateModified":"2024-10-04T12:09:44+00:00","description":"Siemens appoints Susanne Seitz as CEO of the Buildings Division, which bundles all building-related areas as part of Smart Infrastructure.","breadcrumb":{"@id":"https:\/\/news.save.ch\/siemens-ernennt-susanne-seitz-zur-ceo-des-geschaeftsbereichs-buildings\/#breadcrumb"},"inLanguage":"en-US","potentialAction":[{"@type":"ReadAction","target":["https:\/\/news.save.ch\/siemens-ernennt-susanne-seitz-zur-ceo-des-geschaeftsbereichs-buildings\/"]}]},{"@type":"ImageObject","inLanguage":"en-US","@id":"https:\/\/news.save.ch\/siemens-ernennt-susanne-seitz-zur-ceo-des-geschaeftsbereichs-buildings\/#primaryimage","url":"https:\/\/news.save.ch\/wp-content\/uploads\/2024\/10\/Susanne-Seitz-scaled-e1728043496305.jpg","contentUrl":"https:\/\/news.save.ch\/wp-content\/uploads\/2024\/10\/Susanne-Seitz-scaled-e1728043496305.jpg","width":933,"height":597,"caption":"Foto: Susanne Seitz, CEO des Gesch\u00e4ftsbereichs Buildings bei Siemens Smart Infrastructure (zVg)"},{"@type":"BreadcrumbList","@id":"https:\/\/news.save.ch\/siemens-ernennt-susanne-seitz-zur-ceo-des-geschaeftsbereichs-buildings\/#breadcrumb","itemListElement":[{"@type":"ListItem","position":1,"name":"Home","item":"https:\/\/news.save.ch\/de\/"},{"@type":"ListItem","position":2,"name":"Siemens ernennt Susanne Seitz zur CEO des Gesch\u00e4ftsbereichs Buildings"}]},{"@type":"WebSite","@id":"https:\/\/news.save.ch\/de\/#website","url":"https:\/\/news.save.ch\/de\/","name":"Save","description":"Swiss trade journal for safety","publisher":{"@id":"https:\/\/news.save.ch\/de\/#organization"},"potentialAction":[{"@type":"SearchAction","target":{"@type":"EntryPoint","urlTemplate":"https:\/\/news.save.ch\/de\/?s={search_term_string}"},"query-input":{"@type":"PropertyValueSpecification","valueRequired":true,"valueName":"search_term_string"}}],"inLanguage":"en-US"},{"@type":"Organization","@id":"https:\/\/news.save.ch\/de\/#organization","name":"Security Forum","url":"https:\/\/news.save.ch\/de\/","logo":{"@type":"ImageObject","inLanguage":"en-US","@id":"https:\/\/news.save.ch\/de\/#\/schema\/logo\/image\/","url":"https:\/\/news.save.ch\/wp-content\/uploads\/2022\/06\/Logo_SF_2012.png","contentUrl":"https:\/\/news.save.ch\/wp-content\/uploads\/2022\/06\/Logo_SF_2012.png","width":1100,"height":91,"caption":"Sicherheitsforum"},"image":{"@id":"https:\/\/news.save.ch\/de\/#\/schema\/logo\/image\/"}},{"@type":"Person","@id":"https:\/\/news.save.ch\/de\/#\/schema\/person\/10917387362b3961e882740f6cf6f2a2","name":"Stefanie Zeng","image":{"@type":"ImageObject","inLanguage":"en-US","@id":"https:\/\/secure.gravatar.com\/avatar\/eac43faa6e40bb2c41068c95c9d78bbd94c476d5efdff7abaab80bb3ea681e06?s=96&d=mm&r=g","url":"https:\/\/secure.gravatar.com\/avatar\/eac43faa6e40bb2c41068c95c9d78bbd94c476d5efdff7abaab80bb3ea681e06?s=96&d=mm&r=g","contentUrl":"https:\/\/secure.gravatar.com\/avatar\/eac43faa6e40bb2c41068c95c9d78bbd94c476d5efdff7abaab80bb3ea681e06?s=96&d=mm&r=g","caption":"stefanie Zeng"},"url":"https:\/\/news.save.ch\/en\/author\/stefanie-zeng\/"}]}},"_links":{"self":[{"href":"https:\/\/news.save.ch\/en\/wp-json\/wp\/v2\/posts\/23588","targetHints":{"allow":["GET"]}}],"collection":[{"href":"https:\/\/news.save.ch\/en\/wp-json\/wp\/v2\/posts"}],"about":[{"href":"https:\/\/news.save.ch\/en\/wp-json\/wp\/v2\/types\/post"}],"author":[{"embeddable":true,"href":"https:\/\/news.save.ch\/en\/wp-json\/wp\/v2\/users\/31"}],"replies":[{"embeddable":true,"href":"https:\/\/news.save.ch\/en\/wp-json\/wp\/v2\/comments?post=23588"}],"version-history":[{"count":2,"href":"https:\/\/news.save.ch\/en\/wp-json\/wp\/v2\/posts\/23588\/revisions"}],"predecessor-version":[{"id":23591,"href":"https:\/\/news.save.ch\/en\/wp-json\/wp\/v2\/posts\/23588\/revisions\/23591"}],"wp:featuredmedia":[{"embeddable":true,"href":"https:\/\/news.save.ch\/en\/wp-json\/wp\/v2\/media\/23589"}],"wp:attachment":[{"href":"https:\/\/news.save.ch\/en\/wp-json\/wp\/v2\/media?parent=23588"}],"wp:term":[{"taxonomy":"category","embeddable":true,"href":"https:\/\/news.save.ch\/en\/wp-json\/wp\/v2\/categories?post=23588"},{"taxonomy":"post_tag","embeddable":true,"href":"https:\/\/news.save.ch\/en\/wp-json\/wp\/v2\/tags?post=23588"}],"curies":[{"name":"wp","href":"https:\/\/api.w.org\/{rel}","templated":true}]}}