{"id":23599,"date":"2024-09-30T09:32:07","date_gmt":"2024-09-30T07:32:07","guid":{"rendered":"https:\/\/news.save.ch\/?p=23599"},"modified":"2024-10-09T09:38:01","modified_gmt":"2024-10-09T07:38:01","slug":"bundesrat-stellt-weichen-fuer-die-weiterentwicklung-des-elektronischen-patientendossiers","status":null,"type":"post","link":"https:\/\/news.save.ch\/en\/bundesrat-stellt-weichen-fuer-die-weiterentwicklung-des-elektronischen-patientendossiers\/","title":{"rendered":"Federal Council sets course for the further development of the electronic patient dossier"},"content":{"rendered":"<figure id=\"attachment_23600\" aria-describedby=\"caption-attachment-23600\" style=\"width: 1000px\" class=\"wp-caption alignnone\"><a href=\"https:\/\/news.save.ch\/en\/bundesrat-stellt-weichen-fuer-die-weiterentwicklung-des-elektronischen-patientendossiers\/depositphotos_12419652_s\/\" rel=\"attachment wp-att-23600\"><img loading=\"lazy\" decoding=\"async\" class=\"size-full wp-image-23600\" src=\"https:\/\/news.save.ch\/wp-content\/uploads\/2024\/10\/Depositphotos_12419652_S.jpg\" alt=\"\" width=\"1000\" height=\"667\" srcset=\"https:\/\/news.save.ch\/wp-content\/uploads\/2024\/10\/Depositphotos_12419652_S.jpg 1000w, https:\/\/news.save.ch\/wp-content\/uploads\/2024\/10\/Depositphotos_12419652_S-680x454.jpg 680w, https:\/\/news.save.ch\/wp-content\/uploads\/2024\/10\/Depositphotos_12419652_S-768x512.jpg 768w, https:\/\/news.save.ch\/wp-content\/uploads\/2024\/10\/Depositphotos_12419652_S-18x12.jpg 18w, https:\/\/news.save.ch\/wp-content\/uploads\/2024\/10\/Depositphotos_12419652_S-375x250.jpg 375w, https:\/\/news.save.ch\/wp-content\/uploads\/2024\/10\/Depositphotos_12419652_S-525x350.jpg 525w\" sizes=\"auto, (max-width: 1000px) 100vw, 1000px\" \/><\/a><figcaption id=\"caption-attachment-23600\" class=\"wp-caption-text\">Photo: Depositphotos\/DepositNovic<\/figcaption><\/figure>\n<p>With a comprehensive revision of the Federal Act on the Electronic Patient Record (EPDG), the Federal Council wants to further develop the EPR so that it can develop its full potential. In order to meet the demand widely expressed in the consultation procedure and to increase the use of the EPR, the technical infrastructure of the EPR is to be provided centrally by the Confederation. The Federal Council took this decision at its meeting on September 27, 2024. This adjustment will be included in the dispatch on the revision of the EPDG.<\/p>\n<p>The Federal Act on the Electronic Patient Record (EPDG) is being revised in two stages. In spring 2024, Parliament approved transitional funding for the dissemination and promotion of the EPR. It will enter into force on October 1, 2024. The federal government can thus provide financial support to EPR providers until the measures of the comprehensive revision have been adopted and implemented.<\/p>\n<p>To further improve the electronic patient record, the Federal Council is also proposing a comprehensive revision of the EPDG. The Federal Council submitted this revision of the law for consultation in summer 2023. The evaluation of the comments showed that the revision met with broad approval. The roles of the Confederation and the cantons are to be more clearly defined and the financing of the EPR is to be secured. In future, the EPR is also to be used on a mandatory basis along the entire treatment chain. In addition to hospitals and care facilities, outpatient service providers such as doctors, pharmacists, physiotherapists and chiropractors will now also be obliged to use the EPR and enter all treatment-related data. All persons who live in Switzerland and have compulsory health or military insurance now receive an EPR automatically and free of charge. Anyone who does not want a dossier can object to the opening of the EPR (\"opt-out\"). The state E-ID is to be used to access the EPR.<\/p>\n<h3><b>Demand for greater centralization<\/b><\/h3>\n<p>Feedback from the consultation process has also shown that a majority criticizes the existing decentralized structure adopted when the EPDG was passed and would like to see greater centralization. This includes the cantons and most political parties in particular. The wishes for centralization varied greatly in detail and ranged from a clarification of responsibilities to a complete restart or nationalization. The Federal Department of Home Affairs (FDHA) and the Federal Office of Public Health (FOPH) have therefore examined centralization and analysed possible options.<\/p>\n<h3>Technical EPD infrastructure as a federal task<\/h3>\n<p>Based on these clarifications, the Federal Council decided to include centralization of the technical EPR infrastructure in the comprehensive revision. At present, each of the eight EPR providers, the so-called parent communities and communities, has its own technical infrastructure. This technical infrastructure is now to be made available as a standardized platform by the federal government.<\/p>\n<p>The Confederation will procure the central technical infrastructure by means of a call for tenders. The operating costs for the use of the technical platform will be passed on to the core communities as usage fees.<br \/>\n<b><\/b><\/p>\n<h3><b>Clear division of tasks between the Confederation, cantons and parent communities<\/b><\/h3>\n<p>With technical centralization, the division of tasks between the Confederation, the cantons and the EPR stakeholders will also be more clearly defined: The Confederation is responsible for procuring the central technical infrastructure and for its further development. The cantons are to ensure the operation of at least one core community on their territory. The core communities will continue to offer the EPR in their area of responsibility. They advise and support patients and service providers in connecting to the EPR.<\/p>\n<p>The Federal Council is convinced that centralizing the technical infrastructure reduces the complexity of the system and the number of interfaces. This improves the seamless exchange of data (interoperability) between the players. This will make the further development of the EPR easier and faster. In the medium to long term, centralization should also be financially advantageous.<\/p>\n<p>The Federal Council has instructed the FDHA to include the centralization of the technical infrastructure for the EPR in the revision of the law. The dispatch is to be submitted to Parliament in spring 2025.<\/p>\n<p><em>Source: bag.admin.ch<\/em><\/p>","protected":false},"excerpt":{"rendered":"<p>Mit einer umfassenden Revision des Bundesgesetzes \u00fcber das elektronische Patientendossier (EPDG) will der Bundesrat das EPD weiterentwickeln, damit es sein volles Potenzial entfalten kann. Um der im Vernehmlassungsverfahren weithin ge\u00e4usserten Forderung nachzukommen und die Nutzung des EPD zu erh\u00f6hen, soll die technische Infrastruktur des EPD neu zentralisiert vom Bund zur Verf\u00fcgung gestellt werden. Der Bundesrat [&hellip;]<\/p>\n","protected":false},"author":31,"featured_media":0,"comment_status":"closed","ping_status":"closed","sticky":false,"template":"","format":"standard","meta":{"_acf_changed":false,"pgc_sgb_lightbox_settings":"","footnotes":""},"categories":[3313,3314],"tags":[1964],"class_list":["post-23599","post","type-post","status-publish","format-standard","hentry","category-digitalisierung","category-health-safety","tag-elektronisches-patientendossier"],"acf":[],"hkrextid":null,"publication":null,"issue":null,"workflow":null,"startPage":null,"spitzmarke":null,"_posts_by_tag_page_fields":null,"_at_widget":null,"_yoast_wpseo_primary_category":"3313","_yoast_wpseo_focuskw_text_input":null,"_yoast_wpseo_opengraph-image":null,"_yoast_wpseo_opengraph-description":null,"_yoast_wpseo_opengraph-title":null,"enclosure":null,"_yoast_wpseo_twitter-title":null,"_yoast_wpseo_twitter-description":null,"_yoast_wpseo_twitter-image":null,"_wp_old_slug":null,"_yoast_wpseo_title":null,"_yoast_wpseo_canonical":null,"yoast_head":"<!-- This site is optimized with the Yoast SEO plugin v27.4 - https:\/\/yoast.com\/product\/yoast-seo-wordpress\/ -->\n<title>Bundesrat stellt Weichen f\u00fcr die Weiterentwicklung des elektronischen Patientendossiers - Save<\/title>\n<meta name=\"description\" content=\"Bundesrat stellt Weichen f\u00fcr die Weiterentwicklung des elektronischen Patientendossiers.\" \/>\n<meta name=\"robots\" content=\"index, follow, max-snippet:-1, max-image-preview:large, max-video-preview:-1\" \/>\n<link rel=\"canonical\" href=\"https:\/\/news.save.ch\/en\/bundesrat-stellt-weichen-fuer-die-weiterentwicklung-des-elektronischen-patientendossiers\/\" \/>\n<meta property=\"og:locale\" content=\"en_US\" \/>\n<meta property=\"og:type\" content=\"article\" \/>\n<meta property=\"og:title\" content=\"Bundesrat stellt Weichen f\u00fcr die Weiterentwicklung des elektronischen Patientendossiers - Save\" \/>\n<meta property=\"og:description\" content=\"Bundesrat stellt Weichen f\u00fcr die Weiterentwicklung des elektronischen Patientendossiers.\" \/>\n<meta property=\"og:url\" content=\"https:\/\/news.save.ch\/en\/bundesrat-stellt-weichen-fuer-die-weiterentwicklung-des-elektronischen-patientendossiers\/\" \/>\n<meta property=\"og:site_name\" content=\"Save\" \/>\n<meta property=\"article:published_time\" content=\"2024-09-30T07:32:07+00:00\" \/>\n<meta property=\"article:modified_time\" content=\"2024-10-09T07:38:01+00:00\" \/>\n<meta property=\"og:image\" content=\"https:\/\/news.save.ch\/wp-content\/uploads\/2024\/10\/Depositphotos_12419652_S.jpg\" \/>\n\t<meta property=\"og:image:width\" content=\"1000\" \/>\n\t<meta property=\"og:image:height\" content=\"667\" \/>\n\t<meta property=\"og:image:type\" content=\"image\/jpeg\" \/>\n<meta name=\"author\" content=\"stefanie Zeng\" \/>\n<meta name=\"twitter:card\" content=\"summary_large_image\" \/>\n<meta name=\"twitter:label1\" content=\"Written by\" \/>\n\t<meta name=\"twitter:data1\" content=\"stefanie Zeng\" \/>\n\t<meta name=\"twitter:label2\" content=\"Est. reading time\" \/>\n\t<meta name=\"twitter:data2\" content=\"4 minutes\" \/>\n<script type=\"application\/ld+json\" class=\"yoast-schema-graph\">{\"@context\":\"https:\\\/\\\/schema.org\",\"@graph\":[{\"@type\":\"Article\",\"@id\":\"https:\\\/\\\/news.save.ch\\\/bundesrat-stellt-weichen-fuer-die-weiterentwicklung-des-elektronischen-patientendossiers\\\/#article\",\"isPartOf\":{\"@id\":\"https:\\\/\\\/news.save.ch\\\/bundesrat-stellt-weichen-fuer-die-weiterentwicklung-des-elektronischen-patientendossiers\\\/\"},\"author\":{\"name\":\"stefanie Zeng\",\"@id\":\"https:\\\/\\\/news.save.ch\\\/de\\\/#\\\/schema\\\/person\\\/10917387362b3961e882740f6cf6f2a2\"},\"headline\":\"Bundesrat stellt Weichen f\u00fcr die Weiterentwicklung des elektronischen Patientendossiers\",\"datePublished\":\"2024-09-30T07:32:07+00:00\",\"dateModified\":\"2024-10-09T07:38:01+00:00\",\"mainEntityOfPage\":{\"@id\":\"https:\\\/\\\/news.save.ch\\\/bundesrat-stellt-weichen-fuer-die-weiterentwicklung-des-elektronischen-patientendossiers\\\/\"},\"wordCount\":646,\"publisher\":{\"@id\":\"https:\\\/\\\/news.save.ch\\\/de\\\/#organization\"},\"image\":{\"@id\":\"https:\\\/\\\/news.save.ch\\\/bundesrat-stellt-weichen-fuer-die-weiterentwicklung-des-elektronischen-patientendossiers\\\/#primaryimage\"},\"thumbnailUrl\":\"https:\\\/\\\/news.save.ch\\\/wp-content\\\/uploads\\\/2024\\\/10\\\/Depositphotos_12419652_S.jpg\",\"keywords\":[\"Elektronisches Patientendossier\"],\"articleSection\":[\"DIGITALISIERUNG\",\"HEALTH &amp; SAFETY\"],\"inLanguage\":\"en-US\"},{\"@type\":\"WebPage\",\"@id\":\"https:\\\/\\\/news.save.ch\\\/bundesrat-stellt-weichen-fuer-die-weiterentwicklung-des-elektronischen-patientendossiers\\\/\",\"url\":\"https:\\\/\\\/news.save.ch\\\/bundesrat-stellt-weichen-fuer-die-weiterentwicklung-des-elektronischen-patientendossiers\\\/\",\"name\":\"Bundesrat stellt Weichen f\u00fcr die Weiterentwicklung des elektronischen Patientendossiers - Save\",\"isPartOf\":{\"@id\":\"https:\\\/\\\/news.save.ch\\\/de\\\/#website\"},\"primaryImageOfPage\":{\"@id\":\"https:\\\/\\\/news.save.ch\\\/bundesrat-stellt-weichen-fuer-die-weiterentwicklung-des-elektronischen-patientendossiers\\\/#primaryimage\"},\"image\":{\"@id\":\"https:\\\/\\\/news.save.ch\\\/bundesrat-stellt-weichen-fuer-die-weiterentwicklung-des-elektronischen-patientendossiers\\\/#primaryimage\"},\"thumbnailUrl\":\"https:\\\/\\\/news.save.ch\\\/wp-content\\\/uploads\\\/2024\\\/10\\\/Depositphotos_12419652_S.jpg\",\"datePublished\":\"2024-09-30T07:32:07+00:00\",\"dateModified\":\"2024-10-09T07:38:01+00:00\",\"description\":\"Bundesrat stellt Weichen f\u00fcr die Weiterentwicklung des elektronischen Patientendossiers.\",\"breadcrumb\":{\"@id\":\"https:\\\/\\\/news.save.ch\\\/bundesrat-stellt-weichen-fuer-die-weiterentwicklung-des-elektronischen-patientendossiers\\\/#breadcrumb\"},\"inLanguage\":\"en-US\",\"potentialAction\":[{\"@type\":\"ReadAction\",\"target\":[\"https:\\\/\\\/news.save.ch\\\/bundesrat-stellt-weichen-fuer-die-weiterentwicklung-des-elektronischen-patientendossiers\\\/\"]}]},{\"@type\":\"ImageObject\",\"inLanguage\":\"en-US\",\"@id\":\"https:\\\/\\\/news.save.ch\\\/bundesrat-stellt-weichen-fuer-die-weiterentwicklung-des-elektronischen-patientendossiers\\\/#primaryimage\",\"url\":\"https:\\\/\\\/news.save.ch\\\/wp-content\\\/uploads\\\/2024\\\/10\\\/Depositphotos_12419652_S.jpg\",\"contentUrl\":\"https:\\\/\\\/news.save.ch\\\/wp-content\\\/uploads\\\/2024\\\/10\\\/Depositphotos_12419652_S.jpg\"},{\"@type\":\"BreadcrumbList\",\"@id\":\"https:\\\/\\\/news.save.ch\\\/bundesrat-stellt-weichen-fuer-die-weiterentwicklung-des-elektronischen-patientendossiers\\\/#breadcrumb\",\"itemListElement\":[{\"@type\":\"ListItem\",\"position\":1,\"name\":\"Home\",\"item\":\"https:\\\/\\\/news.save.ch\\\/de\\\/\"},{\"@type\":\"ListItem\",\"position\":2,\"name\":\"Bundesrat stellt Weichen f\u00fcr die Weiterentwicklung des elektronischen Patientendossiers\"}]},{\"@type\":\"WebSite\",\"@id\":\"https:\\\/\\\/news.save.ch\\\/de\\\/#website\",\"url\":\"https:\\\/\\\/news.save.ch\\\/de\\\/\",\"name\":\"Save\",\"description\":\"Schweizer Fachzeitschrift f\u00fcr Sicherheit\",\"publisher\":{\"@id\":\"https:\\\/\\\/news.save.ch\\\/de\\\/#organization\"},\"potentialAction\":[{\"@type\":\"SearchAction\",\"target\":{\"@type\":\"EntryPoint\",\"urlTemplate\":\"https:\\\/\\\/news.save.ch\\\/de\\\/?s={search_term_string}\"},\"query-input\":{\"@type\":\"PropertyValueSpecification\",\"valueRequired\":true,\"valueName\":\"search_term_string\"}}],\"inLanguage\":\"en-US\"},{\"@type\":\"Organization\",\"@id\":\"https:\\\/\\\/news.save.ch\\\/de\\\/#organization\",\"name\":\"Sicherheitsforum\",\"url\":\"https:\\\/\\\/news.save.ch\\\/de\\\/\",\"logo\":{\"@type\":\"ImageObject\",\"inLanguage\":\"en-US\",\"@id\":\"https:\\\/\\\/news.save.ch\\\/de\\\/#\\\/schema\\\/logo\\\/image\\\/\",\"url\":\"https:\\\/\\\/news.save.ch\\\/wp-content\\\/uploads\\\/2022\\\/06\\\/Logo_SF_2012.png\",\"contentUrl\":\"https:\\\/\\\/news.save.ch\\\/wp-content\\\/uploads\\\/2022\\\/06\\\/Logo_SF_2012.png\",\"width\":1100,\"height\":91,\"caption\":\"Sicherheitsforum\"},\"image\":{\"@id\":\"https:\\\/\\\/news.save.ch\\\/de\\\/#\\\/schema\\\/logo\\\/image\\\/\"}},{\"@type\":\"Person\",\"@id\":\"https:\\\/\\\/news.save.ch\\\/de\\\/#\\\/schema\\\/person\\\/10917387362b3961e882740f6cf6f2a2\",\"name\":\"stefanie Zeng\",\"image\":{\"@type\":\"ImageObject\",\"inLanguage\":\"en-US\",\"@id\":\"https:\\\/\\\/secure.gravatar.com\\\/avatar\\\/eac43faa6e40bb2c41068c95c9d78bbd94c476d5efdff7abaab80bb3ea681e06?s=96&d=mm&r=g\",\"url\":\"https:\\\/\\\/secure.gravatar.com\\\/avatar\\\/eac43faa6e40bb2c41068c95c9d78bbd94c476d5efdff7abaab80bb3ea681e06?s=96&d=mm&r=g\",\"contentUrl\":\"https:\\\/\\\/secure.gravatar.com\\\/avatar\\\/eac43faa6e40bb2c41068c95c9d78bbd94c476d5efdff7abaab80bb3ea681e06?s=96&d=mm&r=g\",\"caption\":\"stefanie Zeng\"},\"url\":\"https:\\\/\\\/news.save.ch\\\/en\\\/author\\\/stefanie-zeng\\\/\"}]}<\/script>\n<!-- \/ Yoast SEO plugin. -->","yoast_head_json":{"title":"Federal Council sets course for further development of the electronic patient dossier - Save","description":"Federal Council sets course for the further development of the electronic patient dossier.","robots":{"index":"index","follow":"follow","max-snippet":"max-snippet:-1","max-image-preview":"max-image-preview:large","max-video-preview":"max-video-preview:-1"},"canonical":"https:\/\/news.save.ch\/en\/bundesrat-stellt-weichen-fuer-die-weiterentwicklung-des-elektronischen-patientendossiers\/","og_locale":"en_US","og_type":"article","og_title":"Bundesrat stellt Weichen f\u00fcr die Weiterentwicklung des elektronischen Patientendossiers - Save","og_description":"Bundesrat stellt Weichen f\u00fcr die Weiterentwicklung des elektronischen Patientendossiers.","og_url":"https:\/\/news.save.ch\/en\/bundesrat-stellt-weichen-fuer-die-weiterentwicklung-des-elektronischen-patientendossiers\/","og_site_name":"Save","article_published_time":"2024-09-30T07:32:07+00:00","article_modified_time":"2024-10-09T07:38:01+00:00","og_image":[{"width":1000,"height":667,"url":"https:\/\/news.save.ch\/wp-content\/uploads\/2024\/10\/Depositphotos_12419652_S.jpg","type":"image\/jpeg"}],"author":"stefanie Zeng","twitter_card":"summary_large_image","twitter_misc":{"Written by":"stefanie Zeng","Est. reading time":"4 minutes"},"schema":{"@context":"https:\/\/schema.org","@graph":[{"@type":"Article","@id":"https:\/\/news.save.ch\/bundesrat-stellt-weichen-fuer-die-weiterentwicklung-des-elektronischen-patientendossiers\/#article","isPartOf":{"@id":"https:\/\/news.save.ch\/bundesrat-stellt-weichen-fuer-die-weiterentwicklung-des-elektronischen-patientendossiers\/"},"author":{"name":"stefanie Zeng","@id":"https:\/\/news.save.ch\/de\/#\/schema\/person\/10917387362b3961e882740f6cf6f2a2"},"headline":"Bundesrat stellt Weichen f\u00fcr die Weiterentwicklung des elektronischen Patientendossiers","datePublished":"2024-09-30T07:32:07+00:00","dateModified":"2024-10-09T07:38:01+00:00","mainEntityOfPage":{"@id":"https:\/\/news.save.ch\/bundesrat-stellt-weichen-fuer-die-weiterentwicklung-des-elektronischen-patientendossiers\/"},"wordCount":646,"publisher":{"@id":"https:\/\/news.save.ch\/de\/#organization"},"image":{"@id":"https:\/\/news.save.ch\/bundesrat-stellt-weichen-fuer-die-weiterentwicklung-des-elektronischen-patientendossiers\/#primaryimage"},"thumbnailUrl":"https:\/\/news.save.ch\/wp-content\/uploads\/2024\/10\/Depositphotos_12419652_S.jpg","keywords":["Elektronisches Patientendossier"],"articleSection":["DIGITALISIERUNG","HEALTH &amp; SAFETY"],"inLanguage":"en-US"},{"@type":"WebPage","@id":"https:\/\/news.save.ch\/bundesrat-stellt-weichen-fuer-die-weiterentwicklung-des-elektronischen-patientendossiers\/","url":"https:\/\/news.save.ch\/bundesrat-stellt-weichen-fuer-die-weiterentwicklung-des-elektronischen-patientendossiers\/","name":"Federal Council sets course for further development of the electronic patient dossier - Save","isPartOf":{"@id":"https:\/\/news.save.ch\/de\/#website"},"primaryImageOfPage":{"@id":"https:\/\/news.save.ch\/bundesrat-stellt-weichen-fuer-die-weiterentwicklung-des-elektronischen-patientendossiers\/#primaryimage"},"image":{"@id":"https:\/\/news.save.ch\/bundesrat-stellt-weichen-fuer-die-weiterentwicklung-des-elektronischen-patientendossiers\/#primaryimage"},"thumbnailUrl":"https:\/\/news.save.ch\/wp-content\/uploads\/2024\/10\/Depositphotos_12419652_S.jpg","datePublished":"2024-09-30T07:32:07+00:00","dateModified":"2024-10-09T07:38:01+00:00","description":"Federal Council sets course for the further development of the electronic patient dossier.","breadcrumb":{"@id":"https:\/\/news.save.ch\/bundesrat-stellt-weichen-fuer-die-weiterentwicklung-des-elektronischen-patientendossiers\/#breadcrumb"},"inLanguage":"en-US","potentialAction":[{"@type":"ReadAction","target":["https:\/\/news.save.ch\/bundesrat-stellt-weichen-fuer-die-weiterentwicklung-des-elektronischen-patientendossiers\/"]}]},{"@type":"ImageObject","inLanguage":"en-US","@id":"https:\/\/news.save.ch\/bundesrat-stellt-weichen-fuer-die-weiterentwicklung-des-elektronischen-patientendossiers\/#primaryimage","url":"https:\/\/news.save.ch\/wp-content\/uploads\/2024\/10\/Depositphotos_12419652_S.jpg","contentUrl":"https:\/\/news.save.ch\/wp-content\/uploads\/2024\/10\/Depositphotos_12419652_S.jpg"},{"@type":"BreadcrumbList","@id":"https:\/\/news.save.ch\/bundesrat-stellt-weichen-fuer-die-weiterentwicklung-des-elektronischen-patientendossiers\/#breadcrumb","itemListElement":[{"@type":"ListItem","position":1,"name":"Home","item":"https:\/\/news.save.ch\/de\/"},{"@type":"ListItem","position":2,"name":"Bundesrat stellt Weichen f\u00fcr die Weiterentwicklung des elektronischen Patientendossiers"}]},{"@type":"WebSite","@id":"https:\/\/news.save.ch\/de\/#website","url":"https:\/\/news.save.ch\/de\/","name":"Save","description":"Swiss trade journal for safety","publisher":{"@id":"https:\/\/news.save.ch\/de\/#organization"},"potentialAction":[{"@type":"SearchAction","target":{"@type":"EntryPoint","urlTemplate":"https:\/\/news.save.ch\/de\/?s={search_term_string}"},"query-input":{"@type":"PropertyValueSpecification","valueRequired":true,"valueName":"search_term_string"}}],"inLanguage":"en-US"},{"@type":"Organization","@id":"https:\/\/news.save.ch\/de\/#organization","name":"Security Forum","url":"https:\/\/news.save.ch\/de\/","logo":{"@type":"ImageObject","inLanguage":"en-US","@id":"https:\/\/news.save.ch\/de\/#\/schema\/logo\/image\/","url":"https:\/\/news.save.ch\/wp-content\/uploads\/2022\/06\/Logo_SF_2012.png","contentUrl":"https:\/\/news.save.ch\/wp-content\/uploads\/2022\/06\/Logo_SF_2012.png","width":1100,"height":91,"caption":"Sicherheitsforum"},"image":{"@id":"https:\/\/news.save.ch\/de\/#\/schema\/logo\/image\/"}},{"@type":"Person","@id":"https:\/\/news.save.ch\/de\/#\/schema\/person\/10917387362b3961e882740f6cf6f2a2","name":"Stefanie Zeng","image":{"@type":"ImageObject","inLanguage":"en-US","@id":"https:\/\/secure.gravatar.com\/avatar\/eac43faa6e40bb2c41068c95c9d78bbd94c476d5efdff7abaab80bb3ea681e06?s=96&d=mm&r=g","url":"https:\/\/secure.gravatar.com\/avatar\/eac43faa6e40bb2c41068c95c9d78bbd94c476d5efdff7abaab80bb3ea681e06?s=96&d=mm&r=g","contentUrl":"https:\/\/secure.gravatar.com\/avatar\/eac43faa6e40bb2c41068c95c9d78bbd94c476d5efdff7abaab80bb3ea681e06?s=96&d=mm&r=g","caption":"stefanie Zeng"},"url":"https:\/\/news.save.ch\/en\/author\/stefanie-zeng\/"}]}},"_links":{"self":[{"href":"https:\/\/news.save.ch\/en\/wp-json\/wp\/v2\/posts\/23599","targetHints":{"allow":["GET"]}}],"collection":[{"href":"https:\/\/news.save.ch\/en\/wp-json\/wp\/v2\/posts"}],"about":[{"href":"https:\/\/news.save.ch\/en\/wp-json\/wp\/v2\/types\/post"}],"author":[{"embeddable":true,"href":"https:\/\/news.save.ch\/en\/wp-json\/wp\/v2\/users\/31"}],"replies":[{"embeddable":true,"href":"https:\/\/news.save.ch\/en\/wp-json\/wp\/v2\/comments?post=23599"}],"version-history":[{"count":2,"href":"https:\/\/news.save.ch\/en\/wp-json\/wp\/v2\/posts\/23599\/revisions"}],"predecessor-version":[{"id":23602,"href":"https:\/\/news.save.ch\/en\/wp-json\/wp\/v2\/posts\/23599\/revisions\/23602"}],"wp:attachment":[{"href":"https:\/\/news.save.ch\/en\/wp-json\/wp\/v2\/media?parent=23599"}],"wp:term":[{"taxonomy":"category","embeddable":true,"href":"https:\/\/news.save.ch\/en\/wp-json\/wp\/v2\/categories?post=23599"},{"taxonomy":"post_tag","embeddable":true,"href":"https:\/\/news.save.ch\/en\/wp-json\/wp\/v2\/tags?post=23599"}],"curies":[{"name":"wp","href":"https:\/\/api.w.org\/{rel}","templated":true}]}}