{"id":23682,"date":"2024-11-05T09:59:25","date_gmt":"2024-11-05T08:59:25","guid":{"rendered":"https:\/\/news.save.ch\/?p=23682"},"modified":"2024-11-05T09:59:33","modified_gmt":"2024-11-05T08:59:33","slug":"gesamtnotfalluebung-2024-mit-dem-kernkraftwerk-goesgen","status":null,"type":"post","link":"https:\/\/news.save.ch\/en\/gesamtnotfalluebung-2024-mit-dem-kernkraftwerk-goesgen\/","title":{"rendered":"Overall emergency exercise 2024 with the G\u00f6sgen nuclear power plant"},"content":{"rendered":"<figure id=\"attachment_23683\" aria-describedby=\"caption-attachment-23683\" style=\"width: 1400px\" class=\"wp-caption alignnone\"><a href=\"https:\/\/news.save.ch\/en\/gesamtnotfalluebung-2024-mit-dem-kernkraftwerk-goesgen\/dji220428-0240-2-3\/\" rel=\"attachment wp-att-23683\"><img loading=\"lazy\" decoding=\"async\" class=\"size-full wp-image-23683\" src=\"https:\/\/news.save.ch\/wp-content\/uploads\/2024\/11\/dji220428-0240-2-3-scaled.jpg\" alt=\"\" width=\"1400\" height=\"1050\" srcset=\"https:\/\/news.save.ch\/wp-content\/uploads\/2024\/11\/dji220428-0240-2-3-scaled.jpg 1200w, https:\/\/news.save.ch\/wp-content\/uploads\/2024\/11\/dji220428-0240-2-3-680x510.jpg 680w, https:\/\/news.save.ch\/wp-content\/uploads\/2024\/11\/dji220428-0240-2-3-1024x768.jpg 1024w, https:\/\/news.save.ch\/wp-content\/uploads\/2024\/11\/dji220428-0240-2-3-768x576.jpg 768w, https:\/\/news.save.ch\/wp-content\/uploads\/2024\/11\/dji220428-0240-2-3-1536x1152.jpg 1536w, https:\/\/news.save.ch\/wp-content\/uploads\/2024\/11\/dji220428-0240-2-3-16x12.jpg 16w, https:\/\/news.save.ch\/wp-content\/uploads\/2024\/11\/dji220428-0240-2-3-375x281.jpg 375w, https:\/\/news.save.ch\/wp-content\/uploads\/2024\/11\/dji220428-0240-2-3-467x350.jpg 467w, https:\/\/news.save.ch\/wp-content\/uploads\/2024\/11\/dji220428-0240-2-3-1000x750.jpg 1000w\" sizes=\"auto, (max-width: 1400px) 100vw, 1400px\" \/><\/a><figcaption id=\"caption-attachment-23683\" class=\"wp-caption-text\">Source: kkg.ch<\/figcaption><\/figure>\n<p>Every two years, the Federal Office for Civil Protection FOCP conducts a general emergency exercise (GNU) together with participating agencies. This is done in rotation with one of the three Swiss nuclear power plants in operation. This year, the GNU is being held in collaboration with the G\u00f6sgen nuclear power plant. The exercise will take place from November 5 to 7, 2024 and may be visible from the outside.<\/p>\n<p>On Tuesday, November 5, 2024, the transport of emergency material such as generators and pumps by helicopter and army truck will be practised. This will involve aircraft movements between the G\u00f6sgen nuclear power plant and the central storage facility for emergency material in Reitnau AG. The emergency material is also transported to the KKG by truck. A breakdown of a truck is simulated in Staffelbach AG, which requires a helicopter operation for onward transportation to the KKG. Swissgrid takes part in a GNU for the first time. The company is testing its crisis organization in real time. In addition, from Wednesday, November 6 to Thursday, November 7, exhibition teams will train in measuring radioactivity at various locations in northern Switzerland, primarily in the canton of Solothurn.<\/p>\n<p>The operation of the nuclear power plant will not be affected by the exercise.<\/p>\n<h3>Working together to protect the population<\/h3>\n<p>The aim of the exercise is to train authorities and emergency organizations for a nuclear power accident. A final report will show which plans and processes have proved successful and where there is potential for optimization.<\/p>\n<p>In addition to the G\u00f6sgen nuclear power plant, the agencies involved include the Swiss Federal Nuclear Safety Inspectorate (ENSI), the Federal Civil Protection Staff, the National Emergency Operations Center (NEOC), the Defence Group, the Federal Office of Public Health (FOPH), several cantonal laboratories, the cantonal command staff of Solothurn, command staff of other cantons, in particular the neighboring cantons of the canton of Solothurn, and technical companies such as SBB, PostBus and Swissgrid.<\/p>\n<p>&nbsp;<\/p>\n<p><em>Source: babs.admin.ch<\/em><\/p>","protected":false},"excerpt":{"rendered":"<p>Das Bundesamt f\u00fcr Bev\u00f6lkerungsschutz BABS f\u00fchrt alle zwei Jahre zusammen mit beteiligten Stellen eine Gesamtnotfall\u00fcbung (GNU) durch. Dies jeweils im Turnus mit einem der drei sich in Betrieb befindenden Schweizer Kernkraftwerke. Dieses Jahr findet die GNU in Zusammenarbeit mit dem Kernkraftwerk G\u00f6sgen statt. Sie dauert vom 5. bis 7. November 2024. Die \u00dcbung kann von [&hellip;]<\/p>\n","protected":false},"author":31,"featured_media":23683,"comment_status":"closed","ping_status":"closed","sticky":false,"template":"","format":"standard","meta":{"_acf_changed":false,"pgc_sgb_lightbox_settings":"","footnotes":""},"categories":[3315],"tags":[572,6474,601],"class_list":["post-23682","post","type-post","status-publish","format-standard","has-post-thumbnail","hentry","category-infrastruktur","tag-gesamtnotfalluebung","tag-goesgen","tag-kernkraftwerk"],"acf":[],"hkrextid":null,"publication":null,"issue":null,"workflow":null,"startPage":null,"spitzmarke":null,"_posts_by_tag_page_fields":null,"_at_widget":null,"_yoast_wpseo_primary_category":"3315","_yoast_wpseo_focuskw_text_input":null,"_yoast_wpseo_opengraph-image":null,"_yoast_wpseo_opengraph-description":null,"_yoast_wpseo_opengraph-title":null,"enclosure":null,"_yoast_wpseo_twitter-title":null,"_yoast_wpseo_twitter-description":null,"_yoast_wpseo_twitter-image":null,"_wp_old_slug":null,"_yoast_wpseo_title":null,"_yoast_wpseo_canonical":null,"yoast_head":"<!-- This site is optimized with the Yoast SEO plugin v27.5 - https:\/\/yoast.com\/product\/yoast-seo-wordpress\/ -->\n<title>Gesamtnotfall\u00fcbung 2024 mit dem Kernkraftwerk G\u00f6sgen - Save<\/title>\n<meta name=\"description\" content=\"Stellen des Bundes, der Kantone sowie technische Betriebe \u00fcben die Bew\u00e4ltigung eines Unfalls im Kernkraftwerk G\u00f6sgen (KKG).\" \/>\n<meta name=\"robots\" content=\"index, follow, max-snippet:-1, max-image-preview:large, max-video-preview:-1\" \/>\n<link rel=\"canonical\" href=\"https:\/\/news.save.ch\/en\/gesamtnotfalluebung-2024-mit-dem-kernkraftwerk-goesgen\/\" \/>\n<meta property=\"og:locale\" content=\"en_US\" \/>\n<meta property=\"og:type\" content=\"article\" \/>\n<meta property=\"og:title\" content=\"Gesamtnotfall\u00fcbung 2024 mit dem Kernkraftwerk G\u00f6sgen - Save\" \/>\n<meta property=\"og:description\" content=\"Stellen des Bundes, der Kantone sowie technische Betriebe \u00fcben die Bew\u00e4ltigung eines Unfalls im Kernkraftwerk G\u00f6sgen (KKG).\" \/>\n<meta property=\"og:url\" content=\"https:\/\/news.save.ch\/en\/gesamtnotfalluebung-2024-mit-dem-kernkraftwerk-goesgen\/\" \/>\n<meta property=\"og:site_name\" content=\"Save\" \/>\n<meta property=\"article:published_time\" content=\"2024-11-05T08:59:25+00:00\" \/>\n<meta property=\"article:modified_time\" content=\"2024-11-05T08:59:33+00:00\" \/>\n<meta property=\"og:image\" content=\"https:\/\/news.save.ch\/wp-content\/uploads\/2024\/11\/dji220428-0240-2-3-scaled.jpg\" \/>\n\t<meta property=\"og:image:width\" content=\"1400\" \/>\n\t<meta property=\"og:image:height\" content=\"1050\" \/>\n\t<meta property=\"og:image:type\" content=\"image\/jpeg\" \/>\n<meta name=\"author\" content=\"stefanie Zeng\" \/>\n<meta name=\"twitter:card\" content=\"summary_large_image\" \/>\n<meta name=\"twitter:label1\" content=\"Written by\" \/>\n\t<meta name=\"twitter:data1\" content=\"stefanie Zeng\" \/>\n\t<meta name=\"twitter:label2\" content=\"Est. reading time\" \/>\n\t<meta name=\"twitter:data2\" content=\"2 minutes\" \/>\n<script type=\"application\/ld+json\" class=\"yoast-schema-graph\">{\"@context\":\"https:\\\/\\\/schema.org\",\"@graph\":[{\"@type\":\"Article\",\"@id\":\"https:\\\/\\\/news.save.ch\\\/gesamtnotfalluebung-2024-mit-dem-kernkraftwerk-goesgen\\\/#article\",\"isPartOf\":{\"@id\":\"https:\\\/\\\/news.save.ch\\\/gesamtnotfalluebung-2024-mit-dem-kernkraftwerk-goesgen\\\/\"},\"author\":{\"name\":\"stefanie Zeng\",\"@id\":\"https:\\\/\\\/news.save.ch\\\/de\\\/#\\\/schema\\\/person\\\/10917387362b3961e882740f6cf6f2a2\"},\"headline\":\"Gesamtnotfall\u00fcbung 2024 mit dem Kernkraftwerk G\u00f6sgen\",\"datePublished\":\"2024-11-05T08:59:25+00:00\",\"dateModified\":\"2024-11-05T08:59:33+00:00\",\"mainEntityOfPage\":{\"@id\":\"https:\\\/\\\/news.save.ch\\\/gesamtnotfalluebung-2024-mit-dem-kernkraftwerk-goesgen\\\/\"},\"wordCount\":306,\"publisher\":{\"@id\":\"https:\\\/\\\/news.save.ch\\\/de\\\/#organization\"},\"image\":{\"@id\":\"https:\\\/\\\/news.save.ch\\\/gesamtnotfalluebung-2024-mit-dem-kernkraftwerk-goesgen\\\/#primaryimage\"},\"thumbnailUrl\":\"https:\\\/\\\/news.save.ch\\\/wp-content\\\/uploads\\\/2024\\\/11\\\/dji220428-0240-2-3-scaled.jpg\",\"keywords\":[\"Gesamtnotfall\u00fcbung\",\"G\u00f6sgen\",\"Kernkraftwerk\"],\"articleSection\":[\"INFRASTRUKTUREN\"],\"inLanguage\":\"en-US\"},{\"@type\":\"WebPage\",\"@id\":\"https:\\\/\\\/news.save.ch\\\/gesamtnotfalluebung-2024-mit-dem-kernkraftwerk-goesgen\\\/\",\"url\":\"https:\\\/\\\/news.save.ch\\\/gesamtnotfalluebung-2024-mit-dem-kernkraftwerk-goesgen\\\/\",\"name\":\"Gesamtnotfall\u00fcbung 2024 mit dem Kernkraftwerk G\u00f6sgen - Save\",\"isPartOf\":{\"@id\":\"https:\\\/\\\/news.save.ch\\\/de\\\/#website\"},\"primaryImageOfPage\":{\"@id\":\"https:\\\/\\\/news.save.ch\\\/gesamtnotfalluebung-2024-mit-dem-kernkraftwerk-goesgen\\\/#primaryimage\"},\"image\":{\"@id\":\"https:\\\/\\\/news.save.ch\\\/gesamtnotfalluebung-2024-mit-dem-kernkraftwerk-goesgen\\\/#primaryimage\"},\"thumbnailUrl\":\"https:\\\/\\\/news.save.ch\\\/wp-content\\\/uploads\\\/2024\\\/11\\\/dji220428-0240-2-3-scaled.jpg\",\"datePublished\":\"2024-11-05T08:59:25+00:00\",\"dateModified\":\"2024-11-05T08:59:33+00:00\",\"description\":\"Stellen des Bundes, der Kantone sowie technische Betriebe \u00fcben die Bew\u00e4ltigung eines Unfalls im Kernkraftwerk G\u00f6sgen (KKG).\",\"breadcrumb\":{\"@id\":\"https:\\\/\\\/news.save.ch\\\/gesamtnotfalluebung-2024-mit-dem-kernkraftwerk-goesgen\\\/#breadcrumb\"},\"inLanguage\":\"en-US\",\"potentialAction\":[{\"@type\":\"ReadAction\",\"target\":[\"https:\\\/\\\/news.save.ch\\\/gesamtnotfalluebung-2024-mit-dem-kernkraftwerk-goesgen\\\/\"]}]},{\"@type\":\"ImageObject\",\"inLanguage\":\"en-US\",\"@id\":\"https:\\\/\\\/news.save.ch\\\/gesamtnotfalluebung-2024-mit-dem-kernkraftwerk-goesgen\\\/#primaryimage\",\"url\":\"https:\\\/\\\/news.save.ch\\\/wp-content\\\/uploads\\\/2024\\\/11\\\/dji220428-0240-2-3-scaled.jpg\",\"contentUrl\":\"https:\\\/\\\/news.save.ch\\\/wp-content\\\/uploads\\\/2024\\\/11\\\/dji220428-0240-2-3-scaled.jpg\",\"width\":1200,\"height\":900,\"caption\":\"Quelle: kkg.ch\"},{\"@type\":\"BreadcrumbList\",\"@id\":\"https:\\\/\\\/news.save.ch\\\/gesamtnotfalluebung-2024-mit-dem-kernkraftwerk-goesgen\\\/#breadcrumb\",\"itemListElement\":[{\"@type\":\"ListItem\",\"position\":1,\"name\":\"Home\",\"item\":\"https:\\\/\\\/news.save.ch\\\/de\\\/\"},{\"@type\":\"ListItem\",\"position\":2,\"name\":\"Gesamtnotfall\u00fcbung 2024 mit dem Kernkraftwerk G\u00f6sgen\"}]},{\"@type\":\"WebSite\",\"@id\":\"https:\\\/\\\/news.save.ch\\\/de\\\/#website\",\"url\":\"https:\\\/\\\/news.save.ch\\\/de\\\/\",\"name\":\"Save\",\"description\":\"Schweizer Fachzeitschrift f\u00fcr Sicherheit\",\"publisher\":{\"@id\":\"https:\\\/\\\/news.save.ch\\\/de\\\/#organization\"},\"potentialAction\":[{\"@type\":\"SearchAction\",\"target\":{\"@type\":\"EntryPoint\",\"urlTemplate\":\"https:\\\/\\\/news.save.ch\\\/de\\\/?s={search_term_string}\"},\"query-input\":{\"@type\":\"PropertyValueSpecification\",\"valueRequired\":true,\"valueName\":\"search_term_string\"}}],\"inLanguage\":\"en-US\"},{\"@type\":\"Organization\",\"@id\":\"https:\\\/\\\/news.save.ch\\\/de\\\/#organization\",\"name\":\"Sicherheitsforum\",\"url\":\"https:\\\/\\\/news.save.ch\\\/de\\\/\",\"logo\":{\"@type\":\"ImageObject\",\"inLanguage\":\"en-US\",\"@id\":\"https:\\\/\\\/news.save.ch\\\/de\\\/#\\\/schema\\\/logo\\\/image\\\/\",\"url\":\"https:\\\/\\\/news.save.ch\\\/wp-content\\\/uploads\\\/2022\\\/06\\\/Logo_SF_2012.png\",\"contentUrl\":\"https:\\\/\\\/news.save.ch\\\/wp-content\\\/uploads\\\/2022\\\/06\\\/Logo_SF_2012.png\",\"width\":1100,\"height\":91,\"caption\":\"Sicherheitsforum\"},\"image\":{\"@id\":\"https:\\\/\\\/news.save.ch\\\/de\\\/#\\\/schema\\\/logo\\\/image\\\/\"}},{\"@type\":\"Person\",\"@id\":\"https:\\\/\\\/news.save.ch\\\/de\\\/#\\\/schema\\\/person\\\/10917387362b3961e882740f6cf6f2a2\",\"name\":\"stefanie Zeng\",\"image\":{\"@type\":\"ImageObject\",\"inLanguage\":\"en-US\",\"@id\":\"https:\\\/\\\/secure.gravatar.com\\\/avatar\\\/eac43faa6e40bb2c41068c95c9d78bbd94c476d5efdff7abaab80bb3ea681e06?s=96&d=mm&r=g\",\"url\":\"https:\\\/\\\/secure.gravatar.com\\\/avatar\\\/eac43faa6e40bb2c41068c95c9d78bbd94c476d5efdff7abaab80bb3ea681e06?s=96&d=mm&r=g\",\"contentUrl\":\"https:\\\/\\\/secure.gravatar.com\\\/avatar\\\/eac43faa6e40bb2c41068c95c9d78bbd94c476d5efdff7abaab80bb3ea681e06?s=96&d=mm&r=g\",\"caption\":\"stefanie Zeng\"},\"url\":\"https:\\\/\\\/news.save.ch\\\/en\\\/author\\\/stefanie-zeng\\\/\"}]}<\/script>\n<!-- \/ Yoast SEO plugin. -->","yoast_head_json":{"title":"Overall emergency exercise 2024 with the G\u00f6sgen nuclear power plant - Save","description":"Federal and cantonal authorities and technical companies practise dealing with an accident at the G\u00f6sgen nuclear power plant (KKG).","robots":{"index":"index","follow":"follow","max-snippet":"max-snippet:-1","max-image-preview":"max-image-preview:large","max-video-preview":"max-video-preview:-1"},"canonical":"https:\/\/news.save.ch\/en\/gesamtnotfalluebung-2024-mit-dem-kernkraftwerk-goesgen\/","og_locale":"en_US","og_type":"article","og_title":"Gesamtnotfall\u00fcbung 2024 mit dem Kernkraftwerk G\u00f6sgen - Save","og_description":"Stellen des Bundes, der Kantone sowie technische Betriebe \u00fcben die Bew\u00e4ltigung eines Unfalls im Kernkraftwerk G\u00f6sgen (KKG).","og_url":"https:\/\/news.save.ch\/en\/gesamtnotfalluebung-2024-mit-dem-kernkraftwerk-goesgen\/","og_site_name":"Save","article_published_time":"2024-11-05T08:59:25+00:00","article_modified_time":"2024-11-05T08:59:33+00:00","og_image":[{"width":1400,"height":1050,"url":"https:\/\/news.save.ch\/wp-content\/uploads\/2024\/11\/dji220428-0240-2-3-scaled.jpg","type":"image\/jpeg"}],"author":"stefanie Zeng","twitter_card":"summary_large_image","twitter_misc":{"Written by":"stefanie Zeng","Est. reading time":"2 minutes"},"schema":{"@context":"https:\/\/schema.org","@graph":[{"@type":"Article","@id":"https:\/\/news.save.ch\/gesamtnotfalluebung-2024-mit-dem-kernkraftwerk-goesgen\/#article","isPartOf":{"@id":"https:\/\/news.save.ch\/gesamtnotfalluebung-2024-mit-dem-kernkraftwerk-goesgen\/"},"author":{"name":"stefanie Zeng","@id":"https:\/\/news.save.ch\/de\/#\/schema\/person\/10917387362b3961e882740f6cf6f2a2"},"headline":"Gesamtnotfall\u00fcbung 2024 mit dem Kernkraftwerk G\u00f6sgen","datePublished":"2024-11-05T08:59:25+00:00","dateModified":"2024-11-05T08:59:33+00:00","mainEntityOfPage":{"@id":"https:\/\/news.save.ch\/gesamtnotfalluebung-2024-mit-dem-kernkraftwerk-goesgen\/"},"wordCount":306,"publisher":{"@id":"https:\/\/news.save.ch\/de\/#organization"},"image":{"@id":"https:\/\/news.save.ch\/gesamtnotfalluebung-2024-mit-dem-kernkraftwerk-goesgen\/#primaryimage"},"thumbnailUrl":"https:\/\/news.save.ch\/wp-content\/uploads\/2024\/11\/dji220428-0240-2-3-scaled.jpg","keywords":["Gesamtnotfall\u00fcbung","G\u00f6sgen","Kernkraftwerk"],"articleSection":["INFRASTRUKTUREN"],"inLanguage":"en-US"},{"@type":"WebPage","@id":"https:\/\/news.save.ch\/gesamtnotfalluebung-2024-mit-dem-kernkraftwerk-goesgen\/","url":"https:\/\/news.save.ch\/gesamtnotfalluebung-2024-mit-dem-kernkraftwerk-goesgen\/","name":"Overall emergency exercise 2024 with the G\u00f6sgen nuclear power plant - Save","isPartOf":{"@id":"https:\/\/news.save.ch\/de\/#website"},"primaryImageOfPage":{"@id":"https:\/\/news.save.ch\/gesamtnotfalluebung-2024-mit-dem-kernkraftwerk-goesgen\/#primaryimage"},"image":{"@id":"https:\/\/news.save.ch\/gesamtnotfalluebung-2024-mit-dem-kernkraftwerk-goesgen\/#primaryimage"},"thumbnailUrl":"https:\/\/news.save.ch\/wp-content\/uploads\/2024\/11\/dji220428-0240-2-3-scaled.jpg","datePublished":"2024-11-05T08:59:25+00:00","dateModified":"2024-11-05T08:59:33+00:00","description":"Federal and cantonal authorities and technical companies practise dealing with an accident at the G\u00f6sgen nuclear power plant (KKG).","breadcrumb":{"@id":"https:\/\/news.save.ch\/gesamtnotfalluebung-2024-mit-dem-kernkraftwerk-goesgen\/#breadcrumb"},"inLanguage":"en-US","potentialAction":[{"@type":"ReadAction","target":["https:\/\/news.save.ch\/gesamtnotfalluebung-2024-mit-dem-kernkraftwerk-goesgen\/"]}]},{"@type":"ImageObject","inLanguage":"en-US","@id":"https:\/\/news.save.ch\/gesamtnotfalluebung-2024-mit-dem-kernkraftwerk-goesgen\/#primaryimage","url":"https:\/\/news.save.ch\/wp-content\/uploads\/2024\/11\/dji220428-0240-2-3-scaled.jpg","contentUrl":"https:\/\/news.save.ch\/wp-content\/uploads\/2024\/11\/dji220428-0240-2-3-scaled.jpg","width":1200,"height":900,"caption":"Quelle: kkg.ch"},{"@type":"BreadcrumbList","@id":"https:\/\/news.save.ch\/gesamtnotfalluebung-2024-mit-dem-kernkraftwerk-goesgen\/#breadcrumb","itemListElement":[{"@type":"ListItem","position":1,"name":"Home","item":"https:\/\/news.save.ch\/de\/"},{"@type":"ListItem","position":2,"name":"Gesamtnotfall\u00fcbung 2024 mit dem Kernkraftwerk G\u00f6sgen"}]},{"@type":"WebSite","@id":"https:\/\/news.save.ch\/de\/#website","url":"https:\/\/news.save.ch\/de\/","name":"Save","description":"Swiss trade journal for safety","publisher":{"@id":"https:\/\/news.save.ch\/de\/#organization"},"potentialAction":[{"@type":"SearchAction","target":{"@type":"EntryPoint","urlTemplate":"https:\/\/news.save.ch\/de\/?s={search_term_string}"},"query-input":{"@type":"PropertyValueSpecification","valueRequired":true,"valueName":"search_term_string"}}],"inLanguage":"en-US"},{"@type":"Organization","@id":"https:\/\/news.save.ch\/de\/#organization","name":"Security Forum","url":"https:\/\/news.save.ch\/de\/","logo":{"@type":"ImageObject","inLanguage":"en-US","@id":"https:\/\/news.save.ch\/de\/#\/schema\/logo\/image\/","url":"https:\/\/news.save.ch\/wp-content\/uploads\/2022\/06\/Logo_SF_2012.png","contentUrl":"https:\/\/news.save.ch\/wp-content\/uploads\/2022\/06\/Logo_SF_2012.png","width":1100,"height":91,"caption":"Sicherheitsforum"},"image":{"@id":"https:\/\/news.save.ch\/de\/#\/schema\/logo\/image\/"}},{"@type":"Person","@id":"https:\/\/news.save.ch\/de\/#\/schema\/person\/10917387362b3961e882740f6cf6f2a2","name":"Stefanie Zeng","image":{"@type":"ImageObject","inLanguage":"en-US","@id":"https:\/\/secure.gravatar.com\/avatar\/eac43faa6e40bb2c41068c95c9d78bbd94c476d5efdff7abaab80bb3ea681e06?s=96&d=mm&r=g","url":"https:\/\/secure.gravatar.com\/avatar\/eac43faa6e40bb2c41068c95c9d78bbd94c476d5efdff7abaab80bb3ea681e06?s=96&d=mm&r=g","contentUrl":"https:\/\/secure.gravatar.com\/avatar\/eac43faa6e40bb2c41068c95c9d78bbd94c476d5efdff7abaab80bb3ea681e06?s=96&d=mm&r=g","caption":"stefanie Zeng"},"url":"https:\/\/news.save.ch\/en\/author\/stefanie-zeng\/"}]}},"_links":{"self":[{"href":"https:\/\/news.save.ch\/en\/wp-json\/wp\/v2\/posts\/23682","targetHints":{"allow":["GET"]}}],"collection":[{"href":"https:\/\/news.save.ch\/en\/wp-json\/wp\/v2\/posts"}],"about":[{"href":"https:\/\/news.save.ch\/en\/wp-json\/wp\/v2\/types\/post"}],"author":[{"embeddable":true,"href":"https:\/\/news.save.ch\/en\/wp-json\/wp\/v2\/users\/31"}],"replies":[{"embeddable":true,"href":"https:\/\/news.save.ch\/en\/wp-json\/wp\/v2\/comments?post=23682"}],"version-history":[{"count":2,"href":"https:\/\/news.save.ch\/en\/wp-json\/wp\/v2\/posts\/23682\/revisions"}],"predecessor-version":[{"id":23685,"href":"https:\/\/news.save.ch\/en\/wp-json\/wp\/v2\/posts\/23682\/revisions\/23685"}],"wp:featuredmedia":[{"embeddable":true,"href":"https:\/\/news.save.ch\/en\/wp-json\/wp\/v2\/media\/23683"}],"wp:attachment":[{"href":"https:\/\/news.save.ch\/en\/wp-json\/wp\/v2\/media?parent=23682"}],"wp:term":[{"taxonomy":"category","embeddable":true,"href":"https:\/\/news.save.ch\/en\/wp-json\/wp\/v2\/categories?post=23682"},{"taxonomy":"post_tag","embeddable":true,"href":"https:\/\/news.save.ch\/en\/wp-json\/wp\/v2\/tags?post=23682"}],"curies":[{"name":"wp","href":"https:\/\/api.w.org\/{rel}","templated":true}]}}