{"id":23811,"date":"2024-12-11T10:19:10","date_gmt":"2024-12-11T09:19:10","guid":{"rendered":"https:\/\/news.save.ch\/?p=23811"},"modified":"2024-12-11T10:19:14","modified_gmt":"2024-12-11T09:19:14","slug":"sexuelle-belaestigung-am-arbeitsplatz-neue-zahlen-zeigen-weiteren-handlungsbedarf","status":null,"type":"post","link":"https:\/\/news.save.ch\/en\/sexuelle-belaestigung-am-arbeitsplatz-neue-zahlen-zeigen-weiteren-handlungsbedarf\/","title":{"rendered":"Sexual harassment in the workplace: new figures show further need for action"},"content":{"rendered":"<figure id=\"attachment_23815\" aria-describedby=\"caption-attachment-23815\" style=\"width: 1000px\" class=\"wp-caption alignnone\"><a href=\"https:\/\/news.save.ch\/en\/sexuelle-belaestigung-am-arbeitsplatz-neue-zahlen-zeigen-weiteren-handlungsbedarf\/depositphotos_56387987_s\/\" rel=\"attachment wp-att-23815\"><img loading=\"lazy\" decoding=\"async\" class=\"size-full wp-image-23815\" src=\"https:\/\/news.save.ch\/wp-content\/uploads\/2024\/12\/Depositphotos_56387987_S.jpg\" alt=\"\" width=\"1000\" height=\"667\" srcset=\"https:\/\/news.save.ch\/wp-content\/uploads\/2024\/12\/Depositphotos_56387987_S.jpg 1000w, https:\/\/news.save.ch\/wp-content\/uploads\/2024\/12\/Depositphotos_56387987_S-680x454.jpg 680w, https:\/\/news.save.ch\/wp-content\/uploads\/2024\/12\/Depositphotos_56387987_S-768x512.jpg 768w, https:\/\/news.save.ch\/wp-content\/uploads\/2024\/12\/Depositphotos_56387987_S-18x12.jpg 18w, https:\/\/news.save.ch\/wp-content\/uploads\/2024\/12\/Depositphotos_56387987_S-375x250.jpg 375w, https:\/\/news.save.ch\/wp-content\/uploads\/2024\/12\/Depositphotos_56387987_S-525x350.jpg 525w\" sizes=\"auto, (max-width: 1000px) 100vw, 1000px\" \/><\/a><figcaption id=\"caption-attachment-23815\" class=\"wp-caption-text\">Photo: Depositphotos\/photographee.eu<\/figcaption><\/figure>\n<p>When asked about specific situations, more than half of employees have experienced unwanted sexist and sexual behavior. Women, young employees and trainees are particularly affected. The study contains recommendations for prevention and is part of the Gender Equality Strategy 2030.<\/p>\n<p>From a legal perspective, sexual harassment in the workplace constitutes discrimination on the basis of gender and is expressly prohibited as such in the Gender Equality Act. The study commissioned by the FOGE and SECO is the second survey on this topic following the first study in 2008. This time, employees and employers were surveyed.<\/p>\n<p>The perception of sexual harassment in the workplace can vary from person to person. For this reason, employees were asked on the one hand whether they had felt sexually harassed in their previous working life and thus experienced sexual harassment within the meaning of the Gender Equality Act. On the other hand, employees were asked whether they had experienced specific sexist and sexual behavior in their previous working life that could be classified as sexual harassment under the Gender Equality Act, but were not necessarily perceived as such by the respondents. Twelve types of behavior were surveyed, covering a broad spectrum from sexist or derogatory remarks, jokes and messages, obscene gestures and physical advances to sexual assault.<\/p>\n<p><b>Women, young professionals and trainees are particularly affected<\/b><\/p>\n<p>The results show that a third of employees have been sexually harassed during their working life - the proportion is significantly higher for women (44%) than for men (17%). More than half (52%) have also experienced at least one of the sexist or sexual behaviors surveyed in the course of their working life. Here too, women (59%) are affected significantly more often than men (46%).<\/p>\n<p>Younger employees have experienced more incidents in the last twelve months and felt sexually harassed more often than older employees. The influence of age is particularly clear among women. In the last twelve months alone, a third of young women aged between 16 and 25 have experienced sexual harassment at work. People in industries with a lot of customer contact, such as the hospitality, banking and healthcare sectors, are also frequently affected. The harassers are most often male colleagues at the same hierarchical level. In the case of women who reported harassment, this often came from superiors.<\/p>\n<p><b>Recommendations for improving prevention<\/b><\/p>\n<p>Employers are obliged under the Gender Equality Act and the Employment Act to take measures to prevent sexual harassment in the workplace. Despite this legal obligation, one in five companies have no prevention and intervention measures in place. Although the majority of employers state that their companies take sexual harassment seriously, the study reveals considerable gaps in the knowledge of the legal framework among both employers and employees.<\/p>\n<p>The study therefore contains recommendations for targeted prevention and intervention work. Employers need to better sensitize and educate those responsible. The creation of clear company structures and processes is equally important so that those affected are encouraged to report incidents and receive support.<\/p>\n<p>Based on the study, the FOGE and SECO will revise and update their information and training documents. These are aimed at industry organizations, employers and employees and will be published in the course of next year.<\/p>\n<p><em>Source: Federal Office for Gender Equality<br \/>\nebg.admin.ch<\/em><\/p>","protected":false},"excerpt":{"rendered":"<p>Nach konkreten Situationen abgefragt, hat sogar schon mehr als die H\u00e4lfte der Arbeitnehmenden unerw\u00fcnschte sexistische und sexuelle Verhaltensweisen erlebt. Frauen, junge Berufst\u00e4tige und Auszubildene sind besonders betroffen. Die Studie enth\u00e4lt Empfehlungen zur Pr\u00e4vention und ist Teil der Gleichstellungsstrategie 2030. Sexuelle Bel\u00e4stigung am Arbeitsplatz bezeichnet aus rechtlicher Sicht eine Diskriminierung aufgrund des Geschlechts und ist als [&hellip;]<\/p>\n","protected":false},"author":31,"featured_media":23815,"comment_status":"closed","ping_status":"closed","sticky":false,"template":"","format":"standard","meta":{"_acf_changed":false,"pgc_sgb_lightbox_settings":"","footnotes":""},"categories":[1,3314],"tags":[6551,145,6550],"class_list":["post-23811","post","type-post","status-publish","format-standard","has-post-thumbnail","hentry","category-allgemein","category-health-safety","tag-ebg","tag-seco","tag-sexuelle-belaestigung"],"acf":[],"hkrextid":null,"publication":null,"issue":null,"workflow":null,"startPage":null,"spitzmarke":null,"_posts_by_tag_page_fields":null,"_at_widget":null,"_yoast_wpseo_primary_category":"1","_yoast_wpseo_focuskw_text_input":null,"_yoast_wpseo_opengraph-image":null,"_yoast_wpseo_opengraph-description":null,"_yoast_wpseo_opengraph-title":null,"enclosure":null,"_yoast_wpseo_twitter-title":null,"_yoast_wpseo_twitter-description":null,"_yoast_wpseo_twitter-image":null,"_wp_old_slug":null,"_yoast_wpseo_title":null,"_yoast_wpseo_canonical":null,"yoast_head":"<!-- This site is optimized with the Yoast SEO plugin v27.4 - https:\/\/yoast.com\/product\/yoast-seo-wordpress\/ -->\n<title>Sexuelle Bel\u00e4stigung am Arbeitsplatz: Neue Zahlen zeigen weiteren Handlungsbedarf - Save<\/title>\n<meta name=\"description\" content=\"Studie von EBG und SECO: Ein Drittel der Arbeitnehmenden war bereits von sexueller Bel\u00e4stigung am Arbeitsplatz betroffen.\" \/>\n<meta name=\"robots\" content=\"index, follow, max-snippet:-1, max-image-preview:large, max-video-preview:-1\" \/>\n<link rel=\"canonical\" href=\"https:\/\/news.save.ch\/en\/sexuelle-belaestigung-am-arbeitsplatz-neue-zahlen-zeigen-weiteren-handlungsbedarf\/\" \/>\n<meta property=\"og:locale\" content=\"en_US\" \/>\n<meta property=\"og:type\" content=\"article\" \/>\n<meta property=\"og:title\" content=\"Sexuelle Bel\u00e4stigung am Arbeitsplatz: Neue Zahlen zeigen weiteren Handlungsbedarf - Save\" \/>\n<meta property=\"og:description\" content=\"Studie von EBG und SECO: Ein Drittel der Arbeitnehmenden war bereits von sexueller Bel\u00e4stigung am Arbeitsplatz betroffen.\" \/>\n<meta property=\"og:url\" content=\"https:\/\/news.save.ch\/en\/sexuelle-belaestigung-am-arbeitsplatz-neue-zahlen-zeigen-weiteren-handlungsbedarf\/\" \/>\n<meta property=\"og:site_name\" content=\"Save\" \/>\n<meta property=\"article:published_time\" content=\"2024-12-11T09:19:10+00:00\" \/>\n<meta property=\"article:modified_time\" content=\"2024-12-11T09:19:14+00:00\" \/>\n<meta property=\"og:image\" content=\"https:\/\/news.save.ch\/wp-content\/uploads\/2024\/12\/Depositphotos_56387987_S.jpg\" \/>\n\t<meta property=\"og:image:width\" content=\"1000\" \/>\n\t<meta property=\"og:image:height\" content=\"667\" \/>\n\t<meta property=\"og:image:type\" content=\"image\/jpeg\" \/>\n<meta name=\"author\" content=\"stefanie Zeng\" \/>\n<meta name=\"twitter:card\" content=\"summary_large_image\" \/>\n<meta name=\"twitter:label1\" content=\"Written by\" \/>\n\t<meta name=\"twitter:data1\" content=\"stefanie Zeng\" \/>\n\t<meta name=\"twitter:label2\" content=\"Est. reading time\" \/>\n\t<meta name=\"twitter:data2\" content=\"4 minutes\" \/>\n<script type=\"application\/ld+json\" class=\"yoast-schema-graph\">{\"@context\":\"https:\\\/\\\/schema.org\",\"@graph\":[{\"@type\":\"Article\",\"@id\":\"https:\\\/\\\/news.save.ch\\\/sexuelle-belaestigung-am-arbeitsplatz-neue-zahlen-zeigen-weiteren-handlungsbedarf\\\/#article\",\"isPartOf\":{\"@id\":\"https:\\\/\\\/news.save.ch\\\/sexuelle-belaestigung-am-arbeitsplatz-neue-zahlen-zeigen-weiteren-handlungsbedarf\\\/\"},\"author\":{\"name\":\"stefanie Zeng\",\"@id\":\"https:\\\/\\\/news.save.ch\\\/de\\\/#\\\/schema\\\/person\\\/10917387362b3961e882740f6cf6f2a2\"},\"headline\":\"Sexuelle Bel\u00e4stigung am Arbeitsplatz: Neue Zahlen zeigen weiteren Handlungsbedarf\",\"datePublished\":\"2024-12-11T09:19:10+00:00\",\"dateModified\":\"2024-12-11T09:19:14+00:00\",\"mainEntityOfPage\":{\"@id\":\"https:\\\/\\\/news.save.ch\\\/sexuelle-belaestigung-am-arbeitsplatz-neue-zahlen-zeigen-weiteren-handlungsbedarf\\\/\"},\"wordCount\":588,\"publisher\":{\"@id\":\"https:\\\/\\\/news.save.ch\\\/de\\\/#organization\"},\"image\":{\"@id\":\"https:\\\/\\\/news.save.ch\\\/sexuelle-belaestigung-am-arbeitsplatz-neue-zahlen-zeigen-weiteren-handlungsbedarf\\\/#primaryimage\"},\"thumbnailUrl\":\"https:\\\/\\\/news.save.ch\\\/wp-content\\\/uploads\\\/2024\\\/12\\\/Depositphotos_56387987_S.jpg\",\"keywords\":[\"EBG\",\"Seco\",\"Sexuelle Bel\u00e4stigung\"],\"articleSection\":[\"ALLGEMEIN\",\"HEALTH &amp; SAFETY\"],\"inLanguage\":\"en-US\"},{\"@type\":\"WebPage\",\"@id\":\"https:\\\/\\\/news.save.ch\\\/sexuelle-belaestigung-am-arbeitsplatz-neue-zahlen-zeigen-weiteren-handlungsbedarf\\\/\",\"url\":\"https:\\\/\\\/news.save.ch\\\/sexuelle-belaestigung-am-arbeitsplatz-neue-zahlen-zeigen-weiteren-handlungsbedarf\\\/\",\"name\":\"Sexuelle Bel\u00e4stigung am Arbeitsplatz: Neue Zahlen zeigen weiteren Handlungsbedarf - Save\",\"isPartOf\":{\"@id\":\"https:\\\/\\\/news.save.ch\\\/de\\\/#website\"},\"primaryImageOfPage\":{\"@id\":\"https:\\\/\\\/news.save.ch\\\/sexuelle-belaestigung-am-arbeitsplatz-neue-zahlen-zeigen-weiteren-handlungsbedarf\\\/#primaryimage\"},\"image\":{\"@id\":\"https:\\\/\\\/news.save.ch\\\/sexuelle-belaestigung-am-arbeitsplatz-neue-zahlen-zeigen-weiteren-handlungsbedarf\\\/#primaryimage\"},\"thumbnailUrl\":\"https:\\\/\\\/news.save.ch\\\/wp-content\\\/uploads\\\/2024\\\/12\\\/Depositphotos_56387987_S.jpg\",\"datePublished\":\"2024-12-11T09:19:10+00:00\",\"dateModified\":\"2024-12-11T09:19:14+00:00\",\"description\":\"Studie von EBG und SECO: Ein Drittel der Arbeitnehmenden war bereits von sexueller Bel\u00e4stigung am Arbeitsplatz betroffen.\",\"breadcrumb\":{\"@id\":\"https:\\\/\\\/news.save.ch\\\/sexuelle-belaestigung-am-arbeitsplatz-neue-zahlen-zeigen-weiteren-handlungsbedarf\\\/#breadcrumb\"},\"inLanguage\":\"en-US\",\"potentialAction\":[{\"@type\":\"ReadAction\",\"target\":[\"https:\\\/\\\/news.save.ch\\\/sexuelle-belaestigung-am-arbeitsplatz-neue-zahlen-zeigen-weiteren-handlungsbedarf\\\/\"]}]},{\"@type\":\"ImageObject\",\"inLanguage\":\"en-US\",\"@id\":\"https:\\\/\\\/news.save.ch\\\/sexuelle-belaestigung-am-arbeitsplatz-neue-zahlen-zeigen-weiteren-handlungsbedarf\\\/#primaryimage\",\"url\":\"https:\\\/\\\/news.save.ch\\\/wp-content\\\/uploads\\\/2024\\\/12\\\/Depositphotos_56387987_S.jpg\",\"contentUrl\":\"https:\\\/\\\/news.save.ch\\\/wp-content\\\/uploads\\\/2024\\\/12\\\/Depositphotos_56387987_S.jpg\",\"width\":1000,\"height\":667,\"caption\":\"Foto: Depositphotos\\\/photographee.eu\"},{\"@type\":\"BreadcrumbList\",\"@id\":\"https:\\\/\\\/news.save.ch\\\/sexuelle-belaestigung-am-arbeitsplatz-neue-zahlen-zeigen-weiteren-handlungsbedarf\\\/#breadcrumb\",\"itemListElement\":[{\"@type\":\"ListItem\",\"position\":1,\"name\":\"Home\",\"item\":\"https:\\\/\\\/news.save.ch\\\/de\\\/\"},{\"@type\":\"ListItem\",\"position\":2,\"name\":\"Sexuelle Bel\u00e4stigung am Arbeitsplatz: Neue Zahlen zeigen weiteren Handlungsbedarf\"}]},{\"@type\":\"WebSite\",\"@id\":\"https:\\\/\\\/news.save.ch\\\/de\\\/#website\",\"url\":\"https:\\\/\\\/news.save.ch\\\/de\\\/\",\"name\":\"Save\",\"description\":\"Schweizer Fachzeitschrift f\u00fcr Sicherheit\",\"publisher\":{\"@id\":\"https:\\\/\\\/news.save.ch\\\/de\\\/#organization\"},\"potentialAction\":[{\"@type\":\"SearchAction\",\"target\":{\"@type\":\"EntryPoint\",\"urlTemplate\":\"https:\\\/\\\/news.save.ch\\\/de\\\/?s={search_term_string}\"},\"query-input\":{\"@type\":\"PropertyValueSpecification\",\"valueRequired\":true,\"valueName\":\"search_term_string\"}}],\"inLanguage\":\"en-US\"},{\"@type\":\"Organization\",\"@id\":\"https:\\\/\\\/news.save.ch\\\/de\\\/#organization\",\"name\":\"Sicherheitsforum\",\"url\":\"https:\\\/\\\/news.save.ch\\\/de\\\/\",\"logo\":{\"@type\":\"ImageObject\",\"inLanguage\":\"en-US\",\"@id\":\"https:\\\/\\\/news.save.ch\\\/de\\\/#\\\/schema\\\/logo\\\/image\\\/\",\"url\":\"https:\\\/\\\/news.save.ch\\\/wp-content\\\/uploads\\\/2022\\\/06\\\/Logo_SF_2012.png\",\"contentUrl\":\"https:\\\/\\\/news.save.ch\\\/wp-content\\\/uploads\\\/2022\\\/06\\\/Logo_SF_2012.png\",\"width\":1100,\"height\":91,\"caption\":\"Sicherheitsforum\"},\"image\":{\"@id\":\"https:\\\/\\\/news.save.ch\\\/de\\\/#\\\/schema\\\/logo\\\/image\\\/\"}},{\"@type\":\"Person\",\"@id\":\"https:\\\/\\\/news.save.ch\\\/de\\\/#\\\/schema\\\/person\\\/10917387362b3961e882740f6cf6f2a2\",\"name\":\"stefanie Zeng\",\"image\":{\"@type\":\"ImageObject\",\"inLanguage\":\"en-US\",\"@id\":\"https:\\\/\\\/secure.gravatar.com\\\/avatar\\\/eac43faa6e40bb2c41068c95c9d78bbd94c476d5efdff7abaab80bb3ea681e06?s=96&d=mm&r=g\",\"url\":\"https:\\\/\\\/secure.gravatar.com\\\/avatar\\\/eac43faa6e40bb2c41068c95c9d78bbd94c476d5efdff7abaab80bb3ea681e06?s=96&d=mm&r=g\",\"contentUrl\":\"https:\\\/\\\/secure.gravatar.com\\\/avatar\\\/eac43faa6e40bb2c41068c95c9d78bbd94c476d5efdff7abaab80bb3ea681e06?s=96&d=mm&r=g\",\"caption\":\"stefanie Zeng\"},\"url\":\"https:\\\/\\\/news.save.ch\\\/en\\\/author\\\/stefanie-zeng\\\/\"}]}<\/script>\n<!-- \/ Yoast SEO plugin. -->","yoast_head_json":{"title":"Sexual harassment in the workplace: new figures show further need for action - Save","description":"FOGE and SECO study: One third of employees have already been affected by sexual harassment in the workplace.","robots":{"index":"index","follow":"follow","max-snippet":"max-snippet:-1","max-image-preview":"max-image-preview:large","max-video-preview":"max-video-preview:-1"},"canonical":"https:\/\/news.save.ch\/en\/sexuelle-belaestigung-am-arbeitsplatz-neue-zahlen-zeigen-weiteren-handlungsbedarf\/","og_locale":"en_US","og_type":"article","og_title":"Sexuelle Bel\u00e4stigung am Arbeitsplatz: Neue Zahlen zeigen weiteren Handlungsbedarf - Save","og_description":"Studie von EBG und SECO: Ein Drittel der Arbeitnehmenden war bereits von sexueller Bel\u00e4stigung am Arbeitsplatz betroffen.","og_url":"https:\/\/news.save.ch\/en\/sexuelle-belaestigung-am-arbeitsplatz-neue-zahlen-zeigen-weiteren-handlungsbedarf\/","og_site_name":"Save","article_published_time":"2024-12-11T09:19:10+00:00","article_modified_time":"2024-12-11T09:19:14+00:00","og_image":[{"width":1000,"height":667,"url":"https:\/\/news.save.ch\/wp-content\/uploads\/2024\/12\/Depositphotos_56387987_S.jpg","type":"image\/jpeg"}],"author":"stefanie Zeng","twitter_card":"summary_large_image","twitter_misc":{"Written by":"stefanie Zeng","Est. reading time":"4 minutes"},"schema":{"@context":"https:\/\/schema.org","@graph":[{"@type":"Article","@id":"https:\/\/news.save.ch\/sexuelle-belaestigung-am-arbeitsplatz-neue-zahlen-zeigen-weiteren-handlungsbedarf\/#article","isPartOf":{"@id":"https:\/\/news.save.ch\/sexuelle-belaestigung-am-arbeitsplatz-neue-zahlen-zeigen-weiteren-handlungsbedarf\/"},"author":{"name":"stefanie Zeng","@id":"https:\/\/news.save.ch\/de\/#\/schema\/person\/10917387362b3961e882740f6cf6f2a2"},"headline":"Sexuelle Bel\u00e4stigung am Arbeitsplatz: Neue Zahlen zeigen weiteren Handlungsbedarf","datePublished":"2024-12-11T09:19:10+00:00","dateModified":"2024-12-11T09:19:14+00:00","mainEntityOfPage":{"@id":"https:\/\/news.save.ch\/sexuelle-belaestigung-am-arbeitsplatz-neue-zahlen-zeigen-weiteren-handlungsbedarf\/"},"wordCount":588,"publisher":{"@id":"https:\/\/news.save.ch\/de\/#organization"},"image":{"@id":"https:\/\/news.save.ch\/sexuelle-belaestigung-am-arbeitsplatz-neue-zahlen-zeigen-weiteren-handlungsbedarf\/#primaryimage"},"thumbnailUrl":"https:\/\/news.save.ch\/wp-content\/uploads\/2024\/12\/Depositphotos_56387987_S.jpg","keywords":["EBG","Seco","Sexuelle Bel\u00e4stigung"],"articleSection":["ALLGEMEIN","HEALTH &amp; SAFETY"],"inLanguage":"en-US"},{"@type":"WebPage","@id":"https:\/\/news.save.ch\/sexuelle-belaestigung-am-arbeitsplatz-neue-zahlen-zeigen-weiteren-handlungsbedarf\/","url":"https:\/\/news.save.ch\/sexuelle-belaestigung-am-arbeitsplatz-neue-zahlen-zeigen-weiteren-handlungsbedarf\/","name":"Sexual harassment in the workplace: new figures show further need for action - Save","isPartOf":{"@id":"https:\/\/news.save.ch\/de\/#website"},"primaryImageOfPage":{"@id":"https:\/\/news.save.ch\/sexuelle-belaestigung-am-arbeitsplatz-neue-zahlen-zeigen-weiteren-handlungsbedarf\/#primaryimage"},"image":{"@id":"https:\/\/news.save.ch\/sexuelle-belaestigung-am-arbeitsplatz-neue-zahlen-zeigen-weiteren-handlungsbedarf\/#primaryimage"},"thumbnailUrl":"https:\/\/news.save.ch\/wp-content\/uploads\/2024\/12\/Depositphotos_56387987_S.jpg","datePublished":"2024-12-11T09:19:10+00:00","dateModified":"2024-12-11T09:19:14+00:00","description":"FOGE and SECO study: One third of employees have already been affected by sexual harassment in the workplace.","breadcrumb":{"@id":"https:\/\/news.save.ch\/sexuelle-belaestigung-am-arbeitsplatz-neue-zahlen-zeigen-weiteren-handlungsbedarf\/#breadcrumb"},"inLanguage":"en-US","potentialAction":[{"@type":"ReadAction","target":["https:\/\/news.save.ch\/sexuelle-belaestigung-am-arbeitsplatz-neue-zahlen-zeigen-weiteren-handlungsbedarf\/"]}]},{"@type":"ImageObject","inLanguage":"en-US","@id":"https:\/\/news.save.ch\/sexuelle-belaestigung-am-arbeitsplatz-neue-zahlen-zeigen-weiteren-handlungsbedarf\/#primaryimage","url":"https:\/\/news.save.ch\/wp-content\/uploads\/2024\/12\/Depositphotos_56387987_S.jpg","contentUrl":"https:\/\/news.save.ch\/wp-content\/uploads\/2024\/12\/Depositphotos_56387987_S.jpg","width":1000,"height":667,"caption":"Foto: Depositphotos\/photographee.eu"},{"@type":"BreadcrumbList","@id":"https:\/\/news.save.ch\/sexuelle-belaestigung-am-arbeitsplatz-neue-zahlen-zeigen-weiteren-handlungsbedarf\/#breadcrumb","itemListElement":[{"@type":"ListItem","position":1,"name":"Home","item":"https:\/\/news.save.ch\/de\/"},{"@type":"ListItem","position":2,"name":"Sexuelle Bel\u00e4stigung am Arbeitsplatz: Neue Zahlen zeigen weiteren Handlungsbedarf"}]},{"@type":"WebSite","@id":"https:\/\/news.save.ch\/de\/#website","url":"https:\/\/news.save.ch\/de\/","name":"Save","description":"Swiss trade journal for safety","publisher":{"@id":"https:\/\/news.save.ch\/de\/#organization"},"potentialAction":[{"@type":"SearchAction","target":{"@type":"EntryPoint","urlTemplate":"https:\/\/news.save.ch\/de\/?s={search_term_string}"},"query-input":{"@type":"PropertyValueSpecification","valueRequired":true,"valueName":"search_term_string"}}],"inLanguage":"en-US"},{"@type":"Organization","@id":"https:\/\/news.save.ch\/de\/#organization","name":"Security Forum","url":"https:\/\/news.save.ch\/de\/","logo":{"@type":"ImageObject","inLanguage":"en-US","@id":"https:\/\/news.save.ch\/de\/#\/schema\/logo\/image\/","url":"https:\/\/news.save.ch\/wp-content\/uploads\/2022\/06\/Logo_SF_2012.png","contentUrl":"https:\/\/news.save.ch\/wp-content\/uploads\/2022\/06\/Logo_SF_2012.png","width":1100,"height":91,"caption":"Sicherheitsforum"},"image":{"@id":"https:\/\/news.save.ch\/de\/#\/schema\/logo\/image\/"}},{"@type":"Person","@id":"https:\/\/news.save.ch\/de\/#\/schema\/person\/10917387362b3961e882740f6cf6f2a2","name":"Stefanie Zeng","image":{"@type":"ImageObject","inLanguage":"en-US","@id":"https:\/\/secure.gravatar.com\/avatar\/eac43faa6e40bb2c41068c95c9d78bbd94c476d5efdff7abaab80bb3ea681e06?s=96&d=mm&r=g","url":"https:\/\/secure.gravatar.com\/avatar\/eac43faa6e40bb2c41068c95c9d78bbd94c476d5efdff7abaab80bb3ea681e06?s=96&d=mm&r=g","contentUrl":"https:\/\/secure.gravatar.com\/avatar\/eac43faa6e40bb2c41068c95c9d78bbd94c476d5efdff7abaab80bb3ea681e06?s=96&d=mm&r=g","caption":"stefanie Zeng"},"url":"https:\/\/news.save.ch\/en\/author\/stefanie-zeng\/"}]}},"_links":{"self":[{"href":"https:\/\/news.save.ch\/en\/wp-json\/wp\/v2\/posts\/23811","targetHints":{"allow":["GET"]}}],"collection":[{"href":"https:\/\/news.save.ch\/en\/wp-json\/wp\/v2\/posts"}],"about":[{"href":"https:\/\/news.save.ch\/en\/wp-json\/wp\/v2\/types\/post"}],"author":[{"embeddable":true,"href":"https:\/\/news.save.ch\/en\/wp-json\/wp\/v2\/users\/31"}],"replies":[{"embeddable":true,"href":"https:\/\/news.save.ch\/en\/wp-json\/wp\/v2\/comments?post=23811"}],"version-history":[{"count":2,"href":"https:\/\/news.save.ch\/en\/wp-json\/wp\/v2\/posts\/23811\/revisions"}],"predecessor-version":[{"id":23817,"href":"https:\/\/news.save.ch\/en\/wp-json\/wp\/v2\/posts\/23811\/revisions\/23817"}],"wp:featuredmedia":[{"embeddable":true,"href":"https:\/\/news.save.ch\/en\/wp-json\/wp\/v2\/media\/23815"}],"wp:attachment":[{"href":"https:\/\/news.save.ch\/en\/wp-json\/wp\/v2\/media?parent=23811"}],"wp:term":[{"taxonomy":"category","embeddable":true,"href":"https:\/\/news.save.ch\/en\/wp-json\/wp\/v2\/categories?post=23811"},{"taxonomy":"post_tag","embeddable":true,"href":"https:\/\/news.save.ch\/en\/wp-json\/wp\/v2\/tags?post=23811"}],"curies":[{"name":"wp","href":"https:\/\/api.w.org\/{rel}","templated":true}]}}