{"id":2382,"date":"2016-08-22T09:26:50","date_gmt":"2016-08-22T07:26:50","guid":{"rendered":"https:\/\/dev.sicherheitsforum.ch\/?p=2382"},"modified":"2023-03-14T09:00:03","modified_gmt":"2023-03-14T08:00:03","slug":"zuko-standard-endanwender-wehren-sich","status":null,"type":"post","link":"https:\/\/news.save.ch\/en\/zuko-standard-endanwender-wehren-sich\/","title":{"rendered":"Zuko standard: end users fight back"},"content":{"rendered":"<figure id=\"attachment_2383\" aria-describedby=\"caption-attachment-2383\" style=\"width: 680px\" class=\"wp-caption alignnone\"><img loading=\"lazy\" decoding=\"async\" class=\"size-medium wp-image-2383\" src=\"https:\/\/news.save.ch\/wp-content\/uploads\/2016\/12\/Zuko-Standard-Endanwender-wehren-sich_sicherheitsforum.jpg\" alt=\"\" width=\"680\" height=\"454\" srcset=\"https:\/\/news.save.ch\/wp-content\/uploads\/2016\/12\/Zuko-Standard-Endanwender-wehren-sich_sicherheitsforum.jpg 1024w, https:\/\/news.save.ch\/wp-content\/uploads\/2016\/12\/Zuko-Standard-Endanwender-wehren-sich_sicherheitsforum-375x250.jpg 375w\" sizes=\"auto, (max-width: 680px) 100vw, 680px\" \/><figcaption id=\"caption-attachment-2383\" class=\"wp-caption-text\">The iGOS: back row: Ralf Weidmann, Hugo Straumann, Marcel Keller, Rebecca Galli; front row: Urban Meier, Sergio Blaser, Max Haller, Bruno Boner, Fabian Lange, Guido Bolliger<\/figcaption><\/figure>\n<p>In the increasingly flexible world of work, buildings quickly change users. The user's existing access control system must also be able to handle these changes quickly or be compatible with the components already installed at the new location. In addition, corporations are beginning to introduce uniform standards at all their sites.<\/p>\n<p>Companies subject to public procurement law may have to retender locking and access control systems for each construction project. This increases the number of different products and programming philosophies within a single area of responsibility. For all these reasons, the focus is on one need of the key or badge holder: the desire to be able to open as many doors as possible with a single medium.<\/p>\n<p>For online access control systems (standard access), a vendor-neutral standard has long been established on RFID media. Something comparable in the area of offline access management has been lacking up to now.<\/p>\n<p><strong>End users fight back<\/strong><\/p>\n<p>The dissatisfaction has become apparent among many end users in recent years. More and more security managers want a segmentation that is compatible with the badge readers of as many manufacturers as possible. There have been several efforts to develop such a standard. Now, an interest group of end users has been formed to develop the <a href=\"https:\/\/www.oss-association.com\" target=\"_blank\" rel=\"noreferrer noopener\" data-cke-saved-href=\"https:\/\/www.oss-association.com\">Open Security Standard<\/a>OSS for short, is favored and wants to drive it forward.<\/p>\n<p><strong>Meeting planned<\/strong><\/p>\n<p>The stakeholder group of end users, the <a href=\"https:\/\/www.offline-standard.ch\" target=\"_blank\" rel=\"noreferrer noopener\" data-cke-saved-href=\"https:\/\/www.offline-standard.ch\">iGOS<\/a>, will hold the \"OSS works\" event on October 26 and 27, 2016, at the Brugg-Windisch campus of the University of Applied Sciences Northwestern Switzerland. The event is intended to provide an optimal platform for all participants to exchange ideas, discuss upcoming projects and identify potential. Since the focus is on the OSS standard, only manufacturers who already offer corresponding products or can at least present a concrete development plan with a planned market launch will be present.\u00a0<em>Source: \"Interessengemeinschaft Offline Standard iGOS\".<\/em><\/p>\n<p><em>A detailed article on the subject of the OSS standard will be published in the September issue of the trade journal <a href=\"\/en\/sicherheitsforum\/\" target=\"_blank\" rel=\"noreferrer noopener\" data-cke-saved-href=\"https:\/\/sicherheitsforum.hamster.ch\/subscribe\">SafetyForum<\/a> appear.<\/em><\/p>","protected":false},"excerpt":{"rendered":"<p>In der immer flexibler werdenden Arbeitswelt wechseln Geb\u00e4ude schnell den Nutzer. Die bestehende Zutrittskontrollanlage des Anwenders muss diese \u00c4nderungen ebenfalls rasch bewerkstelligen k\u00f6nnen oder mit den am neuen Standort bereits montierten Komponenten kompatibel sein. Hinzu kommt, dass Konzerne beginnen, an all ihren Standorten einheitliche Standards einzuf\u00fchren. Unternehmen, die dem \u00f6ffentlichen Beschaffungsrecht unterstellt sind, m\u00fcssen Schliess- [&hellip;]<\/p>\n","protected":false},"author":1,"featured_media":2383,"comment_status":"open","ping_status":"open","sticky":false,"template":"","format":"standard","meta":{"_acf_changed":false,"pgc_sgb_lightbox_settings":"","footnotes":""},"categories":[3312],"tags":[246,247,158],"class_list":["post-2382","post","type-post","status-publish","format-standard","has-post-thumbnail","hentry","category-sicherheit","tag-normen","tag-standards","tag-zutrittskontrolle"],"acf":[],"hkrextid":null,"publication":null,"issue":null,"workflow":null,"startPage":null,"spitzmarke":null,"_posts_by_tag_page_fields":{"widget_title":"","widget_tags":""},"_at_widget":"1","_yoast_wpseo_primary_category":"3303","_yoast_wpseo_focuskw_text_input":"iGOS, OSS, Standard","_yoast_wpseo_opengraph-image":null,"_yoast_wpseo_opengraph-description":null,"_yoast_wpseo_opengraph-title":null,"enclosure":null,"_yoast_wpseo_twitter-title":null,"_yoast_wpseo_twitter-description":null,"_yoast_wpseo_twitter-image":null,"_wp_old_slug":null,"_yoast_wpseo_title":null,"_yoast_wpseo_canonical":null,"yoast_head":"<!-- This site is optimized with the Yoast SEO plugin v27.5 - https:\/\/yoast.com\/product\/yoast-seo-wordpress\/ -->\n<title>Zuko-Standard: Endanwender wehren sich - Save<\/title>\n<meta name=\"robots\" content=\"index, follow, max-snippet:-1, max-image-preview:large, max-video-preview:-1\" \/>\n<link rel=\"canonical\" href=\"https:\/\/news.save.ch\/en\/zuko-standard-endanwender-wehren-sich\/\" \/>\n<meta property=\"og:locale\" content=\"en_US\" \/>\n<meta property=\"og:type\" content=\"article\" \/>\n<meta property=\"og:title\" content=\"Zuko-Standard: Endanwender wehren sich - Save\" \/>\n<meta property=\"og:description\" content=\"In der immer flexibler werdenden Arbeitswelt wechseln Geb\u00e4ude schnell den Nutzer. Die bestehende Zutrittskontrollanlage des Anwenders muss diese \u00c4nderungen ebenfalls rasch bewerkstelligen k\u00f6nnen oder mit den am neuen Standort bereits montierten Komponenten kompatibel sein. Hinzu kommt, dass Konzerne beginnen, an all ihren Standorten einheitliche Standards einzuf\u00fchren. Unternehmen, die dem \u00f6ffentlichen Beschaffungsrecht unterstellt sind, m\u00fcssen Schliess- [&hellip;]\" \/>\n<meta property=\"og:url\" content=\"https:\/\/news.save.ch\/en\/zuko-standard-endanwender-wehren-sich\/\" \/>\n<meta property=\"og:site_name\" content=\"Save\" \/>\n<meta property=\"article:published_time\" content=\"2016-08-22T07:26:50+00:00\" \/>\n<meta property=\"article:modified_time\" content=\"2023-03-14T08:00:03+00:00\" \/>\n<meta property=\"og:image\" content=\"https:\/\/news.save.ch\/wp-content\/uploads\/2016\/12\/Zuko-Standard-Endanwender-wehren-sich_sicherheitsforum.jpg\" \/>\n\t<meta property=\"og:image:width\" content=\"1024\" \/>\n\t<meta property=\"og:image:height\" content=\"683\" \/>\n\t<meta property=\"og:image:type\" content=\"image\/jpeg\" \/>\n<meta name=\"author\" content=\"admin\" \/>\n<meta name=\"twitter:card\" content=\"summary_large_image\" \/>\n<meta name=\"twitter:label1\" content=\"Written by\" \/>\n\t<meta name=\"twitter:data1\" content=\"admin\" \/>\n\t<meta name=\"twitter:label2\" content=\"Est. reading time\" \/>\n\t<meta name=\"twitter:data2\" content=\"2 minutes\" \/>\n<script type=\"application\/ld+json\" class=\"yoast-schema-graph\">{\"@context\":\"https:\\\/\\\/schema.org\",\"@graph\":[{\"@type\":\"Article\",\"@id\":\"https:\\\/\\\/news.save.ch\\\/zuko-standard-endanwender-wehren-sich\\\/#article\",\"isPartOf\":{\"@id\":\"https:\\\/\\\/news.save.ch\\\/zuko-standard-endanwender-wehren-sich\\\/\"},\"author\":{\"name\":\"admin\",\"@id\":\"https:\\\/\\\/news.save.ch\\\/de\\\/#\\\/schema\\\/person\\\/d49e199490bad7c70d64b9ab51142f2b\"},\"headline\":\"Zuko-Standard: Endanwender wehren sich\",\"datePublished\":\"2016-08-22T07:26:50+00:00\",\"dateModified\":\"2023-03-14T08:00:03+00:00\",\"mainEntityOfPage\":{\"@id\":\"https:\\\/\\\/news.save.ch\\\/zuko-standard-endanwender-wehren-sich\\\/\"},\"wordCount\":331,\"commentCount\":0,\"publisher\":{\"@id\":\"https:\\\/\\\/news.save.ch\\\/de\\\/#organization\"},\"image\":{\"@id\":\"https:\\\/\\\/news.save.ch\\\/zuko-standard-endanwender-wehren-sich\\\/#primaryimage\"},\"thumbnailUrl\":\"https:\\\/\\\/news.save.ch\\\/wp-content\\\/uploads\\\/2016\\\/12\\\/Zuko-Standard-Endanwender-wehren-sich_sicherheitsforum.jpg\",\"keywords\":[\"Normen\",\"Standards\",\"Zutrittskontrolle\"],\"articleSection\":[\"SICHERHEIT\"],\"inLanguage\":\"en-US\"},{\"@type\":\"WebPage\",\"@id\":\"https:\\\/\\\/news.save.ch\\\/zuko-standard-endanwender-wehren-sich\\\/\",\"url\":\"https:\\\/\\\/news.save.ch\\\/zuko-standard-endanwender-wehren-sich\\\/\",\"name\":\"Zuko-Standard: Endanwender wehren sich - Save\",\"isPartOf\":{\"@id\":\"https:\\\/\\\/news.save.ch\\\/de\\\/#website\"},\"primaryImageOfPage\":{\"@id\":\"https:\\\/\\\/news.save.ch\\\/zuko-standard-endanwender-wehren-sich\\\/#primaryimage\"},\"image\":{\"@id\":\"https:\\\/\\\/news.save.ch\\\/zuko-standard-endanwender-wehren-sich\\\/#primaryimage\"},\"thumbnailUrl\":\"https:\\\/\\\/news.save.ch\\\/wp-content\\\/uploads\\\/2016\\\/12\\\/Zuko-Standard-Endanwender-wehren-sich_sicherheitsforum.jpg\",\"datePublished\":\"2016-08-22T07:26:50+00:00\",\"dateModified\":\"2023-03-14T08:00:03+00:00\",\"breadcrumb\":{\"@id\":\"https:\\\/\\\/news.save.ch\\\/zuko-standard-endanwender-wehren-sich\\\/#breadcrumb\"},\"inLanguage\":\"en-US\",\"potentialAction\":[{\"@type\":\"ReadAction\",\"target\":[\"https:\\\/\\\/news.save.ch\\\/zuko-standard-endanwender-wehren-sich\\\/\"]}]},{\"@type\":\"ImageObject\",\"inLanguage\":\"en-US\",\"@id\":\"https:\\\/\\\/news.save.ch\\\/zuko-standard-endanwender-wehren-sich\\\/#primaryimage\",\"url\":\"https:\\\/\\\/news.save.ch\\\/wp-content\\\/uploads\\\/2016\\\/12\\\/Zuko-Standard-Endanwender-wehren-sich_sicherheitsforum.jpg\",\"contentUrl\":\"https:\\\/\\\/news.save.ch\\\/wp-content\\\/uploads\\\/2016\\\/12\\\/Zuko-Standard-Endanwender-wehren-sich_sicherheitsforum.jpg\",\"width\":1024,\"height\":683,\"caption\":\"Die iGOS: hintere Reihe: Ralf Weidmann, Hugo Straumann, Marcel Keller, Rebecca Galli; vordere Reihe: Urban Meier, Sergio Blaser, Max Haller, Bruno Boner, Fabian Lange, Guido Bolliger\"},{\"@type\":\"BreadcrumbList\",\"@id\":\"https:\\\/\\\/news.save.ch\\\/zuko-standard-endanwender-wehren-sich\\\/#breadcrumb\",\"itemListElement\":[{\"@type\":\"ListItem\",\"position\":1,\"name\":\"Home\",\"item\":\"https:\\\/\\\/news.save.ch\\\/de\\\/\"},{\"@type\":\"ListItem\",\"position\":2,\"name\":\"Zuko-Standard: Endanwender wehren sich\"}]},{\"@type\":\"WebSite\",\"@id\":\"https:\\\/\\\/news.save.ch\\\/de\\\/#website\",\"url\":\"https:\\\/\\\/news.save.ch\\\/de\\\/\",\"name\":\"Save\",\"description\":\"Schweizer Fachzeitschrift f\u00fcr Sicherheit\",\"publisher\":{\"@id\":\"https:\\\/\\\/news.save.ch\\\/de\\\/#organization\"},\"potentialAction\":[{\"@type\":\"SearchAction\",\"target\":{\"@type\":\"EntryPoint\",\"urlTemplate\":\"https:\\\/\\\/news.save.ch\\\/de\\\/?s={search_term_string}\"},\"query-input\":{\"@type\":\"PropertyValueSpecification\",\"valueRequired\":true,\"valueName\":\"search_term_string\"}}],\"inLanguage\":\"en-US\"},{\"@type\":\"Organization\",\"@id\":\"https:\\\/\\\/news.save.ch\\\/de\\\/#organization\",\"name\":\"Sicherheitsforum\",\"url\":\"https:\\\/\\\/news.save.ch\\\/de\\\/\",\"logo\":{\"@type\":\"ImageObject\",\"inLanguage\":\"en-US\",\"@id\":\"https:\\\/\\\/news.save.ch\\\/de\\\/#\\\/schema\\\/logo\\\/image\\\/\",\"url\":\"https:\\\/\\\/news.save.ch\\\/wp-content\\\/uploads\\\/2022\\\/06\\\/Logo_SF_2012.png\",\"contentUrl\":\"https:\\\/\\\/news.save.ch\\\/wp-content\\\/uploads\\\/2022\\\/06\\\/Logo_SF_2012.png\",\"width\":1100,\"height\":91,\"caption\":\"Sicherheitsforum\"},\"image\":{\"@id\":\"https:\\\/\\\/news.save.ch\\\/de\\\/#\\\/schema\\\/logo\\\/image\\\/\"}},{\"@type\":\"Person\",\"@id\":\"https:\\\/\\\/news.save.ch\\\/de\\\/#\\\/schema\\\/person\\\/d49e199490bad7c70d64b9ab51142f2b\",\"name\":\"admin\",\"image\":{\"@type\":\"ImageObject\",\"inLanguage\":\"en-US\",\"@id\":\"https:\\\/\\\/secure.gravatar.com\\\/avatar\\\/ae2f4d718e6c49043e314ce431e7e645d646302a24a5ef5a8bc8e3f5a032e319?s=96&d=mm&r=g\",\"url\":\"https:\\\/\\\/secure.gravatar.com\\\/avatar\\\/ae2f4d718e6c49043e314ce431e7e645d646302a24a5ef5a8bc8e3f5a032e319?s=96&d=mm&r=g\",\"contentUrl\":\"https:\\\/\\\/secure.gravatar.com\\\/avatar\\\/ae2f4d718e6c49043e314ce431e7e645d646302a24a5ef5a8bc8e3f5a032e319?s=96&d=mm&r=g\",\"caption\":\"admin\"},\"sameAs\":[\"https:\\\/\\\/develop.organisator.galledia.ch\"],\"url\":\"https:\\\/\\\/news.save.ch\\\/en\\\/author\\\/admin\\\/\"}]}<\/script>\n<!-- \/ Yoast SEO plugin. -->","yoast_head_json":{"title":"Zuko standard: End users fight back - Save","robots":{"index":"index","follow":"follow","max-snippet":"max-snippet:-1","max-image-preview":"max-image-preview:large","max-video-preview":"max-video-preview:-1"},"canonical":"https:\/\/news.save.ch\/en\/zuko-standard-endanwender-wehren-sich\/","og_locale":"en_US","og_type":"article","og_title":"Zuko-Standard: Endanwender wehren sich - Save","og_description":"In der immer flexibler werdenden Arbeitswelt wechseln Geb\u00e4ude schnell den Nutzer. Die bestehende Zutrittskontrollanlage des Anwenders muss diese \u00c4nderungen ebenfalls rasch bewerkstelligen k\u00f6nnen oder mit den am neuen Standort bereits montierten Komponenten kompatibel sein. Hinzu kommt, dass Konzerne beginnen, an all ihren Standorten einheitliche Standards einzuf\u00fchren. Unternehmen, die dem \u00f6ffentlichen Beschaffungsrecht unterstellt sind, m\u00fcssen Schliess- [&hellip;]","og_url":"https:\/\/news.save.ch\/en\/zuko-standard-endanwender-wehren-sich\/","og_site_name":"Save","article_published_time":"2016-08-22T07:26:50+00:00","article_modified_time":"2023-03-14T08:00:03+00:00","og_image":[{"width":1024,"height":683,"url":"https:\/\/news.save.ch\/wp-content\/uploads\/2016\/12\/Zuko-Standard-Endanwender-wehren-sich_sicherheitsforum.jpg","type":"image\/jpeg"}],"author":"admin","twitter_card":"summary_large_image","twitter_misc":{"Written by":"admin","Est. reading time":"2 minutes"},"schema":{"@context":"https:\/\/schema.org","@graph":[{"@type":"Article","@id":"https:\/\/news.save.ch\/zuko-standard-endanwender-wehren-sich\/#article","isPartOf":{"@id":"https:\/\/news.save.ch\/zuko-standard-endanwender-wehren-sich\/"},"author":{"name":"admin","@id":"https:\/\/news.save.ch\/de\/#\/schema\/person\/d49e199490bad7c70d64b9ab51142f2b"},"headline":"Zuko-Standard: Endanwender wehren sich","datePublished":"2016-08-22T07:26:50+00:00","dateModified":"2023-03-14T08:00:03+00:00","mainEntityOfPage":{"@id":"https:\/\/news.save.ch\/zuko-standard-endanwender-wehren-sich\/"},"wordCount":331,"commentCount":0,"publisher":{"@id":"https:\/\/news.save.ch\/de\/#organization"},"image":{"@id":"https:\/\/news.save.ch\/zuko-standard-endanwender-wehren-sich\/#primaryimage"},"thumbnailUrl":"https:\/\/news.save.ch\/wp-content\/uploads\/2016\/12\/Zuko-Standard-Endanwender-wehren-sich_sicherheitsforum.jpg","keywords":["Normen","Standards","Zutrittskontrolle"],"articleSection":["SICHERHEIT"],"inLanguage":"en-US"},{"@type":"WebPage","@id":"https:\/\/news.save.ch\/zuko-standard-endanwender-wehren-sich\/","url":"https:\/\/news.save.ch\/zuko-standard-endanwender-wehren-sich\/","name":"Zuko standard: End users fight back - Save","isPartOf":{"@id":"https:\/\/news.save.ch\/de\/#website"},"primaryImageOfPage":{"@id":"https:\/\/news.save.ch\/zuko-standard-endanwender-wehren-sich\/#primaryimage"},"image":{"@id":"https:\/\/news.save.ch\/zuko-standard-endanwender-wehren-sich\/#primaryimage"},"thumbnailUrl":"https:\/\/news.save.ch\/wp-content\/uploads\/2016\/12\/Zuko-Standard-Endanwender-wehren-sich_sicherheitsforum.jpg","datePublished":"2016-08-22T07:26:50+00:00","dateModified":"2023-03-14T08:00:03+00:00","breadcrumb":{"@id":"https:\/\/news.save.ch\/zuko-standard-endanwender-wehren-sich\/#breadcrumb"},"inLanguage":"en-US","potentialAction":[{"@type":"ReadAction","target":["https:\/\/news.save.ch\/zuko-standard-endanwender-wehren-sich\/"]}]},{"@type":"ImageObject","inLanguage":"en-US","@id":"https:\/\/news.save.ch\/zuko-standard-endanwender-wehren-sich\/#primaryimage","url":"https:\/\/news.save.ch\/wp-content\/uploads\/2016\/12\/Zuko-Standard-Endanwender-wehren-sich_sicherheitsforum.jpg","contentUrl":"https:\/\/news.save.ch\/wp-content\/uploads\/2016\/12\/Zuko-Standard-Endanwender-wehren-sich_sicherheitsforum.jpg","width":1024,"height":683,"caption":"Die iGOS: hintere Reihe: Ralf Weidmann, Hugo Straumann, Marcel Keller, Rebecca Galli; vordere Reihe: Urban Meier, Sergio Blaser, Max Haller, Bruno Boner, Fabian Lange, Guido Bolliger"},{"@type":"BreadcrumbList","@id":"https:\/\/news.save.ch\/zuko-standard-endanwender-wehren-sich\/#breadcrumb","itemListElement":[{"@type":"ListItem","position":1,"name":"Home","item":"https:\/\/news.save.ch\/de\/"},{"@type":"ListItem","position":2,"name":"Zuko-Standard: Endanwender wehren sich"}]},{"@type":"WebSite","@id":"https:\/\/news.save.ch\/de\/#website","url":"https:\/\/news.save.ch\/de\/","name":"Save","description":"Swiss trade journal for safety","publisher":{"@id":"https:\/\/news.save.ch\/de\/#organization"},"potentialAction":[{"@type":"SearchAction","target":{"@type":"EntryPoint","urlTemplate":"https:\/\/news.save.ch\/de\/?s={search_term_string}"},"query-input":{"@type":"PropertyValueSpecification","valueRequired":true,"valueName":"search_term_string"}}],"inLanguage":"en-US"},{"@type":"Organization","@id":"https:\/\/news.save.ch\/de\/#organization","name":"Security Forum","url":"https:\/\/news.save.ch\/de\/","logo":{"@type":"ImageObject","inLanguage":"en-US","@id":"https:\/\/news.save.ch\/de\/#\/schema\/logo\/image\/","url":"https:\/\/news.save.ch\/wp-content\/uploads\/2022\/06\/Logo_SF_2012.png","contentUrl":"https:\/\/news.save.ch\/wp-content\/uploads\/2022\/06\/Logo_SF_2012.png","width":1100,"height":91,"caption":"Sicherheitsforum"},"image":{"@id":"https:\/\/news.save.ch\/de\/#\/schema\/logo\/image\/"}},{"@type":"Person","@id":"https:\/\/news.save.ch\/de\/#\/schema\/person\/d49e199490bad7c70d64b9ab51142f2b","name":"admin","image":{"@type":"ImageObject","inLanguage":"en-US","@id":"https:\/\/secure.gravatar.com\/avatar\/ae2f4d718e6c49043e314ce431e7e645d646302a24a5ef5a8bc8e3f5a032e319?s=96&d=mm&r=g","url":"https:\/\/secure.gravatar.com\/avatar\/ae2f4d718e6c49043e314ce431e7e645d646302a24a5ef5a8bc8e3f5a032e319?s=96&d=mm&r=g","contentUrl":"https:\/\/secure.gravatar.com\/avatar\/ae2f4d718e6c49043e314ce431e7e645d646302a24a5ef5a8bc8e3f5a032e319?s=96&d=mm&r=g","caption":"admin"},"sameAs":["https:\/\/develop.organisator.galledia.ch"],"url":"https:\/\/news.save.ch\/en\/author\/admin\/"}]}},"_links":{"self":[{"href":"https:\/\/news.save.ch\/en\/wp-json\/wp\/v2\/posts\/2382","targetHints":{"allow":["GET"]}}],"collection":[{"href":"https:\/\/news.save.ch\/en\/wp-json\/wp\/v2\/posts"}],"about":[{"href":"https:\/\/news.save.ch\/en\/wp-json\/wp\/v2\/types\/post"}],"author":[{"embeddable":true,"href":"https:\/\/news.save.ch\/en\/wp-json\/wp\/v2\/users\/1"}],"replies":[{"embeddable":true,"href":"https:\/\/news.save.ch\/en\/wp-json\/wp\/v2\/comments?post=2382"}],"version-history":[{"count":1,"href":"https:\/\/news.save.ch\/en\/wp-json\/wp\/v2\/posts\/2382\/revisions"}],"predecessor-version":[{"id":18002,"href":"https:\/\/news.save.ch\/en\/wp-json\/wp\/v2\/posts\/2382\/revisions\/18002"}],"wp:featuredmedia":[{"embeddable":true,"href":"https:\/\/news.save.ch\/en\/wp-json\/wp\/v2\/media\/2383"}],"wp:attachment":[{"href":"https:\/\/news.save.ch\/en\/wp-json\/wp\/v2\/media?parent=2382"}],"wp:term":[{"taxonomy":"category","embeddable":true,"href":"https:\/\/news.save.ch\/en\/wp-json\/wp\/v2\/categories?post=2382"},{"taxonomy":"post_tag","embeddable":true,"href":"https:\/\/news.save.ch\/en\/wp-json\/wp\/v2\/tags?post=2382"}],"curies":[{"name":"wp","href":"https:\/\/api.w.org\/{rel}","templated":true}]}}