{"id":23930,"date":"2025-01-22T12:05:13","date_gmt":"2025-01-22T11:05:13","guid":{"rendered":"https:\/\/news.save.ch\/?p=23930"},"modified":"2025-01-22T13:41:56","modified_gmt":"2025-01-22T12:41:56","slug":"migraenefreundliche-arbeitsplaetze-schaffen","status":null,"type":"post","link":"https:\/\/news.save.ch\/en\/migraenefreundliche-arbeitsplaetze-schaffen\/","title":{"rendered":"Creating migraine-friendly workplaces"},"content":{"rendered":"<figure id=\"attachment_23935\" aria-describedby=\"caption-attachment-23935\" style=\"width: 1400px\" class=\"wp-caption alignnone\"><a href=\"https:\/\/news.save.ch\/en\/migraenefreundliche-arbeitsplaetze-schaffen\/depositphotos_150307616_xl-1\/\" rel=\"attachment wp-att-23935\"><img loading=\"lazy\" decoding=\"async\" class=\"size-full wp-image-23935\" src=\"https:\/\/news.save.ch\/wp-content\/uploads\/2025\/01\/Depositphotos_150307616_XL-1-scaled.jpg\" alt=\"\" width=\"1400\" height=\"933\" srcset=\"https:\/\/news.save.ch\/wp-content\/uploads\/2025\/01\/Depositphotos_150307616_XL-1-scaled.jpg 1200w, https:\/\/news.save.ch\/wp-content\/uploads\/2025\/01\/Depositphotos_150307616_XL-1-680x453.jpg 680w, https:\/\/news.save.ch\/wp-content\/uploads\/2025\/01\/Depositphotos_150307616_XL-1-1024x683.jpg 1024w, https:\/\/news.save.ch\/wp-content\/uploads\/2025\/01\/Depositphotos_150307616_XL-1-768x512.jpg 768w, https:\/\/news.save.ch\/wp-content\/uploads\/2025\/01\/Depositphotos_150307616_XL-1-1536x1024.jpg 1536w, https:\/\/news.save.ch\/wp-content\/uploads\/2025\/01\/Depositphotos_150307616_XL-1-2048x1366.jpg 2048w, https:\/\/news.save.ch\/wp-content\/uploads\/2025\/01\/Depositphotos_150307616_XL-1-18x12.jpg 18w, https:\/\/news.save.ch\/wp-content\/uploads\/2025\/01\/Depositphotos_150307616_XL-1-375x250.jpg 375w, https:\/\/news.save.ch\/wp-content\/uploads\/2025\/01\/Depositphotos_150307616_XL-1-525x350.jpg 525w, https:\/\/news.save.ch\/wp-content\/uploads\/2025\/01\/Depositphotos_150307616_XL-1-1000x667.jpg 1000w\" sizes=\"auto, (max-width: 1400px) 100vw, 1400px\" \/><\/a><figcaption id=\"caption-attachment-23935\" class=\"wp-caption-text\">Photo: Depositphotos\/belchonock<\/figcaption><\/figure>\n<p>Neurological and mental illnesses affect over 30 % of the population in Europe and represent an urgent health problem. The \"Swiss Brain Health Plan\" initiative was therefore recently launched to address this challenge and develop targeted measures to improve the brain health of the Swiss population 1. It is also supported at the political level.<\/p>\n<h3>One million people affected<\/h3>\n<p>Migraine is one of the main causes of illness-related disability in Switzerland. It affects over one million Swiss people, many of whom are of working age 2. Migraines are characterized by recurring, severe headache attacks accompanied by nausea, vomiting, sensitivity to light and noise and a strong need to withdraw. This is accompanied by concentration disorders, fatigue and drive problems, which also reduce performance. Attacks are often triggered or exacerbated by external environmental stimuli such as strong light, noise or heat, or internal circumstances such as stress, hormonal fluctuations or sleep disorders. Attacks can last from hours to days. In some cases, they are preceded by temporary neurological symptoms such as visual disturbances, known as an \"aura\". It is usually not possible to continue work or everyday activities during a migraine attack.3<\/p>\n<p>It is estimated that around 15 % of the working population suffers from migraines.4 Many sufferers do not speak openly about their illness in order to avoid being stigmatized as \"lazy at work\" or \"not resilient enough\". This lack of understanding often leads to career setbacks or job changes. This is all the more regrettable because openly dealing with this illness, acceptance and targeted measures in the working environment can relieve the burden on those affected. This is also beneficial for companies.5<\/p>\n<h3>Strong stigmatization<\/h3>\n<p>Presenteeism, i.e. reduced work performance due to migraine without actual absence from work, accounts for almost 90 % of a company's migraine-related productivity loss, more than absenteeism 6. However, presenteeism, i.e. reduced work performance due to an illness, is difficult to measure and often goes unnoticed in the working environment. In the Japanese Fujitsu headache project, several thousand employees of a large company were asked about their own headaches, their quality of life and their knowledge of migraines. E-learning and online consultations were offered to impart knowledge about migraines. The results of the study underline the prevalence of migraine in the workplace (16.7 % of respondents) and show a high level of stigmatization, inadequate medical care and a heavy burden on those affected. Surprisingly, the information measures alone achieved a great deal: 83 % of the respondents without headaches changed their attitude to the illness. Many employees then sought headache expertise for the first time. The calculated savings per employee\/year amounted to US$ 4531 4. A Swiss study also showed that monthly counseling of employees with migraine was able to reduce the restrictions - measured with the Migraine Disability Score (MIDAS) - and yielded a return on investment of 4.9 for the company.7<\/p>\n<p>These examples show the potential of targeted measures to provide information and education about migraine in the workplace. Further possibilities exist in the adaptation of the workplace and flexibility in work design by employers.8<\/p>\n<p>The Swiss Headache Society (SKG) has launched the \"Migraine Friendly Workspace\" initiative (www.headache.ch\/migraene\/migraine-friendly-workspace) based on expert knowledge and data on migraines. This initiative is part of the Swiss Brain Health Plan. The \"triple e\" concept is based on the three pillars of empowerment, environment and engagement. In principle, the concept harmonizes well with the basic principle of occupational health management (OHM) in order to support companies in their efforts to improve the health of their employees and complements the \"Friendly Workspace\" campaign already known\/established in OHM. What is special, however, is that it specifically addresses the individual needs of people with migraines and attaches great importance to the commitment to destigmatization. The following points make up a migraine-friendly workplace and are part of the campaign:<\/p>\n<p><strong>Empowerment:<\/strong> Information material is provided by SKG. In addition to printed material, this also includes online seminars. We compile information on the available and recommended acute medication (\"emergency kit\") and provide information on the nearest migraine experts and contact points. Employers enable interested employees to take part in sports programs or self-organized activities to prevent headaches.<\/p>\n<p><strong>Environment:<\/strong> The company has a place of retreat that those affected can go to during the attack. Ideally, this is a room that can be darkened and is protected from noises and smells. Alternatively, a couch with light and noise shielding can be provided in a quiet area of the workplace. Migraine sufferers who report triggers for their attacks in the workplace, such as strong direct light, will be advised on how to adapt their workplace. The environment also includes colleagues: Understanding and flexibility throughout the team is a prerequisite for a migraine-friendly atmosphere.<\/p>\n<p><strong>Commitment:<\/strong> Companies show their \"colors\" and declare their commitment to being a migraine-friendly workplace. They are published on the SKG website as such employers. They are flexible in finding solutions so that employees with migraine can have a fulfilling career. This can include working from home, job rotation, targeted counseling or flexible working hours.<\/p>\n<p>The first companies are currently being evaluated for advice. The aim of this project is to provide employers with the best possible support and to work together with occupational health experts to implement specific measures in the workplace. The OHM officers can make a valuable contribution here to improving employee satisfaction, productivity and health.<\/p>\n<div class=\"footnote\">\n<p>References:<\/p>\n<p>1 Bassetti, C. L. A. et al. The Swiss Brain Health Plan 2023-2033. Clinical and Translational Neuroscience 7 (2023). https:\/\/doi.org\/ARTN 3810.3390\/ctn7040038<br \/>\n2 Thakur, K. T. et al. in Mental, Neurological, and Substance Use Disorders: Disease Control Priorities, Third Edition (Volume 4) (eds V. Patel et al.) (2016).<br \/>\n3 Eigenbrodt, A. K. et al. Diagnosis and management of migraine in ten steps. Nat Rev Neurol 17, 501-514 (2021). https:\/\/doi.org\/10.1038\/s41582-021-00509-5<br \/>\n4 Sakai, F. et al. Diagnosis, knowledge, perception, and productivity impact of headache education and clinical evaluation program in the workplace at an information technology company of more than 70,000 employees. Cephalalgia 43, 3331024231165682 (2023). https:\/\/doi.org\/10.1177\/03331024231165682<br \/>\n5 Begasse de Dhaem, O. et al. Identification of work accommodations and interventions associated with work productivity in adults with migraine: A scoping review. Cephalalgia 41, 760-773 (2021). https:\/\/doi.org\/10.1177\/0333102420977852<br \/>\n6 Goetzel, R. Z. et al. Health, absence, disability, and presenteeism cost estimates of certain physical and mental health conditions affecting U.S. employers. J Occup Environ Med 46, 398-412 (2004). https:\/\/doi.org\/10.1097\/01.jom.0000121151.40413.bd<br \/>\n7 Schaetz, L. et al. Employee and Employer Benefits From a Migraine Management Program: Disease Outcomes and Cost Analysis. Headache 60, 1947-1960 (2020). https:\/\/doi.org\/10.1111\/head.13933<br \/>\n8 Begasse de Dhaem, O. &amp; Sakai, F. Migraine in the workplace. eNeurologicalSci 27, 100408 (2022). https:\/\/doi.org\/10.1016\/j.ensci.2022.100408<\/p>\n<\/div>\n<div class=\"greybox\">\n<h3>Authors<\/h3>\n<p>Susanne Wegener, Department of Neurology, University Hospital Zurich (USZ) and University of Zurich (UZH)<br \/>\nAndreas R. Gantenbein, Department of Neurology, University Hospital Zurich (USZ) and University of Zurich (UZH). Neurorehabilitation, Zurzach Care, Bad Zurzach, Neurology at Untertor, B\u00fclach<br \/>\nNatalia Aepple, IMK AG Institute for Medicine and Communication, Basel<br \/>\nHarald F. Grossmann, IMK AG Institute for Medicine and Communication, Basel<br \/>\nChristoph J. Schankin, Neurology Clinic, Inselspital, Bern University Hospital, University of Bern, Bern<br \/>\nAndreas Kleinschmidt, Department of Neurology, Geneva University Hospital and University of Geneva<\/p>\n<\/div>","protected":false},"excerpt":{"rendered":"<p>Neurologische und psychische Erkrankungen kommen bei \u00fcber 30 % der Bev\u00f6lkerung in Europa vor und stellen ein dringendes gesundheitliches Problem dar. Die \u00abSwiss Brain Health Plan\u00bb Initiative wurde daher k\u00fcrzlich ins Leben gerufen, um sich dieser Herausforderung anzunehmen und gezielte Massnahmen f\u00fcr bessere Hirngesundheit der Schweizer Bev\u00f6lkerung zu entwickeln\u20091. Sie wird auch von politischer Ebene [&hellip;]<\/p>\n","protected":false},"author":31,"featured_media":0,"comment_status":"closed","ping_status":"closed","sticky":false,"template":"","format":"standard","meta":{"_acf_changed":false,"pgc_sgb_lightbox_settings":"","footnotes":""},"categories":[1,3314],"tags":[2391,6559,2536,6558],"class_list":["post-23930","post","type-post","status-publish","format-standard","hentry","category-allgemein","category-health-safety","tag-kopfschmerzen","tag-kopfweh","tag-migraene","tag-migraenefreundlicher-arbeitsplatz"],"acf":[],"hkrextid":null,"publication":null,"issue":null,"workflow":null,"startPage":null,"spitzmarke":null,"_posts_by_tag_page_fields":null,"_at_widget":null,"_yoast_wpseo_primary_category":"1","_yoast_wpseo_focuskw_text_input":null,"_yoast_wpseo_opengraph-image":null,"_yoast_wpseo_opengraph-description":null,"_yoast_wpseo_opengraph-title":null,"enclosure":null,"_yoast_wpseo_twitter-title":null,"_yoast_wpseo_twitter-description":null,"_yoast_wpseo_twitter-image":null,"_wp_old_slug":null,"_yoast_wpseo_title":null,"_yoast_wpseo_canonical":null,"yoast_head":"<!-- This site is optimized with the Yoast SEO plugin v27.4 - https:\/\/yoast.com\/product\/yoast-seo-wordpress\/ -->\n<title>Migr\u00e4nefreundliche \u00adArbeitspl\u00e4tze schaffen - Save<\/title>\n<meta name=\"description\" content=\"Mit der Initiative migr\u00e4nefreundlicher Arbeitsplatz bietet die Schweizerische Kopfwehgesellschaft Unternehmen konkrete \u00adAns\u00e4tze, um Betroffene zu unterst\u00fctzen.\" \/>\n<meta name=\"robots\" content=\"index, follow, max-snippet:-1, max-image-preview:large, max-video-preview:-1\" \/>\n<link rel=\"canonical\" href=\"https:\/\/news.save.ch\/en\/migraenefreundliche-arbeitsplaetze-schaffen\/\" \/>\n<meta property=\"og:locale\" content=\"en_US\" \/>\n<meta property=\"og:type\" content=\"article\" \/>\n<meta property=\"og:title\" content=\"Migr\u00e4nefreundliche \u00adArbeitspl\u00e4tze schaffen - Save\" \/>\n<meta property=\"og:description\" content=\"Mit der Initiative migr\u00e4nefreundlicher Arbeitsplatz bietet die Schweizerische Kopfwehgesellschaft Unternehmen konkrete \u00adAns\u00e4tze, um Betroffene zu unterst\u00fctzen.\" \/>\n<meta property=\"og:url\" content=\"https:\/\/news.save.ch\/en\/migraenefreundliche-arbeitsplaetze-schaffen\/\" \/>\n<meta property=\"og:site_name\" content=\"Save\" \/>\n<meta property=\"article:published_time\" content=\"2025-01-22T11:05:13+00:00\" \/>\n<meta property=\"article:modified_time\" content=\"2025-01-22T12:41:56+00:00\" \/>\n<meta property=\"og:image\" content=\"https:\/\/news.save.ch\/wp-content\/uploads\/2025\/01\/Depositphotos_150307616_XL-1-scaled.jpg\" \/>\n\t<meta property=\"og:image:width\" content=\"1200\" \/>\n\t<meta property=\"og:image:height\" content=\"800\" \/>\n\t<meta property=\"og:image:type\" content=\"image\/jpeg\" \/>\n<meta name=\"author\" content=\"stefanie Zeng\" \/>\n<meta name=\"twitter:card\" content=\"summary_large_image\" \/>\n<meta name=\"twitter:label1\" content=\"Written by\" \/>\n\t<meta name=\"twitter:data1\" content=\"stefanie Zeng\" \/>\n\t<meta name=\"twitter:label2\" content=\"Est. reading time\" \/>\n\t<meta name=\"twitter:data2\" content=\"7 minutes\" \/>\n<script type=\"application\/ld+json\" class=\"yoast-schema-graph\">{\"@context\":\"https:\\\/\\\/schema.org\",\"@graph\":[{\"@type\":\"Article\",\"@id\":\"https:\\\/\\\/news.save.ch\\\/migraenefreundliche-arbeitsplaetze-schaffen\\\/#article\",\"isPartOf\":{\"@id\":\"https:\\\/\\\/news.save.ch\\\/migraenefreundliche-arbeitsplaetze-schaffen\\\/\"},\"author\":{\"name\":\"stefanie Zeng\",\"@id\":\"https:\\\/\\\/news.save.ch\\\/de\\\/#\\\/schema\\\/person\\\/10917387362b3961e882740f6cf6f2a2\"},\"headline\":\"Migr\u00e4nefreundliche \u00adArbeitspl\u00e4tze schaffen\",\"datePublished\":\"2025-01-22T11:05:13+00:00\",\"dateModified\":\"2025-01-22T12:41:56+00:00\",\"mainEntityOfPage\":{\"@id\":\"https:\\\/\\\/news.save.ch\\\/migraenefreundliche-arbeitsplaetze-schaffen\\\/\"},\"wordCount\":1218,\"publisher\":{\"@id\":\"https:\\\/\\\/news.save.ch\\\/de\\\/#organization\"},\"image\":{\"@id\":\"https:\\\/\\\/news.save.ch\\\/migraenefreundliche-arbeitsplaetze-schaffen\\\/#primaryimage\"},\"thumbnailUrl\":\"https:\\\/\\\/news.save.ch\\\/wp-content\\\/uploads\\\/2025\\\/01\\\/Depositphotos_150307616_XL-1-scaled.jpg\",\"keywords\":[\"Kopfschmerzen\",\"Kopfweh\",\"Migr\u00e4ne\",\"migr\u00e4nefreundlicher Arbeitsplatz\"],\"articleSection\":[\"ALLGEMEIN\",\"HEALTH &amp; SAFETY\"],\"inLanguage\":\"en-US\"},{\"@type\":\"WebPage\",\"@id\":\"https:\\\/\\\/news.save.ch\\\/migraenefreundliche-arbeitsplaetze-schaffen\\\/\",\"url\":\"https:\\\/\\\/news.save.ch\\\/migraenefreundliche-arbeitsplaetze-schaffen\\\/\",\"name\":\"Migr\u00e4nefreundliche \u00adArbeitspl\u00e4tze schaffen - Save\",\"isPartOf\":{\"@id\":\"https:\\\/\\\/news.save.ch\\\/de\\\/#website\"},\"primaryImageOfPage\":{\"@id\":\"https:\\\/\\\/news.save.ch\\\/migraenefreundliche-arbeitsplaetze-schaffen\\\/#primaryimage\"},\"image\":{\"@id\":\"https:\\\/\\\/news.save.ch\\\/migraenefreundliche-arbeitsplaetze-schaffen\\\/#primaryimage\"},\"thumbnailUrl\":\"https:\\\/\\\/news.save.ch\\\/wp-content\\\/uploads\\\/2025\\\/01\\\/Depositphotos_150307616_XL-1-scaled.jpg\",\"datePublished\":\"2025-01-22T11:05:13+00:00\",\"dateModified\":\"2025-01-22T12:41:56+00:00\",\"description\":\"Mit der Initiative migr\u00e4nefreundlicher Arbeitsplatz bietet die Schweizerische Kopfwehgesellschaft Unternehmen konkrete \u00adAns\u00e4tze, um Betroffene zu unterst\u00fctzen.\",\"breadcrumb\":{\"@id\":\"https:\\\/\\\/news.save.ch\\\/migraenefreundliche-arbeitsplaetze-schaffen\\\/#breadcrumb\"},\"inLanguage\":\"en-US\",\"potentialAction\":[{\"@type\":\"ReadAction\",\"target\":[\"https:\\\/\\\/news.save.ch\\\/migraenefreundliche-arbeitsplaetze-schaffen\\\/\"]}]},{\"@type\":\"ImageObject\",\"inLanguage\":\"en-US\",\"@id\":\"https:\\\/\\\/news.save.ch\\\/migraenefreundliche-arbeitsplaetze-schaffen\\\/#primaryimage\",\"url\":\"https:\\\/\\\/news.save.ch\\\/wp-content\\\/uploads\\\/2025\\\/01\\\/Depositphotos_150307616_XL-1-scaled.jpg\",\"contentUrl\":\"https:\\\/\\\/news.save.ch\\\/wp-content\\\/uploads\\\/2025\\\/01\\\/Depositphotos_150307616_XL-1-scaled.jpg\"},{\"@type\":\"BreadcrumbList\",\"@id\":\"https:\\\/\\\/news.save.ch\\\/migraenefreundliche-arbeitsplaetze-schaffen\\\/#breadcrumb\",\"itemListElement\":[{\"@type\":\"ListItem\",\"position\":1,\"name\":\"Home\",\"item\":\"https:\\\/\\\/news.save.ch\\\/de\\\/\"},{\"@type\":\"ListItem\",\"position\":2,\"name\":\"Migr\u00e4nefreundliche \u00adArbeitspl\u00e4tze schaffen\"}]},{\"@type\":\"WebSite\",\"@id\":\"https:\\\/\\\/news.save.ch\\\/de\\\/#website\",\"url\":\"https:\\\/\\\/news.save.ch\\\/de\\\/\",\"name\":\"Save\",\"description\":\"Schweizer Fachzeitschrift f\u00fcr Sicherheit\",\"publisher\":{\"@id\":\"https:\\\/\\\/news.save.ch\\\/de\\\/#organization\"},\"potentialAction\":[{\"@type\":\"SearchAction\",\"target\":{\"@type\":\"EntryPoint\",\"urlTemplate\":\"https:\\\/\\\/news.save.ch\\\/de\\\/?s={search_term_string}\"},\"query-input\":{\"@type\":\"PropertyValueSpecification\",\"valueRequired\":true,\"valueName\":\"search_term_string\"}}],\"inLanguage\":\"en-US\"},{\"@type\":\"Organization\",\"@id\":\"https:\\\/\\\/news.save.ch\\\/de\\\/#organization\",\"name\":\"Sicherheitsforum\",\"url\":\"https:\\\/\\\/news.save.ch\\\/de\\\/\",\"logo\":{\"@type\":\"ImageObject\",\"inLanguage\":\"en-US\",\"@id\":\"https:\\\/\\\/news.save.ch\\\/de\\\/#\\\/schema\\\/logo\\\/image\\\/\",\"url\":\"https:\\\/\\\/news.save.ch\\\/wp-content\\\/uploads\\\/2022\\\/06\\\/Logo_SF_2012.png\",\"contentUrl\":\"https:\\\/\\\/news.save.ch\\\/wp-content\\\/uploads\\\/2022\\\/06\\\/Logo_SF_2012.png\",\"width\":1100,\"height\":91,\"caption\":\"Sicherheitsforum\"},\"image\":{\"@id\":\"https:\\\/\\\/news.save.ch\\\/de\\\/#\\\/schema\\\/logo\\\/image\\\/\"}},{\"@type\":\"Person\",\"@id\":\"https:\\\/\\\/news.save.ch\\\/de\\\/#\\\/schema\\\/person\\\/10917387362b3961e882740f6cf6f2a2\",\"name\":\"stefanie Zeng\",\"image\":{\"@type\":\"ImageObject\",\"inLanguage\":\"en-US\",\"@id\":\"https:\\\/\\\/secure.gravatar.com\\\/avatar\\\/eac43faa6e40bb2c41068c95c9d78bbd94c476d5efdff7abaab80bb3ea681e06?s=96&d=mm&r=g\",\"url\":\"https:\\\/\\\/secure.gravatar.com\\\/avatar\\\/eac43faa6e40bb2c41068c95c9d78bbd94c476d5efdff7abaab80bb3ea681e06?s=96&d=mm&r=g\",\"contentUrl\":\"https:\\\/\\\/secure.gravatar.com\\\/avatar\\\/eac43faa6e40bb2c41068c95c9d78bbd94c476d5efdff7abaab80bb3ea681e06?s=96&d=mm&r=g\",\"caption\":\"stefanie Zeng\"},\"url\":\"https:\\\/\\\/news.save.ch\\\/en\\\/author\\\/stefanie-zeng\\\/\"}]}<\/script>\n<!-- \/ Yoast SEO plugin. -->","yoast_head_json":{"title":"Creating migraine-friendly workplaces - Save","description":"With the migraine-friendly workplace initiative, the Swiss Headache Society offers companies concrete approaches to support those affected.","robots":{"index":"index","follow":"follow","max-snippet":"max-snippet:-1","max-image-preview":"max-image-preview:large","max-video-preview":"max-video-preview:-1"},"canonical":"https:\/\/news.save.ch\/en\/migraenefreundliche-arbeitsplaetze-schaffen\/","og_locale":"en_US","og_type":"article","og_title":"Migr\u00e4nefreundliche \u00adArbeitspl\u00e4tze schaffen - Save","og_description":"Mit der Initiative migr\u00e4nefreundlicher Arbeitsplatz bietet die Schweizerische Kopfwehgesellschaft Unternehmen konkrete \u00adAns\u00e4tze, um Betroffene zu unterst\u00fctzen.","og_url":"https:\/\/news.save.ch\/en\/migraenefreundliche-arbeitsplaetze-schaffen\/","og_site_name":"Save","article_published_time":"2025-01-22T11:05:13+00:00","article_modified_time":"2025-01-22T12:41:56+00:00","og_image":[{"width":1200,"height":800,"url":"https:\/\/news.save.ch\/wp-content\/uploads\/2025\/01\/Depositphotos_150307616_XL-1-scaled.jpg","type":"image\/jpeg"}],"author":"stefanie Zeng","twitter_card":"summary_large_image","twitter_misc":{"Written by":"stefanie Zeng","Est. reading time":"7 minutes"},"schema":{"@context":"https:\/\/schema.org","@graph":[{"@type":"Article","@id":"https:\/\/news.save.ch\/migraenefreundliche-arbeitsplaetze-schaffen\/#article","isPartOf":{"@id":"https:\/\/news.save.ch\/migraenefreundliche-arbeitsplaetze-schaffen\/"},"author":{"name":"stefanie Zeng","@id":"https:\/\/news.save.ch\/de\/#\/schema\/person\/10917387362b3961e882740f6cf6f2a2"},"headline":"Migr\u00e4nefreundliche \u00adArbeitspl\u00e4tze schaffen","datePublished":"2025-01-22T11:05:13+00:00","dateModified":"2025-01-22T12:41:56+00:00","mainEntityOfPage":{"@id":"https:\/\/news.save.ch\/migraenefreundliche-arbeitsplaetze-schaffen\/"},"wordCount":1218,"publisher":{"@id":"https:\/\/news.save.ch\/de\/#organization"},"image":{"@id":"https:\/\/news.save.ch\/migraenefreundliche-arbeitsplaetze-schaffen\/#primaryimage"},"thumbnailUrl":"https:\/\/news.save.ch\/wp-content\/uploads\/2025\/01\/Depositphotos_150307616_XL-1-scaled.jpg","keywords":["Kopfschmerzen","Kopfweh","Migr\u00e4ne","migr\u00e4nefreundlicher Arbeitsplatz"],"articleSection":["ALLGEMEIN","HEALTH &amp; SAFETY"],"inLanguage":"en-US"},{"@type":"WebPage","@id":"https:\/\/news.save.ch\/migraenefreundliche-arbeitsplaetze-schaffen\/","url":"https:\/\/news.save.ch\/migraenefreundliche-arbeitsplaetze-schaffen\/","name":"Creating migraine-friendly workplaces - Save","isPartOf":{"@id":"https:\/\/news.save.ch\/de\/#website"},"primaryImageOfPage":{"@id":"https:\/\/news.save.ch\/migraenefreundliche-arbeitsplaetze-schaffen\/#primaryimage"},"image":{"@id":"https:\/\/news.save.ch\/migraenefreundliche-arbeitsplaetze-schaffen\/#primaryimage"},"thumbnailUrl":"https:\/\/news.save.ch\/wp-content\/uploads\/2025\/01\/Depositphotos_150307616_XL-1-scaled.jpg","datePublished":"2025-01-22T11:05:13+00:00","dateModified":"2025-01-22T12:41:56+00:00","description":"With the migraine-friendly workplace initiative, the Swiss Headache Society offers companies concrete approaches to support those affected.","breadcrumb":{"@id":"https:\/\/news.save.ch\/migraenefreundliche-arbeitsplaetze-schaffen\/#breadcrumb"},"inLanguage":"en-US","potentialAction":[{"@type":"ReadAction","target":["https:\/\/news.save.ch\/migraenefreundliche-arbeitsplaetze-schaffen\/"]}]},{"@type":"ImageObject","inLanguage":"en-US","@id":"https:\/\/news.save.ch\/migraenefreundliche-arbeitsplaetze-schaffen\/#primaryimage","url":"https:\/\/news.save.ch\/wp-content\/uploads\/2025\/01\/Depositphotos_150307616_XL-1-scaled.jpg","contentUrl":"https:\/\/news.save.ch\/wp-content\/uploads\/2025\/01\/Depositphotos_150307616_XL-1-scaled.jpg"},{"@type":"BreadcrumbList","@id":"https:\/\/news.save.ch\/migraenefreundliche-arbeitsplaetze-schaffen\/#breadcrumb","itemListElement":[{"@type":"ListItem","position":1,"name":"Home","item":"https:\/\/news.save.ch\/de\/"},{"@type":"ListItem","position":2,"name":"Migr\u00e4nefreundliche \u00adArbeitspl\u00e4tze schaffen"}]},{"@type":"WebSite","@id":"https:\/\/news.save.ch\/de\/#website","url":"https:\/\/news.save.ch\/de\/","name":"Save","description":"Swiss trade journal for safety","publisher":{"@id":"https:\/\/news.save.ch\/de\/#organization"},"potentialAction":[{"@type":"SearchAction","target":{"@type":"EntryPoint","urlTemplate":"https:\/\/news.save.ch\/de\/?s={search_term_string}"},"query-input":{"@type":"PropertyValueSpecification","valueRequired":true,"valueName":"search_term_string"}}],"inLanguage":"en-US"},{"@type":"Organization","@id":"https:\/\/news.save.ch\/de\/#organization","name":"Security Forum","url":"https:\/\/news.save.ch\/de\/","logo":{"@type":"ImageObject","inLanguage":"en-US","@id":"https:\/\/news.save.ch\/de\/#\/schema\/logo\/image\/","url":"https:\/\/news.save.ch\/wp-content\/uploads\/2022\/06\/Logo_SF_2012.png","contentUrl":"https:\/\/news.save.ch\/wp-content\/uploads\/2022\/06\/Logo_SF_2012.png","width":1100,"height":91,"caption":"Sicherheitsforum"},"image":{"@id":"https:\/\/news.save.ch\/de\/#\/schema\/logo\/image\/"}},{"@type":"Person","@id":"https:\/\/news.save.ch\/de\/#\/schema\/person\/10917387362b3961e882740f6cf6f2a2","name":"Stefanie Zeng","image":{"@type":"ImageObject","inLanguage":"en-US","@id":"https:\/\/secure.gravatar.com\/avatar\/eac43faa6e40bb2c41068c95c9d78bbd94c476d5efdff7abaab80bb3ea681e06?s=96&d=mm&r=g","url":"https:\/\/secure.gravatar.com\/avatar\/eac43faa6e40bb2c41068c95c9d78bbd94c476d5efdff7abaab80bb3ea681e06?s=96&d=mm&r=g","contentUrl":"https:\/\/secure.gravatar.com\/avatar\/eac43faa6e40bb2c41068c95c9d78bbd94c476d5efdff7abaab80bb3ea681e06?s=96&d=mm&r=g","caption":"stefanie Zeng"},"url":"https:\/\/news.save.ch\/en\/author\/stefanie-zeng\/"}]}},"_links":{"self":[{"href":"https:\/\/news.save.ch\/en\/wp-json\/wp\/v2\/posts\/23930","targetHints":{"allow":["GET"]}}],"collection":[{"href":"https:\/\/news.save.ch\/en\/wp-json\/wp\/v2\/posts"}],"about":[{"href":"https:\/\/news.save.ch\/en\/wp-json\/wp\/v2\/types\/post"}],"author":[{"embeddable":true,"href":"https:\/\/news.save.ch\/en\/wp-json\/wp\/v2\/users\/31"}],"replies":[{"embeddable":true,"href":"https:\/\/news.save.ch\/en\/wp-json\/wp\/v2\/comments?post=23930"}],"version-history":[{"count":13,"href":"https:\/\/news.save.ch\/en\/wp-json\/wp\/v2\/posts\/23930\/revisions"}],"predecessor-version":[{"id":23956,"href":"https:\/\/news.save.ch\/en\/wp-json\/wp\/v2\/posts\/23930\/revisions\/23956"}],"wp:attachment":[{"href":"https:\/\/news.save.ch\/en\/wp-json\/wp\/v2\/media?parent=23930"}],"wp:term":[{"taxonomy":"category","embeddable":true,"href":"https:\/\/news.save.ch\/en\/wp-json\/wp\/v2\/categories?post=23930"},{"taxonomy":"post_tag","embeddable":true,"href":"https:\/\/news.save.ch\/en\/wp-json\/wp\/v2\/tags?post=23930"}],"curies":[{"name":"wp","href":"https:\/\/api.w.org\/{rel}","templated":true}]}}