{"id":23959,"date":"2025-01-28T10:12:38","date_gmt":"2025-01-28T09:12:38","guid":{"rendered":"https:\/\/news.save.ch\/?p=23959"},"modified":"2025-01-28T10:12:47","modified_gmt":"2025-01-28T09:12:47","slug":"immer-mehr-schweizer-erkranken-oder-verunfallen-im-ausland","status":null,"type":"post","link":"https:\/\/news.save.ch\/en\/immer-mehr-schweizer-erkranken-oder-verunfallen-im-ausland\/","title":{"rendered":"More and more Swiss are falling ill or having accidents abroad"},"content":{"rendered":"<div class=\"elementStandard elementContent elementText elementText_var0 elementTextAlign_var0 elementTextWidth-no\">\n<figure id=\"attachment_23960\" aria-describedby=\"caption-attachment-23960\" style=\"width: 799px\" class=\"wp-caption alignnone\"><a href=\"https:\/\/news.save.ch\/en\/immer-mehr-schweizer-erkranken-oder-verunfallen-im-ausland\/52423338773_5154d170fa_c\/\" rel=\"attachment wp-att-23960\"><img loading=\"lazy\" decoding=\"async\" class=\"size-full wp-image-23960\" src=\"https:\/\/news.save.ch\/wp-content\/uploads\/2025\/01\/52423338773_5154d170fa_c.jpg\" alt=\"\" width=\"799\" height=\"533\" srcset=\"https:\/\/news.save.ch\/wp-content\/uploads\/2025\/01\/52423338773_5154d170fa_c.jpg 799w, https:\/\/news.save.ch\/wp-content\/uploads\/2025\/01\/52423338773_5154d170fa_c-680x454.jpg 680w, https:\/\/news.save.ch\/wp-content\/uploads\/2025\/01\/52423338773_5154d170fa_c-768x512.jpg 768w, https:\/\/news.save.ch\/wp-content\/uploads\/2025\/01\/52423338773_5154d170fa_c-18x12.jpg 18w, https:\/\/news.save.ch\/wp-content\/uploads\/2025\/01\/52423338773_5154d170fa_c-375x250.jpg 375w, https:\/\/news.save.ch\/wp-content\/uploads\/2025\/01\/52423338773_5154d170fa_c-525x350.jpg 525w\" sizes=\"auto, (max-width: 799px) 100vw, 799px\" \/><\/a><figcaption id=\"caption-attachment-23960\" class=\"wp-caption-text\">Photo: TCS<\/figcaption><\/figure>\n<p>Travel has become more popular since the lifting of health restrictions in 2022. The increase in travel activity also has an impact on the number of illnesses and accidents reported abroad. In 2024, the TCS recorded 4,967 cases of illness and 2,267 personal accidents abroad - a total of 7,234 incidents. That is an average of around 20 cases per day. This represents an increase of 8% compared to 2022 and 11% compared to 2023.<\/p>\n<\/div>\n<div class=\"elementStandard elementContent elementHeadline elementHeadline_var0 elementHeadlineWidth-no\">\n<h3>Repatriations are also on the rise<\/h3>\n<\/div>\n<div class=\"elementStandard elementContent elementText elementText_var0 elementTextAlign_var0 elementTextWidth-no\">\n<p>Some of these incidents required more complex operations, such as repatriations. These are carried out by TCS ambulances for short distances and by scheduled flight or air ambulance with TCS doctors and nurses for more serious cases. In 2024, the TCS carried out 1,323 repatriations. That is more than three per day and corresponds to an increase of 24% compared to 2022 and the lifting of health restrictions. The main causes include broken bones and other serious injuries as well as serious illnesses.<\/p>\n<\/div>\n<div class=\"elementStandard elementContent elementHeadline elementHeadline_var0 elementHeadlineWidth-no\">\n<h3>Repatriations from all parts of the world<\/h3>\n<\/div>\n<div class=\"elementStandard elementContent elementText elementText_var0 elementTextAlign_var0 elementTextWidth-no\">\n<p>Most repatriations were from European countries, with Italy (185 cases), France (155 cases) and Spain (120 cases) leading the way. However, some missions involved much longer distances: 66 repatriations were carried out from Thailand and 40 from the USA. These complex missions require extensive logistics and qualified teams to ensure the safe return of patients to Switzerland. As soon as an alarm is forwarded to the emergency call center, the medical data of the person concerned is obtained and analyzed by TCS doctors. After assessing the situation, a decision is made as to whether repatriation is necessary. Depending on the distance, an ambulance from TCS or a partner is called out. In particularly serious cases, an air ambulance is requested in cooperation with partners such as REGA.<\/p>\n<\/div>\n<div class=\"elementStandard elementContent elementHeadline elementHeadline_var0 elementHeadlineWidth-no\">\n<h3>Minimize risks<\/h3>\n<\/div>\n<div class=\"elementStandard elementContent elementText elementText_var0 elementTextAlign_var0 elementTextWidth-no\">\n<p>To minimize the risks during a trip, the TCS recommends taking a few precautions. First and foremost, it is important to follow your doctor's advice and refrain from traveling if you have any medical problems. At the destination, activities should be chosen with caution: Dangerous or extreme undertakings significantly increase the number of accidents. Another source of risk is the underestimated health risks in some regions of the world and the lack of vaccinations required for trips to several countries. When renting two-wheelers, such as a scooter, it is important to wear appropriate equipment and strictly adhere to the traffic rules in order to avoid falls with sometimes dramatic consequences. In order to be prepared for these cases, it is highly recommended to take out travel insurance.<\/p>\n<\/div>\n<div class=\"elementStandard elementContent elementText elementText_var0 elementTextAlign_var0 elementTextWidth-no\"><\/div>","protected":false},"excerpt":{"rendered":"<p>Seit der Aufhebung der Gesundheitsbeschr\u00e4nkungen im Jahr 2022 haben Reisen an Beliebtheit gewonnen. Die Zunahme der Reiset\u00e4tigkeit hat auch Auswirkungen auf die Anzahl der im Ausland gemeldeten Erkrankungen und Unf\u00e4lle. Im Jahr 2024 verzeichnete der TCS im Ausland 4\u2019967 Krankheitsf\u00e4lle und 2\u2019267 Personenunf\u00e4lle \u2013 insgesamt 7\u2019234 Vorf\u00e4lle. Das sind durchschnittlich rund 20 F\u00e4lle pro Tag. [&hellip;]<\/p>\n","protected":false},"author":31,"featured_media":23960,"comment_status":"closed","ping_status":"closed","sticky":false,"template":"","format":"standard","meta":{"_acf_changed":false,"pgc_sgb_lightbox_settings":"","footnotes":""},"categories":[3314],"tags":[1990,6560,6561,3077],"class_list":["post-23959","post","type-post","status-publish","format-standard","has-post-thumbnail","hentry","category-health-safety","tag-erkrankung","tag-repatriierung","tag-rueckfuehrung","tag-tcs"],"acf":[],"hkrextid":null,"publication":null,"issue":null,"workflow":null,"startPage":null,"spitzmarke":null,"_posts_by_tag_page_fields":null,"_at_widget":null,"_yoast_wpseo_primary_category":"3314","_yoast_wpseo_focuskw_text_input":null,"_yoast_wpseo_opengraph-image":null,"_yoast_wpseo_opengraph-description":null,"_yoast_wpseo_opengraph-title":null,"enclosure":null,"_yoast_wpseo_twitter-title":null,"_yoast_wpseo_twitter-description":null,"_yoast_wpseo_twitter-image":null,"_wp_old_slug":null,"_yoast_wpseo_title":null,"_yoast_wpseo_canonical":null,"yoast_head":"<!-- This site is optimized with the Yoast SEO plugin v27.5 - https:\/\/yoast.com\/product\/yoast-seo-wordpress\/ -->\n<title>Immer mehr Schweizer erkranken oder verunfallen im Ausland - Save<\/title>\n<meta name=\"description\" content=\"Der TCS verzeichnete im Jahr 2024 einen Anstieg der im Ausland erkrankten oder verunfallten Personen. Auch Repatriierungen sind gestiegen.\" \/>\n<meta name=\"robots\" content=\"index, follow, max-snippet:-1, max-image-preview:large, max-video-preview:-1\" \/>\n<link rel=\"canonical\" href=\"https:\/\/news.save.ch\/en\/immer-mehr-schweizer-erkranken-oder-verunfallen-im-ausland\/\" \/>\n<meta property=\"og:locale\" content=\"en_US\" \/>\n<meta property=\"og:type\" content=\"article\" \/>\n<meta property=\"og:title\" content=\"Immer mehr Schweizer erkranken oder verunfallen im Ausland - Save\" \/>\n<meta property=\"og:description\" content=\"Der TCS verzeichnete im Jahr 2024 einen Anstieg der im Ausland erkrankten oder verunfallten Personen. Auch Repatriierungen sind gestiegen.\" \/>\n<meta property=\"og:url\" content=\"https:\/\/news.save.ch\/en\/immer-mehr-schweizer-erkranken-oder-verunfallen-im-ausland\/\" \/>\n<meta property=\"og:site_name\" content=\"Save\" \/>\n<meta property=\"article:published_time\" content=\"2025-01-28T09:12:38+00:00\" \/>\n<meta property=\"article:modified_time\" content=\"2025-01-28T09:12:47+00:00\" \/>\n<meta property=\"og:image\" content=\"https:\/\/news.save.ch\/wp-content\/uploads\/2025\/01\/52423338773_5154d170fa_c.jpg\" \/>\n\t<meta property=\"og:image:width\" content=\"799\" \/>\n\t<meta property=\"og:image:height\" content=\"533\" \/>\n\t<meta property=\"og:image:type\" content=\"image\/jpeg\" \/>\n<meta name=\"author\" content=\"stefanie Zeng\" \/>\n<meta name=\"twitter:card\" content=\"summary_large_image\" \/>\n<meta name=\"twitter:label1\" content=\"Written by\" \/>\n\t<meta name=\"twitter:data1\" content=\"stefanie Zeng\" \/>\n\t<meta name=\"twitter:label2\" content=\"Est. reading time\" \/>\n\t<meta name=\"twitter:data2\" content=\"3 minutes\" \/>\n<script type=\"application\/ld+json\" class=\"yoast-schema-graph\">{\"@context\":\"https:\\\/\\\/schema.org\",\"@graph\":[{\"@type\":\"Article\",\"@id\":\"https:\\\/\\\/news.save.ch\\\/immer-mehr-schweizer-erkranken-oder-verunfallen-im-ausland\\\/#article\",\"isPartOf\":{\"@id\":\"https:\\\/\\\/news.save.ch\\\/immer-mehr-schweizer-erkranken-oder-verunfallen-im-ausland\\\/\"},\"author\":{\"name\":\"stefanie Zeng\",\"@id\":\"https:\\\/\\\/news.save.ch\\\/de\\\/#\\\/schema\\\/person\\\/10917387362b3961e882740f6cf6f2a2\"},\"headline\":\"Immer mehr Schweizer erkranken oder verunfallen im Ausland\",\"datePublished\":\"2025-01-28T09:12:38+00:00\",\"dateModified\":\"2025-01-28T09:12:47+00:00\",\"mainEntityOfPage\":{\"@id\":\"https:\\\/\\\/news.save.ch\\\/immer-mehr-schweizer-erkranken-oder-verunfallen-im-ausland\\\/\"},\"wordCount\":450,\"publisher\":{\"@id\":\"https:\\\/\\\/news.save.ch\\\/de\\\/#organization\"},\"image\":{\"@id\":\"https:\\\/\\\/news.save.ch\\\/immer-mehr-schweizer-erkranken-oder-verunfallen-im-ausland\\\/#primaryimage\"},\"thumbnailUrl\":\"https:\\\/\\\/news.save.ch\\\/wp-content\\\/uploads\\\/2025\\\/01\\\/52423338773_5154d170fa_c.jpg\",\"keywords\":[\"Erkrankung\",\"Repatriierung\",\"R\u00fcckf\u00fchrung\",\"TCS\"],\"articleSection\":[\"HEALTH &amp; SAFETY\"],\"inLanguage\":\"en-US\"},{\"@type\":\"WebPage\",\"@id\":\"https:\\\/\\\/news.save.ch\\\/immer-mehr-schweizer-erkranken-oder-verunfallen-im-ausland\\\/\",\"url\":\"https:\\\/\\\/news.save.ch\\\/immer-mehr-schweizer-erkranken-oder-verunfallen-im-ausland\\\/\",\"name\":\"Immer mehr Schweizer erkranken oder verunfallen im Ausland - Save\",\"isPartOf\":{\"@id\":\"https:\\\/\\\/news.save.ch\\\/de\\\/#website\"},\"primaryImageOfPage\":{\"@id\":\"https:\\\/\\\/news.save.ch\\\/immer-mehr-schweizer-erkranken-oder-verunfallen-im-ausland\\\/#primaryimage\"},\"image\":{\"@id\":\"https:\\\/\\\/news.save.ch\\\/immer-mehr-schweizer-erkranken-oder-verunfallen-im-ausland\\\/#primaryimage\"},\"thumbnailUrl\":\"https:\\\/\\\/news.save.ch\\\/wp-content\\\/uploads\\\/2025\\\/01\\\/52423338773_5154d170fa_c.jpg\",\"datePublished\":\"2025-01-28T09:12:38+00:00\",\"dateModified\":\"2025-01-28T09:12:47+00:00\",\"description\":\"Der TCS verzeichnete im Jahr 2024 einen Anstieg der im Ausland erkrankten oder verunfallten Personen. Auch Repatriierungen sind gestiegen.\",\"breadcrumb\":{\"@id\":\"https:\\\/\\\/news.save.ch\\\/immer-mehr-schweizer-erkranken-oder-verunfallen-im-ausland\\\/#breadcrumb\"},\"inLanguage\":\"en-US\",\"potentialAction\":[{\"@type\":\"ReadAction\",\"target\":[\"https:\\\/\\\/news.save.ch\\\/immer-mehr-schweizer-erkranken-oder-verunfallen-im-ausland\\\/\"]}]},{\"@type\":\"ImageObject\",\"inLanguage\":\"en-US\",\"@id\":\"https:\\\/\\\/news.save.ch\\\/immer-mehr-schweizer-erkranken-oder-verunfallen-im-ausland\\\/#primaryimage\",\"url\":\"https:\\\/\\\/news.save.ch\\\/wp-content\\\/uploads\\\/2025\\\/01\\\/52423338773_5154d170fa_c.jpg\",\"contentUrl\":\"https:\\\/\\\/news.save.ch\\\/wp-content\\\/uploads\\\/2025\\\/01\\\/52423338773_5154d170fa_c.jpg\",\"width\":799,\"height\":533,\"caption\":\"Foto: TCS\"},{\"@type\":\"BreadcrumbList\",\"@id\":\"https:\\\/\\\/news.save.ch\\\/immer-mehr-schweizer-erkranken-oder-verunfallen-im-ausland\\\/#breadcrumb\",\"itemListElement\":[{\"@type\":\"ListItem\",\"position\":1,\"name\":\"Home\",\"item\":\"https:\\\/\\\/news.save.ch\\\/de\\\/\"},{\"@type\":\"ListItem\",\"position\":2,\"name\":\"Immer mehr Schweizer erkranken oder verunfallen im Ausland\"}]},{\"@type\":\"WebSite\",\"@id\":\"https:\\\/\\\/news.save.ch\\\/de\\\/#website\",\"url\":\"https:\\\/\\\/news.save.ch\\\/de\\\/\",\"name\":\"Save\",\"description\":\"Schweizer Fachzeitschrift f\u00fcr Sicherheit\",\"publisher\":{\"@id\":\"https:\\\/\\\/news.save.ch\\\/de\\\/#organization\"},\"potentialAction\":[{\"@type\":\"SearchAction\",\"target\":{\"@type\":\"EntryPoint\",\"urlTemplate\":\"https:\\\/\\\/news.save.ch\\\/de\\\/?s={search_term_string}\"},\"query-input\":{\"@type\":\"PropertyValueSpecification\",\"valueRequired\":true,\"valueName\":\"search_term_string\"}}],\"inLanguage\":\"en-US\"},{\"@type\":\"Organization\",\"@id\":\"https:\\\/\\\/news.save.ch\\\/de\\\/#organization\",\"name\":\"Sicherheitsforum\",\"url\":\"https:\\\/\\\/news.save.ch\\\/de\\\/\",\"logo\":{\"@type\":\"ImageObject\",\"inLanguage\":\"en-US\",\"@id\":\"https:\\\/\\\/news.save.ch\\\/de\\\/#\\\/schema\\\/logo\\\/image\\\/\",\"url\":\"https:\\\/\\\/news.save.ch\\\/wp-content\\\/uploads\\\/2022\\\/06\\\/Logo_SF_2012.png\",\"contentUrl\":\"https:\\\/\\\/news.save.ch\\\/wp-content\\\/uploads\\\/2022\\\/06\\\/Logo_SF_2012.png\",\"width\":1100,\"height\":91,\"caption\":\"Sicherheitsforum\"},\"image\":{\"@id\":\"https:\\\/\\\/news.save.ch\\\/de\\\/#\\\/schema\\\/logo\\\/image\\\/\"}},{\"@type\":\"Person\",\"@id\":\"https:\\\/\\\/news.save.ch\\\/de\\\/#\\\/schema\\\/person\\\/10917387362b3961e882740f6cf6f2a2\",\"name\":\"stefanie Zeng\",\"image\":{\"@type\":\"ImageObject\",\"inLanguage\":\"en-US\",\"@id\":\"https:\\\/\\\/secure.gravatar.com\\\/avatar\\\/eac43faa6e40bb2c41068c95c9d78bbd94c476d5efdff7abaab80bb3ea681e06?s=96&d=mm&r=g\",\"url\":\"https:\\\/\\\/secure.gravatar.com\\\/avatar\\\/eac43faa6e40bb2c41068c95c9d78bbd94c476d5efdff7abaab80bb3ea681e06?s=96&d=mm&r=g\",\"contentUrl\":\"https:\\\/\\\/secure.gravatar.com\\\/avatar\\\/eac43faa6e40bb2c41068c95c9d78bbd94c476d5efdff7abaab80bb3ea681e06?s=96&d=mm&r=g\",\"caption\":\"stefanie Zeng\"},\"url\":\"https:\\\/\\\/news.save.ch\\\/en\\\/author\\\/stefanie-zeng\\\/\"}]}<\/script>\n<!-- \/ Yoast SEO plugin. -->","yoast_head_json":{"title":"More and more Swiss people are falling ill or having accidents abroad - Save","description":"The TCS recorded an increase in the number of people who fell ill or had an accident abroad in 2024. Repatriations have also increased.","robots":{"index":"index","follow":"follow","max-snippet":"max-snippet:-1","max-image-preview":"max-image-preview:large","max-video-preview":"max-video-preview:-1"},"canonical":"https:\/\/news.save.ch\/en\/immer-mehr-schweizer-erkranken-oder-verunfallen-im-ausland\/","og_locale":"en_US","og_type":"article","og_title":"Immer mehr Schweizer erkranken oder verunfallen im Ausland - Save","og_description":"Der TCS verzeichnete im Jahr 2024 einen Anstieg der im Ausland erkrankten oder verunfallten Personen. Auch Repatriierungen sind gestiegen.","og_url":"https:\/\/news.save.ch\/en\/immer-mehr-schweizer-erkranken-oder-verunfallen-im-ausland\/","og_site_name":"Save","article_published_time":"2025-01-28T09:12:38+00:00","article_modified_time":"2025-01-28T09:12:47+00:00","og_image":[{"width":799,"height":533,"url":"https:\/\/news.save.ch\/wp-content\/uploads\/2025\/01\/52423338773_5154d170fa_c.jpg","type":"image\/jpeg"}],"author":"stefanie Zeng","twitter_card":"summary_large_image","twitter_misc":{"Written by":"stefanie Zeng","Est. reading time":"3 minutes"},"schema":{"@context":"https:\/\/schema.org","@graph":[{"@type":"Article","@id":"https:\/\/news.save.ch\/immer-mehr-schweizer-erkranken-oder-verunfallen-im-ausland\/#article","isPartOf":{"@id":"https:\/\/news.save.ch\/immer-mehr-schweizer-erkranken-oder-verunfallen-im-ausland\/"},"author":{"name":"stefanie Zeng","@id":"https:\/\/news.save.ch\/de\/#\/schema\/person\/10917387362b3961e882740f6cf6f2a2"},"headline":"Immer mehr Schweizer erkranken oder verunfallen im Ausland","datePublished":"2025-01-28T09:12:38+00:00","dateModified":"2025-01-28T09:12:47+00:00","mainEntityOfPage":{"@id":"https:\/\/news.save.ch\/immer-mehr-schweizer-erkranken-oder-verunfallen-im-ausland\/"},"wordCount":450,"publisher":{"@id":"https:\/\/news.save.ch\/de\/#organization"},"image":{"@id":"https:\/\/news.save.ch\/immer-mehr-schweizer-erkranken-oder-verunfallen-im-ausland\/#primaryimage"},"thumbnailUrl":"https:\/\/news.save.ch\/wp-content\/uploads\/2025\/01\/52423338773_5154d170fa_c.jpg","keywords":["Erkrankung","Repatriierung","R\u00fcckf\u00fchrung","TCS"],"articleSection":["HEALTH &amp; SAFETY"],"inLanguage":"en-US"},{"@type":"WebPage","@id":"https:\/\/news.save.ch\/immer-mehr-schweizer-erkranken-oder-verunfallen-im-ausland\/","url":"https:\/\/news.save.ch\/immer-mehr-schweizer-erkranken-oder-verunfallen-im-ausland\/","name":"More and more Swiss people are falling ill or having accidents abroad - Save","isPartOf":{"@id":"https:\/\/news.save.ch\/de\/#website"},"primaryImageOfPage":{"@id":"https:\/\/news.save.ch\/immer-mehr-schweizer-erkranken-oder-verunfallen-im-ausland\/#primaryimage"},"image":{"@id":"https:\/\/news.save.ch\/immer-mehr-schweizer-erkranken-oder-verunfallen-im-ausland\/#primaryimage"},"thumbnailUrl":"https:\/\/news.save.ch\/wp-content\/uploads\/2025\/01\/52423338773_5154d170fa_c.jpg","datePublished":"2025-01-28T09:12:38+00:00","dateModified":"2025-01-28T09:12:47+00:00","description":"The TCS recorded an increase in the number of people who fell ill or had an accident abroad in 2024. Repatriations have also increased.","breadcrumb":{"@id":"https:\/\/news.save.ch\/immer-mehr-schweizer-erkranken-oder-verunfallen-im-ausland\/#breadcrumb"},"inLanguage":"en-US","potentialAction":[{"@type":"ReadAction","target":["https:\/\/news.save.ch\/immer-mehr-schweizer-erkranken-oder-verunfallen-im-ausland\/"]}]},{"@type":"ImageObject","inLanguage":"en-US","@id":"https:\/\/news.save.ch\/immer-mehr-schweizer-erkranken-oder-verunfallen-im-ausland\/#primaryimage","url":"https:\/\/news.save.ch\/wp-content\/uploads\/2025\/01\/52423338773_5154d170fa_c.jpg","contentUrl":"https:\/\/news.save.ch\/wp-content\/uploads\/2025\/01\/52423338773_5154d170fa_c.jpg","width":799,"height":533,"caption":"Foto: TCS"},{"@type":"BreadcrumbList","@id":"https:\/\/news.save.ch\/immer-mehr-schweizer-erkranken-oder-verunfallen-im-ausland\/#breadcrumb","itemListElement":[{"@type":"ListItem","position":1,"name":"Home","item":"https:\/\/news.save.ch\/de\/"},{"@type":"ListItem","position":2,"name":"Immer mehr Schweizer erkranken oder verunfallen im Ausland"}]},{"@type":"WebSite","@id":"https:\/\/news.save.ch\/de\/#website","url":"https:\/\/news.save.ch\/de\/","name":"Save","description":"Swiss trade journal for safety","publisher":{"@id":"https:\/\/news.save.ch\/de\/#organization"},"potentialAction":[{"@type":"SearchAction","target":{"@type":"EntryPoint","urlTemplate":"https:\/\/news.save.ch\/de\/?s={search_term_string}"},"query-input":{"@type":"PropertyValueSpecification","valueRequired":true,"valueName":"search_term_string"}}],"inLanguage":"en-US"},{"@type":"Organization","@id":"https:\/\/news.save.ch\/de\/#organization","name":"Security Forum","url":"https:\/\/news.save.ch\/de\/","logo":{"@type":"ImageObject","inLanguage":"en-US","@id":"https:\/\/news.save.ch\/de\/#\/schema\/logo\/image\/","url":"https:\/\/news.save.ch\/wp-content\/uploads\/2022\/06\/Logo_SF_2012.png","contentUrl":"https:\/\/news.save.ch\/wp-content\/uploads\/2022\/06\/Logo_SF_2012.png","width":1100,"height":91,"caption":"Sicherheitsforum"},"image":{"@id":"https:\/\/news.save.ch\/de\/#\/schema\/logo\/image\/"}},{"@type":"Person","@id":"https:\/\/news.save.ch\/de\/#\/schema\/person\/10917387362b3961e882740f6cf6f2a2","name":"Stefanie Zeng","image":{"@type":"ImageObject","inLanguage":"en-US","@id":"https:\/\/secure.gravatar.com\/avatar\/eac43faa6e40bb2c41068c95c9d78bbd94c476d5efdff7abaab80bb3ea681e06?s=96&d=mm&r=g","url":"https:\/\/secure.gravatar.com\/avatar\/eac43faa6e40bb2c41068c95c9d78bbd94c476d5efdff7abaab80bb3ea681e06?s=96&d=mm&r=g","contentUrl":"https:\/\/secure.gravatar.com\/avatar\/eac43faa6e40bb2c41068c95c9d78bbd94c476d5efdff7abaab80bb3ea681e06?s=96&d=mm&r=g","caption":"stefanie Zeng"},"url":"https:\/\/news.save.ch\/en\/author\/stefanie-zeng\/"}]}},"_links":{"self":[{"href":"https:\/\/news.save.ch\/en\/wp-json\/wp\/v2\/posts\/23959","targetHints":{"allow":["GET"]}}],"collection":[{"href":"https:\/\/news.save.ch\/en\/wp-json\/wp\/v2\/posts"}],"about":[{"href":"https:\/\/news.save.ch\/en\/wp-json\/wp\/v2\/types\/post"}],"author":[{"embeddable":true,"href":"https:\/\/news.save.ch\/en\/wp-json\/wp\/v2\/users\/31"}],"replies":[{"embeddable":true,"href":"https:\/\/news.save.ch\/en\/wp-json\/wp\/v2\/comments?post=23959"}],"version-history":[{"count":2,"href":"https:\/\/news.save.ch\/en\/wp-json\/wp\/v2\/posts\/23959\/revisions"}],"predecessor-version":[{"id":23962,"href":"https:\/\/news.save.ch\/en\/wp-json\/wp\/v2\/posts\/23959\/revisions\/23962"}],"wp:featuredmedia":[{"embeddable":true,"href":"https:\/\/news.save.ch\/en\/wp-json\/wp\/v2\/media\/23960"}],"wp:attachment":[{"href":"https:\/\/news.save.ch\/en\/wp-json\/wp\/v2\/media?parent=23959"}],"wp:term":[{"taxonomy":"category","embeddable":true,"href":"https:\/\/news.save.ch\/en\/wp-json\/wp\/v2\/categories?post=23959"},{"taxonomy":"post_tag","embeddable":true,"href":"https:\/\/news.save.ch\/en\/wp-json\/wp\/v2\/tags?post=23959"}],"curies":[{"name":"wp","href":"https:\/\/api.w.org\/{rel}","templated":true}]}}