{"id":24112,"date":"2025-03-25T13:23:17","date_gmt":"2025-03-25T12:23:17","guid":{"rendered":"https:\/\/news.save.ch\/?p=24112"},"modified":"2025-03-27T13:28:01","modified_gmt":"2025-03-27T12:28:01","slug":"der-bundesrat-verbessert-die-organisation-des-koordinierten-sanitaetsdiensts","status":null,"type":"post","link":"https:\/\/news.save.ch\/en\/der-bundesrat-verbessert-die-organisation-des-koordinierten-sanitaetsdiensts\/","title":{"rendered":"The Federal Council improves the organization of the Coordinated Medical Service"},"content":{"rendered":"<figure id=\"attachment_24113\" aria-describedby=\"caption-attachment-24113\" style=\"width: 1000px\" class=\"wp-caption alignnone\"><a href=\"https:\/\/news.save.ch\/en\/der-bundesrat-verbessert-die-organisation-des-koordinierten-sanitaetsdiensts\/depositphotos_35073561_s\/\" rel=\"attachment wp-att-24113\"><img loading=\"lazy\" decoding=\"async\" class=\"size-full wp-image-24113\" src=\"https:\/\/news.save.ch\/wp-content\/uploads\/2025\/03\/Depositphotos_35073561_S.jpg\" alt=\"\" width=\"1000\" height=\"680\" srcset=\"https:\/\/news.save.ch\/wp-content\/uploads\/2025\/03\/Depositphotos_35073561_S.jpg 1000w, https:\/\/news.save.ch\/wp-content\/uploads\/2025\/03\/Depositphotos_35073561_S-680x462.jpg 680w, https:\/\/news.save.ch\/wp-content\/uploads\/2025\/03\/Depositphotos_35073561_S-768x522.jpg 768w, https:\/\/news.save.ch\/wp-content\/uploads\/2025\/03\/Depositphotos_35073561_S-18x12.jpg 18w, https:\/\/news.save.ch\/wp-content\/uploads\/2025\/03\/Depositphotos_35073561_S-375x255.jpg 375w, https:\/\/news.save.ch\/wp-content\/uploads\/2025\/03\/Depositphotos_35073561_S-515x350.jpg 515w\" sizes=\"auto, (max-width: 1000px) 100vw, 1000px\" \/><\/a><figcaption id=\"caption-attachment-24113\" class=\"wp-caption-text\">Photo: Depositphotos\/Arsty.<\/figcaption><\/figure>\n<p>Under the leadership of the Swiss Security Association (SVS), a project to reform the Coordinated Medical Service (KSD) was developed with a view to realigning the KSD. The final report of this project from 2021 contains various organizational proposals on how the KSD should be set up in the future with regard to risks in the health sector.<\/p>\n<p>As a first implementation step, the Coordinated Medical Service was transferred from the Defense Group to the Federal Office for Civil Protection (FOCP) as of 1 January 2023. It will thus be more closely integrated into the civil protection network.<\/p>\n<p>As a second implementation step, new structures are now to be created in order to optimally support and manage the changes in content and the realignment of the Coordinated Medical Service.<\/p>\n<h3>New committees and specialist staff for improved coordination of KSD partners<\/h3>\n<p>This amendment to the Ordinance on the Coordinated Medical Service, now entitled \"Ordinance on the Coordination of the Medical Service\" (VKSD), establishes a new organization with equal representation from the Confederation and the cantons. At a strategic and operational level, the existing bodies of the SVS, the operational platform and the political platform, will be used for this purpose.<\/p>\n<p>In particular, a technical support committee brings the concerns of the CPS partners to the attention of the steering committees and advises the CPS Commissioner together with the CPS Office in the FOCP, which will continue to act as the driving force behind the realignment. The Medical Services Coordination Committee (SANKO) will be abolished. In exceptional situations, a new specialist team will assess the situations and challenges from the perspective of the medical service.<\/p>\n<p>As a third step towards implementing the SVS's final report of 2021, a strategy for the reorientation of the KSD is currently being drawn up in the form of a report to the Federal Council on the national coordination of disaster medicine. It is primarily the implementation of this report that is to be monitored and managed by the newly created committees.<\/p>\n<p><em>Source: babs.admin.ch<\/em><\/p>","protected":false},"excerpt":{"rendered":"<p>Unter der F\u00fchrung des Sicherheitsverbunds Schweiz (SVS) wurde mit Blick auf die Neuausrichtung des Koordinierten Sanit\u00e4tsdiensts (KSD) ein Projekt zur Reform des Sanit\u00e4tsdiensts erarbeitet. Der Schlussbericht dieses Projekts aus dem Jahr 2021 enth\u00e4lt verschiedene organisatorische Vorschl\u00e4ge, wie der KSD im Hinblick auf Risiken im Gesundheitsbereich k\u00fcnftig aufgestellt werden soll. Als erster Umsetzungsschritt wurde der Koordinierte [&hellip;]<\/p>\n","protected":false},"author":31,"featured_media":24113,"comment_status":"closed","ping_status":"closed","sticky":false,"template":"","format":"standard","meta":{"_acf_changed":false,"pgc_sgb_lightbox_settings":"","footnotes":""},"categories":[3314],"tags":[168,3736],"class_list":["post-24112","post","type-post","status-publish","format-standard","has-post-thumbnail","hentry","category-health-safety","tag-bundesrat","tag-koordinierter-sanitaetsdienst"],"acf":[],"hkrextid":null,"publication":null,"issue":null,"workflow":null,"startPage":null,"spitzmarke":null,"_posts_by_tag_page_fields":null,"_at_widget":null,"_yoast_wpseo_primary_category":"3314","_yoast_wpseo_focuskw_text_input":null,"_yoast_wpseo_opengraph-image":null,"_yoast_wpseo_opengraph-description":null,"_yoast_wpseo_opengraph-title":null,"enclosure":null,"_yoast_wpseo_twitter-title":null,"_yoast_wpseo_twitter-description":null,"_yoast_wpseo_twitter-image":null,"_wp_old_slug":null,"_yoast_wpseo_title":null,"_yoast_wpseo_canonical":null,"yoast_head":"<!-- This site is optimized with the Yoast SEO plugin v27.4 - https:\/\/yoast.com\/product\/yoast-seo-wordpress\/ -->\n<title>Der Bundesrat verbessert die Organisation des Koordinierten Sanit\u00e4tsdiensts - Save<\/title>\n<meta name=\"description\" content=\"Der Bundesrat hat die Verordnung \u00fcber die Koordination im Bereich des Sanit\u00e4tsdiensts (VKSD) gutgeheissen. Diese tritt per 1. Mai 2025 in Kraft.\" \/>\n<meta name=\"robots\" content=\"index, follow, max-snippet:-1, max-image-preview:large, max-video-preview:-1\" \/>\n<link rel=\"canonical\" href=\"https:\/\/news.save.ch\/en\/der-bundesrat-verbessert-die-organisation-des-koordinierten-sanitaetsdiensts\/\" \/>\n<meta property=\"og:locale\" content=\"en_US\" \/>\n<meta property=\"og:type\" content=\"article\" \/>\n<meta property=\"og:title\" content=\"Der Bundesrat verbessert die Organisation des Koordinierten Sanit\u00e4tsdiensts - Save\" \/>\n<meta property=\"og:description\" content=\"Der Bundesrat hat die Verordnung \u00fcber die Koordination im Bereich des Sanit\u00e4tsdiensts (VKSD) gutgeheissen. Diese tritt per 1. Mai 2025 in Kraft.\" \/>\n<meta property=\"og:url\" content=\"https:\/\/news.save.ch\/en\/der-bundesrat-verbessert-die-organisation-des-koordinierten-sanitaetsdiensts\/\" \/>\n<meta property=\"og:site_name\" content=\"Save\" \/>\n<meta property=\"article:published_time\" content=\"2025-03-25T12:23:17+00:00\" \/>\n<meta property=\"article:modified_time\" content=\"2025-03-27T12:28:01+00:00\" \/>\n<meta property=\"og:image\" content=\"https:\/\/news.save.ch\/wp-content\/uploads\/2025\/03\/Depositphotos_35073561_S.jpg\" \/>\n\t<meta property=\"og:image:width\" content=\"1000\" \/>\n\t<meta property=\"og:image:height\" content=\"680\" \/>\n\t<meta property=\"og:image:type\" content=\"image\/jpeg\" \/>\n<meta name=\"author\" content=\"stefanie Zeng\" \/>\n<meta name=\"twitter:card\" content=\"summary_large_image\" \/>\n<meta name=\"twitter:label1\" content=\"Written by\" \/>\n\t<meta name=\"twitter:data1\" content=\"stefanie Zeng\" \/>\n\t<meta name=\"twitter:label2\" content=\"Est. reading time\" \/>\n\t<meta name=\"twitter:data2\" content=\"3 minutes\" \/>\n<script type=\"application\/ld+json\" class=\"yoast-schema-graph\">{\"@context\":\"https:\\\/\\\/schema.org\",\"@graph\":[{\"@type\":\"Article\",\"@id\":\"https:\\\/\\\/news.save.ch\\\/der-bundesrat-verbessert-die-organisation-des-koordinierten-sanitaetsdiensts\\\/#article\",\"isPartOf\":{\"@id\":\"https:\\\/\\\/news.save.ch\\\/der-bundesrat-verbessert-die-organisation-des-koordinierten-sanitaetsdiensts\\\/\"},\"author\":{\"name\":\"stefanie Zeng\",\"@id\":\"https:\\\/\\\/news.save.ch\\\/de\\\/#\\\/schema\\\/person\\\/10917387362b3961e882740f6cf6f2a2\"},\"headline\":\"Der Bundesrat verbessert die Organisation des Koordinierten Sanit\u00e4tsdiensts\",\"datePublished\":\"2025-03-25T12:23:17+00:00\",\"dateModified\":\"2025-03-27T12:28:01+00:00\",\"mainEntityOfPage\":{\"@id\":\"https:\\\/\\\/news.save.ch\\\/der-bundesrat-verbessert-die-organisation-des-koordinierten-sanitaetsdiensts\\\/\"},\"wordCount\":323,\"publisher\":{\"@id\":\"https:\\\/\\\/news.save.ch\\\/de\\\/#organization\"},\"image\":{\"@id\":\"https:\\\/\\\/news.save.ch\\\/der-bundesrat-verbessert-die-organisation-des-koordinierten-sanitaetsdiensts\\\/#primaryimage\"},\"thumbnailUrl\":\"https:\\\/\\\/news.save.ch\\\/wp-content\\\/uploads\\\/2025\\\/03\\\/Depositphotos_35073561_S.jpg\",\"keywords\":[\"Bundesrat\",\"Koordinierter Sanit\u00e4tsdienst\"],\"articleSection\":[\"HEALTH &amp; SAFETY\"],\"inLanguage\":\"en-US\"},{\"@type\":\"WebPage\",\"@id\":\"https:\\\/\\\/news.save.ch\\\/der-bundesrat-verbessert-die-organisation-des-koordinierten-sanitaetsdiensts\\\/\",\"url\":\"https:\\\/\\\/news.save.ch\\\/der-bundesrat-verbessert-die-organisation-des-koordinierten-sanitaetsdiensts\\\/\",\"name\":\"Der Bundesrat verbessert die Organisation des Koordinierten Sanit\u00e4tsdiensts - Save\",\"isPartOf\":{\"@id\":\"https:\\\/\\\/news.save.ch\\\/de\\\/#website\"},\"primaryImageOfPage\":{\"@id\":\"https:\\\/\\\/news.save.ch\\\/der-bundesrat-verbessert-die-organisation-des-koordinierten-sanitaetsdiensts\\\/#primaryimage\"},\"image\":{\"@id\":\"https:\\\/\\\/news.save.ch\\\/der-bundesrat-verbessert-die-organisation-des-koordinierten-sanitaetsdiensts\\\/#primaryimage\"},\"thumbnailUrl\":\"https:\\\/\\\/news.save.ch\\\/wp-content\\\/uploads\\\/2025\\\/03\\\/Depositphotos_35073561_S.jpg\",\"datePublished\":\"2025-03-25T12:23:17+00:00\",\"dateModified\":\"2025-03-27T12:28:01+00:00\",\"description\":\"Der Bundesrat hat die Verordnung \u00fcber die Koordination im Bereich des Sanit\u00e4tsdiensts (VKSD) gutgeheissen. Diese tritt per 1. Mai 2025 in Kraft.\",\"breadcrumb\":{\"@id\":\"https:\\\/\\\/news.save.ch\\\/der-bundesrat-verbessert-die-organisation-des-koordinierten-sanitaetsdiensts\\\/#breadcrumb\"},\"inLanguage\":\"en-US\",\"potentialAction\":[{\"@type\":\"ReadAction\",\"target\":[\"https:\\\/\\\/news.save.ch\\\/der-bundesrat-verbessert-die-organisation-des-koordinierten-sanitaetsdiensts\\\/\"]}]},{\"@type\":\"ImageObject\",\"inLanguage\":\"en-US\",\"@id\":\"https:\\\/\\\/news.save.ch\\\/der-bundesrat-verbessert-die-organisation-des-koordinierten-sanitaetsdiensts\\\/#primaryimage\",\"url\":\"https:\\\/\\\/news.save.ch\\\/wp-content\\\/uploads\\\/2025\\\/03\\\/Depositphotos_35073561_S.jpg\",\"contentUrl\":\"https:\\\/\\\/news.save.ch\\\/wp-content\\\/uploads\\\/2025\\\/03\\\/Depositphotos_35073561_S.jpg\",\"width\":1000,\"height\":680,\"caption\":\"Foto: Depositphotos\\\/Arsty.\"},{\"@type\":\"BreadcrumbList\",\"@id\":\"https:\\\/\\\/news.save.ch\\\/der-bundesrat-verbessert-die-organisation-des-koordinierten-sanitaetsdiensts\\\/#breadcrumb\",\"itemListElement\":[{\"@type\":\"ListItem\",\"position\":1,\"name\":\"Home\",\"item\":\"https:\\\/\\\/news.save.ch\\\/de\\\/\"},{\"@type\":\"ListItem\",\"position\":2,\"name\":\"Der Bundesrat verbessert die Organisation des Koordinierten Sanit\u00e4tsdiensts\"}]},{\"@type\":\"WebSite\",\"@id\":\"https:\\\/\\\/news.save.ch\\\/de\\\/#website\",\"url\":\"https:\\\/\\\/news.save.ch\\\/de\\\/\",\"name\":\"Save\",\"description\":\"Schweizer Fachzeitschrift f\u00fcr Sicherheit\",\"publisher\":{\"@id\":\"https:\\\/\\\/news.save.ch\\\/de\\\/#organization\"},\"potentialAction\":[{\"@type\":\"SearchAction\",\"target\":{\"@type\":\"EntryPoint\",\"urlTemplate\":\"https:\\\/\\\/news.save.ch\\\/de\\\/?s={search_term_string}\"},\"query-input\":{\"@type\":\"PropertyValueSpecification\",\"valueRequired\":true,\"valueName\":\"search_term_string\"}}],\"inLanguage\":\"en-US\"},{\"@type\":\"Organization\",\"@id\":\"https:\\\/\\\/news.save.ch\\\/de\\\/#organization\",\"name\":\"Sicherheitsforum\",\"url\":\"https:\\\/\\\/news.save.ch\\\/de\\\/\",\"logo\":{\"@type\":\"ImageObject\",\"inLanguage\":\"en-US\",\"@id\":\"https:\\\/\\\/news.save.ch\\\/de\\\/#\\\/schema\\\/logo\\\/image\\\/\",\"url\":\"https:\\\/\\\/news.save.ch\\\/wp-content\\\/uploads\\\/2022\\\/06\\\/Logo_SF_2012.png\",\"contentUrl\":\"https:\\\/\\\/news.save.ch\\\/wp-content\\\/uploads\\\/2022\\\/06\\\/Logo_SF_2012.png\",\"width\":1100,\"height\":91,\"caption\":\"Sicherheitsforum\"},\"image\":{\"@id\":\"https:\\\/\\\/news.save.ch\\\/de\\\/#\\\/schema\\\/logo\\\/image\\\/\"}},{\"@type\":\"Person\",\"@id\":\"https:\\\/\\\/news.save.ch\\\/de\\\/#\\\/schema\\\/person\\\/10917387362b3961e882740f6cf6f2a2\",\"name\":\"stefanie Zeng\",\"image\":{\"@type\":\"ImageObject\",\"inLanguage\":\"en-US\",\"@id\":\"https:\\\/\\\/secure.gravatar.com\\\/avatar\\\/eac43faa6e40bb2c41068c95c9d78bbd94c476d5efdff7abaab80bb3ea681e06?s=96&d=mm&r=g\",\"url\":\"https:\\\/\\\/secure.gravatar.com\\\/avatar\\\/eac43faa6e40bb2c41068c95c9d78bbd94c476d5efdff7abaab80bb3ea681e06?s=96&d=mm&r=g\",\"contentUrl\":\"https:\\\/\\\/secure.gravatar.com\\\/avatar\\\/eac43faa6e40bb2c41068c95c9d78bbd94c476d5efdff7abaab80bb3ea681e06?s=96&d=mm&r=g\",\"caption\":\"stefanie Zeng\"},\"url\":\"https:\\\/\\\/news.save.ch\\\/en\\\/author\\\/stefanie-zeng\\\/\"}]}<\/script>\n<!-- \/ Yoast SEO plugin. -->","yoast_head_json":{"title":"The Federal Council improves the organization of the Coordinated Medical Service - Save","description":"The Federal Council has approved the Ordinance on the Coordination of Medical Services (OMS). This will enter into force on May 1, 2025.","robots":{"index":"index","follow":"follow","max-snippet":"max-snippet:-1","max-image-preview":"max-image-preview:large","max-video-preview":"max-video-preview:-1"},"canonical":"https:\/\/news.save.ch\/en\/der-bundesrat-verbessert-die-organisation-des-koordinierten-sanitaetsdiensts\/","og_locale":"en_US","og_type":"article","og_title":"Der Bundesrat verbessert die Organisation des Koordinierten Sanit\u00e4tsdiensts - Save","og_description":"Der Bundesrat hat die Verordnung \u00fcber die Koordination im Bereich des Sanit\u00e4tsdiensts (VKSD) gutgeheissen. Diese tritt per 1. Mai 2025 in Kraft.","og_url":"https:\/\/news.save.ch\/en\/der-bundesrat-verbessert-die-organisation-des-koordinierten-sanitaetsdiensts\/","og_site_name":"Save","article_published_time":"2025-03-25T12:23:17+00:00","article_modified_time":"2025-03-27T12:28:01+00:00","og_image":[{"width":1000,"height":680,"url":"https:\/\/news.save.ch\/wp-content\/uploads\/2025\/03\/Depositphotos_35073561_S.jpg","type":"image\/jpeg"}],"author":"stefanie Zeng","twitter_card":"summary_large_image","twitter_misc":{"Written by":"stefanie Zeng","Est. reading time":"3 minutes"},"schema":{"@context":"https:\/\/schema.org","@graph":[{"@type":"Article","@id":"https:\/\/news.save.ch\/der-bundesrat-verbessert-die-organisation-des-koordinierten-sanitaetsdiensts\/#article","isPartOf":{"@id":"https:\/\/news.save.ch\/der-bundesrat-verbessert-die-organisation-des-koordinierten-sanitaetsdiensts\/"},"author":{"name":"stefanie Zeng","@id":"https:\/\/news.save.ch\/de\/#\/schema\/person\/10917387362b3961e882740f6cf6f2a2"},"headline":"Der Bundesrat verbessert die Organisation des Koordinierten Sanit\u00e4tsdiensts","datePublished":"2025-03-25T12:23:17+00:00","dateModified":"2025-03-27T12:28:01+00:00","mainEntityOfPage":{"@id":"https:\/\/news.save.ch\/der-bundesrat-verbessert-die-organisation-des-koordinierten-sanitaetsdiensts\/"},"wordCount":323,"publisher":{"@id":"https:\/\/news.save.ch\/de\/#organization"},"image":{"@id":"https:\/\/news.save.ch\/der-bundesrat-verbessert-die-organisation-des-koordinierten-sanitaetsdiensts\/#primaryimage"},"thumbnailUrl":"https:\/\/news.save.ch\/wp-content\/uploads\/2025\/03\/Depositphotos_35073561_S.jpg","keywords":["Bundesrat","Koordinierter Sanit\u00e4tsdienst"],"articleSection":["HEALTH &amp; SAFETY"],"inLanguage":"en-US"},{"@type":"WebPage","@id":"https:\/\/news.save.ch\/der-bundesrat-verbessert-die-organisation-des-koordinierten-sanitaetsdiensts\/","url":"https:\/\/news.save.ch\/der-bundesrat-verbessert-die-organisation-des-koordinierten-sanitaetsdiensts\/","name":"The Federal Council improves the organization of the Coordinated Medical Service - Save","isPartOf":{"@id":"https:\/\/news.save.ch\/de\/#website"},"primaryImageOfPage":{"@id":"https:\/\/news.save.ch\/der-bundesrat-verbessert-die-organisation-des-koordinierten-sanitaetsdiensts\/#primaryimage"},"image":{"@id":"https:\/\/news.save.ch\/der-bundesrat-verbessert-die-organisation-des-koordinierten-sanitaetsdiensts\/#primaryimage"},"thumbnailUrl":"https:\/\/news.save.ch\/wp-content\/uploads\/2025\/03\/Depositphotos_35073561_S.jpg","datePublished":"2025-03-25T12:23:17+00:00","dateModified":"2025-03-27T12:28:01+00:00","description":"The Federal Council has approved the Ordinance on the Coordination of Medical Services (OMS). This will enter into force on May 1, 2025.","breadcrumb":{"@id":"https:\/\/news.save.ch\/der-bundesrat-verbessert-die-organisation-des-koordinierten-sanitaetsdiensts\/#breadcrumb"},"inLanguage":"en-US","potentialAction":[{"@type":"ReadAction","target":["https:\/\/news.save.ch\/der-bundesrat-verbessert-die-organisation-des-koordinierten-sanitaetsdiensts\/"]}]},{"@type":"ImageObject","inLanguage":"en-US","@id":"https:\/\/news.save.ch\/der-bundesrat-verbessert-die-organisation-des-koordinierten-sanitaetsdiensts\/#primaryimage","url":"https:\/\/news.save.ch\/wp-content\/uploads\/2025\/03\/Depositphotos_35073561_S.jpg","contentUrl":"https:\/\/news.save.ch\/wp-content\/uploads\/2025\/03\/Depositphotos_35073561_S.jpg","width":1000,"height":680,"caption":"Foto: Depositphotos\/Arsty."},{"@type":"BreadcrumbList","@id":"https:\/\/news.save.ch\/der-bundesrat-verbessert-die-organisation-des-koordinierten-sanitaetsdiensts\/#breadcrumb","itemListElement":[{"@type":"ListItem","position":1,"name":"Home","item":"https:\/\/news.save.ch\/de\/"},{"@type":"ListItem","position":2,"name":"Der Bundesrat verbessert die Organisation des Koordinierten Sanit\u00e4tsdiensts"}]},{"@type":"WebSite","@id":"https:\/\/news.save.ch\/de\/#website","url":"https:\/\/news.save.ch\/de\/","name":"Save","description":"Swiss trade journal for safety","publisher":{"@id":"https:\/\/news.save.ch\/de\/#organization"},"potentialAction":[{"@type":"SearchAction","target":{"@type":"EntryPoint","urlTemplate":"https:\/\/news.save.ch\/de\/?s={search_term_string}"},"query-input":{"@type":"PropertyValueSpecification","valueRequired":true,"valueName":"search_term_string"}}],"inLanguage":"en-US"},{"@type":"Organization","@id":"https:\/\/news.save.ch\/de\/#organization","name":"Security Forum","url":"https:\/\/news.save.ch\/de\/","logo":{"@type":"ImageObject","inLanguage":"en-US","@id":"https:\/\/news.save.ch\/de\/#\/schema\/logo\/image\/","url":"https:\/\/news.save.ch\/wp-content\/uploads\/2022\/06\/Logo_SF_2012.png","contentUrl":"https:\/\/news.save.ch\/wp-content\/uploads\/2022\/06\/Logo_SF_2012.png","width":1100,"height":91,"caption":"Sicherheitsforum"},"image":{"@id":"https:\/\/news.save.ch\/de\/#\/schema\/logo\/image\/"}},{"@type":"Person","@id":"https:\/\/news.save.ch\/de\/#\/schema\/person\/10917387362b3961e882740f6cf6f2a2","name":"Stefanie Zeng","image":{"@type":"ImageObject","inLanguage":"en-US","@id":"https:\/\/secure.gravatar.com\/avatar\/eac43faa6e40bb2c41068c95c9d78bbd94c476d5efdff7abaab80bb3ea681e06?s=96&d=mm&r=g","url":"https:\/\/secure.gravatar.com\/avatar\/eac43faa6e40bb2c41068c95c9d78bbd94c476d5efdff7abaab80bb3ea681e06?s=96&d=mm&r=g","contentUrl":"https:\/\/secure.gravatar.com\/avatar\/eac43faa6e40bb2c41068c95c9d78bbd94c476d5efdff7abaab80bb3ea681e06?s=96&d=mm&r=g","caption":"stefanie Zeng"},"url":"https:\/\/news.save.ch\/en\/author\/stefanie-zeng\/"}]}},"_links":{"self":[{"href":"https:\/\/news.save.ch\/en\/wp-json\/wp\/v2\/posts\/24112","targetHints":{"allow":["GET"]}}],"collection":[{"href":"https:\/\/news.save.ch\/en\/wp-json\/wp\/v2\/posts"}],"about":[{"href":"https:\/\/news.save.ch\/en\/wp-json\/wp\/v2\/types\/post"}],"author":[{"embeddable":true,"href":"https:\/\/news.save.ch\/en\/wp-json\/wp\/v2\/users\/31"}],"replies":[{"embeddable":true,"href":"https:\/\/news.save.ch\/en\/wp-json\/wp\/v2\/comments?post=24112"}],"version-history":[{"count":2,"href":"https:\/\/news.save.ch\/en\/wp-json\/wp\/v2\/posts\/24112\/revisions"}],"predecessor-version":[{"id":24115,"href":"https:\/\/news.save.ch\/en\/wp-json\/wp\/v2\/posts\/24112\/revisions\/24115"}],"wp:featuredmedia":[{"embeddable":true,"href":"https:\/\/news.save.ch\/en\/wp-json\/wp\/v2\/media\/24113"}],"wp:attachment":[{"href":"https:\/\/news.save.ch\/en\/wp-json\/wp\/v2\/media?parent=24112"}],"wp:term":[{"taxonomy":"category","embeddable":true,"href":"https:\/\/news.save.ch\/en\/wp-json\/wp\/v2\/categories?post=24112"},{"taxonomy":"post_tag","embeddable":true,"href":"https:\/\/news.save.ch\/en\/wp-json\/wp\/v2\/tags?post=24112"}],"curies":[{"name":"wp","href":"https:\/\/api.w.org\/{rel}","templated":true}]}}