{"id":24130,"date":"2025-04-02T10:25:36","date_gmt":"2025-04-02T08:25:36","guid":{"rendered":"https:\/\/news.save.ch\/?p=24130"},"modified":"2025-04-02T10:25:36","modified_gmt":"2025-04-02T08:25:36","slug":"50-prozent-mehr-velounfaelle-in-zehn-jahren","status":null,"type":"post","link":"https:\/\/news.save.ch\/en\/50-prozent-mehr-velounfaelle-in-zehn-jahren\/","title":{"rendered":"50 percent more bicycle accidents in ten years"},"content":{"rendered":"<figure id=\"attachment_24132\" aria-describedby=\"caption-attachment-24132\" style=\"width: 1000px\" class=\"wp-caption alignnone\"><a href=\"https:\/\/news.save.ch\/en\/50-prozent-mehr-velounfaelle-in-zehn-jahren\/depositphotos_187734688_s\/\" rel=\"attachment wp-att-24132\"><img loading=\"lazy\" decoding=\"async\" class=\"size-full wp-image-24132\" src=\"https:\/\/news.save.ch\/wp-content\/uploads\/2025\/04\/Depositphotos_187734688_S.jpg\" alt=\"\" width=\"1000\" height=\"667\" srcset=\"https:\/\/news.save.ch\/wp-content\/uploads\/2025\/04\/Depositphotos_187734688_S.jpg 1000w, https:\/\/news.save.ch\/wp-content\/uploads\/2025\/04\/Depositphotos_187734688_S-680x454.jpg 680w, https:\/\/news.save.ch\/wp-content\/uploads\/2025\/04\/Depositphotos_187734688_S-768x512.jpg 768w, https:\/\/news.save.ch\/wp-content\/uploads\/2025\/04\/Depositphotos_187734688_S-18x12.jpg 18w, https:\/\/news.save.ch\/wp-content\/uploads\/2025\/04\/Depositphotos_187734688_S-375x250.jpg 375w, https:\/\/news.save.ch\/wp-content\/uploads\/2025\/04\/Depositphotos_187734688_S-525x350.jpg 525w\" sizes=\"auto, (max-width: 1000px) 100vw, 1000px\" \/><\/a><figcaption id=\"caption-attachment-24132\" class=\"wp-caption-text\">Photo: Depositphotos\/itsajoop<\/figcaption><\/figure>\n<p>Evaluations by the Swiss Accident Insurance Accident Statistics Unit (SSUV) show that road traffic accidents involving bicycles have increased by 50 percent in the last ten years. There were 26,100 bicycle accidents on Swiss roads between 2018 and 2022, compared to around 17,400 accidents between 2008 and 2012. As a general rule, the frequency of accidents increases the more people are involved in an activity or the longer it takes place. Various factors play a role here, such as the weather, especially mild winters, changes in leisure behavior or the increased use of bicycles as a means of transport.<\/p>\n<figure id=\"attachment_24131\" aria-describedby=\"caption-attachment-24131\" style=\"width: 652px\" class=\"wp-caption alignnone\"><a href=\"https:\/\/news.save.ch\/en\/50-prozent-mehr-velounfaelle-in-zehn-jahren\/screenshot-2025-04-02-101725\/\" rel=\"attachment wp-att-24131\"><img loading=\"lazy\" decoding=\"async\" class=\"wp-image-24131 size-full\" src=\"https:\/\/news.save.ch\/wp-content\/uploads\/2025\/04\/Screenshot-2025-04-02-101725.jpg\" alt=\"\" width=\"652\" height=\"364\" srcset=\"https:\/\/news.save.ch\/wp-content\/uploads\/2025\/04\/Screenshot-2025-04-02-101725.jpg 652w, https:\/\/news.save.ch\/wp-content\/uploads\/2025\/04\/Screenshot-2025-04-02-101725-18x10.jpg 18w, https:\/\/news.save.ch\/wp-content\/uploads\/2025\/04\/Screenshot-2025-04-02-101725-375x209.jpg 375w, https:\/\/news.save.ch\/wp-content\/uploads\/2025\/04\/Screenshot-2025-04-02-101725-627x350.jpg 627w\" sizes=\"auto, (max-width: 652px) 100vw, 652px\" \/><\/a><figcaption id=\"caption-attachment-24131\" class=\"wp-caption-text\">Legend: The increase in road traffic accidents involving bicycles is highest in the 55-64 age group. While they recorded around 2,300 accidents between 2008 and 2012, there were 4,700 accidents between 2018 and 2022 (+104%). More and more people in this insured age group are cycling regularly. Due to the pandemic situation, there were an exceptionally high number of road traffic accidents involving bicycles in all age groups in 2020.<\/figcaption><\/figure>\n<h3 id=\"anchor-93A08496-D073-4FD5-BA9D-8E1D110EF5F5\" class=\"h3 sch-h3\">Headphones - the most important distraction factor<\/h3>\n<div>\n<p>According to the surveys conducted in 2023 on distraction in road traffic among cyclists and e-bikers (Niemann and Hertach), a fifth of all cyclists were distracted. Among 15 to 29-year-olds, wearing headphones is the most important distraction factor. The 30 to 44-year-olds are equally distracted by wearing headphones and using their smartphones while cycling. The distraction rate decreases with increasing age. According to the study, lack of attention is one of the main risk factors for cycling accidents. \"Anyone who doesn't have their head in the game when cycling in road traffic, is distracted or under time pressure, increases the risk of accidents through their own behavior,\" says Andrea Lenz, Head of Cycle Prevention at Suva.<\/p>\n<\/div>\n<h3 id=\"anchor-BF6D68C9-7194-4B43-B22D-99DE99A35FD6\" class=\"h3 sch-h3\">Accidents due to lack of attention<\/h3>\n<div>\n<p>Since four out of five bicycle accidents (84 percent) are accidents involving the rider themselves, the following applies: if you stay alert and ride with foresight, you reduce your risk of having an accident. \"While cycling, it's important to focus on what's happening on the road so that you always have an overview,\" says Andrea Lenz. \"Our prevention measures are aimed at reacting correctly to dangers on the road, for example through appropriate speed, clear hand signals and good visibility. To prevent accidents, interactions such as eye contact between road users are also important and positive.\"<\/p>\n<\/div>\n<h3 id=\"anchor-52B1FC0D-83D1-44E3-A1C7-CEE387E6B610\" class=\"h3 sch-h3\">Safe on the road by bike<\/h3>\n<div>\n<p>In spring, bicycles are a popular means of transportation and there are more and less experienced cyclists on the roads again. Suva has several tips on how to avoid cycling accidents:<\/p>\n<ul>\n<li>Keep your attention: No distractions. Keep your smartphone and headphones switched off in your bag while cycling and focus on the road.<\/li>\n<li>Drive with foresight to recognize dangers early on.<\/li>\n<li>Always keep both hands on the handlebars.<\/li>\n<li>Look for eye contact between road users.<\/li>\n<li>Increase visibility: Switch on your bike light, wear bright or reflective clothing (fluorescent vest) and attach reflectors to your bike.<\/li>\n<\/ul>\n<p><em>Source: Suva<\/em><\/p>\n<\/div>","protected":false},"excerpt":{"rendered":"<p>Die Auswertungen der Sammelstelle f\u00fcr die Statistik der Unfallversicherungen UVG (SSUV) zeigen, dass Strassenverkehrsunf\u00e4lle mit dem Velo in den letzten zehn Jahren um 50\u00a0Prozent angestiegen sind. 26\u202f100 Velounf\u00e4lle gab es auf Schweizer Strassen zwischen 2018 und 2022, w\u00e4hrend es zwischen 2008 und 2012 rund 17\u202f400 Unf\u00e4lle waren. Grunds\u00e4tzlich gilt: Die H\u00e4ufigkeit von Unf\u00e4llen nimmt zu, [&hellip;]<\/p>\n","protected":false},"author":31,"featured_media":0,"comment_status":"closed","ping_status":"closed","sticky":false,"template":"","format":"standard","meta":{"_acf_changed":false,"pgc_sgb_lightbox_settings":"","footnotes":""},"categories":[1],"tags":[],"class_list":["post-24130","post","type-post","status-publish","format-standard","hentry","category-allgemein"],"acf":[],"hkrextid":null,"publication":null,"issue":null,"workflow":null,"startPage":null,"spitzmarke":null,"_posts_by_tag_page_fields":null,"_at_widget":null,"_yoast_wpseo_primary_category":"","_yoast_wpseo_focuskw_text_input":null,"_yoast_wpseo_opengraph-image":null,"_yoast_wpseo_opengraph-description":null,"_yoast_wpseo_opengraph-title":null,"enclosure":null,"_yoast_wpseo_twitter-title":null,"_yoast_wpseo_twitter-description":null,"_yoast_wpseo_twitter-image":null,"_wp_old_slug":null,"_yoast_wpseo_title":null,"_yoast_wpseo_canonical":null,"yoast_head":"<!-- This site is optimized with the Yoast SEO plugin v27.4 - https:\/\/yoast.com\/product\/yoast-seo-wordpress\/ -->\n<title>50 Prozent mehr Velounf\u00e4lle in zehn Jahren - Save<\/title>\n<meta name=\"description\" content=\"Die Zahl der Velounf\u00e4lle in der Schweiz ist in den letzten zehn Jahren um 50 Prozent gestiegen. 84 Prozent der Unf\u00e4lle sind Selbstunf\u00e4lle.\" \/>\n<meta name=\"robots\" content=\"index, follow, max-snippet:-1, max-image-preview:large, max-video-preview:-1\" \/>\n<link rel=\"canonical\" href=\"https:\/\/news.save.ch\/en\/50-prozent-mehr-velounfaelle-in-zehn-jahren\/\" \/>\n<meta property=\"og:locale\" content=\"en_US\" \/>\n<meta property=\"og:type\" content=\"article\" \/>\n<meta property=\"og:title\" content=\"50 Prozent mehr Velounf\u00e4lle in zehn Jahren - Save\" \/>\n<meta property=\"og:description\" content=\"Die Zahl der Velounf\u00e4lle in der Schweiz ist in den letzten zehn Jahren um 50 Prozent gestiegen. 84 Prozent der Unf\u00e4lle sind Selbstunf\u00e4lle.\" \/>\n<meta property=\"og:url\" content=\"https:\/\/news.save.ch\/en\/50-prozent-mehr-velounfaelle-in-zehn-jahren\/\" \/>\n<meta property=\"og:site_name\" content=\"Save\" \/>\n<meta property=\"article:published_time\" content=\"2025-04-02T08:25:36+00:00\" \/>\n<meta property=\"og:image\" content=\"https:\/\/news.save.ch\/wp-content\/uploads\/2025\/04\/Depositphotos_187734688_S.jpg\" \/>\n\t<meta property=\"og:image:width\" content=\"1000\" \/>\n\t<meta property=\"og:image:height\" content=\"667\" \/>\n\t<meta property=\"og:image:type\" content=\"image\/jpeg\" \/>\n<meta name=\"author\" content=\"stefanie Zeng\" \/>\n<meta name=\"twitter:card\" content=\"summary_large_image\" \/>\n<meta name=\"twitter:label1\" content=\"Written by\" \/>\n\t<meta name=\"twitter:data1\" content=\"stefanie Zeng\" \/>\n\t<meta name=\"twitter:label2\" content=\"Est. reading time\" \/>\n\t<meta name=\"twitter:data2\" content=\"3 minutes\" \/>\n<script type=\"application\/ld+json\" class=\"yoast-schema-graph\">{\"@context\":\"https:\\\/\\\/schema.org\",\"@graph\":[{\"@type\":\"Article\",\"@id\":\"https:\\\/\\\/news.save.ch\\\/50-prozent-mehr-velounfaelle-in-zehn-jahren\\\/#article\",\"isPartOf\":{\"@id\":\"https:\\\/\\\/news.save.ch\\\/50-prozent-mehr-velounfaelle-in-zehn-jahren\\\/\"},\"author\":{\"name\":\"stefanie Zeng\",\"@id\":\"https:\\\/\\\/news.save.ch\\\/de\\\/#\\\/schema\\\/person\\\/10917387362b3961e882740f6cf6f2a2\"},\"headline\":\"50 Prozent mehr Velounf\u00e4lle in zehn Jahren\",\"datePublished\":\"2025-04-02T08:25:36+00:00\",\"mainEntityOfPage\":{\"@id\":\"https:\\\/\\\/news.save.ch\\\/50-prozent-mehr-velounfaelle-in-zehn-jahren\\\/\"},\"wordCount\":506,\"publisher\":{\"@id\":\"https:\\\/\\\/news.save.ch\\\/de\\\/#organization\"},\"image\":{\"@id\":\"https:\\\/\\\/news.save.ch\\\/50-prozent-mehr-velounfaelle-in-zehn-jahren\\\/#primaryimage\"},\"thumbnailUrl\":\"https:\\\/\\\/news.save.ch\\\/wp-content\\\/uploads\\\/2025\\\/04\\\/Depositphotos_187734688_S.jpg\",\"articleSection\":[\"ALLGEMEIN\"],\"inLanguage\":\"en-US\"},{\"@type\":\"WebPage\",\"@id\":\"https:\\\/\\\/news.save.ch\\\/50-prozent-mehr-velounfaelle-in-zehn-jahren\\\/\",\"url\":\"https:\\\/\\\/news.save.ch\\\/50-prozent-mehr-velounfaelle-in-zehn-jahren\\\/\",\"name\":\"50 Prozent mehr Velounf\u00e4lle in zehn Jahren - Save\",\"isPartOf\":{\"@id\":\"https:\\\/\\\/news.save.ch\\\/de\\\/#website\"},\"primaryImageOfPage\":{\"@id\":\"https:\\\/\\\/news.save.ch\\\/50-prozent-mehr-velounfaelle-in-zehn-jahren\\\/#primaryimage\"},\"image\":{\"@id\":\"https:\\\/\\\/news.save.ch\\\/50-prozent-mehr-velounfaelle-in-zehn-jahren\\\/#primaryimage\"},\"thumbnailUrl\":\"https:\\\/\\\/news.save.ch\\\/wp-content\\\/uploads\\\/2025\\\/04\\\/Depositphotos_187734688_S.jpg\",\"datePublished\":\"2025-04-02T08:25:36+00:00\",\"description\":\"Die Zahl der Velounf\u00e4lle in der Schweiz ist in den letzten zehn Jahren um 50 Prozent gestiegen. 84 Prozent der Unf\u00e4lle sind Selbstunf\u00e4lle.\",\"breadcrumb\":{\"@id\":\"https:\\\/\\\/news.save.ch\\\/50-prozent-mehr-velounfaelle-in-zehn-jahren\\\/#breadcrumb\"},\"inLanguage\":\"en-US\",\"potentialAction\":[{\"@type\":\"ReadAction\",\"target\":[\"https:\\\/\\\/news.save.ch\\\/50-prozent-mehr-velounfaelle-in-zehn-jahren\\\/\"]}]},{\"@type\":\"ImageObject\",\"inLanguage\":\"en-US\",\"@id\":\"https:\\\/\\\/news.save.ch\\\/50-prozent-mehr-velounfaelle-in-zehn-jahren\\\/#primaryimage\",\"url\":\"https:\\\/\\\/news.save.ch\\\/wp-content\\\/uploads\\\/2025\\\/04\\\/Depositphotos_187734688_S.jpg\",\"contentUrl\":\"https:\\\/\\\/news.save.ch\\\/wp-content\\\/uploads\\\/2025\\\/04\\\/Depositphotos_187734688_S.jpg\"},{\"@type\":\"BreadcrumbList\",\"@id\":\"https:\\\/\\\/news.save.ch\\\/50-prozent-mehr-velounfaelle-in-zehn-jahren\\\/#breadcrumb\",\"itemListElement\":[{\"@type\":\"ListItem\",\"position\":1,\"name\":\"Home\",\"item\":\"https:\\\/\\\/news.save.ch\\\/de\\\/\"},{\"@type\":\"ListItem\",\"position\":2,\"name\":\"50 Prozent mehr Velounf\u00e4lle in zehn Jahren\"}]},{\"@type\":\"WebSite\",\"@id\":\"https:\\\/\\\/news.save.ch\\\/de\\\/#website\",\"url\":\"https:\\\/\\\/news.save.ch\\\/de\\\/\",\"name\":\"Save\",\"description\":\"Schweizer Fachzeitschrift f\u00fcr Sicherheit\",\"publisher\":{\"@id\":\"https:\\\/\\\/news.save.ch\\\/de\\\/#organization\"},\"potentialAction\":[{\"@type\":\"SearchAction\",\"target\":{\"@type\":\"EntryPoint\",\"urlTemplate\":\"https:\\\/\\\/news.save.ch\\\/de\\\/?s={search_term_string}\"},\"query-input\":{\"@type\":\"PropertyValueSpecification\",\"valueRequired\":true,\"valueName\":\"search_term_string\"}}],\"inLanguage\":\"en-US\"},{\"@type\":\"Organization\",\"@id\":\"https:\\\/\\\/news.save.ch\\\/de\\\/#organization\",\"name\":\"Sicherheitsforum\",\"url\":\"https:\\\/\\\/news.save.ch\\\/de\\\/\",\"logo\":{\"@type\":\"ImageObject\",\"inLanguage\":\"en-US\",\"@id\":\"https:\\\/\\\/news.save.ch\\\/de\\\/#\\\/schema\\\/logo\\\/image\\\/\",\"url\":\"https:\\\/\\\/news.save.ch\\\/wp-content\\\/uploads\\\/2022\\\/06\\\/Logo_SF_2012.png\",\"contentUrl\":\"https:\\\/\\\/news.save.ch\\\/wp-content\\\/uploads\\\/2022\\\/06\\\/Logo_SF_2012.png\",\"width\":1100,\"height\":91,\"caption\":\"Sicherheitsforum\"},\"image\":{\"@id\":\"https:\\\/\\\/news.save.ch\\\/de\\\/#\\\/schema\\\/logo\\\/image\\\/\"}},{\"@type\":\"Person\",\"@id\":\"https:\\\/\\\/news.save.ch\\\/de\\\/#\\\/schema\\\/person\\\/10917387362b3961e882740f6cf6f2a2\",\"name\":\"stefanie Zeng\",\"image\":{\"@type\":\"ImageObject\",\"inLanguage\":\"en-US\",\"@id\":\"https:\\\/\\\/secure.gravatar.com\\\/avatar\\\/eac43faa6e40bb2c41068c95c9d78bbd94c476d5efdff7abaab80bb3ea681e06?s=96&d=mm&r=g\",\"url\":\"https:\\\/\\\/secure.gravatar.com\\\/avatar\\\/eac43faa6e40bb2c41068c95c9d78bbd94c476d5efdff7abaab80bb3ea681e06?s=96&d=mm&r=g\",\"contentUrl\":\"https:\\\/\\\/secure.gravatar.com\\\/avatar\\\/eac43faa6e40bb2c41068c95c9d78bbd94c476d5efdff7abaab80bb3ea681e06?s=96&d=mm&r=g\",\"caption\":\"stefanie Zeng\"},\"url\":\"https:\\\/\\\/news.save.ch\\\/en\\\/author\\\/stefanie-zeng\\\/\"}]}<\/script>\n<!-- \/ Yoast SEO plugin. -->","yoast_head_json":{"title":"50 percent more bicycle accidents in ten years - Save","description":"The number of bicycle accidents in Switzerland has risen by 50 percent in the last ten years. 84 percent of accidents are self-inflicted.","robots":{"index":"index","follow":"follow","max-snippet":"max-snippet:-1","max-image-preview":"max-image-preview:large","max-video-preview":"max-video-preview:-1"},"canonical":"https:\/\/news.save.ch\/en\/50-prozent-mehr-velounfaelle-in-zehn-jahren\/","og_locale":"en_US","og_type":"article","og_title":"50 Prozent mehr Velounf\u00e4lle in zehn Jahren - Save","og_description":"Die Zahl der Velounf\u00e4lle in der Schweiz ist in den letzten zehn Jahren um 50 Prozent gestiegen. 84 Prozent der Unf\u00e4lle sind Selbstunf\u00e4lle.","og_url":"https:\/\/news.save.ch\/en\/50-prozent-mehr-velounfaelle-in-zehn-jahren\/","og_site_name":"Save","article_published_time":"2025-04-02T08:25:36+00:00","og_image":[{"width":1000,"height":667,"url":"https:\/\/news.save.ch\/wp-content\/uploads\/2025\/04\/Depositphotos_187734688_S.jpg","type":"image\/jpeg"}],"author":"stefanie Zeng","twitter_card":"summary_large_image","twitter_misc":{"Written by":"stefanie Zeng","Est. reading time":"3 minutes"},"schema":{"@context":"https:\/\/schema.org","@graph":[{"@type":"Article","@id":"https:\/\/news.save.ch\/50-prozent-mehr-velounfaelle-in-zehn-jahren\/#article","isPartOf":{"@id":"https:\/\/news.save.ch\/50-prozent-mehr-velounfaelle-in-zehn-jahren\/"},"author":{"name":"stefanie Zeng","@id":"https:\/\/news.save.ch\/de\/#\/schema\/person\/10917387362b3961e882740f6cf6f2a2"},"headline":"50 Prozent mehr Velounf\u00e4lle in zehn Jahren","datePublished":"2025-04-02T08:25:36+00:00","mainEntityOfPage":{"@id":"https:\/\/news.save.ch\/50-prozent-mehr-velounfaelle-in-zehn-jahren\/"},"wordCount":506,"publisher":{"@id":"https:\/\/news.save.ch\/de\/#organization"},"image":{"@id":"https:\/\/news.save.ch\/50-prozent-mehr-velounfaelle-in-zehn-jahren\/#primaryimage"},"thumbnailUrl":"https:\/\/news.save.ch\/wp-content\/uploads\/2025\/04\/Depositphotos_187734688_S.jpg","articleSection":["ALLGEMEIN"],"inLanguage":"en-US"},{"@type":"WebPage","@id":"https:\/\/news.save.ch\/50-prozent-mehr-velounfaelle-in-zehn-jahren\/","url":"https:\/\/news.save.ch\/50-prozent-mehr-velounfaelle-in-zehn-jahren\/","name":"50 percent more bicycle accidents in ten years - Save","isPartOf":{"@id":"https:\/\/news.save.ch\/de\/#website"},"primaryImageOfPage":{"@id":"https:\/\/news.save.ch\/50-prozent-mehr-velounfaelle-in-zehn-jahren\/#primaryimage"},"image":{"@id":"https:\/\/news.save.ch\/50-prozent-mehr-velounfaelle-in-zehn-jahren\/#primaryimage"},"thumbnailUrl":"https:\/\/news.save.ch\/wp-content\/uploads\/2025\/04\/Depositphotos_187734688_S.jpg","datePublished":"2025-04-02T08:25:36+00:00","description":"The number of bicycle accidents in Switzerland has risen by 50 percent in the last ten years. 84 percent of accidents are self-inflicted.","breadcrumb":{"@id":"https:\/\/news.save.ch\/50-prozent-mehr-velounfaelle-in-zehn-jahren\/#breadcrumb"},"inLanguage":"en-US","potentialAction":[{"@type":"ReadAction","target":["https:\/\/news.save.ch\/50-prozent-mehr-velounfaelle-in-zehn-jahren\/"]}]},{"@type":"ImageObject","inLanguage":"en-US","@id":"https:\/\/news.save.ch\/50-prozent-mehr-velounfaelle-in-zehn-jahren\/#primaryimage","url":"https:\/\/news.save.ch\/wp-content\/uploads\/2025\/04\/Depositphotos_187734688_S.jpg","contentUrl":"https:\/\/news.save.ch\/wp-content\/uploads\/2025\/04\/Depositphotos_187734688_S.jpg"},{"@type":"BreadcrumbList","@id":"https:\/\/news.save.ch\/50-prozent-mehr-velounfaelle-in-zehn-jahren\/#breadcrumb","itemListElement":[{"@type":"ListItem","position":1,"name":"Home","item":"https:\/\/news.save.ch\/de\/"},{"@type":"ListItem","position":2,"name":"50 Prozent mehr Velounf\u00e4lle in zehn Jahren"}]},{"@type":"WebSite","@id":"https:\/\/news.save.ch\/de\/#website","url":"https:\/\/news.save.ch\/de\/","name":"Save","description":"Swiss trade journal for safety","publisher":{"@id":"https:\/\/news.save.ch\/de\/#organization"},"potentialAction":[{"@type":"SearchAction","target":{"@type":"EntryPoint","urlTemplate":"https:\/\/news.save.ch\/de\/?s={search_term_string}"},"query-input":{"@type":"PropertyValueSpecification","valueRequired":true,"valueName":"search_term_string"}}],"inLanguage":"en-US"},{"@type":"Organization","@id":"https:\/\/news.save.ch\/de\/#organization","name":"Security Forum","url":"https:\/\/news.save.ch\/de\/","logo":{"@type":"ImageObject","inLanguage":"en-US","@id":"https:\/\/news.save.ch\/de\/#\/schema\/logo\/image\/","url":"https:\/\/news.save.ch\/wp-content\/uploads\/2022\/06\/Logo_SF_2012.png","contentUrl":"https:\/\/news.save.ch\/wp-content\/uploads\/2022\/06\/Logo_SF_2012.png","width":1100,"height":91,"caption":"Sicherheitsforum"},"image":{"@id":"https:\/\/news.save.ch\/de\/#\/schema\/logo\/image\/"}},{"@type":"Person","@id":"https:\/\/news.save.ch\/de\/#\/schema\/person\/10917387362b3961e882740f6cf6f2a2","name":"Stefanie Zeng","image":{"@type":"ImageObject","inLanguage":"en-US","@id":"https:\/\/secure.gravatar.com\/avatar\/eac43faa6e40bb2c41068c95c9d78bbd94c476d5efdff7abaab80bb3ea681e06?s=96&d=mm&r=g","url":"https:\/\/secure.gravatar.com\/avatar\/eac43faa6e40bb2c41068c95c9d78bbd94c476d5efdff7abaab80bb3ea681e06?s=96&d=mm&r=g","contentUrl":"https:\/\/secure.gravatar.com\/avatar\/eac43faa6e40bb2c41068c95c9d78bbd94c476d5efdff7abaab80bb3ea681e06?s=96&d=mm&r=g","caption":"stefanie Zeng"},"url":"https:\/\/news.save.ch\/en\/author\/stefanie-zeng\/"}]}},"_links":{"self":[{"href":"https:\/\/news.save.ch\/en\/wp-json\/wp\/v2\/posts\/24130","targetHints":{"allow":["GET"]}}],"collection":[{"href":"https:\/\/news.save.ch\/en\/wp-json\/wp\/v2\/posts"}],"about":[{"href":"https:\/\/news.save.ch\/en\/wp-json\/wp\/v2\/types\/post"}],"author":[{"embeddable":true,"href":"https:\/\/news.save.ch\/en\/wp-json\/wp\/v2\/users\/31"}],"replies":[{"embeddable":true,"href":"https:\/\/news.save.ch\/en\/wp-json\/wp\/v2\/comments?post=24130"}],"version-history":[{"count":2,"href":"https:\/\/news.save.ch\/en\/wp-json\/wp\/v2\/posts\/24130\/revisions"}],"predecessor-version":[{"id":24134,"href":"https:\/\/news.save.ch\/en\/wp-json\/wp\/v2\/posts\/24130\/revisions\/24134"}],"wp:attachment":[{"href":"https:\/\/news.save.ch\/en\/wp-json\/wp\/v2\/media?parent=24130"}],"wp:term":[{"taxonomy":"category","embeddable":true,"href":"https:\/\/news.save.ch\/en\/wp-json\/wp\/v2\/categories?post=24130"},{"taxonomy":"post_tag","embeddable":true,"href":"https:\/\/news.save.ch\/en\/wp-json\/wp\/v2\/tags?post=24130"}],"curies":[{"name":"wp","href":"https:\/\/api.w.org\/{rel}","templated":true}]}}