{"id":24190,"date":"2025-04-24T13:22:15","date_gmt":"2025-04-24T11:22:15","guid":{"rendered":"https:\/\/news.save.ch\/?p=24190"},"modified":"2025-04-24T13:22:38","modified_gmt":"2025-04-24T11:22:38","slug":"neues-faehigkeitsprofil-zivilschutz-verabschiedet","status":null,"type":"post","link":"https:\/\/news.save.ch\/en\/neues-faehigkeitsprofil-zivilschutz-verabschiedet\/","title":{"rendered":"New civil protection skills profile adopted"},"content":{"rendered":"<figure id=\"attachment_24192\" aria-describedby=\"caption-attachment-24192\" style=\"width: 1400px\" class=\"wp-caption alignnone\"><a href=\"https:\/\/news.save.ch\/en\/neues-faehigkeitsprofil-zivilschutz-verabschiedet\/zivilschutz-im-einsatz-3\/\" rel=\"attachment wp-att-24192\"><img loading=\"lazy\" decoding=\"async\" class=\"size-full wp-image-24192\" src=\"https:\/\/news.save.ch\/wp-content\/uploads\/2025\/04\/AdobeStock_135362175-scaled.jpeg\" alt=\"\" width=\"1400\" height=\"778\" srcset=\"https:\/\/news.save.ch\/wp-content\/uploads\/2025\/04\/AdobeStock_135362175-scaled.jpeg 1200w, https:\/\/news.save.ch\/wp-content\/uploads\/2025\/04\/AdobeStock_135362175-680x378.jpeg 680w, https:\/\/news.save.ch\/wp-content\/uploads\/2025\/04\/AdobeStock_135362175-1024x569.jpeg 1024w, https:\/\/news.save.ch\/wp-content\/uploads\/2025\/04\/AdobeStock_135362175-768x427.jpeg 768w, https:\/\/news.save.ch\/wp-content\/uploads\/2025\/04\/AdobeStock_135362175-1536x854.jpeg 1536w, https:\/\/news.save.ch\/wp-content\/uploads\/2025\/04\/AdobeStock_135362175-2048x1138.jpeg 2048w, https:\/\/news.save.ch\/wp-content\/uploads\/2025\/04\/AdobeStock_135362175-18x10.jpeg 18w, https:\/\/news.save.ch\/wp-content\/uploads\/2025\/04\/AdobeStock_135362175-375x208.jpeg 375w, https:\/\/news.save.ch\/wp-content\/uploads\/2025\/04\/AdobeStock_135362175-630x350.jpeg 630w, https:\/\/news.save.ch\/wp-content\/uploads\/2025\/04\/AdobeStock_135362175-1000x556.jpeg 1000w\" sizes=\"auto, (max-width: 1400px) 100vw, 1400px\" \/><\/a><figcaption id=\"caption-attachment-24192\" class=\"wp-caption-text\">Photo: Adobestock\/135362175<\/figcaption><\/figure>\n<p>Representatives of the cantons and the Federal Office for Civil Protection took part in the spring meeting of the Conference of Heads of Office (KdA). The event in Basel provided a platform for intensive professional exchange and joint discussion of strategic topics in civil protection.<\/p>\n<p>One topic of the two-day conference was the lessons that can be learned from the war in Ukraine for strengthening civil protection in Switzerland. Among other things, the participants were able to discuss the analysis of civil protection capabilities in the event of an armed conflict, the funding of civil protection and the modernization of protective structures.<\/p>\n<h3 class=\"h2\">New capability profile for crisis situations<\/h3>\n<p>A particular milestone was the formal adoption of the new civil protection capability profile - formerly known as the \"performance profile\" - following good cooperation with the cantons. The new profile defines which capabilities are to be provided throughout Switzerland in crisis situations, differentiating between basic capabilities, which must be available nationwide, and extended capabilities, which are deployed specifically where they are particularly needed. It is intended to ensure that civil protection personnel are able to protect the population in crisis situations and serves as a basis for the planning and implementation of operations in the event of disasters and emergencies.<\/p>\n<h3 class=\"h2\">Spontaneous helpers: Potentials and challenges<\/h3>\n<p>How can spontaneous helpers be meaningfully involved in the event of an incident? This question was one of the main topics of the conference, with keynote speeches from the Swiss Red Cross and the Canton of Ticino as well as a workshop. Volunteers represent the resilience of civil society. In the current security environment, their contribution is all the more valuable. Their efforts should be encouraged and complement institutional arrangements, while at the same time being properly coordinated, for example to prevent volunteers from coming into danger.<\/p>\n<h3 class=\"h2\">Digitalization of civil protection - DIZIS project<\/h3>\n<p>The DIZIS project for the digitalization of civil defence was presented on the basis of specific implementation steps. Among other things, the participants addressed questions regarding the prioritization of the two planned phases: electronic duty management (electronic successor to the duty booklet; phase 1) and the digital processing of call-ups and duty postponements (phase 2). The cantonal representatives welcomed the project and pledged their support, but at the same time pointed out that viable financing solutions still needed to be found.<\/p>\n<h3 class=\"h2\">Reorientation of disaster medicine: KATAMED<\/h3>\n<p>The participants were also informed about the report of the National Network for Disaster Medicine (KATAMED), a project as part of the reorganization of the Coordinated Medical Service, particularly as a result of the Covid-19 pandemic. The vision \"Together. Stronger. Help.\" focuses on strengthening joint capabilities in extraordinary situations.<\/p>\n<p><em>Source: babs.admin.ch<\/em><\/p>","protected":false},"excerpt":{"rendered":"<p>Vertreterinnen und Vertreter der Kantone sowie des Bundesamts f\u00fcr Bev\u00f6lkerungsschutz nahmen an der Fr\u00fchjahrstagung der Konferenz der Amtschefinnen und Amtschefs (KdA) teil. Die Veranstaltung in Basel bot eine Plattform f\u00fcr den intensiven fachlichen Austausch und die gemeinsame Diskussion strategischer Themen im Bev\u00f6lkerungsschutz. Ein Thema der zweit\u00e4gigen Konferenz waren die Lehren, die aus dem Krieg in [&hellip;]<\/p>\n","protected":false},"author":31,"featured_media":0,"comment_status":"closed","ping_status":"closed","sticky":false,"template":"","format":"standard","meta":{"_acf_changed":false,"pgc_sgb_lightbox_settings":"","footnotes":""},"categories":[1,3312],"tags":[1074],"class_list":["post-24190","post","type-post","status-publish","format-standard","hentry","category-allgemein","category-sicherheit","tag-zivilschutz"],"acf":[],"hkrextid":null,"publication":null,"issue":null,"workflow":null,"startPage":null,"spitzmarke":null,"_posts_by_tag_page_fields":null,"_at_widget":null,"_yoast_wpseo_primary_category":"1","_yoast_wpseo_focuskw_text_input":null,"_yoast_wpseo_opengraph-image":null,"_yoast_wpseo_opengraph-description":null,"_yoast_wpseo_opengraph-title":null,"enclosure":null,"_yoast_wpseo_twitter-title":null,"_yoast_wpseo_twitter-description":null,"_yoast_wpseo_twitter-image":null,"_wp_old_slug":null,"_yoast_wpseo_title":null,"_yoast_wpseo_canonical":null,"yoast_head":"<!-- This site is optimized with the Yoast SEO plugin v27.4 - https:\/\/yoast.com\/product\/yoast-seo-wordpress\/ -->\n<title>Neues F\u00e4higkeitsprofil Zivilschutz verabschiedet - Save<\/title>\n<meta name=\"robots\" content=\"index, follow, max-snippet:-1, max-image-preview:large, max-video-preview:-1\" \/>\n<link rel=\"canonical\" href=\"https:\/\/news.save.ch\/en\/neues-faehigkeitsprofil-zivilschutz-verabschiedet\/\" \/>\n<meta property=\"og:locale\" content=\"en_US\" \/>\n<meta property=\"og:type\" content=\"article\" \/>\n<meta property=\"og:title\" content=\"Neues F\u00e4higkeitsprofil Zivilschutz verabschiedet - Save\" \/>\n<meta property=\"og:description\" content=\"Vertreterinnen und Vertreter der Kantone sowie des Bundesamts f\u00fcr Bev\u00f6lkerungsschutz nahmen an der Fr\u00fchjahrstagung der Konferenz der Amtschefinnen und Amtschefs (KdA) teil. Die Veranstaltung in Basel bot eine Plattform f\u00fcr den intensiven fachlichen Austausch und die gemeinsame Diskussion strategischer Themen im Bev\u00f6lkerungsschutz. Ein Thema der zweit\u00e4gigen Konferenz waren die Lehren, die aus dem Krieg in [&hellip;]\" \/>\n<meta property=\"og:url\" content=\"https:\/\/news.save.ch\/en\/neues-faehigkeitsprofil-zivilschutz-verabschiedet\/\" \/>\n<meta property=\"og:site_name\" content=\"Save\" \/>\n<meta property=\"article:published_time\" content=\"2025-04-24T11:22:15+00:00\" \/>\n<meta property=\"article:modified_time\" content=\"2025-04-24T11:22:38+00:00\" \/>\n<meta property=\"og:image\" content=\"https:\/\/news.save.ch\/wp-content\/uploads\/2025\/04\/AdobeStock_135362175-scaled.jpeg\" \/>\n\t<meta property=\"og:image:width\" content=\"1200\" \/>\n\t<meta property=\"og:image:height\" content=\"667\" \/>\n\t<meta property=\"og:image:type\" content=\"image\/jpeg\" \/>\n<meta name=\"author\" content=\"stefanie Zeng\" \/>\n<meta name=\"twitter:card\" content=\"summary_large_image\" \/>\n<meta name=\"twitter:label1\" content=\"Written by\" \/>\n\t<meta name=\"twitter:data1\" content=\"stefanie Zeng\" \/>\n\t<meta name=\"twitter:label2\" content=\"Est. reading time\" \/>\n\t<meta name=\"twitter:data2\" content=\"3 minutes\" \/>\n<script type=\"application\/ld+json\" class=\"yoast-schema-graph\">{\"@context\":\"https:\\\/\\\/schema.org\",\"@graph\":[{\"@type\":\"Article\",\"@id\":\"https:\\\/\\\/news.save.ch\\\/neues-faehigkeitsprofil-zivilschutz-verabschiedet\\\/#article\",\"isPartOf\":{\"@id\":\"https:\\\/\\\/news.save.ch\\\/neues-faehigkeitsprofil-zivilschutz-verabschiedet\\\/\"},\"author\":{\"name\":\"stefanie Zeng\",\"@id\":\"https:\\\/\\\/news.save.ch\\\/de\\\/#\\\/schema\\\/person\\\/10917387362b3961e882740f6cf6f2a2\"},\"headline\":\"Neues F\u00e4higkeitsprofil Zivilschutz verabschiedet\",\"datePublished\":\"2025-04-24T11:22:15+00:00\",\"dateModified\":\"2025-04-24T11:22:38+00:00\",\"mainEntityOfPage\":{\"@id\":\"https:\\\/\\\/news.save.ch\\\/neues-faehigkeitsprofil-zivilschutz-verabschiedet\\\/\"},\"wordCount\":448,\"publisher\":{\"@id\":\"https:\\\/\\\/news.save.ch\\\/de\\\/#organization\"},\"image\":{\"@id\":\"https:\\\/\\\/news.save.ch\\\/neues-faehigkeitsprofil-zivilschutz-verabschiedet\\\/#primaryimage\"},\"thumbnailUrl\":\"https:\\\/\\\/news.save.ch\\\/wp-content\\\/uploads\\\/2025\\\/04\\\/AdobeStock_135362175-scaled.jpeg\",\"keywords\":[\"Zivilschutz\"],\"articleSection\":[\"ALLGEMEIN\",\"SICHERHEIT\"],\"inLanguage\":\"en-US\"},{\"@type\":\"WebPage\",\"@id\":\"https:\\\/\\\/news.save.ch\\\/neues-faehigkeitsprofil-zivilschutz-verabschiedet\\\/\",\"url\":\"https:\\\/\\\/news.save.ch\\\/neues-faehigkeitsprofil-zivilschutz-verabschiedet\\\/\",\"name\":\"Neues F\u00e4higkeitsprofil Zivilschutz verabschiedet - Save\",\"isPartOf\":{\"@id\":\"https:\\\/\\\/news.save.ch\\\/de\\\/#website\"},\"primaryImageOfPage\":{\"@id\":\"https:\\\/\\\/news.save.ch\\\/neues-faehigkeitsprofil-zivilschutz-verabschiedet\\\/#primaryimage\"},\"image\":{\"@id\":\"https:\\\/\\\/news.save.ch\\\/neues-faehigkeitsprofil-zivilschutz-verabschiedet\\\/#primaryimage\"},\"thumbnailUrl\":\"https:\\\/\\\/news.save.ch\\\/wp-content\\\/uploads\\\/2025\\\/04\\\/AdobeStock_135362175-scaled.jpeg\",\"datePublished\":\"2025-04-24T11:22:15+00:00\",\"dateModified\":\"2025-04-24T11:22:38+00:00\",\"breadcrumb\":{\"@id\":\"https:\\\/\\\/news.save.ch\\\/neues-faehigkeitsprofil-zivilschutz-verabschiedet\\\/#breadcrumb\"},\"inLanguage\":\"en-US\",\"potentialAction\":[{\"@type\":\"ReadAction\",\"target\":[\"https:\\\/\\\/news.save.ch\\\/neues-faehigkeitsprofil-zivilschutz-verabschiedet\\\/\"]}]},{\"@type\":\"ImageObject\",\"inLanguage\":\"en-US\",\"@id\":\"https:\\\/\\\/news.save.ch\\\/neues-faehigkeitsprofil-zivilschutz-verabschiedet\\\/#primaryimage\",\"url\":\"https:\\\/\\\/news.save.ch\\\/wp-content\\\/uploads\\\/2025\\\/04\\\/AdobeStock_135362175-scaled.jpeg\",\"contentUrl\":\"https:\\\/\\\/news.save.ch\\\/wp-content\\\/uploads\\\/2025\\\/04\\\/AdobeStock_135362175-scaled.jpeg\"},{\"@type\":\"BreadcrumbList\",\"@id\":\"https:\\\/\\\/news.save.ch\\\/neues-faehigkeitsprofil-zivilschutz-verabschiedet\\\/#breadcrumb\",\"itemListElement\":[{\"@type\":\"ListItem\",\"position\":1,\"name\":\"Home\",\"item\":\"https:\\\/\\\/news.save.ch\\\/de\\\/\"},{\"@type\":\"ListItem\",\"position\":2,\"name\":\"Neues F\u00e4higkeitsprofil Zivilschutz verabschiedet\"}]},{\"@type\":\"WebSite\",\"@id\":\"https:\\\/\\\/news.save.ch\\\/de\\\/#website\",\"url\":\"https:\\\/\\\/news.save.ch\\\/de\\\/\",\"name\":\"Save\",\"description\":\"Schweizer Fachzeitschrift f\u00fcr Sicherheit\",\"publisher\":{\"@id\":\"https:\\\/\\\/news.save.ch\\\/de\\\/#organization\"},\"potentialAction\":[{\"@type\":\"SearchAction\",\"target\":{\"@type\":\"EntryPoint\",\"urlTemplate\":\"https:\\\/\\\/news.save.ch\\\/de\\\/?s={search_term_string}\"},\"query-input\":{\"@type\":\"PropertyValueSpecification\",\"valueRequired\":true,\"valueName\":\"search_term_string\"}}],\"inLanguage\":\"en-US\"},{\"@type\":\"Organization\",\"@id\":\"https:\\\/\\\/news.save.ch\\\/de\\\/#organization\",\"name\":\"Sicherheitsforum\",\"url\":\"https:\\\/\\\/news.save.ch\\\/de\\\/\",\"logo\":{\"@type\":\"ImageObject\",\"inLanguage\":\"en-US\",\"@id\":\"https:\\\/\\\/news.save.ch\\\/de\\\/#\\\/schema\\\/logo\\\/image\\\/\",\"url\":\"https:\\\/\\\/news.save.ch\\\/wp-content\\\/uploads\\\/2022\\\/06\\\/Logo_SF_2012.png\",\"contentUrl\":\"https:\\\/\\\/news.save.ch\\\/wp-content\\\/uploads\\\/2022\\\/06\\\/Logo_SF_2012.png\",\"width\":1100,\"height\":91,\"caption\":\"Sicherheitsforum\"},\"image\":{\"@id\":\"https:\\\/\\\/news.save.ch\\\/de\\\/#\\\/schema\\\/logo\\\/image\\\/\"}},{\"@type\":\"Person\",\"@id\":\"https:\\\/\\\/news.save.ch\\\/de\\\/#\\\/schema\\\/person\\\/10917387362b3961e882740f6cf6f2a2\",\"name\":\"stefanie Zeng\",\"image\":{\"@type\":\"ImageObject\",\"inLanguage\":\"en-US\",\"@id\":\"https:\\\/\\\/secure.gravatar.com\\\/avatar\\\/eac43faa6e40bb2c41068c95c9d78bbd94c476d5efdff7abaab80bb3ea681e06?s=96&d=mm&r=g\",\"url\":\"https:\\\/\\\/secure.gravatar.com\\\/avatar\\\/eac43faa6e40bb2c41068c95c9d78bbd94c476d5efdff7abaab80bb3ea681e06?s=96&d=mm&r=g\",\"contentUrl\":\"https:\\\/\\\/secure.gravatar.com\\\/avatar\\\/eac43faa6e40bb2c41068c95c9d78bbd94c476d5efdff7abaab80bb3ea681e06?s=96&d=mm&r=g\",\"caption\":\"stefanie Zeng\"},\"url\":\"https:\\\/\\\/news.save.ch\\\/en\\\/author\\\/stefanie-zeng\\\/\"}]}<\/script>\n<!-- \/ Yoast SEO plugin. -->","yoast_head_json":{"title":"New civil protection skills profile adopted - Save","robots":{"index":"index","follow":"follow","max-snippet":"max-snippet:-1","max-image-preview":"max-image-preview:large","max-video-preview":"max-video-preview:-1"},"canonical":"https:\/\/news.save.ch\/en\/neues-faehigkeitsprofil-zivilschutz-verabschiedet\/","og_locale":"en_US","og_type":"article","og_title":"Neues F\u00e4higkeitsprofil Zivilschutz verabschiedet - Save","og_description":"Vertreterinnen und Vertreter der Kantone sowie des Bundesamts f\u00fcr Bev\u00f6lkerungsschutz nahmen an der Fr\u00fchjahrstagung der Konferenz der Amtschefinnen und Amtschefs (KdA) teil. Die Veranstaltung in Basel bot eine Plattform f\u00fcr den intensiven fachlichen Austausch und die gemeinsame Diskussion strategischer Themen im Bev\u00f6lkerungsschutz. Ein Thema der zweit\u00e4gigen Konferenz waren die Lehren, die aus dem Krieg in [&hellip;]","og_url":"https:\/\/news.save.ch\/en\/neues-faehigkeitsprofil-zivilschutz-verabschiedet\/","og_site_name":"Save","article_published_time":"2025-04-24T11:22:15+00:00","article_modified_time":"2025-04-24T11:22:38+00:00","og_image":[{"width":1200,"height":667,"url":"https:\/\/news.save.ch\/wp-content\/uploads\/2025\/04\/AdobeStock_135362175-scaled.jpeg","type":"image\/jpeg"}],"author":"stefanie Zeng","twitter_card":"summary_large_image","twitter_misc":{"Written by":"stefanie Zeng","Est. reading time":"3 minutes"},"schema":{"@context":"https:\/\/schema.org","@graph":[{"@type":"Article","@id":"https:\/\/news.save.ch\/neues-faehigkeitsprofil-zivilschutz-verabschiedet\/#article","isPartOf":{"@id":"https:\/\/news.save.ch\/neues-faehigkeitsprofil-zivilschutz-verabschiedet\/"},"author":{"name":"stefanie Zeng","@id":"https:\/\/news.save.ch\/de\/#\/schema\/person\/10917387362b3961e882740f6cf6f2a2"},"headline":"Neues F\u00e4higkeitsprofil Zivilschutz verabschiedet","datePublished":"2025-04-24T11:22:15+00:00","dateModified":"2025-04-24T11:22:38+00:00","mainEntityOfPage":{"@id":"https:\/\/news.save.ch\/neues-faehigkeitsprofil-zivilschutz-verabschiedet\/"},"wordCount":448,"publisher":{"@id":"https:\/\/news.save.ch\/de\/#organization"},"image":{"@id":"https:\/\/news.save.ch\/neues-faehigkeitsprofil-zivilschutz-verabschiedet\/#primaryimage"},"thumbnailUrl":"https:\/\/news.save.ch\/wp-content\/uploads\/2025\/04\/AdobeStock_135362175-scaled.jpeg","keywords":["Zivilschutz"],"articleSection":["ALLGEMEIN","SICHERHEIT"],"inLanguage":"en-US"},{"@type":"WebPage","@id":"https:\/\/news.save.ch\/neues-faehigkeitsprofil-zivilschutz-verabschiedet\/","url":"https:\/\/news.save.ch\/neues-faehigkeitsprofil-zivilschutz-verabschiedet\/","name":"New civil protection skills profile adopted - Save","isPartOf":{"@id":"https:\/\/news.save.ch\/de\/#website"},"primaryImageOfPage":{"@id":"https:\/\/news.save.ch\/neues-faehigkeitsprofil-zivilschutz-verabschiedet\/#primaryimage"},"image":{"@id":"https:\/\/news.save.ch\/neues-faehigkeitsprofil-zivilschutz-verabschiedet\/#primaryimage"},"thumbnailUrl":"https:\/\/news.save.ch\/wp-content\/uploads\/2025\/04\/AdobeStock_135362175-scaled.jpeg","datePublished":"2025-04-24T11:22:15+00:00","dateModified":"2025-04-24T11:22:38+00:00","breadcrumb":{"@id":"https:\/\/news.save.ch\/neues-faehigkeitsprofil-zivilschutz-verabschiedet\/#breadcrumb"},"inLanguage":"en-US","potentialAction":[{"@type":"ReadAction","target":["https:\/\/news.save.ch\/neues-faehigkeitsprofil-zivilschutz-verabschiedet\/"]}]},{"@type":"ImageObject","inLanguage":"en-US","@id":"https:\/\/news.save.ch\/neues-faehigkeitsprofil-zivilschutz-verabschiedet\/#primaryimage","url":"https:\/\/news.save.ch\/wp-content\/uploads\/2025\/04\/AdobeStock_135362175-scaled.jpeg","contentUrl":"https:\/\/news.save.ch\/wp-content\/uploads\/2025\/04\/AdobeStock_135362175-scaled.jpeg"},{"@type":"BreadcrumbList","@id":"https:\/\/news.save.ch\/neues-faehigkeitsprofil-zivilschutz-verabschiedet\/#breadcrumb","itemListElement":[{"@type":"ListItem","position":1,"name":"Home","item":"https:\/\/news.save.ch\/de\/"},{"@type":"ListItem","position":2,"name":"Neues F\u00e4higkeitsprofil Zivilschutz verabschiedet"}]},{"@type":"WebSite","@id":"https:\/\/news.save.ch\/de\/#website","url":"https:\/\/news.save.ch\/de\/","name":"Save","description":"Swiss trade journal for safety","publisher":{"@id":"https:\/\/news.save.ch\/de\/#organization"},"potentialAction":[{"@type":"SearchAction","target":{"@type":"EntryPoint","urlTemplate":"https:\/\/news.save.ch\/de\/?s={search_term_string}"},"query-input":{"@type":"PropertyValueSpecification","valueRequired":true,"valueName":"search_term_string"}}],"inLanguage":"en-US"},{"@type":"Organization","@id":"https:\/\/news.save.ch\/de\/#organization","name":"Security Forum","url":"https:\/\/news.save.ch\/de\/","logo":{"@type":"ImageObject","inLanguage":"en-US","@id":"https:\/\/news.save.ch\/de\/#\/schema\/logo\/image\/","url":"https:\/\/news.save.ch\/wp-content\/uploads\/2022\/06\/Logo_SF_2012.png","contentUrl":"https:\/\/news.save.ch\/wp-content\/uploads\/2022\/06\/Logo_SF_2012.png","width":1100,"height":91,"caption":"Sicherheitsforum"},"image":{"@id":"https:\/\/news.save.ch\/de\/#\/schema\/logo\/image\/"}},{"@type":"Person","@id":"https:\/\/news.save.ch\/de\/#\/schema\/person\/10917387362b3961e882740f6cf6f2a2","name":"Stefanie Zeng","image":{"@type":"ImageObject","inLanguage":"en-US","@id":"https:\/\/secure.gravatar.com\/avatar\/eac43faa6e40bb2c41068c95c9d78bbd94c476d5efdff7abaab80bb3ea681e06?s=96&d=mm&r=g","url":"https:\/\/secure.gravatar.com\/avatar\/eac43faa6e40bb2c41068c95c9d78bbd94c476d5efdff7abaab80bb3ea681e06?s=96&d=mm&r=g","contentUrl":"https:\/\/secure.gravatar.com\/avatar\/eac43faa6e40bb2c41068c95c9d78bbd94c476d5efdff7abaab80bb3ea681e06?s=96&d=mm&r=g","caption":"stefanie Zeng"},"url":"https:\/\/news.save.ch\/en\/author\/stefanie-zeng\/"}]}},"_links":{"self":[{"href":"https:\/\/news.save.ch\/en\/wp-json\/wp\/v2\/posts\/24190","targetHints":{"allow":["GET"]}}],"collection":[{"href":"https:\/\/news.save.ch\/en\/wp-json\/wp\/v2\/posts"}],"about":[{"href":"https:\/\/news.save.ch\/en\/wp-json\/wp\/v2\/types\/post"}],"author":[{"embeddable":true,"href":"https:\/\/news.save.ch\/en\/wp-json\/wp\/v2\/users\/31"}],"replies":[{"embeddable":true,"href":"https:\/\/news.save.ch\/en\/wp-json\/wp\/v2\/comments?post=24190"}],"version-history":[{"count":3,"href":"https:\/\/news.save.ch\/en\/wp-json\/wp\/v2\/posts\/24190\/revisions"}],"predecessor-version":[{"id":24194,"href":"https:\/\/news.save.ch\/en\/wp-json\/wp\/v2\/posts\/24190\/revisions\/24194"}],"wp:attachment":[{"href":"https:\/\/news.save.ch\/en\/wp-json\/wp\/v2\/media?parent=24190"}],"wp:term":[{"taxonomy":"category","embeddable":true,"href":"https:\/\/news.save.ch\/en\/wp-json\/wp\/v2\/categories?post=24190"},{"taxonomy":"post_tag","embeddable":true,"href":"https:\/\/news.save.ch\/en\/wp-json\/wp\/v2\/tags?post=24190"}],"curies":[{"name":"wp","href":"https:\/\/api.w.org\/{rel}","templated":true}]}}