{"id":24338,"date":"2025-06-23T11:25:09","date_gmt":"2025-06-23T09:25:09","guid":{"rendered":"https:\/\/news.save.ch\/?p=24338"},"modified":"2025-06-23T11:25:13","modified_gmt":"2025-06-23T09:25:13","slug":"mit-dem-auto-in-die-ferien-diese-regeln-gelten-diese-ausruestung-ist-pflicht","status":null,"type":"post","link":"https:\/\/news.save.ch\/en\/mit-dem-auto-in-die-ferien-diese-regeln-gelten-diese-ausruestung-ist-pflicht\/","title":{"rendered":"Going on vacation by car: These rules apply - this equipment is mandatory"},"content":{"rendered":"<div class=\"elementStandard elementContent elementIntro\">\n<figure id=\"attachment_24339\" aria-describedby=\"caption-attachment-24339\" style=\"width: 1400px\" class=\"wp-caption alignnone\"><a href=\"https:\/\/news.save.ch\/en\/mit-dem-auto-in-die-ferien-diese-regeln-gelten-diese-ausruestung-ist-pflicht\/peage-725fe8f4b6ef95ag0b81f6a3969c98b12x\/\" rel=\"attachment wp-att-24339\"><img loading=\"lazy\" decoding=\"async\" class=\"size-full wp-image-24339\" src=\"https:\/\/news.save.ch\/wp-content\/uploads\/2025\/06\/peage-725fe8f4b6ef95ag0b81f6a3969c98b1@2x-scaled.jpg\" alt=\"\" width=\"1400\" height=\"928\" srcset=\"https:\/\/news.save.ch\/wp-content\/uploads\/2025\/06\/peage-725fe8f4b6ef95ag0b81f6a3969c98b1@2x-scaled.jpg 1200w, https:\/\/news.save.ch\/wp-content\/uploads\/2025\/06\/peage-725fe8f4b6ef95ag0b81f6a3969c98b1@2x-680x451.jpg 680w, https:\/\/news.save.ch\/wp-content\/uploads\/2025\/06\/peage-725fe8f4b6ef95ag0b81f6a3969c98b1@2x-1024x678.jpg 1024w, https:\/\/news.save.ch\/wp-content\/uploads\/2025\/06\/peage-725fe8f4b6ef95ag0b81f6a3969c98b1@2x-768x509.jpg 768w, https:\/\/news.save.ch\/wp-content\/uploads\/2025\/06\/peage-725fe8f4b6ef95ag0b81f6a3969c98b1@2x-1536x1018.jpg 1536w, https:\/\/news.save.ch\/wp-content\/uploads\/2025\/06\/peage-725fe8f4b6ef95ag0b81f6a3969c98b1@2x-2048x1357.jpg 2048w, https:\/\/news.save.ch\/wp-content\/uploads\/2025\/06\/peage-725fe8f4b6ef95ag0b81f6a3969c98b1@2x-18x12.jpg 18w, https:\/\/news.save.ch\/wp-content\/uploads\/2025\/06\/peage-725fe8f4b6ef95ag0b81f6a3969c98b1@2x-375x248.jpg 375w, https:\/\/news.save.ch\/wp-content\/uploads\/2025\/06\/peage-725fe8f4b6ef95ag0b81f6a3969c98b1@2x-528x350.jpg 528w, https:\/\/news.save.ch\/wp-content\/uploads\/2025\/06\/peage-725fe8f4b6ef95ag0b81f6a3969c98b1@2x-1000x663.jpg 1000w\" sizes=\"auto, (max-width: 1400px) 100vw, 1400px\" \/><\/a><figcaption id=\"caption-attachment-24339\" class=\"wp-caption-text\">Photo: TCS<\/figcaption><\/figure>\n<p>Failure to comply with these regulations can lead to fines or impair safety while driving. For this reason, the Touring Club Switzerland (TCS) provides drivers with a map showing the relevant regulations in the individual countries. The TCS also recommends a vehicle check before departure to avoid breakdowns, especially during the busy summer travel season.<\/p>\n<div class=\"objectDate\">This summer, many holidaymakers will once again be leaving Switzerland by car and crossing one or more borders. However, each country has its own rules of the road, particularly with regard to safety equipment and tolls. Fines can quickly add up in the event of non-compliance. For optimal preparation, the TCS website has a <a href=\"https:\/\/www.tcs.ch\/mam\/Digital-Media\/PDF\/Info-Sheet\/download-karte-fahrzeugvorschriften-in-europa.pdf\" target=\"_blank\" rel=\"noopener\">Overview map<\/a>\u00a0with the most important regulations in Europe.<\/div>\n<\/div>\n<div class=\"elementStandard elementContent elementText elementText_var0 elementTextAlign_var0 elementTextWidth-no\">\n<div class=\"elementStandard elementContent elementHeadline elementHeadline_var0 elementHeadlineWidth-no\">\n<h3>CH stickers, warning triangles and safety vest<\/h3>\n<\/div>\n<div class=\"elementStandard elementContent elementText elementText_var0 elementTextAlign_var0 elementTextWidth-no\">\n<p>When traveling through Europe by car, every driver must carry certain items with them. At the top of the list is the CH sticker, which must be affixed to the rear of the vehicle. This often neglected label is mandatory throughout Europe; failure to do so can result in a fine. The warning triangle must also always be carried. It is mandatory in Switzerland and is also required or recommended in most European countries. It is strongly advised to keep it handy in the trunk so that it is immediately to hand in an emergency. Finally, the safety vest is recommended in many countries in accordance with the EN 471 standard. Although it is not obligatory everywhere - especially not in the Netherlands, Great Britain, Ireland, Greece and the Scandinavian countries - it is still compulsory in most European countries.<\/p>\n<\/div>\n<div class=\"elementStandard elementContent elementHeadline elementHeadline_var0 elementHeadlineWidth-no\">\n<h3>Child seats and anti-glare stickers<\/h3>\n<\/div>\n<div class=\"elementStandard elementContent elementText elementText_var0 elementTextAlign_var0 elementTextWidth-no\">\n<p>As in Switzerland, children in most European countries must be strapped into child seats that are appropriate for their size and age. This is mandatory up to a height of 150 cm or an age of 12 years. As each country may have its own regulations, TCS recommends adhering to the Swiss regulations, as these are stricter than in most countries. When traveling to Great Britain or Ireland, headlight dipped beam stickers are essential due to the left-hand traffic. They prevent other road users from being dazzled. In the Balkan countries, it is strongly recommended that you carry spare bulbs with you, with the exception of vehicles with xenon or LED headlights. These are mandatory in Andorra, Croatia and Montenegro and are recommended in France and Macedonia. Finally, the use of daytime running lights or dipped headlights is mandatory - or strongly recommended - in almost all European countries, both during the day and at night.<\/p>\n<figure id=\"attachment_24341\" aria-describedby=\"caption-attachment-24341\" style=\"width: 1400px\" class=\"wp-caption alignnone\"><a href=\"https:\/\/news.save.ch\/en\/mit-dem-auto-in-die-ferien-diese-regeln-gelten-diese-ausruestung-ist-pflicht\/obligatorische-ausruestung-a4dfa614213ce37g45375c12063562532x\/\" rel=\"attachment wp-att-24341\"><img loading=\"lazy\" decoding=\"async\" class=\"size-full wp-image-24341\" src=\"https:\/\/news.save.ch\/wp-content\/uploads\/2025\/06\/obligatorische-ausruestung-a4dfa614213ce37g45375c1206356253@2x-scaled.jpg\" alt=\"\" width=\"1400\" height=\"940\" srcset=\"https:\/\/news.save.ch\/wp-content\/uploads\/2025\/06\/obligatorische-ausruestung-a4dfa614213ce37g45375c1206356253@2x-scaled.jpg 1200w, https:\/\/news.save.ch\/wp-content\/uploads\/2025\/06\/obligatorische-ausruestung-a4dfa614213ce37g45375c1206356253@2x-680x457.jpg 680w, https:\/\/news.save.ch\/wp-content\/uploads\/2025\/06\/obligatorische-ausruestung-a4dfa614213ce37g45375c1206356253@2x-1024x688.jpg 1024w, https:\/\/news.save.ch\/wp-content\/uploads\/2025\/06\/obligatorische-ausruestung-a4dfa614213ce37g45375c1206356253@2x-768x516.jpg 768w, https:\/\/news.save.ch\/wp-content\/uploads\/2025\/06\/obligatorische-ausruestung-a4dfa614213ce37g45375c1206356253@2x-1536x1031.jpg 1536w, https:\/\/news.save.ch\/wp-content\/uploads\/2025\/06\/obligatorische-ausruestung-a4dfa614213ce37g45375c1206356253@2x-2048x1375.jpg 2048w, https:\/\/news.save.ch\/wp-content\/uploads\/2025\/06\/obligatorische-ausruestung-a4dfa614213ce37g45375c1206356253@2x-18x12.jpg 18w, https:\/\/news.save.ch\/wp-content\/uploads\/2025\/06\/obligatorische-ausruestung-a4dfa614213ce37g45375c1206356253@2x-375x252.jpg 375w, https:\/\/news.save.ch\/wp-content\/uploads\/2025\/06\/obligatorische-ausruestung-a4dfa614213ce37g45375c1206356253@2x-521x350.jpg 521w, https:\/\/news.save.ch\/wp-content\/uploads\/2025\/06\/obligatorische-ausruestung-a4dfa614213ce37g45375c1206356253@2x-1000x671.jpg 1000w\" sizes=\"auto, (max-width: 1400px) 100vw, 1400px\" \/><\/a><figcaption id=\"caption-attachment-24341\" class=\"wp-caption-text\">Photo: TCS<\/figcaption><\/figure>\n<\/div>\n<div class=\"elementStandard elementContent elementHeadline elementHeadline_var0 elementHeadlineWidth-no\">\n<h3>Environmental badge and first aid kit<\/h3>\n<\/div>\n<div class=\"elementStandard elementContent elementText elementText_var0 elementTextAlign_var0 elementTextWidth-no\">\n<p>In several European countries, access to certain urban areas is restricted. An environmental badge may be required to drive in these areas. This is the case in some cities in Belgium, Denmark, Germany, France, the Netherlands, Austria, Spain, the Czech Republic and the United Kingdom. A first aid kit is strongly recommended in many countries. However, it is mandatory in Serbia, Hungary, Croatia, the Czech Republic, Slovakia and Austria. Please note that in Austria it must be kept in a closed, sturdy container.<\/p>\n<\/div>\n<div class=\"elementStandard elementContent elementHeadline elementHeadline_var0 elementHeadlineWidth-no\">\n<h3>Wild camping prohibited<\/h3>\n<\/div>\n<div class=\"elementStandard elementContent elementText elementText_var0 elementTextAlign_var0 elementTextWidth-no\">\n<p>Caravans and motorhomes are subject to the same traffic regulations as passenger cars, but their use is governed by special regulations. In Switzerland, for example, a category BE driving license - or C or D if applicable - is required if the total weight of the vehicle (including trailer) exceeds 3500 kg. In Europe, these vehicles are also subject to special regulations, which vary from country to country. It is important to note that wild camping is generally prohibited throughout Europe - with the exception of some countries such as Scandinavia and the Baltic States as well as Scotland, Albania, Moldova and Romania, provided certain conditions are met. Finally, strict regulations often apply to the parking of motorhomes and caravans. It is therefore recommended that you find out about the local regulations before setting off.<\/p>\n<\/div>\n<div class=\"elementStandard elementContent elementHeadline elementHeadline_var0 elementHeadlineWidth-no\">\n<h3>Toll highways in some countries<\/h3>\n<\/div>\n<div class=\"elementStandard elementContent elementText elementText_var0 elementTextAlign_var0 elementTextWidth-no\">\n<p>In Germany, Denmark, Sweden, Belgium, Estonia, Finland, Latvia, Lithuania, Luxembourg, the Netherlands and the UK, use of the road network is free of charge, with some exceptions for certain tunnels, bridges, special sections or urban areas. In other countries, the purchase of a vignette, either in the form of a sticker or a digital vignette, is required to drive on the highways. This applies in particular to Austria, Slovakia, Slovenia and Hungary. The price depends on the period of validity and the vignette can be purchased online, at petrol stations or at border crossings. In Austria, certain parts of the network are exempt from the vignette requirement, but some tunnels or certain sections are subject to a separate toll.<\/p>\n<\/div>\n<div class=\"elementStandard elementContent elementHeadline elementHeadline_var0 elementHeadlineWidth-no\">\n<h3>Different payment methods for toll charges<\/h3>\n<\/div>\n<div class=\"elementStandard elementContent elementText elementText_var0 elementTextAlign_var0 elementTextWidth-no\">\n<p>In France, Italy, Spain, Portugal, Croatia and Greece, the highway network is mainly operated with a toll system whose fees vary depending on the section traveled and vehicle class. Payment can be made in cash, by credit card or via electronic payment systems such as T\u00e9l\u00e9p\u00e9age in France, Telepass in Italy, VIA-T in Spain or Easy Toll and Toll Card in Portugal. The free-flow system without physical barriers is used on some sections: License plates are scanned automatically and payment must then be made online or via a special subscription. Fines can be imposed for non-payment.<\/p>\n<p><em>Source: TCS<\/em><\/p>\n<\/div>\n<\/div>","protected":false},"excerpt":{"rendered":"<p>Die Nichtbeachtung dieser Vorschriften kann zu Bussen f\u00fchren oder die Sicherheit w\u00e4hrend der Fahrt beeintr\u00e4chtigen. Deshalb stellt der Touring Club Schweiz (TCS) den Autofahrerinnen und -fahrern eine Karte mit den jeweiligen Vorschriften in den einzelnen L\u00e4ndern zur Verf\u00fcgung. Der TCS empfiehlt zudem einen Fahrzeugcheck vor der Abreise, um Pannen insbesondere in der verkehrsreichen Sommerreisezeit zu [&hellip;]<\/p>\n","protected":false},"author":31,"featured_media":0,"comment_status":"closed","ping_status":"closed","sticky":false,"template":"","format":"standard","meta":{"_acf_changed":false,"pgc_sgb_lightbox_settings":"","footnotes":""},"categories":[1],"tags":[1711,2052,3077],"class_list":["post-24338","post","type-post","status-publish","format-standard","hentry","category-allgemein","tag-auto","tag-ferien","tag-tcs"],"acf":[],"hkrextid":null,"publication":null,"issue":null,"workflow":null,"startPage":null,"spitzmarke":null,"_posts_by_tag_page_fields":null,"_at_widget":null,"_yoast_wpseo_primary_category":"","_yoast_wpseo_focuskw_text_input":null,"_yoast_wpseo_opengraph-image":null,"_yoast_wpseo_opengraph-description":null,"_yoast_wpseo_opengraph-title":null,"enclosure":null,"_yoast_wpseo_twitter-title":null,"_yoast_wpseo_twitter-description":null,"_yoast_wpseo_twitter-image":null,"_wp_old_slug":null,"_yoast_wpseo_title":null,"_yoast_wpseo_canonical":null,"yoast_head":"<!-- This site is optimized with the Yoast SEO plugin v27.5 - https:\/\/yoast.com\/product\/yoast-seo-wordpress\/ -->\n<title>Mit dem Auto in die Ferien: Diese Regeln gelten \u2013 diese Ausr\u00fcstung ist Pflicht - Save<\/title>\n<meta name=\"description\" content=\"Bevor Sie sich diesen Sommer auf den Weg in die Ferien machen, sollten Sie Ihr Fahrzeug einmal komplett \u00fcberpr\u00fcfen, um legal und sicher durch Europa zu reisen.\" \/>\n<meta name=\"robots\" content=\"index, follow, max-snippet:-1, max-image-preview:large, max-video-preview:-1\" \/>\n<link rel=\"canonical\" href=\"https:\/\/news.save.ch\/en\/mit-dem-auto-in-die-ferien-diese-regeln-gelten-diese-ausruestung-ist-pflicht\/\" \/>\n<meta property=\"og:locale\" content=\"en_US\" \/>\n<meta property=\"og:type\" content=\"article\" \/>\n<meta property=\"og:title\" content=\"Mit dem Auto in die Ferien: Diese Regeln gelten \u2013 diese Ausr\u00fcstung ist Pflicht - Save\" \/>\n<meta property=\"og:description\" content=\"Bevor Sie sich diesen Sommer auf den Weg in die Ferien machen, sollten Sie Ihr Fahrzeug einmal komplett \u00fcberpr\u00fcfen, um legal und sicher durch Europa zu reisen.\" \/>\n<meta property=\"og:url\" content=\"https:\/\/news.save.ch\/en\/mit-dem-auto-in-die-ferien-diese-regeln-gelten-diese-ausruestung-ist-pflicht\/\" \/>\n<meta property=\"og:site_name\" content=\"Save\" \/>\n<meta property=\"article:published_time\" content=\"2025-06-23T09:25:09+00:00\" \/>\n<meta property=\"article:modified_time\" content=\"2025-06-23T09:25:13+00:00\" \/>\n<meta property=\"og:image\" content=\"https:\/\/news.save.ch\/wp-content\/uploads\/2025\/06\/peage-725fe8f4b6ef95ag0b81f6a3969c98b1@2x-scaled.jpg\" \/>\n\t<meta property=\"og:image:width\" content=\"1200\" \/>\n\t<meta property=\"og:image:height\" content=\"795\" \/>\n\t<meta property=\"og:image:type\" content=\"image\/jpeg\" \/>\n<meta name=\"author\" content=\"stefanie Zeng\" \/>\n<meta name=\"twitter:card\" content=\"summary_large_image\" \/>\n<meta name=\"twitter:label1\" content=\"Written by\" \/>\n\t<meta name=\"twitter:data1\" content=\"stefanie Zeng\" \/>\n\t<meta name=\"twitter:label2\" content=\"Est. reading time\" \/>\n\t<meta name=\"twitter:data2\" content=\"6 minutes\" \/>\n<script type=\"application\/ld+json\" class=\"yoast-schema-graph\">{\"@context\":\"https:\\\/\\\/schema.org\",\"@graph\":[{\"@type\":\"Article\",\"@id\":\"https:\\\/\\\/news.save.ch\\\/mit-dem-auto-in-die-ferien-diese-regeln-gelten-diese-ausruestung-ist-pflicht\\\/#article\",\"isPartOf\":{\"@id\":\"https:\\\/\\\/news.save.ch\\\/mit-dem-auto-in-die-ferien-diese-regeln-gelten-diese-ausruestung-ist-pflicht\\\/\"},\"author\":{\"name\":\"stefanie Zeng\",\"@id\":\"https:\\\/\\\/news.save.ch\\\/de\\\/#\\\/schema\\\/person\\\/10917387362b3961e882740f6cf6f2a2\"},\"headline\":\"Mit dem Auto in die Ferien: Diese Regeln gelten \u2013 diese Ausr\u00fcstung ist Pflicht\",\"datePublished\":\"2025-06-23T09:25:09+00:00\",\"dateModified\":\"2025-06-23T09:25:13+00:00\",\"mainEntityOfPage\":{\"@id\":\"https:\\\/\\\/news.save.ch\\\/mit-dem-auto-in-die-ferien-diese-regeln-gelten-diese-ausruestung-ist-pflicht\\\/\"},\"wordCount\":914,\"publisher\":{\"@id\":\"https:\\\/\\\/news.save.ch\\\/de\\\/#organization\"},\"image\":{\"@id\":\"https:\\\/\\\/news.save.ch\\\/mit-dem-auto-in-die-ferien-diese-regeln-gelten-diese-ausruestung-ist-pflicht\\\/#primaryimage\"},\"thumbnailUrl\":\"https:\\\/\\\/news.save.ch\\\/wp-content\\\/uploads\\\/2025\\\/06\\\/peage-725fe8f4b6ef95ag0b81f6a3969c98b1@2x-scaled.jpg\",\"keywords\":[\"Auto\",\"Ferien\",\"TCS\"],\"articleSection\":[\"ALLGEMEIN\"],\"inLanguage\":\"en-US\"},{\"@type\":\"WebPage\",\"@id\":\"https:\\\/\\\/news.save.ch\\\/mit-dem-auto-in-die-ferien-diese-regeln-gelten-diese-ausruestung-ist-pflicht\\\/\",\"url\":\"https:\\\/\\\/news.save.ch\\\/mit-dem-auto-in-die-ferien-diese-regeln-gelten-diese-ausruestung-ist-pflicht\\\/\",\"name\":\"Mit dem Auto in die Ferien: Diese Regeln gelten \u2013 diese Ausr\u00fcstung ist Pflicht - Save\",\"isPartOf\":{\"@id\":\"https:\\\/\\\/news.save.ch\\\/de\\\/#website\"},\"primaryImageOfPage\":{\"@id\":\"https:\\\/\\\/news.save.ch\\\/mit-dem-auto-in-die-ferien-diese-regeln-gelten-diese-ausruestung-ist-pflicht\\\/#primaryimage\"},\"image\":{\"@id\":\"https:\\\/\\\/news.save.ch\\\/mit-dem-auto-in-die-ferien-diese-regeln-gelten-diese-ausruestung-ist-pflicht\\\/#primaryimage\"},\"thumbnailUrl\":\"https:\\\/\\\/news.save.ch\\\/wp-content\\\/uploads\\\/2025\\\/06\\\/peage-725fe8f4b6ef95ag0b81f6a3969c98b1@2x-scaled.jpg\",\"datePublished\":\"2025-06-23T09:25:09+00:00\",\"dateModified\":\"2025-06-23T09:25:13+00:00\",\"description\":\"Bevor Sie sich diesen Sommer auf den Weg in die Ferien machen, sollten Sie Ihr Fahrzeug einmal komplett \u00fcberpr\u00fcfen, um legal und sicher durch Europa zu reisen.\",\"breadcrumb\":{\"@id\":\"https:\\\/\\\/news.save.ch\\\/mit-dem-auto-in-die-ferien-diese-regeln-gelten-diese-ausruestung-ist-pflicht\\\/#breadcrumb\"},\"inLanguage\":\"en-US\",\"potentialAction\":[{\"@type\":\"ReadAction\",\"target\":[\"https:\\\/\\\/news.save.ch\\\/mit-dem-auto-in-die-ferien-diese-regeln-gelten-diese-ausruestung-ist-pflicht\\\/\"]}]},{\"@type\":\"ImageObject\",\"inLanguage\":\"en-US\",\"@id\":\"https:\\\/\\\/news.save.ch\\\/mit-dem-auto-in-die-ferien-diese-regeln-gelten-diese-ausruestung-ist-pflicht\\\/#primaryimage\",\"url\":\"https:\\\/\\\/news.save.ch\\\/wp-content\\\/uploads\\\/2025\\\/06\\\/peage-725fe8f4b6ef95ag0b81f6a3969c98b1@2x-scaled.jpg\",\"contentUrl\":\"https:\\\/\\\/news.save.ch\\\/wp-content\\\/uploads\\\/2025\\\/06\\\/peage-725fe8f4b6ef95ag0b81f6a3969c98b1@2x-scaled.jpg\"},{\"@type\":\"BreadcrumbList\",\"@id\":\"https:\\\/\\\/news.save.ch\\\/mit-dem-auto-in-die-ferien-diese-regeln-gelten-diese-ausruestung-ist-pflicht\\\/#breadcrumb\",\"itemListElement\":[{\"@type\":\"ListItem\",\"position\":1,\"name\":\"Home\",\"item\":\"https:\\\/\\\/news.save.ch\\\/de\\\/\"},{\"@type\":\"ListItem\",\"position\":2,\"name\":\"Mit dem Auto in die Ferien: Diese Regeln gelten \u2013 diese Ausr\u00fcstung ist Pflicht\"}]},{\"@type\":\"WebSite\",\"@id\":\"https:\\\/\\\/news.save.ch\\\/de\\\/#website\",\"url\":\"https:\\\/\\\/news.save.ch\\\/de\\\/\",\"name\":\"Save\",\"description\":\"Schweizer Fachzeitschrift f\u00fcr Sicherheit\",\"publisher\":{\"@id\":\"https:\\\/\\\/news.save.ch\\\/de\\\/#organization\"},\"potentialAction\":[{\"@type\":\"SearchAction\",\"target\":{\"@type\":\"EntryPoint\",\"urlTemplate\":\"https:\\\/\\\/news.save.ch\\\/de\\\/?s={search_term_string}\"},\"query-input\":{\"@type\":\"PropertyValueSpecification\",\"valueRequired\":true,\"valueName\":\"search_term_string\"}}],\"inLanguage\":\"en-US\"},{\"@type\":\"Organization\",\"@id\":\"https:\\\/\\\/news.save.ch\\\/de\\\/#organization\",\"name\":\"Sicherheitsforum\",\"url\":\"https:\\\/\\\/news.save.ch\\\/de\\\/\",\"logo\":{\"@type\":\"ImageObject\",\"inLanguage\":\"en-US\",\"@id\":\"https:\\\/\\\/news.save.ch\\\/de\\\/#\\\/schema\\\/logo\\\/image\\\/\",\"url\":\"https:\\\/\\\/news.save.ch\\\/wp-content\\\/uploads\\\/2022\\\/06\\\/Logo_SF_2012.png\",\"contentUrl\":\"https:\\\/\\\/news.save.ch\\\/wp-content\\\/uploads\\\/2022\\\/06\\\/Logo_SF_2012.png\",\"width\":1100,\"height\":91,\"caption\":\"Sicherheitsforum\"},\"image\":{\"@id\":\"https:\\\/\\\/news.save.ch\\\/de\\\/#\\\/schema\\\/logo\\\/image\\\/\"}},{\"@type\":\"Person\",\"@id\":\"https:\\\/\\\/news.save.ch\\\/de\\\/#\\\/schema\\\/person\\\/10917387362b3961e882740f6cf6f2a2\",\"name\":\"stefanie Zeng\",\"image\":{\"@type\":\"ImageObject\",\"inLanguage\":\"en-US\",\"@id\":\"https:\\\/\\\/secure.gravatar.com\\\/avatar\\\/eac43faa6e40bb2c41068c95c9d78bbd94c476d5efdff7abaab80bb3ea681e06?s=96&d=mm&r=g\",\"url\":\"https:\\\/\\\/secure.gravatar.com\\\/avatar\\\/eac43faa6e40bb2c41068c95c9d78bbd94c476d5efdff7abaab80bb3ea681e06?s=96&d=mm&r=g\",\"contentUrl\":\"https:\\\/\\\/secure.gravatar.com\\\/avatar\\\/eac43faa6e40bb2c41068c95c9d78bbd94c476d5efdff7abaab80bb3ea681e06?s=96&d=mm&r=g\",\"caption\":\"stefanie Zeng\"},\"url\":\"https:\\\/\\\/news.save.ch\\\/en\\\/author\\\/stefanie-zeng\\\/\"}]}<\/script>\n<!-- \/ Yoast SEO plugin. -->","yoast_head_json":{"title":"Going on vacation by car: These rules apply - this equipment is mandatory - Save","description":"Before you set off on vacation this summer, you should have your vehicle fully checked so that you can travel legally and safely through Europe.","robots":{"index":"index","follow":"follow","max-snippet":"max-snippet:-1","max-image-preview":"max-image-preview:large","max-video-preview":"max-video-preview:-1"},"canonical":"https:\/\/news.save.ch\/en\/mit-dem-auto-in-die-ferien-diese-regeln-gelten-diese-ausruestung-ist-pflicht\/","og_locale":"en_US","og_type":"article","og_title":"Mit dem Auto in die Ferien: Diese Regeln gelten \u2013 diese Ausr\u00fcstung ist Pflicht - Save","og_description":"Bevor Sie sich diesen Sommer auf den Weg in die Ferien machen, sollten Sie Ihr Fahrzeug einmal komplett \u00fcberpr\u00fcfen, um legal und sicher durch Europa zu reisen.","og_url":"https:\/\/news.save.ch\/en\/mit-dem-auto-in-die-ferien-diese-regeln-gelten-diese-ausruestung-ist-pflicht\/","og_site_name":"Save","article_published_time":"2025-06-23T09:25:09+00:00","article_modified_time":"2025-06-23T09:25:13+00:00","og_image":[{"width":1200,"height":795,"url":"https:\/\/news.save.ch\/wp-content\/uploads\/2025\/06\/peage-725fe8f4b6ef95ag0b81f6a3969c98b1@2x-scaled.jpg","type":"image\/jpeg"}],"author":"stefanie Zeng","twitter_card":"summary_large_image","twitter_misc":{"Written by":"stefanie Zeng","Est. reading time":"6 minutes"},"schema":{"@context":"https:\/\/schema.org","@graph":[{"@type":"Article","@id":"https:\/\/news.save.ch\/mit-dem-auto-in-die-ferien-diese-regeln-gelten-diese-ausruestung-ist-pflicht\/#article","isPartOf":{"@id":"https:\/\/news.save.ch\/mit-dem-auto-in-die-ferien-diese-regeln-gelten-diese-ausruestung-ist-pflicht\/"},"author":{"name":"stefanie Zeng","@id":"https:\/\/news.save.ch\/de\/#\/schema\/person\/10917387362b3961e882740f6cf6f2a2"},"headline":"Mit dem Auto in die Ferien: Diese Regeln gelten \u2013 diese Ausr\u00fcstung ist Pflicht","datePublished":"2025-06-23T09:25:09+00:00","dateModified":"2025-06-23T09:25:13+00:00","mainEntityOfPage":{"@id":"https:\/\/news.save.ch\/mit-dem-auto-in-die-ferien-diese-regeln-gelten-diese-ausruestung-ist-pflicht\/"},"wordCount":914,"publisher":{"@id":"https:\/\/news.save.ch\/de\/#organization"},"image":{"@id":"https:\/\/news.save.ch\/mit-dem-auto-in-die-ferien-diese-regeln-gelten-diese-ausruestung-ist-pflicht\/#primaryimage"},"thumbnailUrl":"https:\/\/news.save.ch\/wp-content\/uploads\/2025\/06\/peage-725fe8f4b6ef95ag0b81f6a3969c98b1@2x-scaled.jpg","keywords":["Auto","Ferien","TCS"],"articleSection":["ALLGEMEIN"],"inLanguage":"en-US"},{"@type":"WebPage","@id":"https:\/\/news.save.ch\/mit-dem-auto-in-die-ferien-diese-regeln-gelten-diese-ausruestung-ist-pflicht\/","url":"https:\/\/news.save.ch\/mit-dem-auto-in-die-ferien-diese-regeln-gelten-diese-ausruestung-ist-pflicht\/","name":"Going on vacation by car: These rules apply - this equipment is mandatory - Save","isPartOf":{"@id":"https:\/\/news.save.ch\/de\/#website"},"primaryImageOfPage":{"@id":"https:\/\/news.save.ch\/mit-dem-auto-in-die-ferien-diese-regeln-gelten-diese-ausruestung-ist-pflicht\/#primaryimage"},"image":{"@id":"https:\/\/news.save.ch\/mit-dem-auto-in-die-ferien-diese-regeln-gelten-diese-ausruestung-ist-pflicht\/#primaryimage"},"thumbnailUrl":"https:\/\/news.save.ch\/wp-content\/uploads\/2025\/06\/peage-725fe8f4b6ef95ag0b81f6a3969c98b1@2x-scaled.jpg","datePublished":"2025-06-23T09:25:09+00:00","dateModified":"2025-06-23T09:25:13+00:00","description":"Before you set off on vacation this summer, you should have your vehicle fully checked so that you can travel legally and safely through Europe.","breadcrumb":{"@id":"https:\/\/news.save.ch\/mit-dem-auto-in-die-ferien-diese-regeln-gelten-diese-ausruestung-ist-pflicht\/#breadcrumb"},"inLanguage":"en-US","potentialAction":[{"@type":"ReadAction","target":["https:\/\/news.save.ch\/mit-dem-auto-in-die-ferien-diese-regeln-gelten-diese-ausruestung-ist-pflicht\/"]}]},{"@type":"ImageObject","inLanguage":"en-US","@id":"https:\/\/news.save.ch\/mit-dem-auto-in-die-ferien-diese-regeln-gelten-diese-ausruestung-ist-pflicht\/#primaryimage","url":"https:\/\/news.save.ch\/wp-content\/uploads\/2025\/06\/peage-725fe8f4b6ef95ag0b81f6a3969c98b1@2x-scaled.jpg","contentUrl":"https:\/\/news.save.ch\/wp-content\/uploads\/2025\/06\/peage-725fe8f4b6ef95ag0b81f6a3969c98b1@2x-scaled.jpg"},{"@type":"BreadcrumbList","@id":"https:\/\/news.save.ch\/mit-dem-auto-in-die-ferien-diese-regeln-gelten-diese-ausruestung-ist-pflicht\/#breadcrumb","itemListElement":[{"@type":"ListItem","position":1,"name":"Home","item":"https:\/\/news.save.ch\/de\/"},{"@type":"ListItem","position":2,"name":"Mit dem Auto in die Ferien: Diese Regeln gelten \u2013 diese Ausr\u00fcstung ist Pflicht"}]},{"@type":"WebSite","@id":"https:\/\/news.save.ch\/de\/#website","url":"https:\/\/news.save.ch\/de\/","name":"Save","description":"Swiss trade journal for safety","publisher":{"@id":"https:\/\/news.save.ch\/de\/#organization"},"potentialAction":[{"@type":"SearchAction","target":{"@type":"EntryPoint","urlTemplate":"https:\/\/news.save.ch\/de\/?s={search_term_string}"},"query-input":{"@type":"PropertyValueSpecification","valueRequired":true,"valueName":"search_term_string"}}],"inLanguage":"en-US"},{"@type":"Organization","@id":"https:\/\/news.save.ch\/de\/#organization","name":"Security Forum","url":"https:\/\/news.save.ch\/de\/","logo":{"@type":"ImageObject","inLanguage":"en-US","@id":"https:\/\/news.save.ch\/de\/#\/schema\/logo\/image\/","url":"https:\/\/news.save.ch\/wp-content\/uploads\/2022\/06\/Logo_SF_2012.png","contentUrl":"https:\/\/news.save.ch\/wp-content\/uploads\/2022\/06\/Logo_SF_2012.png","width":1100,"height":91,"caption":"Sicherheitsforum"},"image":{"@id":"https:\/\/news.save.ch\/de\/#\/schema\/logo\/image\/"}},{"@type":"Person","@id":"https:\/\/news.save.ch\/de\/#\/schema\/person\/10917387362b3961e882740f6cf6f2a2","name":"Stefanie Zeng","image":{"@type":"ImageObject","inLanguage":"en-US","@id":"https:\/\/secure.gravatar.com\/avatar\/eac43faa6e40bb2c41068c95c9d78bbd94c476d5efdff7abaab80bb3ea681e06?s=96&d=mm&r=g","url":"https:\/\/secure.gravatar.com\/avatar\/eac43faa6e40bb2c41068c95c9d78bbd94c476d5efdff7abaab80bb3ea681e06?s=96&d=mm&r=g","contentUrl":"https:\/\/secure.gravatar.com\/avatar\/eac43faa6e40bb2c41068c95c9d78bbd94c476d5efdff7abaab80bb3ea681e06?s=96&d=mm&r=g","caption":"stefanie Zeng"},"url":"https:\/\/news.save.ch\/en\/author\/stefanie-zeng\/"}]}},"_links":{"self":[{"href":"https:\/\/news.save.ch\/en\/wp-json\/wp\/v2\/posts\/24338","targetHints":{"allow":["GET"]}}],"collection":[{"href":"https:\/\/news.save.ch\/en\/wp-json\/wp\/v2\/posts"}],"about":[{"href":"https:\/\/news.save.ch\/en\/wp-json\/wp\/v2\/types\/post"}],"author":[{"embeddable":true,"href":"https:\/\/news.save.ch\/en\/wp-json\/wp\/v2\/users\/31"}],"replies":[{"embeddable":true,"href":"https:\/\/news.save.ch\/en\/wp-json\/wp\/v2\/comments?post=24338"}],"version-history":[{"count":2,"href":"https:\/\/news.save.ch\/en\/wp-json\/wp\/v2\/posts\/24338\/revisions"}],"predecessor-version":[{"id":24343,"href":"https:\/\/news.save.ch\/en\/wp-json\/wp\/v2\/posts\/24338\/revisions\/24343"}],"wp:attachment":[{"href":"https:\/\/news.save.ch\/en\/wp-json\/wp\/v2\/media?parent=24338"}],"wp:term":[{"taxonomy":"category","embeddable":true,"href":"https:\/\/news.save.ch\/en\/wp-json\/wp\/v2\/categories?post=24338"},{"taxonomy":"post_tag","embeddable":true,"href":"https:\/\/news.save.ch\/en\/wp-json\/wp\/v2\/tags?post=24338"}],"curies":[{"name":"wp","href":"https:\/\/api.w.org\/{rel}","templated":true}]}}