{"id":24345,"date":"2025-06-24T12:11:57","date_gmt":"2025-06-24T10:11:57","guid":{"rendered":"https:\/\/news.save.ch\/?p=24345"},"modified":"2025-06-24T12:12:03","modified_gmt":"2025-06-24T10:12:03","slug":"modernisierung-des-notrufzugangs","status":null,"type":"post","link":"https:\/\/news.save.ch\/en\/modernisierung-des-notrufzugangs\/","title":{"rendered":"Modernization of emergency call access"},"content":{"rendered":"<figure id=\"attachment_24346\" aria-describedby=\"caption-attachment-24346\" style=\"width: 1000px\" class=\"wp-caption alignnone\"><a href=\"https:\/\/news.save.ch\/en\/modernisierung-des-notrufzugangs\/depositphotos_59323759_s\/\" rel=\"attachment wp-att-24346\"><img loading=\"lazy\" decoding=\"async\" class=\"size-full wp-image-24346\" src=\"https:\/\/news.save.ch\/wp-content\/uploads\/2025\/06\/Depositphotos_59323759_S.jpg\" alt=\"\" width=\"1000\" height=\"667\" srcset=\"https:\/\/news.save.ch\/wp-content\/uploads\/2025\/06\/Depositphotos_59323759_S.jpg 1000w, https:\/\/news.save.ch\/wp-content\/uploads\/2025\/06\/Depositphotos_59323759_S-680x454.jpg 680w, https:\/\/news.save.ch\/wp-content\/uploads\/2025\/06\/Depositphotos_59323759_S-768x512.jpg 768w, https:\/\/news.save.ch\/wp-content\/uploads\/2025\/06\/Depositphotos_59323759_S-18x12.jpg 18w, https:\/\/news.save.ch\/wp-content\/uploads\/2025\/06\/Depositphotos_59323759_S-375x250.jpg 375w, https:\/\/news.save.ch\/wp-content\/uploads\/2025\/06\/Depositphotos_59323759_S-525x350.jpg 525w\" sizes=\"auto, (max-width: 1000px) 100vw, 1000px\" \/><\/a><figcaption id=\"caption-attachment-24346\" class=\"wp-caption-text\">Photo: Depositphotos\/tatsianama<\/figcaption><\/figure>\n<p id=\"doc-1iu46aepn0\" class=\"font--regular\">The Federal Council wants to modernize access to emergency services for the population and adapt it to technological developments. To this end, three ordinances are being amended: Ordinance on Telecommunications Services FDV, Ordinance on Telecommunications Installations FAV and the Ordinance on Addressing Elements in the Telecommunications Sector AEFV.<\/p>\n<h3 id=\"doc-1iu46agj40\" class=\"h2\">Real-time text as an additional contact option<\/h3>\n<p id=\"doc-1iu46agj60\" class=\"font--regular\">The public should also be able to reach the emergency services via real-time text (see box). This will particularly benefit people with a hearing impairment, as it will make it easier for them to access the emergency services. The ability to contact people via text can also be crucial for rapid assistance in situations where it is not possible to speak (e.g. in the event of noise, an injury or a dangerous situation). The revised FDV and FAV define new requirements for end devices (smartphones), which must include the text function. Furthermore, the introduction of this function requires the complete digitalization of telecommunications networks so that the text can be transmitted to the emergency services. In order to be able to receive the text, the alarm centers must procure the necessary equipment and train their personnel.<\/p>\n<h3 id=\"doc-1iu46agj70\" class=\"h2\">Short number for victim support<\/h3>\n<p id=\"doc-1iu46agj80\" class=\"font--regular\">A central element of the present revision project is the introduction of a short number (142) for victim assistance. New requirements are being set which telecommunications service providers and terminal equipment manufacturers must meet. The amendment also affects the emergency services and help and advice centers, as they have to answer calls and provide the necessary services.<\/p>\n<p id=\"doc-1iu6dr8qc1\" class=\"font--regular\">The short number 142 has already been provisionally allocated to the Conference of Cantonal Directors of Social Affairs so that they can begin the time-consuming commissioning process in collaboration with Swisscom and the cantons. Once the new provisions come into force, this short number will belong to the new category of assistance and advice services, which, like emergency services, will be free of charge. The consultation period will last until October 14, 2025.<\/p>\n<h3 id=\"doc-1iu6cvqsv0\" class=\"font--regular\">What is real-time text?<\/h3>\n<p id=\"doc-1iu46agja0\" class=\"font--regular\">Real-time text is a technology that makes it possible to transmit text simultaneously during a call. Messages are displayed character by character as they are typed, making communication more immediate than with conventional text messages.<\/p>","protected":false},"excerpt":{"rendered":"<p>Der Bundesrat will den Zugang zu den Notdiensten f\u00fcr die Bev\u00f6lkerung modernisieren und an die technologische Entwicklung anpassen. Dazu werden drei Verordnungen angepasst: Verordnung \u00fcber Fernmeldedienste FDV, Verordnung \u00fcber Fernmeldeanlagen FAV und die Verordnung \u00fcber die Adressierungselemente im Fernmeldebereich AEFV. Echtzeittext als zus\u00e4tzliche Kontaktm\u00f6glichkeit Die Bev\u00f6lkerung soll die Blaulichtorganisationen auch \u00fcber Echtzeittext erreichen k\u00f6nnen (siehe [&hellip;]<\/p>\n","protected":false},"author":31,"featured_media":24346,"comment_status":"closed","ping_status":"closed","sticky":false,"template":"","format":"standard","meta":{"_acf_changed":false,"pgc_sgb_lightbox_settings":"","footnotes":""},"categories":[1],"tags":[6590,351,6367,1259],"class_list":["post-24345","post","type-post","status-publish","format-standard","has-post-thumbnail","hentry","category-allgemein","tag-6590","tag-blaulichtorganisation","tag-notruf","tag-smartphone"],"acf":[],"hkrextid":null,"publication":null,"issue":null,"workflow":null,"startPage":null,"spitzmarke":null,"_posts_by_tag_page_fields":null,"_at_widget":null,"_yoast_wpseo_primary_category":"","_yoast_wpseo_focuskw_text_input":null,"_yoast_wpseo_opengraph-image":null,"_yoast_wpseo_opengraph-description":null,"_yoast_wpseo_opengraph-title":null,"enclosure":null,"_yoast_wpseo_twitter-title":null,"_yoast_wpseo_twitter-description":null,"_yoast_wpseo_twitter-image":null,"_wp_old_slug":null,"_yoast_wpseo_title":null,"_yoast_wpseo_canonical":null,"yoast_head":"<!-- This site is optimized with the Yoast SEO plugin v27.5 - https:\/\/yoast.com\/product\/yoast-seo-wordpress\/ -->\n<title>Modernisierung des Notrufzugangs - Save<\/title>\n<meta name=\"description\" content=\"Personen mit H\u00f6rbehinderungen sollen die Notdienste von Polizei, Feuerwehr und Sanit\u00e4t per Textfunktion auf ihrem Smartphone erreichen k\u00f6nnen.\" \/>\n<meta name=\"robots\" content=\"index, follow, max-snippet:-1, max-image-preview:large, max-video-preview:-1\" \/>\n<link rel=\"canonical\" href=\"https:\/\/news.save.ch\/en\/modernisierung-des-notrufzugangs\/\" \/>\n<meta property=\"og:locale\" content=\"en_US\" \/>\n<meta property=\"og:type\" content=\"article\" \/>\n<meta property=\"og:title\" content=\"Modernisierung des Notrufzugangs - Save\" \/>\n<meta property=\"og:description\" content=\"Personen mit H\u00f6rbehinderungen sollen die Notdienste von Polizei, Feuerwehr und Sanit\u00e4t per Textfunktion auf ihrem Smartphone erreichen k\u00f6nnen.\" \/>\n<meta property=\"og:url\" content=\"https:\/\/news.save.ch\/en\/modernisierung-des-notrufzugangs\/\" \/>\n<meta property=\"og:site_name\" content=\"Save\" \/>\n<meta property=\"article:published_time\" content=\"2025-06-24T10:11:57+00:00\" \/>\n<meta property=\"article:modified_time\" content=\"2025-06-24T10:12:03+00:00\" \/>\n<meta property=\"og:image\" content=\"https:\/\/news.save.ch\/wp-content\/uploads\/2025\/06\/Depositphotos_59323759_S.jpg\" \/>\n\t<meta property=\"og:image:width\" content=\"1000\" \/>\n\t<meta property=\"og:image:height\" content=\"667\" \/>\n\t<meta property=\"og:image:type\" content=\"image\/jpeg\" \/>\n<meta name=\"author\" content=\"stefanie Zeng\" \/>\n<meta name=\"twitter:card\" content=\"summary_large_image\" \/>\n<meta name=\"twitter:label1\" content=\"Written by\" \/>\n\t<meta name=\"twitter:data1\" content=\"stefanie Zeng\" \/>\n\t<meta name=\"twitter:label2\" content=\"Est. reading time\" \/>\n\t<meta name=\"twitter:data2\" content=\"3 minutes\" \/>\n<script type=\"application\/ld+json\" class=\"yoast-schema-graph\">{\"@context\":\"https:\\\/\\\/schema.org\",\"@graph\":[{\"@type\":\"Article\",\"@id\":\"https:\\\/\\\/news.save.ch\\\/modernisierung-des-notrufzugangs\\\/#article\",\"isPartOf\":{\"@id\":\"https:\\\/\\\/news.save.ch\\\/modernisierung-des-notrufzugangs\\\/\"},\"author\":{\"name\":\"stefanie Zeng\",\"@id\":\"https:\\\/\\\/news.save.ch\\\/de\\\/#\\\/schema\\\/person\\\/10917387362b3961e882740f6cf6f2a2\"},\"headline\":\"Modernisierung des Notrufzugangs\",\"datePublished\":\"2025-06-24T10:11:57+00:00\",\"dateModified\":\"2025-06-24T10:12:03+00:00\",\"mainEntityOfPage\":{\"@id\":\"https:\\\/\\\/news.save.ch\\\/modernisierung-des-notrufzugangs\\\/\"},\"wordCount\":351,\"publisher\":{\"@id\":\"https:\\\/\\\/news.save.ch\\\/de\\\/#organization\"},\"image\":{\"@id\":\"https:\\\/\\\/news.save.ch\\\/modernisierung-des-notrufzugangs\\\/#primaryimage\"},\"thumbnailUrl\":\"https:\\\/\\\/news.save.ch\\\/wp-content\\\/uploads\\\/2025\\\/06\\\/Depositphotos_59323759_S.jpg\",\"keywords\":[\"142\",\"Blaulichtorganisation\",\"Notruf\",\"Smartphone\"],\"articleSection\":[\"ALLGEMEIN\"],\"inLanguage\":\"en-US\"},{\"@type\":\"WebPage\",\"@id\":\"https:\\\/\\\/news.save.ch\\\/modernisierung-des-notrufzugangs\\\/\",\"url\":\"https:\\\/\\\/news.save.ch\\\/modernisierung-des-notrufzugangs\\\/\",\"name\":\"Modernisierung des Notrufzugangs - Save\",\"isPartOf\":{\"@id\":\"https:\\\/\\\/news.save.ch\\\/de\\\/#website\"},\"primaryImageOfPage\":{\"@id\":\"https:\\\/\\\/news.save.ch\\\/modernisierung-des-notrufzugangs\\\/#primaryimage\"},\"image\":{\"@id\":\"https:\\\/\\\/news.save.ch\\\/modernisierung-des-notrufzugangs\\\/#primaryimage\"},\"thumbnailUrl\":\"https:\\\/\\\/news.save.ch\\\/wp-content\\\/uploads\\\/2025\\\/06\\\/Depositphotos_59323759_S.jpg\",\"datePublished\":\"2025-06-24T10:11:57+00:00\",\"dateModified\":\"2025-06-24T10:12:03+00:00\",\"description\":\"Personen mit H\u00f6rbehinderungen sollen die Notdienste von Polizei, Feuerwehr und Sanit\u00e4t per Textfunktion auf ihrem Smartphone erreichen k\u00f6nnen.\",\"breadcrumb\":{\"@id\":\"https:\\\/\\\/news.save.ch\\\/modernisierung-des-notrufzugangs\\\/#breadcrumb\"},\"inLanguage\":\"en-US\",\"potentialAction\":[{\"@type\":\"ReadAction\",\"target\":[\"https:\\\/\\\/news.save.ch\\\/modernisierung-des-notrufzugangs\\\/\"]}]},{\"@type\":\"ImageObject\",\"inLanguage\":\"en-US\",\"@id\":\"https:\\\/\\\/news.save.ch\\\/modernisierung-des-notrufzugangs\\\/#primaryimage\",\"url\":\"https:\\\/\\\/news.save.ch\\\/wp-content\\\/uploads\\\/2025\\\/06\\\/Depositphotos_59323759_S.jpg\",\"contentUrl\":\"https:\\\/\\\/news.save.ch\\\/wp-content\\\/uploads\\\/2025\\\/06\\\/Depositphotos_59323759_S.jpg\",\"width\":1000,\"height\":667,\"caption\":\"Foto: Depositphotos\\\/tatsianama\"},{\"@type\":\"BreadcrumbList\",\"@id\":\"https:\\\/\\\/news.save.ch\\\/modernisierung-des-notrufzugangs\\\/#breadcrumb\",\"itemListElement\":[{\"@type\":\"ListItem\",\"position\":1,\"name\":\"Home\",\"item\":\"https:\\\/\\\/news.save.ch\\\/de\\\/\"},{\"@type\":\"ListItem\",\"position\":2,\"name\":\"Modernisierung des Notrufzugangs\"}]},{\"@type\":\"WebSite\",\"@id\":\"https:\\\/\\\/news.save.ch\\\/de\\\/#website\",\"url\":\"https:\\\/\\\/news.save.ch\\\/de\\\/\",\"name\":\"Save\",\"description\":\"Schweizer Fachzeitschrift f\u00fcr Sicherheit\",\"publisher\":{\"@id\":\"https:\\\/\\\/news.save.ch\\\/de\\\/#organization\"},\"potentialAction\":[{\"@type\":\"SearchAction\",\"target\":{\"@type\":\"EntryPoint\",\"urlTemplate\":\"https:\\\/\\\/news.save.ch\\\/de\\\/?s={search_term_string}\"},\"query-input\":{\"@type\":\"PropertyValueSpecification\",\"valueRequired\":true,\"valueName\":\"search_term_string\"}}],\"inLanguage\":\"en-US\"},{\"@type\":\"Organization\",\"@id\":\"https:\\\/\\\/news.save.ch\\\/de\\\/#organization\",\"name\":\"Sicherheitsforum\",\"url\":\"https:\\\/\\\/news.save.ch\\\/de\\\/\",\"logo\":{\"@type\":\"ImageObject\",\"inLanguage\":\"en-US\",\"@id\":\"https:\\\/\\\/news.save.ch\\\/de\\\/#\\\/schema\\\/logo\\\/image\\\/\",\"url\":\"https:\\\/\\\/news.save.ch\\\/wp-content\\\/uploads\\\/2022\\\/06\\\/Logo_SF_2012.png\",\"contentUrl\":\"https:\\\/\\\/news.save.ch\\\/wp-content\\\/uploads\\\/2022\\\/06\\\/Logo_SF_2012.png\",\"width\":1100,\"height\":91,\"caption\":\"Sicherheitsforum\"},\"image\":{\"@id\":\"https:\\\/\\\/news.save.ch\\\/de\\\/#\\\/schema\\\/logo\\\/image\\\/\"}},{\"@type\":\"Person\",\"@id\":\"https:\\\/\\\/news.save.ch\\\/de\\\/#\\\/schema\\\/person\\\/10917387362b3961e882740f6cf6f2a2\",\"name\":\"stefanie Zeng\",\"image\":{\"@type\":\"ImageObject\",\"inLanguage\":\"en-US\",\"@id\":\"https:\\\/\\\/secure.gravatar.com\\\/avatar\\\/eac43faa6e40bb2c41068c95c9d78bbd94c476d5efdff7abaab80bb3ea681e06?s=96&d=mm&r=g\",\"url\":\"https:\\\/\\\/secure.gravatar.com\\\/avatar\\\/eac43faa6e40bb2c41068c95c9d78bbd94c476d5efdff7abaab80bb3ea681e06?s=96&d=mm&r=g\",\"contentUrl\":\"https:\\\/\\\/secure.gravatar.com\\\/avatar\\\/eac43faa6e40bb2c41068c95c9d78bbd94c476d5efdff7abaab80bb3ea681e06?s=96&d=mm&r=g\",\"caption\":\"stefanie Zeng\"},\"url\":\"https:\\\/\\\/news.save.ch\\\/en\\\/author\\\/stefanie-zeng\\\/\"}]}<\/script>\n<!-- \/ Yoast SEO plugin. -->","yoast_head_json":{"title":"Modernization of emergency call access - Save","description":"People with hearing impairments should be able to contact the emergency services of the police, fire department and ambulance service via text function on their smartphone.","robots":{"index":"index","follow":"follow","max-snippet":"max-snippet:-1","max-image-preview":"max-image-preview:large","max-video-preview":"max-video-preview:-1"},"canonical":"https:\/\/news.save.ch\/en\/modernisierung-des-notrufzugangs\/","og_locale":"en_US","og_type":"article","og_title":"Modernisierung des Notrufzugangs - Save","og_description":"Personen mit H\u00f6rbehinderungen sollen die Notdienste von Polizei, Feuerwehr und Sanit\u00e4t per Textfunktion auf ihrem Smartphone erreichen k\u00f6nnen.","og_url":"https:\/\/news.save.ch\/en\/modernisierung-des-notrufzugangs\/","og_site_name":"Save","article_published_time":"2025-06-24T10:11:57+00:00","article_modified_time":"2025-06-24T10:12:03+00:00","og_image":[{"width":1000,"height":667,"url":"https:\/\/news.save.ch\/wp-content\/uploads\/2025\/06\/Depositphotos_59323759_S.jpg","type":"image\/jpeg"}],"author":"stefanie Zeng","twitter_card":"summary_large_image","twitter_misc":{"Written by":"stefanie Zeng","Est. reading time":"3 minutes"},"schema":{"@context":"https:\/\/schema.org","@graph":[{"@type":"Article","@id":"https:\/\/news.save.ch\/modernisierung-des-notrufzugangs\/#article","isPartOf":{"@id":"https:\/\/news.save.ch\/modernisierung-des-notrufzugangs\/"},"author":{"name":"stefanie Zeng","@id":"https:\/\/news.save.ch\/de\/#\/schema\/person\/10917387362b3961e882740f6cf6f2a2"},"headline":"Modernisierung des Notrufzugangs","datePublished":"2025-06-24T10:11:57+00:00","dateModified":"2025-06-24T10:12:03+00:00","mainEntityOfPage":{"@id":"https:\/\/news.save.ch\/modernisierung-des-notrufzugangs\/"},"wordCount":351,"publisher":{"@id":"https:\/\/news.save.ch\/de\/#organization"},"image":{"@id":"https:\/\/news.save.ch\/modernisierung-des-notrufzugangs\/#primaryimage"},"thumbnailUrl":"https:\/\/news.save.ch\/wp-content\/uploads\/2025\/06\/Depositphotos_59323759_S.jpg","keywords":["142","Blaulichtorganisation","Notruf","Smartphone"],"articleSection":["ALLGEMEIN"],"inLanguage":"en-US"},{"@type":"WebPage","@id":"https:\/\/news.save.ch\/modernisierung-des-notrufzugangs\/","url":"https:\/\/news.save.ch\/modernisierung-des-notrufzugangs\/","name":"Modernization of emergency call access - Save","isPartOf":{"@id":"https:\/\/news.save.ch\/de\/#website"},"primaryImageOfPage":{"@id":"https:\/\/news.save.ch\/modernisierung-des-notrufzugangs\/#primaryimage"},"image":{"@id":"https:\/\/news.save.ch\/modernisierung-des-notrufzugangs\/#primaryimage"},"thumbnailUrl":"https:\/\/news.save.ch\/wp-content\/uploads\/2025\/06\/Depositphotos_59323759_S.jpg","datePublished":"2025-06-24T10:11:57+00:00","dateModified":"2025-06-24T10:12:03+00:00","description":"People with hearing impairments should be able to contact the emergency services of the police, fire department and ambulance service via text function on their smartphone.","breadcrumb":{"@id":"https:\/\/news.save.ch\/modernisierung-des-notrufzugangs\/#breadcrumb"},"inLanguage":"en-US","potentialAction":[{"@type":"ReadAction","target":["https:\/\/news.save.ch\/modernisierung-des-notrufzugangs\/"]}]},{"@type":"ImageObject","inLanguage":"en-US","@id":"https:\/\/news.save.ch\/modernisierung-des-notrufzugangs\/#primaryimage","url":"https:\/\/news.save.ch\/wp-content\/uploads\/2025\/06\/Depositphotos_59323759_S.jpg","contentUrl":"https:\/\/news.save.ch\/wp-content\/uploads\/2025\/06\/Depositphotos_59323759_S.jpg","width":1000,"height":667,"caption":"Foto: Depositphotos\/tatsianama"},{"@type":"BreadcrumbList","@id":"https:\/\/news.save.ch\/modernisierung-des-notrufzugangs\/#breadcrumb","itemListElement":[{"@type":"ListItem","position":1,"name":"Home","item":"https:\/\/news.save.ch\/de\/"},{"@type":"ListItem","position":2,"name":"Modernisierung des Notrufzugangs"}]},{"@type":"WebSite","@id":"https:\/\/news.save.ch\/de\/#website","url":"https:\/\/news.save.ch\/de\/","name":"Save","description":"Swiss trade journal for safety","publisher":{"@id":"https:\/\/news.save.ch\/de\/#organization"},"potentialAction":[{"@type":"SearchAction","target":{"@type":"EntryPoint","urlTemplate":"https:\/\/news.save.ch\/de\/?s={search_term_string}"},"query-input":{"@type":"PropertyValueSpecification","valueRequired":true,"valueName":"search_term_string"}}],"inLanguage":"en-US"},{"@type":"Organization","@id":"https:\/\/news.save.ch\/de\/#organization","name":"Security Forum","url":"https:\/\/news.save.ch\/de\/","logo":{"@type":"ImageObject","inLanguage":"en-US","@id":"https:\/\/news.save.ch\/de\/#\/schema\/logo\/image\/","url":"https:\/\/news.save.ch\/wp-content\/uploads\/2022\/06\/Logo_SF_2012.png","contentUrl":"https:\/\/news.save.ch\/wp-content\/uploads\/2022\/06\/Logo_SF_2012.png","width":1100,"height":91,"caption":"Sicherheitsforum"},"image":{"@id":"https:\/\/news.save.ch\/de\/#\/schema\/logo\/image\/"}},{"@type":"Person","@id":"https:\/\/news.save.ch\/de\/#\/schema\/person\/10917387362b3961e882740f6cf6f2a2","name":"Stefanie Zeng","image":{"@type":"ImageObject","inLanguage":"en-US","@id":"https:\/\/secure.gravatar.com\/avatar\/eac43faa6e40bb2c41068c95c9d78bbd94c476d5efdff7abaab80bb3ea681e06?s=96&d=mm&r=g","url":"https:\/\/secure.gravatar.com\/avatar\/eac43faa6e40bb2c41068c95c9d78bbd94c476d5efdff7abaab80bb3ea681e06?s=96&d=mm&r=g","contentUrl":"https:\/\/secure.gravatar.com\/avatar\/eac43faa6e40bb2c41068c95c9d78bbd94c476d5efdff7abaab80bb3ea681e06?s=96&d=mm&r=g","caption":"stefanie Zeng"},"url":"https:\/\/news.save.ch\/en\/author\/stefanie-zeng\/"}]}},"_links":{"self":[{"href":"https:\/\/news.save.ch\/en\/wp-json\/wp\/v2\/posts\/24345","targetHints":{"allow":["GET"]}}],"collection":[{"href":"https:\/\/news.save.ch\/en\/wp-json\/wp\/v2\/posts"}],"about":[{"href":"https:\/\/news.save.ch\/en\/wp-json\/wp\/v2\/types\/post"}],"author":[{"embeddable":true,"href":"https:\/\/news.save.ch\/en\/wp-json\/wp\/v2\/users\/31"}],"replies":[{"embeddable":true,"href":"https:\/\/news.save.ch\/en\/wp-json\/wp\/v2\/comments?post=24345"}],"version-history":[{"count":2,"href":"https:\/\/news.save.ch\/en\/wp-json\/wp\/v2\/posts\/24345\/revisions"}],"predecessor-version":[{"id":24348,"href":"https:\/\/news.save.ch\/en\/wp-json\/wp\/v2\/posts\/24345\/revisions\/24348"}],"wp:featuredmedia":[{"embeddable":true,"href":"https:\/\/news.save.ch\/en\/wp-json\/wp\/v2\/media\/24346"}],"wp:attachment":[{"href":"https:\/\/news.save.ch\/en\/wp-json\/wp\/v2\/media?parent=24345"}],"wp:term":[{"taxonomy":"category","embeddable":true,"href":"https:\/\/news.save.ch\/en\/wp-json\/wp\/v2\/categories?post=24345"},{"taxonomy":"post_tag","embeddable":true,"href":"https:\/\/news.save.ch\/en\/wp-json\/wp\/v2\/tags?post=24345"}],"curies":[{"name":"wp","href":"https:\/\/api.w.org\/{rel}","templated":true}]}}