{"id":24397,"date":"2025-07-10T11:25:01","date_gmt":"2025-07-10T09:25:01","guid":{"rendered":"https:\/\/news.save.ch\/?p=24397"},"modified":"2025-07-10T11:25:05","modified_gmt":"2025-07-10T09:25:05","slug":"15-toedliche-unfaelle-im-ersten-halbjahr","status":null,"type":"post","link":"https:\/\/news.save.ch\/en\/15-toedliche-unfaelle-im-ersten-halbjahr\/","title":{"rendered":"15 fatal accidents in the first half of the year"},"content":{"rendered":"<figure id=\"attachment_24400\" aria-describedby=\"caption-attachment-24400\" style=\"width: 1400px\" class=\"wp-caption alignnone\"><a href=\"https:\/\/news.save.ch\/en\/15-toedliche-unfaelle-im-ersten-halbjahr\/2025_06_30_selbstunfall_traktor_bazenheid_sg_001\/\" rel=\"attachment wp-att-24400\"><img loading=\"lazy\" decoding=\"async\" class=\"size-full wp-image-24400\" src=\"https:\/\/news.save.ch\/wp-content\/uploads\/2025\/07\/2025_06_30_selbstunfall_traktor_bazenheid_sg_001-scaled.jpg\" alt=\"\" width=\"1400\" height=\"934\" srcset=\"https:\/\/news.save.ch\/wp-content\/uploads\/2025\/07\/2025_06_30_selbstunfall_traktor_bazenheid_sg_001-scaled.jpg 1200w, https:\/\/news.save.ch\/wp-content\/uploads\/2025\/07\/2025_06_30_selbstunfall_traktor_bazenheid_sg_001-680x454.jpg 680w, https:\/\/news.save.ch\/wp-content\/uploads\/2025\/07\/2025_06_30_selbstunfall_traktor_bazenheid_sg_001-1024x683.jpg 1024w, https:\/\/news.save.ch\/wp-content\/uploads\/2025\/07\/2025_06_30_selbstunfall_traktor_bazenheid_sg_001-768x512.jpg 768w, https:\/\/news.save.ch\/wp-content\/uploads\/2025\/07\/2025_06_30_selbstunfall_traktor_bazenheid_sg_001-1536x1025.jpg 1536w, https:\/\/news.save.ch\/wp-content\/uploads\/2025\/07\/2025_06_30_selbstunfall_traktor_bazenheid_sg_001-18x12.jpg 18w, https:\/\/news.save.ch\/wp-content\/uploads\/2025\/07\/2025_06_30_selbstunfall_traktor_bazenheid_sg_001-375x250.jpg 375w, https:\/\/news.save.ch\/wp-content\/uploads\/2025\/07\/2025_06_30_selbstunfall_traktor_bazenheid_sg_001-525x350.jpg 525w, https:\/\/news.save.ch\/wp-content\/uploads\/2025\/07\/2025_06_30_selbstunfall_traktor_bazenheid_sg_001-1000x667.jpg 1000w\" sizes=\"auto, (max-width: 1400px) 100vw, 1400px\" \/><\/a><figcaption id=\"caption-attachment-24400\" class=\"wp-caption-text\">Photo: Kapo SG<\/figcaption><\/figure>\n<p>In the first half of 2025, agriss and the Swiss Council for Accident Prevention in Agriculture (BUL) recorded 15 fatal accidents in connection with agriculture. In comparison: 12 fatal accidents were recorded in the first half of the previous year.<\/p>\n<h3 class=\"p2\"><b>Eleven fatal accidents in connection with agricultural work <\/b><\/h3>\n<ul class=\"ul1\">\n<li class=\"li3\">Two people died when a tractor or transporter overturned.<\/li>\n<li class=\"li3\">Two people were run over by a tractor.<\/li>\n<li class=\"li3\">Two people were trapped or crushed by machinery.<\/li>\n<li class=\"li3\">Three people were hit by a tree or parts of a tree while working in the forest.<\/li>\n<li class=\"li2\">Two people fell fatally from a hay crane or through a discharge opening.<\/li>\n<\/ul>\n<h3 class=\"p2\"><b>Three fatal accidents involving third parties, one accident involving a child <\/b><\/h3>\n<p class=\"p2\">Three third parties and a child died in connection with agricultural work. The causes were a collision between an e-bike and a tractor, a fall from a hay crane during maintenance work and being run over by a herd of cattle. The child was fatally injured by a falling object.<\/p>\n<h3 class=\"p2\"><b>Mixed age groups <\/b><\/h3>\n<p class=\"p2\">The average age of the eleven people who died in agricultural accidents was 55. The youngest person was 19 years old, the oldest 84. Six of the accident victims were already of retirement age.<\/p>\n<h3 class=\"p2\"><b>Reduce risks <\/b><\/h3>\n<p class=\"p2\">In the routine of everyday life, dangers are often underestimated or ignored. Accident investigations sometimes reveal work situations in which risks are consciously or unconsciously accepted.<\/p>\n<p class=\"p2\">The new \"Risk down\" campaign (www.risikorunter.ch) focuses on precisely this and shows dangerous situations from everyday agricultural work, combined with practical tips on how these situations can be defused.<\/p>\n<p class=\"p2\"><em><b>*Data collection not complete <\/b><\/em><\/p>\n<p class=\"p2\"><em>There is no obligation to report agricultural accidents, so no statistically reliable statements can be made. Accident reports are collected on the basis of media and police reports as well as reports from authorities and affected parties.<\/em><\/p>","protected":false},"excerpt":{"rendered":"<p>Im ersten Halbjahr 2025 haben agriss und die Beratungsstelle fu\u0308r Unfallverhu\u0308tung in der Landwirtschaft (BUL) 15 t\u00f6dliche Unf\u00e4lle im Zusammenhang mit der Landwirtschaft erhoben. Zum Vergleich: im ersten Halbjahr des Vorjahrs wurden 12 t\u00f6dliche Unf\u00e4lle erhoben. Elf t\u00f6dliche Unf\u00e4lle im Zusammenhang mit landwirtschaftlichen Arbeiten Zwei Personen starben beim Umsturz eines Traktors oder Transporters. Zwei Personen [&hellip;]<\/p>\n","protected":false},"author":31,"featured_media":24400,"comment_status":"closed","ping_status":"closed","sticky":false,"template":"","format":"standard","meta":{"_acf_changed":false,"pgc_sgb_lightbox_settings":"","footnotes":""},"categories":[3314],"tags":[6595,174,6552,2427],"class_list":["post-24397","post","type-post","status-publish","format-standard","has-post-thumbnail","hentry","category-health-safety","tag-agriss","tag-arbeitsunfaelle","tag-beratungsstelle-fuer-unfallverhuetung-in-der-landwirtschaft-bul","tag-landwirtschaft"],"acf":[],"hkrextid":null,"publication":null,"issue":null,"workflow":null,"startPage":null,"spitzmarke":null,"_posts_by_tag_page_fields":null,"_at_widget":null,"_yoast_wpseo_primary_category":"3314","_yoast_wpseo_focuskw_text_input":null,"_yoast_wpseo_opengraph-image":null,"_yoast_wpseo_opengraph-description":null,"_yoast_wpseo_opengraph-title":null,"enclosure":null,"_yoast_wpseo_twitter-title":null,"_yoast_wpseo_twitter-description":null,"_yoast_wpseo_twitter-image":null,"_wp_old_slug":null,"_yoast_wpseo_title":null,"_yoast_wpseo_canonical":null,"yoast_head":"<!-- This site is optimized with the Yoast SEO plugin v27.4 - https:\/\/yoast.com\/product\/yoast-seo-wordpress\/ -->\n<title>15 t\u00f6dliche Unf\u00e4lle im ersten Halbjahr - Save<\/title>\n<meta name=\"description\" content=\"Im ersten Halbjahr 2025 registrierten agriss und die BUL 15 t\u00f6dliche Unf\u00e4lle im landwirtschaftlichen Umfeld.\" \/>\n<meta name=\"robots\" content=\"index, follow, max-snippet:-1, max-image-preview:large, max-video-preview:-1\" \/>\n<link rel=\"canonical\" href=\"https:\/\/news.save.ch\/en\/15-toedliche-unfaelle-im-ersten-halbjahr\/\" \/>\n<meta property=\"og:locale\" content=\"en_US\" \/>\n<meta property=\"og:type\" content=\"article\" \/>\n<meta property=\"og:title\" content=\"15 t\u00f6dliche Unf\u00e4lle im ersten Halbjahr - Save\" \/>\n<meta property=\"og:description\" content=\"Im ersten Halbjahr 2025 registrierten agriss und die BUL 15 t\u00f6dliche Unf\u00e4lle im landwirtschaftlichen Umfeld.\" \/>\n<meta property=\"og:url\" content=\"https:\/\/news.save.ch\/en\/15-toedliche-unfaelle-im-ersten-halbjahr\/\" \/>\n<meta property=\"og:site_name\" content=\"Save\" \/>\n<meta property=\"article:published_time\" content=\"2025-07-10T09:25:01+00:00\" \/>\n<meta property=\"article:modified_time\" content=\"2025-07-10T09:25:05+00:00\" \/>\n<meta property=\"og:image\" content=\"https:\/\/news.save.ch\/wp-content\/uploads\/2025\/07\/2025_06_30_selbstunfall_traktor_bazenheid_sg_001-scaled.jpg\" \/>\n\t<meta property=\"og:image:width\" content=\"1200\" \/>\n\t<meta property=\"og:image:height\" content=\"801\" \/>\n\t<meta property=\"og:image:type\" content=\"image\/jpeg\" \/>\n<meta name=\"author\" content=\"stefanie Zeng\" \/>\n<meta name=\"twitter:card\" content=\"summary_large_image\" \/>\n<meta name=\"twitter:label1\" content=\"Written by\" \/>\n\t<meta name=\"twitter:data1\" content=\"stefanie Zeng\" \/>\n\t<meta name=\"twitter:label2\" content=\"Est. reading time\" \/>\n\t<meta name=\"twitter:data2\" content=\"2 minutes\" \/>\n<script type=\"application\/ld+json\" class=\"yoast-schema-graph\">{\"@context\":\"https:\\\/\\\/schema.org\",\"@graph\":[{\"@type\":\"Article\",\"@id\":\"https:\\\/\\\/news.save.ch\\\/15-toedliche-unfaelle-im-ersten-halbjahr\\\/#article\",\"isPartOf\":{\"@id\":\"https:\\\/\\\/news.save.ch\\\/15-toedliche-unfaelle-im-ersten-halbjahr\\\/\"},\"author\":{\"name\":\"stefanie Zeng\",\"@id\":\"https:\\\/\\\/news.save.ch\\\/de\\\/#\\\/schema\\\/person\\\/10917387362b3961e882740f6cf6f2a2\"},\"headline\":\"15 t\u00f6dliche Unf\u00e4lle im ersten Halbjahr\",\"datePublished\":\"2025-07-10T09:25:01+00:00\",\"dateModified\":\"2025-07-10T09:25:05+00:00\",\"mainEntityOfPage\":{\"@id\":\"https:\\\/\\\/news.save.ch\\\/15-toedliche-unfaelle-im-ersten-halbjahr\\\/\"},\"wordCount\":313,\"publisher\":{\"@id\":\"https:\\\/\\\/news.save.ch\\\/de\\\/#organization\"},\"image\":{\"@id\":\"https:\\\/\\\/news.save.ch\\\/15-toedliche-unfaelle-im-ersten-halbjahr\\\/#primaryimage\"},\"thumbnailUrl\":\"https:\\\/\\\/news.save.ch\\\/wp-content\\\/uploads\\\/2025\\\/07\\\/2025_06_30_selbstunfall_traktor_bazenheid_sg_001-scaled.jpg\",\"keywords\":[\"agriss\",\"Arbeitsunf\u00e4lle\",\"Beratungsstelle f\u00fcr Unfallverh\u00fctung in der Landwirtschaft (BUL)\",\"Landwirtschaft\"],\"articleSection\":[\"HEALTH &amp; SAFETY\"],\"inLanguage\":\"en-US\"},{\"@type\":\"WebPage\",\"@id\":\"https:\\\/\\\/news.save.ch\\\/15-toedliche-unfaelle-im-ersten-halbjahr\\\/\",\"url\":\"https:\\\/\\\/news.save.ch\\\/15-toedliche-unfaelle-im-ersten-halbjahr\\\/\",\"name\":\"15 t\u00f6dliche Unf\u00e4lle im ersten Halbjahr - Save\",\"isPartOf\":{\"@id\":\"https:\\\/\\\/news.save.ch\\\/de\\\/#website\"},\"primaryImageOfPage\":{\"@id\":\"https:\\\/\\\/news.save.ch\\\/15-toedliche-unfaelle-im-ersten-halbjahr\\\/#primaryimage\"},\"image\":{\"@id\":\"https:\\\/\\\/news.save.ch\\\/15-toedliche-unfaelle-im-ersten-halbjahr\\\/#primaryimage\"},\"thumbnailUrl\":\"https:\\\/\\\/news.save.ch\\\/wp-content\\\/uploads\\\/2025\\\/07\\\/2025_06_30_selbstunfall_traktor_bazenheid_sg_001-scaled.jpg\",\"datePublished\":\"2025-07-10T09:25:01+00:00\",\"dateModified\":\"2025-07-10T09:25:05+00:00\",\"description\":\"Im ersten Halbjahr 2025 registrierten agriss und die BUL 15 t\u00f6dliche Unf\u00e4lle im landwirtschaftlichen Umfeld.\",\"breadcrumb\":{\"@id\":\"https:\\\/\\\/news.save.ch\\\/15-toedliche-unfaelle-im-ersten-halbjahr\\\/#breadcrumb\"},\"inLanguage\":\"en-US\",\"potentialAction\":[{\"@type\":\"ReadAction\",\"target\":[\"https:\\\/\\\/news.save.ch\\\/15-toedliche-unfaelle-im-ersten-halbjahr\\\/\"]}]},{\"@type\":\"ImageObject\",\"inLanguage\":\"en-US\",\"@id\":\"https:\\\/\\\/news.save.ch\\\/15-toedliche-unfaelle-im-ersten-halbjahr\\\/#primaryimage\",\"url\":\"https:\\\/\\\/news.save.ch\\\/wp-content\\\/uploads\\\/2025\\\/07\\\/2025_06_30_selbstunfall_traktor_bazenheid_sg_001-scaled.jpg\",\"contentUrl\":\"https:\\\/\\\/news.save.ch\\\/wp-content\\\/uploads\\\/2025\\\/07\\\/2025_06_30_selbstunfall_traktor_bazenheid_sg_001-scaled.jpg\",\"width\":1200,\"height\":801,\"caption\":\"Foto: Kapo SG\"},{\"@type\":\"BreadcrumbList\",\"@id\":\"https:\\\/\\\/news.save.ch\\\/15-toedliche-unfaelle-im-ersten-halbjahr\\\/#breadcrumb\",\"itemListElement\":[{\"@type\":\"ListItem\",\"position\":1,\"name\":\"Home\",\"item\":\"https:\\\/\\\/news.save.ch\\\/de\\\/\"},{\"@type\":\"ListItem\",\"position\":2,\"name\":\"15 t\u00f6dliche Unf\u00e4lle im ersten Halbjahr\"}]},{\"@type\":\"WebSite\",\"@id\":\"https:\\\/\\\/news.save.ch\\\/de\\\/#website\",\"url\":\"https:\\\/\\\/news.save.ch\\\/de\\\/\",\"name\":\"Save\",\"description\":\"Schweizer Fachzeitschrift f\u00fcr Sicherheit\",\"publisher\":{\"@id\":\"https:\\\/\\\/news.save.ch\\\/de\\\/#organization\"},\"potentialAction\":[{\"@type\":\"SearchAction\",\"target\":{\"@type\":\"EntryPoint\",\"urlTemplate\":\"https:\\\/\\\/news.save.ch\\\/de\\\/?s={search_term_string}\"},\"query-input\":{\"@type\":\"PropertyValueSpecification\",\"valueRequired\":true,\"valueName\":\"search_term_string\"}}],\"inLanguage\":\"en-US\"},{\"@type\":\"Organization\",\"@id\":\"https:\\\/\\\/news.save.ch\\\/de\\\/#organization\",\"name\":\"Sicherheitsforum\",\"url\":\"https:\\\/\\\/news.save.ch\\\/de\\\/\",\"logo\":{\"@type\":\"ImageObject\",\"inLanguage\":\"en-US\",\"@id\":\"https:\\\/\\\/news.save.ch\\\/de\\\/#\\\/schema\\\/logo\\\/image\\\/\",\"url\":\"https:\\\/\\\/news.save.ch\\\/wp-content\\\/uploads\\\/2022\\\/06\\\/Logo_SF_2012.png\",\"contentUrl\":\"https:\\\/\\\/news.save.ch\\\/wp-content\\\/uploads\\\/2022\\\/06\\\/Logo_SF_2012.png\",\"width\":1100,\"height\":91,\"caption\":\"Sicherheitsforum\"},\"image\":{\"@id\":\"https:\\\/\\\/news.save.ch\\\/de\\\/#\\\/schema\\\/logo\\\/image\\\/\"}},{\"@type\":\"Person\",\"@id\":\"https:\\\/\\\/news.save.ch\\\/de\\\/#\\\/schema\\\/person\\\/10917387362b3961e882740f6cf6f2a2\",\"name\":\"stefanie Zeng\",\"image\":{\"@type\":\"ImageObject\",\"inLanguage\":\"en-US\",\"@id\":\"https:\\\/\\\/secure.gravatar.com\\\/avatar\\\/eac43faa6e40bb2c41068c95c9d78bbd94c476d5efdff7abaab80bb3ea681e06?s=96&d=mm&r=g\",\"url\":\"https:\\\/\\\/secure.gravatar.com\\\/avatar\\\/eac43faa6e40bb2c41068c95c9d78bbd94c476d5efdff7abaab80bb3ea681e06?s=96&d=mm&r=g\",\"contentUrl\":\"https:\\\/\\\/secure.gravatar.com\\\/avatar\\\/eac43faa6e40bb2c41068c95c9d78bbd94c476d5efdff7abaab80bb3ea681e06?s=96&d=mm&r=g\",\"caption\":\"stefanie Zeng\"},\"url\":\"https:\\\/\\\/news.save.ch\\\/en\\\/author\\\/stefanie-zeng\\\/\"}]}<\/script>\n<!-- \/ Yoast SEO plugin. -->","yoast_head_json":{"title":"15 fatal accidents in the first half of the year - Save","description":"In the first half of 2025, agriss and the BUL registered 15 fatal accidents in the agricultural sector.","robots":{"index":"index","follow":"follow","max-snippet":"max-snippet:-1","max-image-preview":"max-image-preview:large","max-video-preview":"max-video-preview:-1"},"canonical":"https:\/\/news.save.ch\/en\/15-toedliche-unfaelle-im-ersten-halbjahr\/","og_locale":"en_US","og_type":"article","og_title":"15 t\u00f6dliche Unf\u00e4lle im ersten Halbjahr - Save","og_description":"Im ersten Halbjahr 2025 registrierten agriss und die BUL 15 t\u00f6dliche Unf\u00e4lle im landwirtschaftlichen Umfeld.","og_url":"https:\/\/news.save.ch\/en\/15-toedliche-unfaelle-im-ersten-halbjahr\/","og_site_name":"Save","article_published_time":"2025-07-10T09:25:01+00:00","article_modified_time":"2025-07-10T09:25:05+00:00","og_image":[{"width":1200,"height":801,"url":"https:\/\/news.save.ch\/wp-content\/uploads\/2025\/07\/2025_06_30_selbstunfall_traktor_bazenheid_sg_001-scaled.jpg","type":"image\/jpeg"}],"author":"stefanie Zeng","twitter_card":"summary_large_image","twitter_misc":{"Written by":"stefanie Zeng","Est. reading time":"2 minutes"},"schema":{"@context":"https:\/\/schema.org","@graph":[{"@type":"Article","@id":"https:\/\/news.save.ch\/15-toedliche-unfaelle-im-ersten-halbjahr\/#article","isPartOf":{"@id":"https:\/\/news.save.ch\/15-toedliche-unfaelle-im-ersten-halbjahr\/"},"author":{"name":"stefanie Zeng","@id":"https:\/\/news.save.ch\/de\/#\/schema\/person\/10917387362b3961e882740f6cf6f2a2"},"headline":"15 t\u00f6dliche Unf\u00e4lle im ersten Halbjahr","datePublished":"2025-07-10T09:25:01+00:00","dateModified":"2025-07-10T09:25:05+00:00","mainEntityOfPage":{"@id":"https:\/\/news.save.ch\/15-toedliche-unfaelle-im-ersten-halbjahr\/"},"wordCount":313,"publisher":{"@id":"https:\/\/news.save.ch\/de\/#organization"},"image":{"@id":"https:\/\/news.save.ch\/15-toedliche-unfaelle-im-ersten-halbjahr\/#primaryimage"},"thumbnailUrl":"https:\/\/news.save.ch\/wp-content\/uploads\/2025\/07\/2025_06_30_selbstunfall_traktor_bazenheid_sg_001-scaled.jpg","keywords":["agriss","Arbeitsunf\u00e4lle","Beratungsstelle f\u00fcr Unfallverh\u00fctung in der Landwirtschaft (BUL)","Landwirtschaft"],"articleSection":["HEALTH &amp; SAFETY"],"inLanguage":"en-US"},{"@type":"WebPage","@id":"https:\/\/news.save.ch\/15-toedliche-unfaelle-im-ersten-halbjahr\/","url":"https:\/\/news.save.ch\/15-toedliche-unfaelle-im-ersten-halbjahr\/","name":"15 fatal accidents in the first half of the year - Save","isPartOf":{"@id":"https:\/\/news.save.ch\/de\/#website"},"primaryImageOfPage":{"@id":"https:\/\/news.save.ch\/15-toedliche-unfaelle-im-ersten-halbjahr\/#primaryimage"},"image":{"@id":"https:\/\/news.save.ch\/15-toedliche-unfaelle-im-ersten-halbjahr\/#primaryimage"},"thumbnailUrl":"https:\/\/news.save.ch\/wp-content\/uploads\/2025\/07\/2025_06_30_selbstunfall_traktor_bazenheid_sg_001-scaled.jpg","datePublished":"2025-07-10T09:25:01+00:00","dateModified":"2025-07-10T09:25:05+00:00","description":"In the first half of 2025, agriss and the BUL registered 15 fatal accidents in the agricultural sector.","breadcrumb":{"@id":"https:\/\/news.save.ch\/15-toedliche-unfaelle-im-ersten-halbjahr\/#breadcrumb"},"inLanguage":"en-US","potentialAction":[{"@type":"ReadAction","target":["https:\/\/news.save.ch\/15-toedliche-unfaelle-im-ersten-halbjahr\/"]}]},{"@type":"ImageObject","inLanguage":"en-US","@id":"https:\/\/news.save.ch\/15-toedliche-unfaelle-im-ersten-halbjahr\/#primaryimage","url":"https:\/\/news.save.ch\/wp-content\/uploads\/2025\/07\/2025_06_30_selbstunfall_traktor_bazenheid_sg_001-scaled.jpg","contentUrl":"https:\/\/news.save.ch\/wp-content\/uploads\/2025\/07\/2025_06_30_selbstunfall_traktor_bazenheid_sg_001-scaled.jpg","width":1200,"height":801,"caption":"Foto: Kapo SG"},{"@type":"BreadcrumbList","@id":"https:\/\/news.save.ch\/15-toedliche-unfaelle-im-ersten-halbjahr\/#breadcrumb","itemListElement":[{"@type":"ListItem","position":1,"name":"Home","item":"https:\/\/news.save.ch\/de\/"},{"@type":"ListItem","position":2,"name":"15 t\u00f6dliche Unf\u00e4lle im ersten Halbjahr"}]},{"@type":"WebSite","@id":"https:\/\/news.save.ch\/de\/#website","url":"https:\/\/news.save.ch\/de\/","name":"Save","description":"Swiss trade journal for safety","publisher":{"@id":"https:\/\/news.save.ch\/de\/#organization"},"potentialAction":[{"@type":"SearchAction","target":{"@type":"EntryPoint","urlTemplate":"https:\/\/news.save.ch\/de\/?s={search_term_string}"},"query-input":{"@type":"PropertyValueSpecification","valueRequired":true,"valueName":"search_term_string"}}],"inLanguage":"en-US"},{"@type":"Organization","@id":"https:\/\/news.save.ch\/de\/#organization","name":"Security Forum","url":"https:\/\/news.save.ch\/de\/","logo":{"@type":"ImageObject","inLanguage":"en-US","@id":"https:\/\/news.save.ch\/de\/#\/schema\/logo\/image\/","url":"https:\/\/news.save.ch\/wp-content\/uploads\/2022\/06\/Logo_SF_2012.png","contentUrl":"https:\/\/news.save.ch\/wp-content\/uploads\/2022\/06\/Logo_SF_2012.png","width":1100,"height":91,"caption":"Sicherheitsforum"},"image":{"@id":"https:\/\/news.save.ch\/de\/#\/schema\/logo\/image\/"}},{"@type":"Person","@id":"https:\/\/news.save.ch\/de\/#\/schema\/person\/10917387362b3961e882740f6cf6f2a2","name":"Stefanie Zeng","image":{"@type":"ImageObject","inLanguage":"en-US","@id":"https:\/\/secure.gravatar.com\/avatar\/eac43faa6e40bb2c41068c95c9d78bbd94c476d5efdff7abaab80bb3ea681e06?s=96&d=mm&r=g","url":"https:\/\/secure.gravatar.com\/avatar\/eac43faa6e40bb2c41068c95c9d78bbd94c476d5efdff7abaab80bb3ea681e06?s=96&d=mm&r=g","contentUrl":"https:\/\/secure.gravatar.com\/avatar\/eac43faa6e40bb2c41068c95c9d78bbd94c476d5efdff7abaab80bb3ea681e06?s=96&d=mm&r=g","caption":"stefanie Zeng"},"url":"https:\/\/news.save.ch\/en\/author\/stefanie-zeng\/"}]}},"_links":{"self":[{"href":"https:\/\/news.save.ch\/en\/wp-json\/wp\/v2\/posts\/24397","targetHints":{"allow":["GET"]}}],"collection":[{"href":"https:\/\/news.save.ch\/en\/wp-json\/wp\/v2\/posts"}],"about":[{"href":"https:\/\/news.save.ch\/en\/wp-json\/wp\/v2\/types\/post"}],"author":[{"embeddable":true,"href":"https:\/\/news.save.ch\/en\/wp-json\/wp\/v2\/users\/31"}],"replies":[{"embeddable":true,"href":"https:\/\/news.save.ch\/en\/wp-json\/wp\/v2\/comments?post=24397"}],"version-history":[{"count":3,"href":"https:\/\/news.save.ch\/en\/wp-json\/wp\/v2\/posts\/24397\/revisions"}],"predecessor-version":[{"id":24402,"href":"https:\/\/news.save.ch\/en\/wp-json\/wp\/v2\/posts\/24397\/revisions\/24402"}],"wp:featuredmedia":[{"embeddable":true,"href":"https:\/\/news.save.ch\/en\/wp-json\/wp\/v2\/media\/24400"}],"wp:attachment":[{"href":"https:\/\/news.save.ch\/en\/wp-json\/wp\/v2\/media?parent=24397"}],"wp:term":[{"taxonomy":"category","embeddable":true,"href":"https:\/\/news.save.ch\/en\/wp-json\/wp\/v2\/categories?post=24397"},{"taxonomy":"post_tag","embeddable":true,"href":"https:\/\/news.save.ch\/en\/wp-json\/wp\/v2\/tags?post=24397"}],"curies":[{"name":"wp","href":"https:\/\/api.w.org\/{rel}","templated":true}]}}