{"id":24418,"date":"2025-07-25T13:20:15","date_gmt":"2025-07-25T11:20:15","guid":{"rendered":"https:\/\/news.save.ch\/?p=24418"},"modified":"2025-08-06T13:23:15","modified_gmt":"2025-08-06T11:23:15","slug":"stadtbaeume-kuehlen-auch-bei-extremer-hitze","status":null,"type":"post","link":"https:\/\/news.save.ch\/en\/stadtbaeume-kuehlen-auch-bei-extremer-hitze\/","title":{"rendered":"Urban trees cool even in extreme heat"},"content":{"rendered":"<figure id=\"attachment_24419\" aria-describedby=\"caption-attachment-24419\" style=\"width: 1400px\" class=\"wp-caption alignnone\"><a href=\"https:\/\/news.save.ch\/en\/stadtbaeume-kuehlen-auch-bei-extremer-hitze\/img_5654\/\" rel=\"attachment wp-att-24419\"><img loading=\"lazy\" decoding=\"async\" class=\"size-full wp-image-24419\" src=\"https:\/\/news.save.ch\/wp-content\/uploads\/2025\/08\/IMG_5654-scaled.jpg\" alt=\"\" width=\"1400\" height=\"1050\" srcset=\"https:\/\/news.save.ch\/wp-content\/uploads\/2025\/08\/IMG_5654-scaled.jpg 1200w, https:\/\/news.save.ch\/wp-content\/uploads\/2025\/08\/IMG_5654-680x510.jpg 680w, https:\/\/news.save.ch\/wp-content\/uploads\/2025\/08\/IMG_5654-1024x768.jpg 1024w, https:\/\/news.save.ch\/wp-content\/uploads\/2025\/08\/IMG_5654-768x576.jpg 768w, https:\/\/news.save.ch\/wp-content\/uploads\/2025\/08\/IMG_5654-1536x1152.jpg 1536w, https:\/\/news.save.ch\/wp-content\/uploads\/2025\/08\/IMG_5654-16x12.jpg 16w, https:\/\/news.save.ch\/wp-content\/uploads\/2025\/08\/IMG_5654-375x281.jpg 375w, https:\/\/news.save.ch\/wp-content\/uploads\/2025\/08\/IMG_5654-467x350.jpg 467w, https:\/\/news.save.ch\/wp-content\/uploads\/2025\/08\/IMG_5654-1000x750.jpg 1000w\" sizes=\"auto, (max-width: 1400px) 100vw, 1400px\" \/><\/a><figcaption id=\"caption-attachment-24419\" class=\"wp-caption-text\">Square in the Geneva suburb of Lancy: the trial took place on these eight plane trees. (Photo: Christoph Bachofen)<\/figcaption><\/figure>\n<p>When the sun is blazing, urban trees cool the environment by evaporating water through their leaves. In view of the expected increase in heatwaves, as predicted by climate models, they make a decisive contribution to keeping cities liveable. However, trees also reach their limits at some point: if leaf temperatures rise above 30 to 35 \u00b0C, photosynthesis no longer works - the leaf pores close to prevent water loss.<\/p>\n<p>A research team from the Swiss Federal Institute for Forest, Snow and Landscape Research WSL and EPFL has now specifically investigated how plane trees behave under extreme conditions - with surprising results: even at temperatures above 39 \u00b0C, the trees continued to evaporate much more water than expected and thus effectively cooled the environment. Study leader Christoph Bachofen and his team installed measuring devices on eight plane trees in the Geneva suburb of Lancy in spring 2023. The sensors recorded the sap flow in the trunks, which allowed conclusions to be drawn about the amount of water evaporated and thus the cooling capacity. That summer of all summers, Geneva experienced two heatwaves with record temperatures of up to almost 40 \u00b0C.<\/p>\n<h3>How trees react to extreme conditions<\/h3>\n<p>Contrary to expectations, the trees did not stop their water flow - on the contrary: as the heat increased, it even increased, even though the air was extremely dry at the same time. \"Obviously, we have not yet fully understood how trees react to extreme conditions,\" explains Bachofen. The researchers suspect that deep-seated water reserves in the soil helped the plane trees, among other things.<\/p>\n<p>The extent of the water flow was surprising and raises important questions: If trees react differently to heat than previously thought, predictions of their cooling effect will also be inaccurate- and the models used to predict future heat distribution in cities would be unreliable.<\/p>\n<p>The fact that trees evaporate a lot of water even in extreme heat is good news for the urban climate. \"Days with temperatures above 30 degrees Celsius are becoming more frequent,\" says Bachofen. The next important step for research is now to find out how effectively other tree species also transpire under extreme heat. This would make it possible to develop recommendations as to which species can cope not only with air pollution and road salt, but also with extreme heat. After all, cooling capacity is just one of the many tasks that urban trees perform - but it will become increasingly important in the future.<\/p>","protected":false},"excerpt":{"rendered":"<p>Wenn die Sonne brennt, k\u00fchlen Stadtb\u00e4ume die Umgebung, indem sie Wasser \u00fcber ihre Bl\u00e4tter verdunsten. Angesichts der zu erwartenden Zunahme von Hitzewellen, wie Klimamodelle vorhersagen, tragen sie entscheidend dazu bei, St\u00e4dte lebenswert zu halten. B\u00e4ume stossen jedoch irgendwann auch an ihre Grenzen: Steigen die Blatttemperaturen \u00fcber 30 bis 35 \u00b0C, funktioniert die Fotosynthese nicht mehr [&hellip;]<\/p>\n","protected":false},"author":31,"featured_media":24419,"comment_status":"closed","ping_status":"closed","sticky":false,"template":"","format":"standard","meta":{"_acf_changed":false,"pgc_sgb_lightbox_settings":"","footnotes":""},"categories":[3314],"tags":[6600,6601,6599],"class_list":["post-24418","post","type-post","status-publish","format-standard","has-post-thumbnail","hentry","category-health-safety","tag-baeume","tag-beschattung","tag-extremhitze"],"acf":[],"hkrextid":null,"publication":null,"issue":null,"workflow":null,"startPage":null,"spitzmarke":null,"_posts_by_tag_page_fields":null,"_at_widget":null,"_yoast_wpseo_primary_category":"3314","_yoast_wpseo_focuskw_text_input":null,"_yoast_wpseo_opengraph-image":null,"_yoast_wpseo_opengraph-description":null,"_yoast_wpseo_opengraph-title":null,"enclosure":null,"_yoast_wpseo_twitter-title":null,"_yoast_wpseo_twitter-description":null,"_yoast_wpseo_twitter-image":null,"_wp_old_slug":null,"_yoast_wpseo_title":null,"_yoast_wpseo_canonical":null,"yoast_head":"<!-- This site is optimized with the Yoast SEO plugin v27.5 - https:\/\/yoast.com\/product\/yoast-seo-wordpress\/ -->\n<title>Stadtb\u00e4ume k\u00fchlen auch bei extremer Hitze - Save<\/title>\n<meta name=\"description\" content=\"Platanen in St\u00e4dten leisten selbst bei grosser Hitze noch einen wichtigen Beitrag zur Abk\u00fchlung \u2013 das zeigt eine neue Studie.\" \/>\n<meta name=\"robots\" content=\"index, follow, max-snippet:-1, max-image-preview:large, max-video-preview:-1\" \/>\n<link rel=\"canonical\" href=\"https:\/\/news.save.ch\/en\/stadtbaeume-kuehlen-auch-bei-extremer-hitze\/\" \/>\n<meta property=\"og:locale\" content=\"en_US\" \/>\n<meta property=\"og:type\" content=\"article\" \/>\n<meta property=\"og:title\" content=\"Stadtb\u00e4ume k\u00fchlen auch bei extremer Hitze - Save\" \/>\n<meta property=\"og:description\" content=\"Platanen in St\u00e4dten leisten selbst bei grosser Hitze noch einen wichtigen Beitrag zur Abk\u00fchlung \u2013 das zeigt eine neue Studie.\" \/>\n<meta property=\"og:url\" content=\"https:\/\/news.save.ch\/en\/stadtbaeume-kuehlen-auch-bei-extremer-hitze\/\" \/>\n<meta property=\"og:site_name\" content=\"Save\" \/>\n<meta property=\"article:published_time\" content=\"2025-07-25T11:20:15+00:00\" \/>\n<meta property=\"article:modified_time\" content=\"2025-08-06T11:23:15+00:00\" \/>\n<meta property=\"og:image\" content=\"https:\/\/news.save.ch\/wp-content\/uploads\/2025\/08\/IMG_5654-scaled.jpg\" \/>\n\t<meta property=\"og:image:width\" content=\"1400\" \/>\n\t<meta property=\"og:image:height\" content=\"1050\" \/>\n\t<meta property=\"og:image:type\" content=\"image\/jpeg\" \/>\n<meta name=\"author\" content=\"stefanie Zeng\" \/>\n<meta name=\"twitter:card\" content=\"summary_large_image\" \/>\n<meta name=\"twitter:label1\" content=\"Written by\" \/>\n\t<meta name=\"twitter:data1\" content=\"stefanie Zeng\" \/>\n\t<meta name=\"twitter:label2\" content=\"Est. reading time\" \/>\n\t<meta name=\"twitter:data2\" content=\"3 minutes\" \/>\n<script type=\"application\/ld+json\" class=\"yoast-schema-graph\">{\"@context\":\"https:\\\/\\\/schema.org\",\"@graph\":[{\"@type\":\"Article\",\"@id\":\"https:\\\/\\\/news.save.ch\\\/stadtbaeume-kuehlen-auch-bei-extremer-hitze\\\/#article\",\"isPartOf\":{\"@id\":\"https:\\\/\\\/news.save.ch\\\/stadtbaeume-kuehlen-auch-bei-extremer-hitze\\\/\"},\"author\":{\"name\":\"stefanie Zeng\",\"@id\":\"https:\\\/\\\/news.save.ch\\\/de\\\/#\\\/schema\\\/person\\\/10917387362b3961e882740f6cf6f2a2\"},\"headline\":\"Stadtb\u00e4ume k\u00fchlen auch bei extremer Hitze\",\"datePublished\":\"2025-07-25T11:20:15+00:00\",\"dateModified\":\"2025-08-06T11:23:15+00:00\",\"mainEntityOfPage\":{\"@id\":\"https:\\\/\\\/news.save.ch\\\/stadtbaeume-kuehlen-auch-bei-extremer-hitze\\\/\"},\"wordCount\":411,\"publisher\":{\"@id\":\"https:\\\/\\\/news.save.ch\\\/de\\\/#organization\"},\"image\":{\"@id\":\"https:\\\/\\\/news.save.ch\\\/stadtbaeume-kuehlen-auch-bei-extremer-hitze\\\/#primaryimage\"},\"thumbnailUrl\":\"https:\\\/\\\/news.save.ch\\\/wp-content\\\/uploads\\\/2025\\\/08\\\/IMG_5654-scaled.jpg\",\"keywords\":[\"B\u00e4ume\",\"Beschattung\",\"Extremhitze\"],\"articleSection\":[\"HEALTH &amp; SAFETY\"],\"inLanguage\":\"en-US\"},{\"@type\":\"WebPage\",\"@id\":\"https:\\\/\\\/news.save.ch\\\/stadtbaeume-kuehlen-auch-bei-extremer-hitze\\\/\",\"url\":\"https:\\\/\\\/news.save.ch\\\/stadtbaeume-kuehlen-auch-bei-extremer-hitze\\\/\",\"name\":\"Stadtb\u00e4ume k\u00fchlen auch bei extremer Hitze - Save\",\"isPartOf\":{\"@id\":\"https:\\\/\\\/news.save.ch\\\/de\\\/#website\"},\"primaryImageOfPage\":{\"@id\":\"https:\\\/\\\/news.save.ch\\\/stadtbaeume-kuehlen-auch-bei-extremer-hitze\\\/#primaryimage\"},\"image\":{\"@id\":\"https:\\\/\\\/news.save.ch\\\/stadtbaeume-kuehlen-auch-bei-extremer-hitze\\\/#primaryimage\"},\"thumbnailUrl\":\"https:\\\/\\\/news.save.ch\\\/wp-content\\\/uploads\\\/2025\\\/08\\\/IMG_5654-scaled.jpg\",\"datePublished\":\"2025-07-25T11:20:15+00:00\",\"dateModified\":\"2025-08-06T11:23:15+00:00\",\"description\":\"Platanen in St\u00e4dten leisten selbst bei grosser Hitze noch einen wichtigen Beitrag zur Abk\u00fchlung \u2013 das zeigt eine neue Studie.\",\"breadcrumb\":{\"@id\":\"https:\\\/\\\/news.save.ch\\\/stadtbaeume-kuehlen-auch-bei-extremer-hitze\\\/#breadcrumb\"},\"inLanguage\":\"en-US\",\"potentialAction\":[{\"@type\":\"ReadAction\",\"target\":[\"https:\\\/\\\/news.save.ch\\\/stadtbaeume-kuehlen-auch-bei-extremer-hitze\\\/\"]}]},{\"@type\":\"ImageObject\",\"inLanguage\":\"en-US\",\"@id\":\"https:\\\/\\\/news.save.ch\\\/stadtbaeume-kuehlen-auch-bei-extremer-hitze\\\/#primaryimage\",\"url\":\"https:\\\/\\\/news.save.ch\\\/wp-content\\\/uploads\\\/2025\\\/08\\\/IMG_5654-scaled.jpg\",\"contentUrl\":\"https:\\\/\\\/news.save.ch\\\/wp-content\\\/uploads\\\/2025\\\/08\\\/IMG_5654-scaled.jpg\",\"width\":1200,\"height\":900,\"caption\":\"Platz im Genfer Vorort Lancy: An diesen acht Platanen fand der Versuch statt. (Foto: Christoph Bachofen)\"},{\"@type\":\"BreadcrumbList\",\"@id\":\"https:\\\/\\\/news.save.ch\\\/stadtbaeume-kuehlen-auch-bei-extremer-hitze\\\/#breadcrumb\",\"itemListElement\":[{\"@type\":\"ListItem\",\"position\":1,\"name\":\"Home\",\"item\":\"https:\\\/\\\/news.save.ch\\\/de\\\/\"},{\"@type\":\"ListItem\",\"position\":2,\"name\":\"Stadtb\u00e4ume k\u00fchlen auch bei extremer Hitze\"}]},{\"@type\":\"WebSite\",\"@id\":\"https:\\\/\\\/news.save.ch\\\/de\\\/#website\",\"url\":\"https:\\\/\\\/news.save.ch\\\/de\\\/\",\"name\":\"Save\",\"description\":\"Schweizer Fachzeitschrift f\u00fcr Sicherheit\",\"publisher\":{\"@id\":\"https:\\\/\\\/news.save.ch\\\/de\\\/#organization\"},\"potentialAction\":[{\"@type\":\"SearchAction\",\"target\":{\"@type\":\"EntryPoint\",\"urlTemplate\":\"https:\\\/\\\/news.save.ch\\\/de\\\/?s={search_term_string}\"},\"query-input\":{\"@type\":\"PropertyValueSpecification\",\"valueRequired\":true,\"valueName\":\"search_term_string\"}}],\"inLanguage\":\"en-US\"},{\"@type\":\"Organization\",\"@id\":\"https:\\\/\\\/news.save.ch\\\/de\\\/#organization\",\"name\":\"Sicherheitsforum\",\"url\":\"https:\\\/\\\/news.save.ch\\\/de\\\/\",\"logo\":{\"@type\":\"ImageObject\",\"inLanguage\":\"en-US\",\"@id\":\"https:\\\/\\\/news.save.ch\\\/de\\\/#\\\/schema\\\/logo\\\/image\\\/\",\"url\":\"https:\\\/\\\/news.save.ch\\\/wp-content\\\/uploads\\\/2022\\\/06\\\/Logo_SF_2012.png\",\"contentUrl\":\"https:\\\/\\\/news.save.ch\\\/wp-content\\\/uploads\\\/2022\\\/06\\\/Logo_SF_2012.png\",\"width\":1100,\"height\":91,\"caption\":\"Sicherheitsforum\"},\"image\":{\"@id\":\"https:\\\/\\\/news.save.ch\\\/de\\\/#\\\/schema\\\/logo\\\/image\\\/\"}},{\"@type\":\"Person\",\"@id\":\"https:\\\/\\\/news.save.ch\\\/de\\\/#\\\/schema\\\/person\\\/10917387362b3961e882740f6cf6f2a2\",\"name\":\"stefanie Zeng\",\"image\":{\"@type\":\"ImageObject\",\"inLanguage\":\"en-US\",\"@id\":\"https:\\\/\\\/secure.gravatar.com\\\/avatar\\\/eac43faa6e40bb2c41068c95c9d78bbd94c476d5efdff7abaab80bb3ea681e06?s=96&d=mm&r=g\",\"url\":\"https:\\\/\\\/secure.gravatar.com\\\/avatar\\\/eac43faa6e40bb2c41068c95c9d78bbd94c476d5efdff7abaab80bb3ea681e06?s=96&d=mm&r=g\",\"contentUrl\":\"https:\\\/\\\/secure.gravatar.com\\\/avatar\\\/eac43faa6e40bb2c41068c95c9d78bbd94c476d5efdff7abaab80bb3ea681e06?s=96&d=mm&r=g\",\"caption\":\"stefanie Zeng\"},\"url\":\"https:\\\/\\\/news.save.ch\\\/en\\\/author\\\/stefanie-zeng\\\/\"}]}<\/script>\n<!-- \/ Yoast SEO plugin. -->","yoast_head_json":{"title":"Urban trees cool even in extreme heat - Save","description":"A new study shows that plane trees in cities make an important contribution to cooling down even in very hot weather.","robots":{"index":"index","follow":"follow","max-snippet":"max-snippet:-1","max-image-preview":"max-image-preview:large","max-video-preview":"max-video-preview:-1"},"canonical":"https:\/\/news.save.ch\/en\/stadtbaeume-kuehlen-auch-bei-extremer-hitze\/","og_locale":"en_US","og_type":"article","og_title":"Stadtb\u00e4ume k\u00fchlen auch bei extremer Hitze - Save","og_description":"Platanen in St\u00e4dten leisten selbst bei grosser Hitze noch einen wichtigen Beitrag zur Abk\u00fchlung \u2013 das zeigt eine neue Studie.","og_url":"https:\/\/news.save.ch\/en\/stadtbaeume-kuehlen-auch-bei-extremer-hitze\/","og_site_name":"Save","article_published_time":"2025-07-25T11:20:15+00:00","article_modified_time":"2025-08-06T11:23:15+00:00","og_image":[{"width":1400,"height":1050,"url":"https:\/\/news.save.ch\/wp-content\/uploads\/2025\/08\/IMG_5654-scaled.jpg","type":"image\/jpeg"}],"author":"stefanie Zeng","twitter_card":"summary_large_image","twitter_misc":{"Written by":"stefanie Zeng","Est. reading time":"3 minutes"},"schema":{"@context":"https:\/\/schema.org","@graph":[{"@type":"Article","@id":"https:\/\/news.save.ch\/stadtbaeume-kuehlen-auch-bei-extremer-hitze\/#article","isPartOf":{"@id":"https:\/\/news.save.ch\/stadtbaeume-kuehlen-auch-bei-extremer-hitze\/"},"author":{"name":"stefanie Zeng","@id":"https:\/\/news.save.ch\/de\/#\/schema\/person\/10917387362b3961e882740f6cf6f2a2"},"headline":"Stadtb\u00e4ume k\u00fchlen auch bei extremer Hitze","datePublished":"2025-07-25T11:20:15+00:00","dateModified":"2025-08-06T11:23:15+00:00","mainEntityOfPage":{"@id":"https:\/\/news.save.ch\/stadtbaeume-kuehlen-auch-bei-extremer-hitze\/"},"wordCount":411,"publisher":{"@id":"https:\/\/news.save.ch\/de\/#organization"},"image":{"@id":"https:\/\/news.save.ch\/stadtbaeume-kuehlen-auch-bei-extremer-hitze\/#primaryimage"},"thumbnailUrl":"https:\/\/news.save.ch\/wp-content\/uploads\/2025\/08\/IMG_5654-scaled.jpg","keywords":["B\u00e4ume","Beschattung","Extremhitze"],"articleSection":["HEALTH &amp; SAFETY"],"inLanguage":"en-US"},{"@type":"WebPage","@id":"https:\/\/news.save.ch\/stadtbaeume-kuehlen-auch-bei-extremer-hitze\/","url":"https:\/\/news.save.ch\/stadtbaeume-kuehlen-auch-bei-extremer-hitze\/","name":"Urban trees cool even in extreme heat - Save","isPartOf":{"@id":"https:\/\/news.save.ch\/de\/#website"},"primaryImageOfPage":{"@id":"https:\/\/news.save.ch\/stadtbaeume-kuehlen-auch-bei-extremer-hitze\/#primaryimage"},"image":{"@id":"https:\/\/news.save.ch\/stadtbaeume-kuehlen-auch-bei-extremer-hitze\/#primaryimage"},"thumbnailUrl":"https:\/\/news.save.ch\/wp-content\/uploads\/2025\/08\/IMG_5654-scaled.jpg","datePublished":"2025-07-25T11:20:15+00:00","dateModified":"2025-08-06T11:23:15+00:00","description":"A new study shows that plane trees in cities make an important contribution to cooling down even in very hot weather.","breadcrumb":{"@id":"https:\/\/news.save.ch\/stadtbaeume-kuehlen-auch-bei-extremer-hitze\/#breadcrumb"},"inLanguage":"en-US","potentialAction":[{"@type":"ReadAction","target":["https:\/\/news.save.ch\/stadtbaeume-kuehlen-auch-bei-extremer-hitze\/"]}]},{"@type":"ImageObject","inLanguage":"en-US","@id":"https:\/\/news.save.ch\/stadtbaeume-kuehlen-auch-bei-extremer-hitze\/#primaryimage","url":"https:\/\/news.save.ch\/wp-content\/uploads\/2025\/08\/IMG_5654-scaled.jpg","contentUrl":"https:\/\/news.save.ch\/wp-content\/uploads\/2025\/08\/IMG_5654-scaled.jpg","width":1200,"height":900,"caption":"Platz im Genfer Vorort Lancy: An diesen acht Platanen fand der Versuch statt. (Foto: Christoph Bachofen)"},{"@type":"BreadcrumbList","@id":"https:\/\/news.save.ch\/stadtbaeume-kuehlen-auch-bei-extremer-hitze\/#breadcrumb","itemListElement":[{"@type":"ListItem","position":1,"name":"Home","item":"https:\/\/news.save.ch\/de\/"},{"@type":"ListItem","position":2,"name":"Stadtb\u00e4ume k\u00fchlen auch bei extremer Hitze"}]},{"@type":"WebSite","@id":"https:\/\/news.save.ch\/de\/#website","url":"https:\/\/news.save.ch\/de\/","name":"Save","description":"Swiss trade journal for safety","publisher":{"@id":"https:\/\/news.save.ch\/de\/#organization"},"potentialAction":[{"@type":"SearchAction","target":{"@type":"EntryPoint","urlTemplate":"https:\/\/news.save.ch\/de\/?s={search_term_string}"},"query-input":{"@type":"PropertyValueSpecification","valueRequired":true,"valueName":"search_term_string"}}],"inLanguage":"en-US"},{"@type":"Organization","@id":"https:\/\/news.save.ch\/de\/#organization","name":"Security Forum","url":"https:\/\/news.save.ch\/de\/","logo":{"@type":"ImageObject","inLanguage":"en-US","@id":"https:\/\/news.save.ch\/de\/#\/schema\/logo\/image\/","url":"https:\/\/news.save.ch\/wp-content\/uploads\/2022\/06\/Logo_SF_2012.png","contentUrl":"https:\/\/news.save.ch\/wp-content\/uploads\/2022\/06\/Logo_SF_2012.png","width":1100,"height":91,"caption":"Sicherheitsforum"},"image":{"@id":"https:\/\/news.save.ch\/de\/#\/schema\/logo\/image\/"}},{"@type":"Person","@id":"https:\/\/news.save.ch\/de\/#\/schema\/person\/10917387362b3961e882740f6cf6f2a2","name":"Stefanie Zeng","image":{"@type":"ImageObject","inLanguage":"en-US","@id":"https:\/\/secure.gravatar.com\/avatar\/eac43faa6e40bb2c41068c95c9d78bbd94c476d5efdff7abaab80bb3ea681e06?s=96&d=mm&r=g","url":"https:\/\/secure.gravatar.com\/avatar\/eac43faa6e40bb2c41068c95c9d78bbd94c476d5efdff7abaab80bb3ea681e06?s=96&d=mm&r=g","contentUrl":"https:\/\/secure.gravatar.com\/avatar\/eac43faa6e40bb2c41068c95c9d78bbd94c476d5efdff7abaab80bb3ea681e06?s=96&d=mm&r=g","caption":"stefanie Zeng"},"url":"https:\/\/news.save.ch\/en\/author\/stefanie-zeng\/"}]}},"_links":{"self":[{"href":"https:\/\/news.save.ch\/en\/wp-json\/wp\/v2\/posts\/24418","targetHints":{"allow":["GET"]}}],"collection":[{"href":"https:\/\/news.save.ch\/en\/wp-json\/wp\/v2\/posts"}],"about":[{"href":"https:\/\/news.save.ch\/en\/wp-json\/wp\/v2\/types\/post"}],"author":[{"embeddable":true,"href":"https:\/\/news.save.ch\/en\/wp-json\/wp\/v2\/users\/31"}],"replies":[{"embeddable":true,"href":"https:\/\/news.save.ch\/en\/wp-json\/wp\/v2\/comments?post=24418"}],"version-history":[{"count":2,"href":"https:\/\/news.save.ch\/en\/wp-json\/wp\/v2\/posts\/24418\/revisions"}],"predecessor-version":[{"id":24421,"href":"https:\/\/news.save.ch\/en\/wp-json\/wp\/v2\/posts\/24418\/revisions\/24421"}],"wp:featuredmedia":[{"embeddable":true,"href":"https:\/\/news.save.ch\/en\/wp-json\/wp\/v2\/media\/24419"}],"wp:attachment":[{"href":"https:\/\/news.save.ch\/en\/wp-json\/wp\/v2\/media?parent=24418"}],"wp:term":[{"taxonomy":"category","embeddable":true,"href":"https:\/\/news.save.ch\/en\/wp-json\/wp\/v2\/categories?post=24418"},{"taxonomy":"post_tag","embeddable":true,"href":"https:\/\/news.save.ch\/en\/wp-json\/wp\/v2\/tags?post=24418"}],"curies":[{"name":"wp","href":"https:\/\/api.w.org\/{rel}","templated":true}]}}