{"id":24471,"date":"2025-08-20T14:07:54","date_gmt":"2025-08-20T12:07:54","guid":{"rendered":"https:\/\/news.save.ch\/?p=24471"},"modified":"2025-08-20T14:07:56","modified_gmt":"2025-08-20T12:07:56","slug":"bundesrat-evaluiert-den-einsatz-von-elektronischen-fussfesseln","status":null,"type":"post","link":"https:\/\/news.save.ch\/en\/bundesrat-evaluiert-den-einsatz-von-elektronischen-fussfesseln\/","title":{"rendered":"Federal Council evaluates the use of electronic ankle bracelets"},"content":{"rendered":"<p><a href=\"https:\/\/news.save.ch\/en\/bundesrat-evaluiert-den-einsatz-von-elektronischen-fussfesseln\/depositphotos_667163178_s\/\" rel=\"attachment wp-att-24472\"><img loading=\"lazy\" decoding=\"async\" class=\"alignnone size-full wp-image-24472\" src=\"https:\/\/news.save.ch\/wp-content\/uploads\/2025\/08\/Depositphotos_667163178_S.jpg\" alt=\"\" width=\"1000\" height=\"667\" srcset=\"https:\/\/news.save.ch\/wp-content\/uploads\/2025\/08\/Depositphotos_667163178_S.jpg 1000w, https:\/\/news.save.ch\/wp-content\/uploads\/2025\/08\/Depositphotos_667163178_S-680x454.jpg 680w, https:\/\/news.save.ch\/wp-content\/uploads\/2025\/08\/Depositphotos_667163178_S-768x512.jpg 768w, https:\/\/news.save.ch\/wp-content\/uploads\/2025\/08\/Depositphotos_667163178_S-18x12.jpg 18w, https:\/\/news.save.ch\/wp-content\/uploads\/2025\/08\/Depositphotos_667163178_S-375x250.jpg 375w, https:\/\/news.save.ch\/wp-content\/uploads\/2025\/08\/Depositphotos_667163178_S-525x350.jpg 525w\" sizes=\"auto, (max-width: 1000px) 100vw, 1000px\" \/><\/a><\/p>\n<p id=\"doc-1j33idfoo0\" class=\"font--regular\">Since January 1, 2018, electronic monitoring (electronic monitoring by means of an ankle monitor) can be used as an alternative form of imprisonment in certain cases. The prerequisite is that the convicted person is neither a flight risk nor a risk of committing further crimes. Electronic monitoring can serve as an alternative to imprisonment and contribute to the better reintegration of the offender. The minimum and maximum duration for which electronic monitoring can be used is set out in the Swiss Criminal Code (SCC).<\/p>\n<p id=\"doc-1j33idqc70\" class=\"font--regular\">On behalf of Parliament (postulate 16.3632), the Federal Council has now evaluated the practical experience of the first five years since the law came into force and recorded the results in a postulate report, which it adopted at its meeting on August 20, 2025. The report shows that the cantons are increasingly using the option of electronic ankle bracelets. Electronic monitoring offers numerous advantages. In particular, it helps to alleviate the sometimes very tense situation due to a shortage of prison places. It also enables the sentenced person to remain largely integrated into their social environment while serving their sentence, which makes reintegration after serving their sentence much easier.<\/p>\n<p id=\"doc-1j33idqcb0\" class=\"font--regular\">However, the report also shows clear differences between the cantons in terms of the frequency with which electronic monitoring is used. This measure is used particularly frequently in urban cantons and in those that had already taken part in the pilot before the nationwide introduction in 2018. In terms of practical implementation in enforcement, however, there are no significant differences.<\/p>\n<p id=\"doc-1j33idqce0\" class=\"font--regular\">This postulate report does not deal with the electronic monitoring of perpetrators of violence as part of the prevention of domestic and sexual violence. Pilot projects are currently underway in various cantons. Information on this can be obtained from the Conference of Cantonal Justice and Police Directors (KKJPD).<\/p>\n<p id=\"doc-1j33idqcg0\" class=\"font--regular\">As part of the work on the postulate report, it was also examined whether the minimum and maximum duration of electronic surveillance should be extended. The majority of the cantons are of the opinion that the current regulation is sufficient, taking into account the most recent case law of the Federal Supreme Court. The Federal Council shares this view.<\/p>\n<p><em>Source: Federal Office of Justice<\/em><\/p>","protected":false},"excerpt":{"rendered":"<p>Seit dem 1. Januar 2018 kann das Electronic Monitoring (elektronische \u00dcberwachung mittels einer Fussfessel) in bestimmten F\u00e4llen als alternative Form des Strafvollzugs eingesetzt werden. Voraussetzung ist, dass von der verurteilten Person weder eine Fluchtgefahr noch das Risiko der Aus\u00fcbung weiterer Straftaten ausgeht. Die elektronische \u00dcberwachung kann als Alternative zum Strafvollzug im Gef\u00e4ngnis dienen und zur [&hellip;]<\/p>\n","protected":false},"author":31,"featured_media":0,"comment_status":"closed","ping_status":"closed","sticky":false,"template":"","format":"standard","meta":{"_acf_changed":false,"pgc_sgb_lightbox_settings":"","footnotes":""},"categories":[3312],"tags":[325,51,5532,3828],"class_list":["post-24471","post","type-post","status-publish","format-standard","hentry","category-sicherheit","tag-freiheitsstrafe","tag-fussfessel","tag-gewaltstraftaten","tag-strafe"],"acf":[],"hkrextid":null,"publication":null,"issue":null,"workflow":null,"startPage":null,"spitzmarke":null,"_posts_by_tag_page_fields":null,"_at_widget":null,"_yoast_wpseo_primary_category":"3312","_yoast_wpseo_focuskw_text_input":null,"_yoast_wpseo_opengraph-image":null,"_yoast_wpseo_opengraph-description":null,"_yoast_wpseo_opengraph-title":null,"enclosure":null,"_yoast_wpseo_twitter-title":null,"_yoast_wpseo_twitter-description":null,"_yoast_wpseo_twitter-image":null,"_wp_old_slug":null,"_yoast_wpseo_title":null,"_yoast_wpseo_canonical":null,"yoast_head":"<!-- This site is optimized with the Yoast SEO plugin v27.4 - https:\/\/yoast.com\/product\/yoast-seo-wordpress\/ -->\n<title>Bundesrat evaluiert den Einsatz von elektronischen Fussfesseln - Save<\/title>\n<meta name=\"description\" content=\"Der Bundesrat kommt er zum Schluss, dass sich die Anwendung der elektronischen Fussfessel seit 2018 bew\u00e4hrt hat.\" \/>\n<meta name=\"robots\" content=\"index, follow, max-snippet:-1, max-image-preview:large, max-video-preview:-1\" \/>\n<link rel=\"canonical\" href=\"https:\/\/news.save.ch\/en\/bundesrat-evaluiert-den-einsatz-von-elektronischen-fussfesseln\/\" \/>\n<meta property=\"og:locale\" content=\"en_US\" \/>\n<meta property=\"og:type\" content=\"article\" \/>\n<meta property=\"og:title\" content=\"Bundesrat evaluiert den Einsatz von elektronischen Fussfesseln - Save\" \/>\n<meta property=\"og:description\" content=\"Der Bundesrat kommt er zum Schluss, dass sich die Anwendung der elektronischen Fussfessel seit 2018 bew\u00e4hrt hat.\" \/>\n<meta property=\"og:url\" content=\"https:\/\/news.save.ch\/en\/bundesrat-evaluiert-den-einsatz-von-elektronischen-fussfesseln\/\" \/>\n<meta property=\"og:site_name\" content=\"Save\" \/>\n<meta property=\"article:published_time\" content=\"2025-08-20T12:07:54+00:00\" \/>\n<meta property=\"article:modified_time\" content=\"2025-08-20T12:07:56+00:00\" \/>\n<meta property=\"og:image\" content=\"https:\/\/news.save.ch\/wp-content\/uploads\/2025\/08\/Depositphotos_667163178_S.jpg\" \/>\n\t<meta property=\"og:image:width\" content=\"1000\" \/>\n\t<meta property=\"og:image:height\" content=\"667\" \/>\n\t<meta property=\"og:image:type\" content=\"image\/jpeg\" \/>\n<meta name=\"author\" content=\"stefanie Zeng\" \/>\n<meta name=\"twitter:card\" content=\"summary_large_image\" \/>\n<meta name=\"twitter:label1\" content=\"Written by\" \/>\n\t<meta name=\"twitter:data1\" content=\"stefanie Zeng\" \/>\n\t<meta name=\"twitter:label2\" content=\"Est. reading time\" \/>\n\t<meta name=\"twitter:data2\" content=\"3 minutes\" \/>\n<script type=\"application\/ld+json\" class=\"yoast-schema-graph\">{\"@context\":\"https:\\\/\\\/schema.org\",\"@graph\":[{\"@type\":\"Article\",\"@id\":\"https:\\\/\\\/news.save.ch\\\/bundesrat-evaluiert-den-einsatz-von-elektronischen-fussfesseln\\\/#article\",\"isPartOf\":{\"@id\":\"https:\\\/\\\/news.save.ch\\\/bundesrat-evaluiert-den-einsatz-von-elektronischen-fussfesseln\\\/\"},\"author\":{\"name\":\"stefanie Zeng\",\"@id\":\"https:\\\/\\\/news.save.ch\\\/de\\\/#\\\/schema\\\/person\\\/10917387362b3961e882740f6cf6f2a2\"},\"headline\":\"Bundesrat evaluiert den Einsatz von elektronischen Fussfesseln\",\"datePublished\":\"2025-08-20T12:07:54+00:00\",\"dateModified\":\"2025-08-20T12:07:56+00:00\",\"mainEntityOfPage\":{\"@id\":\"https:\\\/\\\/news.save.ch\\\/bundesrat-evaluiert-den-einsatz-von-elektronischen-fussfesseln\\\/\"},\"wordCount\":352,\"publisher\":{\"@id\":\"https:\\\/\\\/news.save.ch\\\/de\\\/#organization\"},\"image\":{\"@id\":\"https:\\\/\\\/news.save.ch\\\/bundesrat-evaluiert-den-einsatz-von-elektronischen-fussfesseln\\\/#primaryimage\"},\"thumbnailUrl\":\"https:\\\/\\\/news.save.ch\\\/wp-content\\\/uploads\\\/2025\\\/08\\\/Depositphotos_667163178_S.jpg\",\"keywords\":[\"Freiheitsstrafe\",\"Fussfessel\",\"Gewaltstraftaten\",\"Strafe\"],\"articleSection\":[\"SICHERHEIT\"],\"inLanguage\":\"en-US\"},{\"@type\":\"WebPage\",\"@id\":\"https:\\\/\\\/news.save.ch\\\/bundesrat-evaluiert-den-einsatz-von-elektronischen-fussfesseln\\\/\",\"url\":\"https:\\\/\\\/news.save.ch\\\/bundesrat-evaluiert-den-einsatz-von-elektronischen-fussfesseln\\\/\",\"name\":\"Bundesrat evaluiert den Einsatz von elektronischen Fussfesseln - Save\",\"isPartOf\":{\"@id\":\"https:\\\/\\\/news.save.ch\\\/de\\\/#website\"},\"primaryImageOfPage\":{\"@id\":\"https:\\\/\\\/news.save.ch\\\/bundesrat-evaluiert-den-einsatz-von-elektronischen-fussfesseln\\\/#primaryimage\"},\"image\":{\"@id\":\"https:\\\/\\\/news.save.ch\\\/bundesrat-evaluiert-den-einsatz-von-elektronischen-fussfesseln\\\/#primaryimage\"},\"thumbnailUrl\":\"https:\\\/\\\/news.save.ch\\\/wp-content\\\/uploads\\\/2025\\\/08\\\/Depositphotos_667163178_S.jpg\",\"datePublished\":\"2025-08-20T12:07:54+00:00\",\"dateModified\":\"2025-08-20T12:07:56+00:00\",\"description\":\"Der Bundesrat kommt er zum Schluss, dass sich die Anwendung der elektronischen Fussfessel seit 2018 bew\u00e4hrt hat.\",\"breadcrumb\":{\"@id\":\"https:\\\/\\\/news.save.ch\\\/bundesrat-evaluiert-den-einsatz-von-elektronischen-fussfesseln\\\/#breadcrumb\"},\"inLanguage\":\"en-US\",\"potentialAction\":[{\"@type\":\"ReadAction\",\"target\":[\"https:\\\/\\\/news.save.ch\\\/bundesrat-evaluiert-den-einsatz-von-elektronischen-fussfesseln\\\/\"]}]},{\"@type\":\"ImageObject\",\"inLanguage\":\"en-US\",\"@id\":\"https:\\\/\\\/news.save.ch\\\/bundesrat-evaluiert-den-einsatz-von-elektronischen-fussfesseln\\\/#primaryimage\",\"url\":\"https:\\\/\\\/news.save.ch\\\/wp-content\\\/uploads\\\/2025\\\/08\\\/Depositphotos_667163178_S.jpg\",\"contentUrl\":\"https:\\\/\\\/news.save.ch\\\/wp-content\\\/uploads\\\/2025\\\/08\\\/Depositphotos_667163178_S.jpg\"},{\"@type\":\"BreadcrumbList\",\"@id\":\"https:\\\/\\\/news.save.ch\\\/bundesrat-evaluiert-den-einsatz-von-elektronischen-fussfesseln\\\/#breadcrumb\",\"itemListElement\":[{\"@type\":\"ListItem\",\"position\":1,\"name\":\"Home\",\"item\":\"https:\\\/\\\/news.save.ch\\\/de\\\/\"},{\"@type\":\"ListItem\",\"position\":2,\"name\":\"Bundesrat evaluiert den Einsatz von elektronischen Fussfesseln\"}]},{\"@type\":\"WebSite\",\"@id\":\"https:\\\/\\\/news.save.ch\\\/de\\\/#website\",\"url\":\"https:\\\/\\\/news.save.ch\\\/de\\\/\",\"name\":\"Save\",\"description\":\"Schweizer Fachzeitschrift f\u00fcr Sicherheit\",\"publisher\":{\"@id\":\"https:\\\/\\\/news.save.ch\\\/de\\\/#organization\"},\"potentialAction\":[{\"@type\":\"SearchAction\",\"target\":{\"@type\":\"EntryPoint\",\"urlTemplate\":\"https:\\\/\\\/news.save.ch\\\/de\\\/?s={search_term_string}\"},\"query-input\":{\"@type\":\"PropertyValueSpecification\",\"valueRequired\":true,\"valueName\":\"search_term_string\"}}],\"inLanguage\":\"en-US\"},{\"@type\":\"Organization\",\"@id\":\"https:\\\/\\\/news.save.ch\\\/de\\\/#organization\",\"name\":\"Sicherheitsforum\",\"url\":\"https:\\\/\\\/news.save.ch\\\/de\\\/\",\"logo\":{\"@type\":\"ImageObject\",\"inLanguage\":\"en-US\",\"@id\":\"https:\\\/\\\/news.save.ch\\\/de\\\/#\\\/schema\\\/logo\\\/image\\\/\",\"url\":\"https:\\\/\\\/news.save.ch\\\/wp-content\\\/uploads\\\/2022\\\/06\\\/Logo_SF_2012.png\",\"contentUrl\":\"https:\\\/\\\/news.save.ch\\\/wp-content\\\/uploads\\\/2022\\\/06\\\/Logo_SF_2012.png\",\"width\":1100,\"height\":91,\"caption\":\"Sicherheitsforum\"},\"image\":{\"@id\":\"https:\\\/\\\/news.save.ch\\\/de\\\/#\\\/schema\\\/logo\\\/image\\\/\"}},{\"@type\":\"Person\",\"@id\":\"https:\\\/\\\/news.save.ch\\\/de\\\/#\\\/schema\\\/person\\\/10917387362b3961e882740f6cf6f2a2\",\"name\":\"stefanie Zeng\",\"image\":{\"@type\":\"ImageObject\",\"inLanguage\":\"en-US\",\"@id\":\"https:\\\/\\\/secure.gravatar.com\\\/avatar\\\/eac43faa6e40bb2c41068c95c9d78bbd94c476d5efdff7abaab80bb3ea681e06?s=96&d=mm&r=g\",\"url\":\"https:\\\/\\\/secure.gravatar.com\\\/avatar\\\/eac43faa6e40bb2c41068c95c9d78bbd94c476d5efdff7abaab80bb3ea681e06?s=96&d=mm&r=g\",\"contentUrl\":\"https:\\\/\\\/secure.gravatar.com\\\/avatar\\\/eac43faa6e40bb2c41068c95c9d78bbd94c476d5efdff7abaab80bb3ea681e06?s=96&d=mm&r=g\",\"caption\":\"stefanie Zeng\"},\"url\":\"https:\\\/\\\/news.save.ch\\\/en\\\/author\\\/stefanie-zeng\\\/\"}]}<\/script>\n<!-- \/ Yoast SEO plugin. -->","yoast_head_json":{"title":"Federal Council evaluates the use of electronic ankle bracelets - Save","description":"The Federal Council concludes that the use of electronic ankle bracelets has proven its worth since 2018.","robots":{"index":"index","follow":"follow","max-snippet":"max-snippet:-1","max-image-preview":"max-image-preview:large","max-video-preview":"max-video-preview:-1"},"canonical":"https:\/\/news.save.ch\/en\/bundesrat-evaluiert-den-einsatz-von-elektronischen-fussfesseln\/","og_locale":"en_US","og_type":"article","og_title":"Bundesrat evaluiert den Einsatz von elektronischen Fussfesseln - Save","og_description":"Der Bundesrat kommt er zum Schluss, dass sich die Anwendung der elektronischen Fussfessel seit 2018 bew\u00e4hrt hat.","og_url":"https:\/\/news.save.ch\/en\/bundesrat-evaluiert-den-einsatz-von-elektronischen-fussfesseln\/","og_site_name":"Save","article_published_time":"2025-08-20T12:07:54+00:00","article_modified_time":"2025-08-20T12:07:56+00:00","og_image":[{"width":1000,"height":667,"url":"https:\/\/news.save.ch\/wp-content\/uploads\/2025\/08\/Depositphotos_667163178_S.jpg","type":"image\/jpeg"}],"author":"stefanie Zeng","twitter_card":"summary_large_image","twitter_misc":{"Written by":"stefanie Zeng","Est. reading time":"3 minutes"},"schema":{"@context":"https:\/\/schema.org","@graph":[{"@type":"Article","@id":"https:\/\/news.save.ch\/bundesrat-evaluiert-den-einsatz-von-elektronischen-fussfesseln\/#article","isPartOf":{"@id":"https:\/\/news.save.ch\/bundesrat-evaluiert-den-einsatz-von-elektronischen-fussfesseln\/"},"author":{"name":"stefanie Zeng","@id":"https:\/\/news.save.ch\/de\/#\/schema\/person\/10917387362b3961e882740f6cf6f2a2"},"headline":"Bundesrat evaluiert den Einsatz von elektronischen Fussfesseln","datePublished":"2025-08-20T12:07:54+00:00","dateModified":"2025-08-20T12:07:56+00:00","mainEntityOfPage":{"@id":"https:\/\/news.save.ch\/bundesrat-evaluiert-den-einsatz-von-elektronischen-fussfesseln\/"},"wordCount":352,"publisher":{"@id":"https:\/\/news.save.ch\/de\/#organization"},"image":{"@id":"https:\/\/news.save.ch\/bundesrat-evaluiert-den-einsatz-von-elektronischen-fussfesseln\/#primaryimage"},"thumbnailUrl":"https:\/\/news.save.ch\/wp-content\/uploads\/2025\/08\/Depositphotos_667163178_S.jpg","keywords":["Freiheitsstrafe","Fussfessel","Gewaltstraftaten","Strafe"],"articleSection":["SICHERHEIT"],"inLanguage":"en-US"},{"@type":"WebPage","@id":"https:\/\/news.save.ch\/bundesrat-evaluiert-den-einsatz-von-elektronischen-fussfesseln\/","url":"https:\/\/news.save.ch\/bundesrat-evaluiert-den-einsatz-von-elektronischen-fussfesseln\/","name":"Federal Council evaluates the use of electronic ankle bracelets - Save","isPartOf":{"@id":"https:\/\/news.save.ch\/de\/#website"},"primaryImageOfPage":{"@id":"https:\/\/news.save.ch\/bundesrat-evaluiert-den-einsatz-von-elektronischen-fussfesseln\/#primaryimage"},"image":{"@id":"https:\/\/news.save.ch\/bundesrat-evaluiert-den-einsatz-von-elektronischen-fussfesseln\/#primaryimage"},"thumbnailUrl":"https:\/\/news.save.ch\/wp-content\/uploads\/2025\/08\/Depositphotos_667163178_S.jpg","datePublished":"2025-08-20T12:07:54+00:00","dateModified":"2025-08-20T12:07:56+00:00","description":"The Federal Council concludes that the use of electronic ankle bracelets has proven its worth since 2018.","breadcrumb":{"@id":"https:\/\/news.save.ch\/bundesrat-evaluiert-den-einsatz-von-elektronischen-fussfesseln\/#breadcrumb"},"inLanguage":"en-US","potentialAction":[{"@type":"ReadAction","target":["https:\/\/news.save.ch\/bundesrat-evaluiert-den-einsatz-von-elektronischen-fussfesseln\/"]}]},{"@type":"ImageObject","inLanguage":"en-US","@id":"https:\/\/news.save.ch\/bundesrat-evaluiert-den-einsatz-von-elektronischen-fussfesseln\/#primaryimage","url":"https:\/\/news.save.ch\/wp-content\/uploads\/2025\/08\/Depositphotos_667163178_S.jpg","contentUrl":"https:\/\/news.save.ch\/wp-content\/uploads\/2025\/08\/Depositphotos_667163178_S.jpg"},{"@type":"BreadcrumbList","@id":"https:\/\/news.save.ch\/bundesrat-evaluiert-den-einsatz-von-elektronischen-fussfesseln\/#breadcrumb","itemListElement":[{"@type":"ListItem","position":1,"name":"Home","item":"https:\/\/news.save.ch\/de\/"},{"@type":"ListItem","position":2,"name":"Bundesrat evaluiert den Einsatz von elektronischen Fussfesseln"}]},{"@type":"WebSite","@id":"https:\/\/news.save.ch\/de\/#website","url":"https:\/\/news.save.ch\/de\/","name":"Save","description":"Swiss trade journal for safety","publisher":{"@id":"https:\/\/news.save.ch\/de\/#organization"},"potentialAction":[{"@type":"SearchAction","target":{"@type":"EntryPoint","urlTemplate":"https:\/\/news.save.ch\/de\/?s={search_term_string}"},"query-input":{"@type":"PropertyValueSpecification","valueRequired":true,"valueName":"search_term_string"}}],"inLanguage":"en-US"},{"@type":"Organization","@id":"https:\/\/news.save.ch\/de\/#organization","name":"Security Forum","url":"https:\/\/news.save.ch\/de\/","logo":{"@type":"ImageObject","inLanguage":"en-US","@id":"https:\/\/news.save.ch\/de\/#\/schema\/logo\/image\/","url":"https:\/\/news.save.ch\/wp-content\/uploads\/2022\/06\/Logo_SF_2012.png","contentUrl":"https:\/\/news.save.ch\/wp-content\/uploads\/2022\/06\/Logo_SF_2012.png","width":1100,"height":91,"caption":"Sicherheitsforum"},"image":{"@id":"https:\/\/news.save.ch\/de\/#\/schema\/logo\/image\/"}},{"@type":"Person","@id":"https:\/\/news.save.ch\/de\/#\/schema\/person\/10917387362b3961e882740f6cf6f2a2","name":"Stefanie Zeng","image":{"@type":"ImageObject","inLanguage":"en-US","@id":"https:\/\/secure.gravatar.com\/avatar\/eac43faa6e40bb2c41068c95c9d78bbd94c476d5efdff7abaab80bb3ea681e06?s=96&d=mm&r=g","url":"https:\/\/secure.gravatar.com\/avatar\/eac43faa6e40bb2c41068c95c9d78bbd94c476d5efdff7abaab80bb3ea681e06?s=96&d=mm&r=g","contentUrl":"https:\/\/secure.gravatar.com\/avatar\/eac43faa6e40bb2c41068c95c9d78bbd94c476d5efdff7abaab80bb3ea681e06?s=96&d=mm&r=g","caption":"stefanie Zeng"},"url":"https:\/\/news.save.ch\/en\/author\/stefanie-zeng\/"}]}},"_links":{"self":[{"href":"https:\/\/news.save.ch\/en\/wp-json\/wp\/v2\/posts\/24471","targetHints":{"allow":["GET"]}}],"collection":[{"href":"https:\/\/news.save.ch\/en\/wp-json\/wp\/v2\/posts"}],"about":[{"href":"https:\/\/news.save.ch\/en\/wp-json\/wp\/v2\/types\/post"}],"author":[{"embeddable":true,"href":"https:\/\/news.save.ch\/en\/wp-json\/wp\/v2\/users\/31"}],"replies":[{"embeddable":true,"href":"https:\/\/news.save.ch\/en\/wp-json\/wp\/v2\/comments?post=24471"}],"version-history":[{"count":3,"href":"https:\/\/news.save.ch\/en\/wp-json\/wp\/v2\/posts\/24471\/revisions"}],"predecessor-version":[{"id":24475,"href":"https:\/\/news.save.ch\/en\/wp-json\/wp\/v2\/posts\/24471\/revisions\/24475"}],"wp:attachment":[{"href":"https:\/\/news.save.ch\/en\/wp-json\/wp\/v2\/media?parent=24471"}],"wp:term":[{"taxonomy":"category","embeddable":true,"href":"https:\/\/news.save.ch\/en\/wp-json\/wp\/v2\/categories?post=24471"},{"taxonomy":"post_tag","embeddable":true,"href":"https:\/\/news.save.ch\/en\/wp-json\/wp\/v2\/tags?post=24471"}],"curies":[{"name":"wp","href":"https:\/\/api.w.org\/{rel}","templated":true}]}}