{"id":24537,"date":"2025-09-12T09:54:31","date_gmt":"2025-09-12T07:54:31","guid":{"rendered":"https:\/\/news.save.ch\/?p=24537"},"modified":"2025-09-12T09:54:38","modified_gmt":"2025-09-12T07:54:38","slug":"die-bevoelkerungsschutz-organisationen-verbessern-ihr-dispositiv-fuer-die-vorbereitung-auf-bewaffnete-konflikte","status":null,"type":"post","link":"https:\/\/news.save.ch\/en\/die-bevoelkerungsschutz-organisationen-verbessern-ihr-dispositiv-fuer-die-vorbereitung-auf-bewaffnete-konflikte\/","title":{"rendered":"Civil protection organizations improve their preparedness for armed conflicts"},"content":{"rendered":"<figure id=\"attachment_24538\" aria-describedby=\"caption-attachment-24538\" style=\"width: 1400px\" class=\"wp-caption alignnone\"><a href=\"https:\/\/news.save.ch\/en\/die-bevoelkerungsschutz-organisationen-verbessern-ihr-dispositiv-fuer-die-vorbereitung-auf-bewaffnete-konflikte\/angehoerige-der-armee-und-zivilschutz-bei-lagebesprechung\/\" rel=\"attachment wp-att-24538\"><img loading=\"lazy\" decoding=\"async\" class=\"size-full wp-image-24538\" src=\"https:\/\/news.save.ch\/wp-content\/uploads\/2025\/09\/7847_006-scaled.jpg\" alt=\"\" width=\"1400\" height=\"1050\" srcset=\"https:\/\/news.save.ch\/wp-content\/uploads\/2025\/09\/7847_006-scaled.jpg 1200w, https:\/\/news.save.ch\/wp-content\/uploads\/2025\/09\/7847_006-680x510.jpg 680w, https:\/\/news.save.ch\/wp-content\/uploads\/2025\/09\/7847_006-1024x768.jpg 1024w, https:\/\/news.save.ch\/wp-content\/uploads\/2025\/09\/7847_006-768x576.jpg 768w, https:\/\/news.save.ch\/wp-content\/uploads\/2025\/09\/7847_006-1536x1152.jpg 1536w, https:\/\/news.save.ch\/wp-content\/uploads\/2025\/09\/7847_006-16x12.jpg 16w, https:\/\/news.save.ch\/wp-content\/uploads\/2025\/09\/7847_006-375x281.jpg 375w, https:\/\/news.save.ch\/wp-content\/uploads\/2025\/09\/7847_006-467x350.jpg 467w, https:\/\/news.save.ch\/wp-content\/uploads\/2025\/09\/7847_006-1000x750.jpg 1000w\" sizes=\"auto, (max-width: 1400px) 100vw, 1400px\" \/><\/a><figcaption id=\"caption-attachment-24538\" class=\"wp-caption-text\">Photo: VBS\/DDPS -<br \/>Pascal Gertschen<\/figcaption><\/figure>\n<p id=\"doc-1j4rpgosc0\" class=\"font--regular\">Representatives of the cantons and the FOCP met in Schwarzenburg (BE) at the second conference of the year for heads of office (KdA), which was chaired by Michaela Sch\u00e4rer, Director of the FOCP. The event offered the cantonal heads of office responsible for civil protection the opportunity to exchange experiences and deepen their knowledge on important topics from their area of activity.<\/p>\n<h3 id=\"doc-1j4rpgqhu0\" class=\"h2\">The case of armed conflict<\/h3>\n<p id=\"doc-1j4rpgqhv0\" class=\"font--regular\">Once again, the lessons learned from the war in Ukraine made up a large part of the exchange. The \"Civil protection in armed conflict\" project was also an important item on the agenda. As the involvement of the cantons in this work is of great importance, the first day of the conference was entirely dedicated to this topic.<\/p>\n<p id=\"doc-1j4rpgqi00\" class=\"font--regular\">Cooperation between civilian and military actors was the subject of a presentation in the plenary session and in group work. In this cooperation, civilian factors are integrated into military processes. This creates a structured relationship in which the army is supported in the defense of the territory, the population and the state.<\/p>\n<p id=\"doc-1j4rpgqi10\" class=\"font--regular\">The conference then addressed the occupancy strategy for underground shelters and the need for special equipment for civil protection personnel in the event of armed conflict.<\/p>\n<h3 id=\"doc-1j4rpgqi20\" class=\"h2\">Civil protection strategy<\/h3>\n<p id=\"doc-1j4rpgqi30\" class=\"font--regular\">The second day began with work on a new strategy for civil protection in Switzerland. This is based on the existing strategic documents and should build on them. The aim is to define an overarching vision, a mission and strategic thrusts that anchor all current and future measures in a common and sustainable framework for the players in civil protection (police, fire department, health services, technical services and civil defense).<\/p>\n<p id=\"doc-1j4rpgqi31\" class=\"font--regular\">A presentation was then given on the topic of emergency meeting points, which the municipalities and cantons set up as contact points for crisis situations. Finally, the participants had the opportunity to discuss other important and current civil protection and civil defense issues.<\/p>\n<p><em>Source: FOCP<\/em><\/p>","protected":false},"excerpt":{"rendered":"<p>Anl\u00e4sslich der zweiten Konferenz der Amtschefinnen und Amtschefs (KdA) des Jahres, die von Michaela Sch\u00e4rer, Direktorin BABS, geleitet wurde, trafen sich in Schwarzenburg (BE) Vertreterinnen und Vertreter der Kantone und des BABS. Die Veranstaltung bot den f\u00fcr den Bev\u00f6lkerungsschutz zust\u00e4ndigen kantonalen Amtschefinnen und Amtschefs die Gelegenheit zu einem Erfahrungsaustausch und zur Vertiefung ihres Wissens \u00fcber [&hellip;]<\/p>\n","protected":false},"author":31,"featured_media":0,"comment_status":"closed","ping_status":"closed","sticky":false,"template":"","format":"standard","meta":{"_acf_changed":false,"pgc_sgb_lightbox_settings":"","footnotes":""},"categories":[3312],"tags":[1557,371,1074],"class_list":["post-24537","post","type-post","status-publish","format-standard","hentry","category-sicherheit","tag-babs-bundesamt-fuer-bevoelkerungsschutz","tag-bevoelkerungsschutz","tag-zivilschutz"],"acf":[],"hkrextid":null,"publication":null,"issue":null,"workflow":null,"startPage":null,"spitzmarke":null,"_posts_by_tag_page_fields":null,"_at_widget":null,"_yoast_wpseo_primary_category":"3312","_yoast_wpseo_focuskw_text_input":null,"_yoast_wpseo_opengraph-image":null,"_yoast_wpseo_opengraph-description":null,"_yoast_wpseo_opengraph-title":null,"enclosure":null,"_yoast_wpseo_twitter-title":null,"_yoast_wpseo_twitter-description":null,"_yoast_wpseo_twitter-image":null,"_wp_old_slug":null,"_yoast_wpseo_title":null,"_yoast_wpseo_canonical":null,"yoast_head":"<!-- This site is optimized with the Yoast SEO plugin v27.4 - https:\/\/yoast.com\/product\/yoast-seo-wordpress\/ -->\n<title>Die Bev\u00f6lkerungsschutz-Organisationen verbessern ihr Dispositiv f\u00fcr die Vorbereitung auf bewaffnete Konflikte - Save<\/title>\n<meta name=\"description\" content=\"Das Dispositiv f\u00fcr den Fall eines bewaffneten Konflikts stand im Fokus eines Treffens der Verantwortlichen im Zivilschutz.\" \/>\n<meta name=\"robots\" content=\"index, follow, max-snippet:-1, max-image-preview:large, max-video-preview:-1\" \/>\n<link rel=\"canonical\" href=\"https:\/\/news.save.ch\/en\/die-bevoelkerungsschutz-organisationen-verbessern-ihr-dispositiv-fuer-die-vorbereitung-auf-bewaffnete-konflikte\/\" \/>\n<meta property=\"og:locale\" content=\"en_US\" \/>\n<meta property=\"og:type\" content=\"article\" \/>\n<meta property=\"og:title\" content=\"Die Bev\u00f6lkerungsschutz-Organisationen verbessern ihr Dispositiv f\u00fcr die Vorbereitung auf bewaffnete Konflikte - Save\" \/>\n<meta property=\"og:description\" content=\"Das Dispositiv f\u00fcr den Fall eines bewaffneten Konflikts stand im Fokus eines Treffens der Verantwortlichen im Zivilschutz.\" \/>\n<meta property=\"og:url\" content=\"https:\/\/news.save.ch\/en\/die-bevoelkerungsschutz-organisationen-verbessern-ihr-dispositiv-fuer-die-vorbereitung-auf-bewaffnete-konflikte\/\" \/>\n<meta property=\"og:site_name\" content=\"Save\" \/>\n<meta property=\"article:published_time\" content=\"2025-09-12T07:54:31+00:00\" \/>\n<meta property=\"article:modified_time\" content=\"2025-09-12T07:54:38+00:00\" \/>\n<meta property=\"og:image\" content=\"https:\/\/news.save.ch\/wp-content\/uploads\/2025\/09\/7847_006-scaled.jpg\" \/>\n\t<meta property=\"og:image:width\" content=\"1200\" \/>\n\t<meta property=\"og:image:height\" content=\"900\" \/>\n\t<meta property=\"og:image:type\" content=\"image\/jpeg\" \/>\n<meta name=\"author\" content=\"stefanie Zeng\" \/>\n<meta name=\"twitter:card\" content=\"summary_large_image\" \/>\n<meta name=\"twitter:label1\" content=\"Written by\" \/>\n\t<meta name=\"twitter:data1\" content=\"stefanie Zeng\" \/>\n\t<meta name=\"twitter:label2\" content=\"Est. reading time\" \/>\n\t<meta name=\"twitter:data2\" content=\"2 minutes\" \/>\n<script type=\"application\/ld+json\" class=\"yoast-schema-graph\">{\"@context\":\"https:\\\/\\\/schema.org\",\"@graph\":[{\"@type\":\"Article\",\"@id\":\"https:\\\/\\\/news.save.ch\\\/die-bevoelkerungsschutz-organisationen-verbessern-ihr-dispositiv-fuer-die-vorbereitung-auf-bewaffnete-konflikte\\\/#article\",\"isPartOf\":{\"@id\":\"https:\\\/\\\/news.save.ch\\\/die-bevoelkerungsschutz-organisationen-verbessern-ihr-dispositiv-fuer-die-vorbereitung-auf-bewaffnete-konflikte\\\/\"},\"author\":{\"name\":\"stefanie Zeng\",\"@id\":\"https:\\\/\\\/news.save.ch\\\/de\\\/#\\\/schema\\\/person\\\/10917387362b3961e882740f6cf6f2a2\"},\"headline\":\"Die Bev\u00f6lkerungsschutz-Organisationen verbessern ihr Dispositiv f\u00fcr die Vorbereitung auf bewaffnete Konflikte\",\"datePublished\":\"2025-09-12T07:54:31+00:00\",\"dateModified\":\"2025-09-12T07:54:38+00:00\",\"mainEntityOfPage\":{\"@id\":\"https:\\\/\\\/news.save.ch\\\/die-bevoelkerungsschutz-organisationen-verbessern-ihr-dispositiv-fuer-die-vorbereitung-auf-bewaffnete-konflikte\\\/\"},\"wordCount\":350,\"publisher\":{\"@id\":\"https:\\\/\\\/news.save.ch\\\/de\\\/#organization\"},\"image\":{\"@id\":\"https:\\\/\\\/news.save.ch\\\/die-bevoelkerungsschutz-organisationen-verbessern-ihr-dispositiv-fuer-die-vorbereitung-auf-bewaffnete-konflikte\\\/#primaryimage\"},\"thumbnailUrl\":\"https:\\\/\\\/news.save.ch\\\/wp-content\\\/uploads\\\/2025\\\/09\\\/7847_006-scaled.jpg\",\"keywords\":[\"BABS - Bundesamt f\u00fcr Bev\u00f6lkerungsschutz\",\"Bev\u00f6lkerungsschutz\",\"Zivilschutz\"],\"articleSection\":[\"SICHERHEIT\"],\"inLanguage\":\"en-US\"},{\"@type\":\"WebPage\",\"@id\":\"https:\\\/\\\/news.save.ch\\\/die-bevoelkerungsschutz-organisationen-verbessern-ihr-dispositiv-fuer-die-vorbereitung-auf-bewaffnete-konflikte\\\/\",\"url\":\"https:\\\/\\\/news.save.ch\\\/die-bevoelkerungsschutz-organisationen-verbessern-ihr-dispositiv-fuer-die-vorbereitung-auf-bewaffnete-konflikte\\\/\",\"name\":\"Die Bev\u00f6lkerungsschutz-Organisationen verbessern ihr Dispositiv f\u00fcr die Vorbereitung auf bewaffnete Konflikte - Save\",\"isPartOf\":{\"@id\":\"https:\\\/\\\/news.save.ch\\\/de\\\/#website\"},\"primaryImageOfPage\":{\"@id\":\"https:\\\/\\\/news.save.ch\\\/die-bevoelkerungsschutz-organisationen-verbessern-ihr-dispositiv-fuer-die-vorbereitung-auf-bewaffnete-konflikte\\\/#primaryimage\"},\"image\":{\"@id\":\"https:\\\/\\\/news.save.ch\\\/die-bevoelkerungsschutz-organisationen-verbessern-ihr-dispositiv-fuer-die-vorbereitung-auf-bewaffnete-konflikte\\\/#primaryimage\"},\"thumbnailUrl\":\"https:\\\/\\\/news.save.ch\\\/wp-content\\\/uploads\\\/2025\\\/09\\\/7847_006-scaled.jpg\",\"datePublished\":\"2025-09-12T07:54:31+00:00\",\"dateModified\":\"2025-09-12T07:54:38+00:00\",\"description\":\"Das Dispositiv f\u00fcr den Fall eines bewaffneten Konflikts stand im Fokus eines Treffens der Verantwortlichen im Zivilschutz.\",\"breadcrumb\":{\"@id\":\"https:\\\/\\\/news.save.ch\\\/die-bevoelkerungsschutz-organisationen-verbessern-ihr-dispositiv-fuer-die-vorbereitung-auf-bewaffnete-konflikte\\\/#breadcrumb\"},\"inLanguage\":\"en-US\",\"potentialAction\":[{\"@type\":\"ReadAction\",\"target\":[\"https:\\\/\\\/news.save.ch\\\/die-bevoelkerungsschutz-organisationen-verbessern-ihr-dispositiv-fuer-die-vorbereitung-auf-bewaffnete-konflikte\\\/\"]}]},{\"@type\":\"ImageObject\",\"inLanguage\":\"en-US\",\"@id\":\"https:\\\/\\\/news.save.ch\\\/die-bevoelkerungsschutz-organisationen-verbessern-ihr-dispositiv-fuer-die-vorbereitung-auf-bewaffnete-konflikte\\\/#primaryimage\",\"url\":\"https:\\\/\\\/news.save.ch\\\/wp-content\\\/uploads\\\/2025\\\/09\\\/7847_006-scaled.jpg\",\"contentUrl\":\"https:\\\/\\\/news.save.ch\\\/wp-content\\\/uploads\\\/2025\\\/09\\\/7847_006-scaled.jpg\"},{\"@type\":\"BreadcrumbList\",\"@id\":\"https:\\\/\\\/news.save.ch\\\/die-bevoelkerungsschutz-organisationen-verbessern-ihr-dispositiv-fuer-die-vorbereitung-auf-bewaffnete-konflikte\\\/#breadcrumb\",\"itemListElement\":[{\"@type\":\"ListItem\",\"position\":1,\"name\":\"Home\",\"item\":\"https:\\\/\\\/news.save.ch\\\/de\\\/\"},{\"@type\":\"ListItem\",\"position\":2,\"name\":\"Die Bev\u00f6lkerungsschutz-Organisationen verbessern ihr Dispositiv f\u00fcr die Vorbereitung auf bewaffnete Konflikte\"}]},{\"@type\":\"WebSite\",\"@id\":\"https:\\\/\\\/news.save.ch\\\/de\\\/#website\",\"url\":\"https:\\\/\\\/news.save.ch\\\/de\\\/\",\"name\":\"Save\",\"description\":\"Schweizer Fachzeitschrift f\u00fcr Sicherheit\",\"publisher\":{\"@id\":\"https:\\\/\\\/news.save.ch\\\/de\\\/#organization\"},\"potentialAction\":[{\"@type\":\"SearchAction\",\"target\":{\"@type\":\"EntryPoint\",\"urlTemplate\":\"https:\\\/\\\/news.save.ch\\\/de\\\/?s={search_term_string}\"},\"query-input\":{\"@type\":\"PropertyValueSpecification\",\"valueRequired\":true,\"valueName\":\"search_term_string\"}}],\"inLanguage\":\"en-US\"},{\"@type\":\"Organization\",\"@id\":\"https:\\\/\\\/news.save.ch\\\/de\\\/#organization\",\"name\":\"Sicherheitsforum\",\"url\":\"https:\\\/\\\/news.save.ch\\\/de\\\/\",\"logo\":{\"@type\":\"ImageObject\",\"inLanguage\":\"en-US\",\"@id\":\"https:\\\/\\\/news.save.ch\\\/de\\\/#\\\/schema\\\/logo\\\/image\\\/\",\"url\":\"https:\\\/\\\/news.save.ch\\\/wp-content\\\/uploads\\\/2022\\\/06\\\/Logo_SF_2012.png\",\"contentUrl\":\"https:\\\/\\\/news.save.ch\\\/wp-content\\\/uploads\\\/2022\\\/06\\\/Logo_SF_2012.png\",\"width\":1100,\"height\":91,\"caption\":\"Sicherheitsforum\"},\"image\":{\"@id\":\"https:\\\/\\\/news.save.ch\\\/de\\\/#\\\/schema\\\/logo\\\/image\\\/\"}},{\"@type\":\"Person\",\"@id\":\"https:\\\/\\\/news.save.ch\\\/de\\\/#\\\/schema\\\/person\\\/10917387362b3961e882740f6cf6f2a2\",\"name\":\"stefanie Zeng\",\"image\":{\"@type\":\"ImageObject\",\"inLanguage\":\"en-US\",\"@id\":\"https:\\\/\\\/secure.gravatar.com\\\/avatar\\\/eac43faa6e40bb2c41068c95c9d78bbd94c476d5efdff7abaab80bb3ea681e06?s=96&d=mm&r=g\",\"url\":\"https:\\\/\\\/secure.gravatar.com\\\/avatar\\\/eac43faa6e40bb2c41068c95c9d78bbd94c476d5efdff7abaab80bb3ea681e06?s=96&d=mm&r=g\",\"contentUrl\":\"https:\\\/\\\/secure.gravatar.com\\\/avatar\\\/eac43faa6e40bb2c41068c95c9d78bbd94c476d5efdff7abaab80bb3ea681e06?s=96&d=mm&r=g\",\"caption\":\"stefanie Zeng\"},\"url\":\"https:\\\/\\\/news.save.ch\\\/en\\\/author\\\/stefanie-zeng\\\/\"}]}<\/script>\n<!-- \/ Yoast SEO plugin. -->","yoast_head_json":{"title":"Civil protection organizations are improving their preparedness for armed conflicts - Save","description":"The arrangements in the event of an armed conflict were the focus of a meeting of those responsible for civil defense.","robots":{"index":"index","follow":"follow","max-snippet":"max-snippet:-1","max-image-preview":"max-image-preview:large","max-video-preview":"max-video-preview:-1"},"canonical":"https:\/\/news.save.ch\/en\/die-bevoelkerungsschutz-organisationen-verbessern-ihr-dispositiv-fuer-die-vorbereitung-auf-bewaffnete-konflikte\/","og_locale":"en_US","og_type":"article","og_title":"Die Bev\u00f6lkerungsschutz-Organisationen verbessern ihr Dispositiv f\u00fcr die Vorbereitung auf bewaffnete Konflikte - Save","og_description":"Das Dispositiv f\u00fcr den Fall eines bewaffneten Konflikts stand im Fokus eines Treffens der Verantwortlichen im Zivilschutz.","og_url":"https:\/\/news.save.ch\/en\/die-bevoelkerungsschutz-organisationen-verbessern-ihr-dispositiv-fuer-die-vorbereitung-auf-bewaffnete-konflikte\/","og_site_name":"Save","article_published_time":"2025-09-12T07:54:31+00:00","article_modified_time":"2025-09-12T07:54:38+00:00","og_image":[{"width":1200,"height":900,"url":"https:\/\/news.save.ch\/wp-content\/uploads\/2025\/09\/7847_006-scaled.jpg","type":"image\/jpeg"}],"author":"stefanie Zeng","twitter_card":"summary_large_image","twitter_misc":{"Written by":"stefanie Zeng","Est. reading time":"2 minutes"},"schema":{"@context":"https:\/\/schema.org","@graph":[{"@type":"Article","@id":"https:\/\/news.save.ch\/die-bevoelkerungsschutz-organisationen-verbessern-ihr-dispositiv-fuer-die-vorbereitung-auf-bewaffnete-konflikte\/#article","isPartOf":{"@id":"https:\/\/news.save.ch\/die-bevoelkerungsschutz-organisationen-verbessern-ihr-dispositiv-fuer-die-vorbereitung-auf-bewaffnete-konflikte\/"},"author":{"name":"stefanie Zeng","@id":"https:\/\/news.save.ch\/de\/#\/schema\/person\/10917387362b3961e882740f6cf6f2a2"},"headline":"Die Bev\u00f6lkerungsschutz-Organisationen verbessern ihr Dispositiv f\u00fcr die Vorbereitung auf bewaffnete Konflikte","datePublished":"2025-09-12T07:54:31+00:00","dateModified":"2025-09-12T07:54:38+00:00","mainEntityOfPage":{"@id":"https:\/\/news.save.ch\/die-bevoelkerungsschutz-organisationen-verbessern-ihr-dispositiv-fuer-die-vorbereitung-auf-bewaffnete-konflikte\/"},"wordCount":350,"publisher":{"@id":"https:\/\/news.save.ch\/de\/#organization"},"image":{"@id":"https:\/\/news.save.ch\/die-bevoelkerungsschutz-organisationen-verbessern-ihr-dispositiv-fuer-die-vorbereitung-auf-bewaffnete-konflikte\/#primaryimage"},"thumbnailUrl":"https:\/\/news.save.ch\/wp-content\/uploads\/2025\/09\/7847_006-scaled.jpg","keywords":["BABS - Bundesamt f\u00fcr Bev\u00f6lkerungsschutz","Bev\u00f6lkerungsschutz","Zivilschutz"],"articleSection":["SICHERHEIT"],"inLanguage":"en-US"},{"@type":"WebPage","@id":"https:\/\/news.save.ch\/die-bevoelkerungsschutz-organisationen-verbessern-ihr-dispositiv-fuer-die-vorbereitung-auf-bewaffnete-konflikte\/","url":"https:\/\/news.save.ch\/die-bevoelkerungsschutz-organisationen-verbessern-ihr-dispositiv-fuer-die-vorbereitung-auf-bewaffnete-konflikte\/","name":"Civil protection organizations are improving their preparedness for armed conflicts - Save","isPartOf":{"@id":"https:\/\/news.save.ch\/de\/#website"},"primaryImageOfPage":{"@id":"https:\/\/news.save.ch\/die-bevoelkerungsschutz-organisationen-verbessern-ihr-dispositiv-fuer-die-vorbereitung-auf-bewaffnete-konflikte\/#primaryimage"},"image":{"@id":"https:\/\/news.save.ch\/die-bevoelkerungsschutz-organisationen-verbessern-ihr-dispositiv-fuer-die-vorbereitung-auf-bewaffnete-konflikte\/#primaryimage"},"thumbnailUrl":"https:\/\/news.save.ch\/wp-content\/uploads\/2025\/09\/7847_006-scaled.jpg","datePublished":"2025-09-12T07:54:31+00:00","dateModified":"2025-09-12T07:54:38+00:00","description":"The arrangements in the event of an armed conflict were the focus of a meeting of those responsible for civil defense.","breadcrumb":{"@id":"https:\/\/news.save.ch\/die-bevoelkerungsschutz-organisationen-verbessern-ihr-dispositiv-fuer-die-vorbereitung-auf-bewaffnete-konflikte\/#breadcrumb"},"inLanguage":"en-US","potentialAction":[{"@type":"ReadAction","target":["https:\/\/news.save.ch\/die-bevoelkerungsschutz-organisationen-verbessern-ihr-dispositiv-fuer-die-vorbereitung-auf-bewaffnete-konflikte\/"]}]},{"@type":"ImageObject","inLanguage":"en-US","@id":"https:\/\/news.save.ch\/die-bevoelkerungsschutz-organisationen-verbessern-ihr-dispositiv-fuer-die-vorbereitung-auf-bewaffnete-konflikte\/#primaryimage","url":"https:\/\/news.save.ch\/wp-content\/uploads\/2025\/09\/7847_006-scaled.jpg","contentUrl":"https:\/\/news.save.ch\/wp-content\/uploads\/2025\/09\/7847_006-scaled.jpg"},{"@type":"BreadcrumbList","@id":"https:\/\/news.save.ch\/die-bevoelkerungsschutz-organisationen-verbessern-ihr-dispositiv-fuer-die-vorbereitung-auf-bewaffnete-konflikte\/#breadcrumb","itemListElement":[{"@type":"ListItem","position":1,"name":"Home","item":"https:\/\/news.save.ch\/de\/"},{"@type":"ListItem","position":2,"name":"Die Bev\u00f6lkerungsschutz-Organisationen verbessern ihr Dispositiv f\u00fcr die Vorbereitung auf bewaffnete Konflikte"}]},{"@type":"WebSite","@id":"https:\/\/news.save.ch\/de\/#website","url":"https:\/\/news.save.ch\/de\/","name":"Save","description":"Swiss trade journal for safety","publisher":{"@id":"https:\/\/news.save.ch\/de\/#organization"},"potentialAction":[{"@type":"SearchAction","target":{"@type":"EntryPoint","urlTemplate":"https:\/\/news.save.ch\/de\/?s={search_term_string}"},"query-input":{"@type":"PropertyValueSpecification","valueRequired":true,"valueName":"search_term_string"}}],"inLanguage":"en-US"},{"@type":"Organization","@id":"https:\/\/news.save.ch\/de\/#organization","name":"Security Forum","url":"https:\/\/news.save.ch\/de\/","logo":{"@type":"ImageObject","inLanguage":"en-US","@id":"https:\/\/news.save.ch\/de\/#\/schema\/logo\/image\/","url":"https:\/\/news.save.ch\/wp-content\/uploads\/2022\/06\/Logo_SF_2012.png","contentUrl":"https:\/\/news.save.ch\/wp-content\/uploads\/2022\/06\/Logo_SF_2012.png","width":1100,"height":91,"caption":"Sicherheitsforum"},"image":{"@id":"https:\/\/news.save.ch\/de\/#\/schema\/logo\/image\/"}},{"@type":"Person","@id":"https:\/\/news.save.ch\/de\/#\/schema\/person\/10917387362b3961e882740f6cf6f2a2","name":"Stefanie Zeng","image":{"@type":"ImageObject","inLanguage":"en-US","@id":"https:\/\/secure.gravatar.com\/avatar\/eac43faa6e40bb2c41068c95c9d78bbd94c476d5efdff7abaab80bb3ea681e06?s=96&d=mm&r=g","url":"https:\/\/secure.gravatar.com\/avatar\/eac43faa6e40bb2c41068c95c9d78bbd94c476d5efdff7abaab80bb3ea681e06?s=96&d=mm&r=g","contentUrl":"https:\/\/secure.gravatar.com\/avatar\/eac43faa6e40bb2c41068c95c9d78bbd94c476d5efdff7abaab80bb3ea681e06?s=96&d=mm&r=g","caption":"stefanie Zeng"},"url":"https:\/\/news.save.ch\/en\/author\/stefanie-zeng\/"}]}},"_links":{"self":[{"href":"https:\/\/news.save.ch\/en\/wp-json\/wp\/v2\/posts\/24537","targetHints":{"allow":["GET"]}}],"collection":[{"href":"https:\/\/news.save.ch\/en\/wp-json\/wp\/v2\/posts"}],"about":[{"href":"https:\/\/news.save.ch\/en\/wp-json\/wp\/v2\/types\/post"}],"author":[{"embeddable":true,"href":"https:\/\/news.save.ch\/en\/wp-json\/wp\/v2\/users\/31"}],"replies":[{"embeddable":true,"href":"https:\/\/news.save.ch\/en\/wp-json\/wp\/v2\/comments?post=24537"}],"version-history":[{"count":2,"href":"https:\/\/news.save.ch\/en\/wp-json\/wp\/v2\/posts\/24537\/revisions"}],"predecessor-version":[{"id":24540,"href":"https:\/\/news.save.ch\/en\/wp-json\/wp\/v2\/posts\/24537\/revisions\/24540"}],"wp:attachment":[{"href":"https:\/\/news.save.ch\/en\/wp-json\/wp\/v2\/media?parent=24537"}],"wp:term":[{"taxonomy":"category","embeddable":true,"href":"https:\/\/news.save.ch\/en\/wp-json\/wp\/v2\/categories?post=24537"},{"taxonomy":"post_tag","embeddable":true,"href":"https:\/\/news.save.ch\/en\/wp-json\/wp\/v2\/tags?post=24537"}],"curies":[{"name":"wp","href":"https:\/\/api.w.org\/{rel}","templated":true}]}}