{"id":24583,"date":"2025-09-16T13:00:21","date_gmt":"2025-09-16T11:00:21","guid":{"rendered":"https:\/\/news.save.ch\/?p=24583"},"modified":"2025-10-01T13:03:23","modified_gmt":"2025-10-01T11:03:23","slug":"sepsis-eine-unterschaetzte-gefahr-fuer-gesundheit-und-leben-3","status":null,"type":"post","link":"https:\/\/news.save.ch\/en\/sepsis-eine-unterschaetzte-gefahr-fuer-gesundheit-und-leben-3\/","title":{"rendered":"Sepsis - an underestimated danger to health and life"},"content":{"rendered":"<figure id=\"attachment_24567\" aria-describedby=\"caption-attachment-24567\" style=\"width: 1000px\" class=\"wp-caption alignnone\"><a href=\"https:\/\/news.save.ch\/en\/sepsis-eine-unterschaetzte-gefahr-fuer-gesundheit-und-leben\/depositphotos_33848041_s\/\" rel=\"attachment wp-att-24567\"><img loading=\"lazy\" decoding=\"async\" class=\"size-full wp-image-24567\" src=\"https:\/\/news.save.ch\/wp-content\/uploads\/2025\/09\/Depositphotos_33848041_S.jpg\" alt=\"\" width=\"1000\" height=\"667\" srcset=\"https:\/\/news.save.ch\/wp-content\/uploads\/2025\/09\/Depositphotos_33848041_S.jpg 1000w, https:\/\/news.save.ch\/wp-content\/uploads\/2025\/09\/Depositphotos_33848041_S-680x454.jpg 680w, https:\/\/news.save.ch\/wp-content\/uploads\/2025\/09\/Depositphotos_33848041_S-768x512.jpg 768w, https:\/\/news.save.ch\/wp-content\/uploads\/2025\/09\/Depositphotos_33848041_S-18x12.jpg 18w, https:\/\/news.save.ch\/wp-content\/uploads\/2025\/09\/Depositphotos_33848041_S-375x250.jpg 375w, https:\/\/news.save.ch\/wp-content\/uploads\/2025\/09\/Depositphotos_33848041_S-525x350.jpg 525w\" sizes=\"auto, (max-width: 1000px) 100vw, 1000px\" \/><\/a><figcaption id=\"caption-attachment-24567\" class=\"wp-caption-text\">Photo: Depositphotos\/Londondeposit<\/figcaption><\/figure>\n<p id=\"doc-1j4rpeeaa0\" class=\"font--regular\">The Swiss Sepsis Program (SSP) is publishing a report on the number of sepsis cases in Switzerland and the corresponding costs for the healthcare system and society on World Sepsis Day on September 13, 2025. Based on data from the medical statistics of the hospitals of the Federal Statistical Office (FSO), the report analyzes the number of sepsis cases and the resulting burden of disease as well as the direct healthcare costs in Switzerland. Experts from the University Children's Hospital Zurich carried out the analysis together with researchers from Unisant\u00e9 Lausanne and the University of Basel.<\/p>\n<p id=\"doc-1j4rpf1ij0\" class=\"font--regular\">The researchers analyzed Swiss healthcare data from 2019 to 2023. They found that sepsis was coded in a good 20,000 hospitalizations per year during this period. All age groups are affected, but especially infants and the elderly. Sepsis is a life-threatening, out-of-control reaction of the body to an infection that can lead to organ failure, shock and even death. The numbers have not fallen in recent years. There is also a justified assumption that not all cases of sepsis are recognized and recorded and not all people with sepsis are treated in hospital. As these cases are not included in the statistics, the authors of the study suspect that the disease burden in Switzerland is significantly higher.<\/p>\n<p id=\"doc-1j4rpf1ik0\" class=\"font--regular\">\"The risk of sepsis is still underestimated,\" says the first author of the report, PD Dr. Nora L\u00fcthi. Together with Prof. Luregn Schlapbach, intensive care physician at the University Children's Hospital Zurich, she heads the Swiss Sepsis Program.<\/p>\n<h3 id=\"doc-1j4rpf8gg0\" class=\"h2\">Almost twenty percent of patients die in hospital<\/h3>\n<p id=\"doc-1j4rpfjuo0\" class=\"font--regular\">The analysis shows that of the 20,000 hospitalized cases, just under 20 percent - i.e. around 4,000 patients - die in hospital. However, mortality is much higher with increasing age and in cases of septic shock. Despite advanced care, the number of deaths has remained largely unchanged in recent years. By way of comparison, there are around 19,000 hospital admissions and around 2,500 deaths each year from heart attacks and 22,000 from strokes.<\/p>\n<p>&nbsp;<\/p>\n<div class=\"greybox\">\n<h2 id=\"doc-1j4rpjltr0\" class=\"h2\">What is sepsis?<\/h2>\n<p id=\"doc-1j4rpk0ck0\" class=\"font--regular\">Sepsis is a life-threatening reaction of the body to an infection. It can lead to shock, severe damage to tissues and organs and even death. This is especially true if it is not recognized and treated in time. Sepsis affects all age groups. Over two thirds of all cases occur in older people. Sepsis is much less common in children (around 600 cases per year), with the majority of cases affecting children under the age of five and newborns.<\/p>\n<\/div>\n<p id=\"doc-1j4rpfr1k0\" class=\"font--regular\">Even after hospitalization, the mortality rate due to sepsis remains high. Almost a third of older patients with sepsis died within one year of hospital admission.<\/p>\n<h3 id=\"doc-1j4rpfvds0\" class=\"h2\">Costs of over one billion francs per year<\/h3>\n<p id=\"doc-1j4rpgdst0\" class=\"font--regular\">Sepsis poses major challenges for the Swiss healthcare system. Around 40 percent of hospital cases with a sepsis diagnosis are treated in an intensive care unit. According to the report, the average cost of a sepsis case is around CHF 50,000. With 20,000 cases of sepsis per year, the direct hospital costs across Switzerland amount to 1 billion Swiss francs per year. If the costs for rehabilitation, aftercare and the treatment of long-term complications are extrapolated over the following three years, the direct costs in Switzerland are estimated to double, i.e. to CHF 2 billion per year. In addition, indirect costs arise from the physical and psychological long-term consequences for those affected and their families, which can last for years and sometimes lead to loss of work and are not shown here.<\/p>\n<p id=\"doc-1j4rpgmq10\" class=\"font--regular\">\"The calculations clearly show that sepsis poses a major threat and burdens our society with enormous costs,\" says Luregn Schlapbach. \"The detection, treatment and follow-up treatment of sepsis must therefore be urgently prioritized in the healthcare system,\" he adds.<\/p>\n<p id=\"doc-1j4rpgmq30\" class=\"font--regular\">The Swiss Sepsis Program aims to make an important contribution to this over the next few years. The hospital teams responsible want to improve the situation with a publicity campaign, the definition of clinical standards, educational modules, a sepsis register and the establishment of a group of people affected by sepsis. The program is the responsibility of the university hospitals CHUV (Lausanne), Insel (Bern) and Children's Hospital (Zurich) and is funded by the Swiss Federal Quality Commission (EQC) for the healthcare sector. The focus is on the early detection, treatment and aftercare of sepsis. \"What is also still lacking in Switzerland is national coordination of research into sepsis so that research results can also have an impact on patient treatment more quickly,\" adds Schlapbach.<\/p>\n<div class=\"greybox\">\n<h3 id=\"doc-1j4rpke0m0\" class=\"h2\">The Swiss Sepsis Program (Swiss Sepsis Program)<\/h3>\n<p id=\"doc-1j4rpl2ci0\" class=\"font--regular\">The Swiss Sepsis Program (SSP) is the joint responsibility of the University Children's Hospital Zurich, Inselspital Bern and the Centre hospitalier universitaire vaudois Lausanne (CHUV). The program was launched as part of the Swiss Sepsis National Action Plan 2023, started in 2024 and will run until December 2028. It is funded by the Federal Quality Commission EQC.<\/p>\n<p id=\"doc-1j4rpl4eb0\" class=\"font--regular\">Information:\u00a0<a class=\"link--external\" href=\"http:\/\/www.sepsis.ch\/\" target=\"_blank\" rel=\"external noopener\" aria-label=\"www.sepsis.ch Open link in a new tab\">www.sepsis.ch<\/a><\/p>\n<\/div>\n<p id=\"doc-1j4rplk2u0\" class=\"font--regular\"><em>Source: BAG<\/em><\/p>","protected":false},"excerpt":{"rendered":"<p>Das Schweizer Sepsis-Programm (Swiss Sepsis Program SSP) ver\u00f6ffentlicht zum Welt-Sepsis-Tag vom 13. September 2025 einen Bericht \u00fcber die Zahl der Sepsis-F\u00e4lle in der Schweiz und \u00fcber die entsprechenden Kosten f\u00fcr Gesundheitssystem und Gesellschaft. Anhand von Daten der Medizinischen Statistik der Krankenh\u00e4user des Bundesamts f\u00fcr Statistik (BfS) analysiert der Bericht die Zahl der Sepsis-F\u00e4lle und die [&hellip;]<\/p>\n","protected":false},"author":31,"featured_media":0,"comment_status":"closed","ping_status":"closed","sticky":false,"template":"","format":"standard","meta":{"_acf_changed":false,"pgc_sgb_lightbox_settings":"","footnotes":""},"categories":[3314],"tags":[2163,6614,2970,6615],"class_list":["post-24583","post","type-post","status-publish","format-standard","hentry","category-health-safety","tag-gesundheitsdaten","tag-sepsis","tag-spitalinfektionen","tag-swiss-sepsis-program"],"acf":[],"hkrextid":null,"publication":null,"issue":null,"workflow":null,"startPage":null,"spitzmarke":null,"_posts_by_tag_page_fields":null,"_at_widget":null,"_yoast_wpseo_primary_category":"3314","_yoast_wpseo_focuskw_text_input":null,"_yoast_wpseo_opengraph-image":null,"_yoast_wpseo_opengraph-description":null,"_yoast_wpseo_opengraph-title":null,"enclosure":null,"_yoast_wpseo_twitter-title":null,"_yoast_wpseo_twitter-description":null,"_yoast_wpseo_twitter-image":null,"_wp_old_slug":null,"_yoast_wpseo_title":null,"_yoast_wpseo_canonical":null,"yoast_head":"<!-- This site is optimized with the Yoast SEO plugin v27.4 - https:\/\/yoast.com\/product\/yoast-seo-wordpress\/ -->\n<title>Sepsis \u2013 eine untersch\u00e4tzte Gefahr f\u00fcr Gesundheit und Leben - Save<\/title>\n<meta name=\"description\" content=\"In der Schweiz erkranken j\u00e4hrlich \u00fcber 20&#039;000 Menschen im Spital an Sepsis, rund 4&#039;000 sterben daran. Ein neuer Bericht des nationalen Sepsis-Programms zeigt die Dringlichkeit.\" \/>\n<meta name=\"robots\" content=\"index, follow, max-snippet:-1, max-image-preview:large, max-video-preview:-1\" \/>\n<link rel=\"canonical\" href=\"https:\/\/news.save.ch\/en\/sepsis-eine-unterschaetzte-gefahr-fuer-gesundheit-und-leben-3\/\" \/>\n<meta property=\"og:locale\" content=\"en_US\" \/>\n<meta property=\"og:type\" content=\"article\" \/>\n<meta property=\"og:title\" content=\"Sepsis \u2013 eine untersch\u00e4tzte Gefahr f\u00fcr Gesundheit und Leben - Save\" \/>\n<meta property=\"og:description\" content=\"In der Schweiz erkranken j\u00e4hrlich \u00fcber 20&#039;000 Menschen im Spital an Sepsis, rund 4&#039;000 sterben daran. Ein neuer Bericht des nationalen Sepsis-Programms zeigt die Dringlichkeit.\" \/>\n<meta property=\"og:url\" content=\"https:\/\/news.save.ch\/en\/sepsis-eine-unterschaetzte-gefahr-fuer-gesundheit-und-leben-3\/\" \/>\n<meta property=\"og:site_name\" content=\"Save\" \/>\n<meta property=\"article:published_time\" content=\"2025-09-16T11:00:21+00:00\" \/>\n<meta property=\"article:modified_time\" content=\"2025-10-01T11:03:23+00:00\" \/>\n<meta property=\"og:image\" content=\"https:\/\/news.save.ch\/wp-content\/uploads\/2025\/09\/Depositphotos_33848041_S.jpg\" \/>\n\t<meta property=\"og:image:width\" content=\"1000\" \/>\n\t<meta property=\"og:image:height\" content=\"667\" \/>\n\t<meta property=\"og:image:type\" content=\"image\/jpeg\" \/>\n<meta name=\"author\" content=\"stefanie Zeng\" \/>\n<meta name=\"twitter:card\" content=\"summary_large_image\" \/>\n<meta name=\"twitter:label1\" content=\"Written by\" \/>\n\t<meta name=\"twitter:data1\" content=\"stefanie Zeng\" \/>\n\t<meta name=\"twitter:label2\" content=\"Est. reading time\" \/>\n\t<meta name=\"twitter:data2\" content=\"5 minutes\" \/>\n<script type=\"application\/ld+json\" class=\"yoast-schema-graph\">{\"@context\":\"https:\\\/\\\/schema.org\",\"@graph\":[{\"@type\":\"Article\",\"@id\":\"https:\\\/\\\/news.save.ch\\\/sepsis-eine-unterschaetzte-gefahr-fuer-gesundheit-und-leben-3\\\/#article\",\"isPartOf\":{\"@id\":\"https:\\\/\\\/news.save.ch\\\/sepsis-eine-unterschaetzte-gefahr-fuer-gesundheit-und-leben-3\\\/\"},\"author\":{\"name\":\"stefanie Zeng\",\"@id\":\"https:\\\/\\\/news.save.ch\\\/de\\\/#\\\/schema\\\/person\\\/10917387362b3961e882740f6cf6f2a2\"},\"headline\":\"Sepsis \u2013 eine untersch\u00e4tzte Gefahr f\u00fcr Gesundheit und Leben\",\"datePublished\":\"2025-09-16T11:00:21+00:00\",\"dateModified\":\"2025-10-01T11:03:23+00:00\",\"mainEntityOfPage\":{\"@id\":\"https:\\\/\\\/news.save.ch\\\/sepsis-eine-unterschaetzte-gefahr-fuer-gesundheit-und-leben-3\\\/\"},\"wordCount\":832,\"publisher\":{\"@id\":\"https:\\\/\\\/news.save.ch\\\/de\\\/#organization\"},\"image\":{\"@id\":\"https:\\\/\\\/news.save.ch\\\/sepsis-eine-unterschaetzte-gefahr-fuer-gesundheit-und-leben-3\\\/#primaryimage\"},\"thumbnailUrl\":\"https:\\\/\\\/news.save.ch\\\/wp-content\\\/uploads\\\/2025\\\/09\\\/Depositphotos_33848041_S.jpg\",\"keywords\":[\"Gesundheitsdaten\",\"Sepsis\",\"Spitalinfektionen\",\"Swiss Sepsis Program\"],\"articleSection\":[\"HEALTH &amp; SAFETY\"],\"inLanguage\":\"en-US\"},{\"@type\":\"WebPage\",\"@id\":\"https:\\\/\\\/news.save.ch\\\/sepsis-eine-unterschaetzte-gefahr-fuer-gesundheit-und-leben-3\\\/\",\"url\":\"https:\\\/\\\/news.save.ch\\\/sepsis-eine-unterschaetzte-gefahr-fuer-gesundheit-und-leben-3\\\/\",\"name\":\"Sepsis \u2013 eine untersch\u00e4tzte Gefahr f\u00fcr Gesundheit und Leben - Save\",\"isPartOf\":{\"@id\":\"https:\\\/\\\/news.save.ch\\\/de\\\/#website\"},\"primaryImageOfPage\":{\"@id\":\"https:\\\/\\\/news.save.ch\\\/sepsis-eine-unterschaetzte-gefahr-fuer-gesundheit-und-leben-3\\\/#primaryimage\"},\"image\":{\"@id\":\"https:\\\/\\\/news.save.ch\\\/sepsis-eine-unterschaetzte-gefahr-fuer-gesundheit-und-leben-3\\\/#primaryimage\"},\"thumbnailUrl\":\"https:\\\/\\\/news.save.ch\\\/wp-content\\\/uploads\\\/2025\\\/09\\\/Depositphotos_33848041_S.jpg\",\"datePublished\":\"2025-09-16T11:00:21+00:00\",\"dateModified\":\"2025-10-01T11:03:23+00:00\",\"description\":\"In der Schweiz erkranken j\u00e4hrlich \u00fcber 20'000 Menschen im Spital an Sepsis, rund 4'000 sterben daran. Ein neuer Bericht des nationalen Sepsis-Programms zeigt die Dringlichkeit.\",\"breadcrumb\":{\"@id\":\"https:\\\/\\\/news.save.ch\\\/sepsis-eine-unterschaetzte-gefahr-fuer-gesundheit-und-leben-3\\\/#breadcrumb\"},\"inLanguage\":\"en-US\",\"potentialAction\":[{\"@type\":\"ReadAction\",\"target\":[\"https:\\\/\\\/news.save.ch\\\/sepsis-eine-unterschaetzte-gefahr-fuer-gesundheit-und-leben-3\\\/\"]}]},{\"@type\":\"ImageObject\",\"inLanguage\":\"en-US\",\"@id\":\"https:\\\/\\\/news.save.ch\\\/sepsis-eine-unterschaetzte-gefahr-fuer-gesundheit-und-leben-3\\\/#primaryimage\",\"url\":\"https:\\\/\\\/news.save.ch\\\/wp-content\\\/uploads\\\/2025\\\/09\\\/Depositphotos_33848041_S.jpg\",\"contentUrl\":\"https:\\\/\\\/news.save.ch\\\/wp-content\\\/uploads\\\/2025\\\/09\\\/Depositphotos_33848041_S.jpg\"},{\"@type\":\"BreadcrumbList\",\"@id\":\"https:\\\/\\\/news.save.ch\\\/sepsis-eine-unterschaetzte-gefahr-fuer-gesundheit-und-leben-3\\\/#breadcrumb\",\"itemListElement\":[{\"@type\":\"ListItem\",\"position\":1,\"name\":\"Home\",\"item\":\"https:\\\/\\\/news.save.ch\\\/de\\\/\"},{\"@type\":\"ListItem\",\"position\":2,\"name\":\"Sepsis \u2013 eine untersch\u00e4tzte Gefahr f\u00fcr Gesundheit und Leben\"}]},{\"@type\":\"WebSite\",\"@id\":\"https:\\\/\\\/news.save.ch\\\/de\\\/#website\",\"url\":\"https:\\\/\\\/news.save.ch\\\/de\\\/\",\"name\":\"Save\",\"description\":\"Schweizer Fachzeitschrift f\u00fcr Sicherheit\",\"publisher\":{\"@id\":\"https:\\\/\\\/news.save.ch\\\/de\\\/#organization\"},\"potentialAction\":[{\"@type\":\"SearchAction\",\"target\":{\"@type\":\"EntryPoint\",\"urlTemplate\":\"https:\\\/\\\/news.save.ch\\\/de\\\/?s={search_term_string}\"},\"query-input\":{\"@type\":\"PropertyValueSpecification\",\"valueRequired\":true,\"valueName\":\"search_term_string\"}}],\"inLanguage\":\"en-US\"},{\"@type\":\"Organization\",\"@id\":\"https:\\\/\\\/news.save.ch\\\/de\\\/#organization\",\"name\":\"Sicherheitsforum\",\"url\":\"https:\\\/\\\/news.save.ch\\\/de\\\/\",\"logo\":{\"@type\":\"ImageObject\",\"inLanguage\":\"en-US\",\"@id\":\"https:\\\/\\\/news.save.ch\\\/de\\\/#\\\/schema\\\/logo\\\/image\\\/\",\"url\":\"https:\\\/\\\/news.save.ch\\\/wp-content\\\/uploads\\\/2022\\\/06\\\/Logo_SF_2012.png\",\"contentUrl\":\"https:\\\/\\\/news.save.ch\\\/wp-content\\\/uploads\\\/2022\\\/06\\\/Logo_SF_2012.png\",\"width\":1100,\"height\":91,\"caption\":\"Sicherheitsforum\"},\"image\":{\"@id\":\"https:\\\/\\\/news.save.ch\\\/de\\\/#\\\/schema\\\/logo\\\/image\\\/\"}},{\"@type\":\"Person\",\"@id\":\"https:\\\/\\\/news.save.ch\\\/de\\\/#\\\/schema\\\/person\\\/10917387362b3961e882740f6cf6f2a2\",\"name\":\"stefanie Zeng\",\"image\":{\"@type\":\"ImageObject\",\"inLanguage\":\"en-US\",\"@id\":\"https:\\\/\\\/secure.gravatar.com\\\/avatar\\\/eac43faa6e40bb2c41068c95c9d78bbd94c476d5efdff7abaab80bb3ea681e06?s=96&d=mm&r=g\",\"url\":\"https:\\\/\\\/secure.gravatar.com\\\/avatar\\\/eac43faa6e40bb2c41068c95c9d78bbd94c476d5efdff7abaab80bb3ea681e06?s=96&d=mm&r=g\",\"contentUrl\":\"https:\\\/\\\/secure.gravatar.com\\\/avatar\\\/eac43faa6e40bb2c41068c95c9d78bbd94c476d5efdff7abaab80bb3ea681e06?s=96&d=mm&r=g\",\"caption\":\"stefanie Zeng\"},\"url\":\"https:\\\/\\\/news.save.ch\\\/en\\\/author\\\/stefanie-zeng\\\/\"}]}<\/script>\n<!-- \/ Yoast SEO plugin. -->","yoast_head_json":{"title":"Sepsis - an underestimated danger to health and life - Save","description":"In Switzerland, over 20,000 people contract sepsis in hospital every year, and around 4,000 die as a result. A new report from the national sepsis program shows the urgency.","robots":{"index":"index","follow":"follow","max-snippet":"max-snippet:-1","max-image-preview":"max-image-preview:large","max-video-preview":"max-video-preview:-1"},"canonical":"https:\/\/news.save.ch\/en\/sepsis-eine-unterschaetzte-gefahr-fuer-gesundheit-und-leben-3\/","og_locale":"en_US","og_type":"article","og_title":"Sepsis \u2013 eine untersch\u00e4tzte Gefahr f\u00fcr Gesundheit und Leben - Save","og_description":"In der Schweiz erkranken j\u00e4hrlich \u00fcber 20'000 Menschen im Spital an Sepsis, rund 4'000 sterben daran. Ein neuer Bericht des nationalen Sepsis-Programms zeigt die Dringlichkeit.","og_url":"https:\/\/news.save.ch\/en\/sepsis-eine-unterschaetzte-gefahr-fuer-gesundheit-und-leben-3\/","og_site_name":"Save","article_published_time":"2025-09-16T11:00:21+00:00","article_modified_time":"2025-10-01T11:03:23+00:00","og_image":[{"width":1000,"height":667,"url":"https:\/\/news.save.ch\/wp-content\/uploads\/2025\/09\/Depositphotos_33848041_S.jpg","type":"image\/jpeg"}],"author":"stefanie Zeng","twitter_card":"summary_large_image","twitter_misc":{"Written by":"stefanie Zeng","Est. reading time":"5 minutes"},"schema":{"@context":"https:\/\/schema.org","@graph":[{"@type":"Article","@id":"https:\/\/news.save.ch\/sepsis-eine-unterschaetzte-gefahr-fuer-gesundheit-und-leben-3\/#article","isPartOf":{"@id":"https:\/\/news.save.ch\/sepsis-eine-unterschaetzte-gefahr-fuer-gesundheit-und-leben-3\/"},"author":{"name":"stefanie Zeng","@id":"https:\/\/news.save.ch\/de\/#\/schema\/person\/10917387362b3961e882740f6cf6f2a2"},"headline":"Sepsis \u2013 eine untersch\u00e4tzte Gefahr f\u00fcr Gesundheit und Leben","datePublished":"2025-09-16T11:00:21+00:00","dateModified":"2025-10-01T11:03:23+00:00","mainEntityOfPage":{"@id":"https:\/\/news.save.ch\/sepsis-eine-unterschaetzte-gefahr-fuer-gesundheit-und-leben-3\/"},"wordCount":832,"publisher":{"@id":"https:\/\/news.save.ch\/de\/#organization"},"image":{"@id":"https:\/\/news.save.ch\/sepsis-eine-unterschaetzte-gefahr-fuer-gesundheit-und-leben-3\/#primaryimage"},"thumbnailUrl":"https:\/\/news.save.ch\/wp-content\/uploads\/2025\/09\/Depositphotos_33848041_S.jpg","keywords":["Gesundheitsdaten","Sepsis","Spitalinfektionen","Swiss Sepsis Program"],"articleSection":["HEALTH &amp; SAFETY"],"inLanguage":"en-US"},{"@type":"WebPage","@id":"https:\/\/news.save.ch\/sepsis-eine-unterschaetzte-gefahr-fuer-gesundheit-und-leben-3\/","url":"https:\/\/news.save.ch\/sepsis-eine-unterschaetzte-gefahr-fuer-gesundheit-und-leben-3\/","name":"Sepsis - an underestimated danger to health and life - Save","isPartOf":{"@id":"https:\/\/news.save.ch\/de\/#website"},"primaryImageOfPage":{"@id":"https:\/\/news.save.ch\/sepsis-eine-unterschaetzte-gefahr-fuer-gesundheit-und-leben-3\/#primaryimage"},"image":{"@id":"https:\/\/news.save.ch\/sepsis-eine-unterschaetzte-gefahr-fuer-gesundheit-und-leben-3\/#primaryimage"},"thumbnailUrl":"https:\/\/news.save.ch\/wp-content\/uploads\/2025\/09\/Depositphotos_33848041_S.jpg","datePublished":"2025-09-16T11:00:21+00:00","dateModified":"2025-10-01T11:03:23+00:00","description":"In Switzerland, over 20,000 people contract sepsis in hospital every year, and around 4,000 die as a result. A new report from the national sepsis program shows the urgency.","breadcrumb":{"@id":"https:\/\/news.save.ch\/sepsis-eine-unterschaetzte-gefahr-fuer-gesundheit-und-leben-3\/#breadcrumb"},"inLanguage":"en-US","potentialAction":[{"@type":"ReadAction","target":["https:\/\/news.save.ch\/sepsis-eine-unterschaetzte-gefahr-fuer-gesundheit-und-leben-3\/"]}]},{"@type":"ImageObject","inLanguage":"en-US","@id":"https:\/\/news.save.ch\/sepsis-eine-unterschaetzte-gefahr-fuer-gesundheit-und-leben-3\/#primaryimage","url":"https:\/\/news.save.ch\/wp-content\/uploads\/2025\/09\/Depositphotos_33848041_S.jpg","contentUrl":"https:\/\/news.save.ch\/wp-content\/uploads\/2025\/09\/Depositphotos_33848041_S.jpg"},{"@type":"BreadcrumbList","@id":"https:\/\/news.save.ch\/sepsis-eine-unterschaetzte-gefahr-fuer-gesundheit-und-leben-3\/#breadcrumb","itemListElement":[{"@type":"ListItem","position":1,"name":"Home","item":"https:\/\/news.save.ch\/de\/"},{"@type":"ListItem","position":2,"name":"Sepsis \u2013 eine untersch\u00e4tzte Gefahr f\u00fcr Gesundheit und Leben"}]},{"@type":"WebSite","@id":"https:\/\/news.save.ch\/de\/#website","url":"https:\/\/news.save.ch\/de\/","name":"Save","description":"Swiss trade journal for safety","publisher":{"@id":"https:\/\/news.save.ch\/de\/#organization"},"potentialAction":[{"@type":"SearchAction","target":{"@type":"EntryPoint","urlTemplate":"https:\/\/news.save.ch\/de\/?s={search_term_string}"},"query-input":{"@type":"PropertyValueSpecification","valueRequired":true,"valueName":"search_term_string"}}],"inLanguage":"en-US"},{"@type":"Organization","@id":"https:\/\/news.save.ch\/de\/#organization","name":"Security Forum","url":"https:\/\/news.save.ch\/de\/","logo":{"@type":"ImageObject","inLanguage":"en-US","@id":"https:\/\/news.save.ch\/de\/#\/schema\/logo\/image\/","url":"https:\/\/news.save.ch\/wp-content\/uploads\/2022\/06\/Logo_SF_2012.png","contentUrl":"https:\/\/news.save.ch\/wp-content\/uploads\/2022\/06\/Logo_SF_2012.png","width":1100,"height":91,"caption":"Sicherheitsforum"},"image":{"@id":"https:\/\/news.save.ch\/de\/#\/schema\/logo\/image\/"}},{"@type":"Person","@id":"https:\/\/news.save.ch\/de\/#\/schema\/person\/10917387362b3961e882740f6cf6f2a2","name":"Stefanie Zeng","image":{"@type":"ImageObject","inLanguage":"en-US","@id":"https:\/\/secure.gravatar.com\/avatar\/eac43faa6e40bb2c41068c95c9d78bbd94c476d5efdff7abaab80bb3ea681e06?s=96&d=mm&r=g","url":"https:\/\/secure.gravatar.com\/avatar\/eac43faa6e40bb2c41068c95c9d78bbd94c476d5efdff7abaab80bb3ea681e06?s=96&d=mm&r=g","contentUrl":"https:\/\/secure.gravatar.com\/avatar\/eac43faa6e40bb2c41068c95c9d78bbd94c476d5efdff7abaab80bb3ea681e06?s=96&d=mm&r=g","caption":"stefanie Zeng"},"url":"https:\/\/news.save.ch\/en\/author\/stefanie-zeng\/"}]}},"_links":{"self":[{"href":"https:\/\/news.save.ch\/en\/wp-json\/wp\/v2\/posts\/24583","targetHints":{"allow":["GET"]}}],"collection":[{"href":"https:\/\/news.save.ch\/en\/wp-json\/wp\/v2\/posts"}],"about":[{"href":"https:\/\/news.save.ch\/en\/wp-json\/wp\/v2\/types\/post"}],"author":[{"embeddable":true,"href":"https:\/\/news.save.ch\/en\/wp-json\/wp\/v2\/users\/31"}],"replies":[{"embeddable":true,"href":"https:\/\/news.save.ch\/en\/wp-json\/wp\/v2\/comments?post=24583"}],"version-history":[{"count":2,"href":"https:\/\/news.save.ch\/en\/wp-json\/wp\/v2\/posts\/24583\/revisions"}],"predecessor-version":[{"id":24585,"href":"https:\/\/news.save.ch\/en\/wp-json\/wp\/v2\/posts\/24583\/revisions\/24585"}],"wp:attachment":[{"href":"https:\/\/news.save.ch\/en\/wp-json\/wp\/v2\/media?parent=24583"}],"wp:term":[{"taxonomy":"category","embeddable":true,"href":"https:\/\/news.save.ch\/en\/wp-json\/wp\/v2\/categories?post=24583"},{"taxonomy":"post_tag","embeddable":true,"href":"https:\/\/news.save.ch\/en\/wp-json\/wp\/v2\/tags?post=24583"}],"curies":[{"name":"wp","href":"https:\/\/api.w.org\/{rel}","templated":true}]}}